{"id":977,"date":"2014-03-04T13:00:45","date_gmt":"2014-03-04T12:00:45","guid":{"rendered":"http:\/\/www.stefaneguilbaud.com\/blog\/?p=977"},"modified":"2014-03-04T13:50:04","modified_gmt":"2014-03-04T12:50:04","slug":"vaches-folles-et-humains-irresponsables","status":"publish","type":"post","link":"https:\/\/www.stefaneguilbaud.com\/blog\/?p=977","title":{"rendered":"Vaches folles et humains irresponsables."},"content":{"rendered":"<p><strong>Le retour des prot\u00e9ines animales.<\/strong><br \/>Approuv\u00e9e par les experts des \u00c9tats membres, la mesure de la Commission europ\u00e9enne autorise le recours aux \u00ab\u00a0<em>PAT<\/em>\u00a0\u00bb ou Prot\u00e9ines Animales Transform\u00e9es. Elles sont autoris\u00e9es pour l\u2019alimentation des poissons d\u2019\u00e9levage depuis le 1er juin 2012, et pour les porcs et les volailles cela sera en 2014.<br \/>Cette m\u00eame commission rassure\u00a0: \u00ab\u00a0<em>[la mesure] est conforme aux avis scientifiques les plus r\u00e9cents selon lesquels le risque de transmission d\u2019ESB entre animaux non ruminants est n\u00e9gligeable pour autant qu\u2019il n\u2019y a pas de recyclage entre les esp\u00e8ces\u00a0<\/em>\u00bb.<\/p>\n<p>J\u2019ai l\u2019impression que le discours est un peu le m\u00eame qu\u2019avec les farines animales. Je traduis les messages\u00a0: \u00ab\u00a0<em>Nous nous faisons sorciers, sous couvert de la science, nous annon\u00e7ons un risque n\u00e9gligeable et puis nous verrons bien. S\u2019il y a un souci dans 20 ans, nous dirons qu\u2019on a \u00e9t\u00e9 mal inform\u00e9, qu\u2019on ne pouvait pas savoir, que les scientifiques se sont tromp\u00e9s. Mais on n\u2019aura pas tout perdu, 20 ans de \u201cPAT\u201d ont fait des emplois.<\/em>\u00a0\u00bb<\/p>\n<p>J\u2019ai honte de la race humaine. Son intelligence est parfois malveillante et int\u00e9ress\u00e9e. C\u2019est parti pour un nouveau combat. La d\u00e9sob\u00e9issance alimentaire va \u00eatre plus que n\u00e9cessaire, pour refuser les produits industriels, nourris avec ces PAT. Les recettes v\u00e9g\u00e9tariennes ont de beaux jours devant elles.<\/p>\n","protected":false},"excerpt":{"rendered":"<p>Le retour des prot\u00e9ines animales.Approuv\u00e9e par les experts des \u00c9tats membres, la mesure de la Commission europ\u00e9enne autorise le recours aux \u00ab\u00a0PAT\u00a0\u00bb ou Prot\u00e9ines Animales &hellip; <\/p>\n","protected":false},"author":1,"featured_media":978,"comment_status":"open","ping_status":"open","sticky":false,"template":"","format":"standard","meta":{"_exactmetrics_skip_tracking":false,"_exactmetrics_sitenote_active":false,"_exactmetrics_sitenote_note":"","_exactmetrics_sitenote_category":0,"jetpack_post_was_ever_published":false,"_jetpack_newsletter_access":"","_jetpack_dont_email_post_to_subs":false,"_jetpack_newsletter_tier_id":0,"_jetpack_memberships_contains_paywalled_content":false,"_jetpack_memberships_contains_paid_content":false,"footnotes":"","jetpack_publicize_message":"","jetpack_publicize_feature_enabled":true,"jetpack_social_post_already_shared":false,"jetpack_social_options":{"image_generator_settings":{"template":"highway","default_image_id":0,"font":"","enabled":false},"version":2}},"categories":[8,7],"tags":[],"class_list":["post-977","post","type-post","status-publish","format-standard","has-post-thumbnail","hentry","category-actualites","category-coups-de-gueule"],"jetpack_publicize_connections":[],"jetpack_featured_media_url":"https:\/\/i0.wp.com\/www.stefaneguilbaud.com\/blog\/wp-content\/uploads\/2014\/03\/vachefolle.jpg?fit=800%2C435&ssl=1","jetpack_sharing_enabled":true,"jetpack_shortlink":"https:\/\/wp.me\/p8a0UX-fL","jetpack-related-posts":[{"id":3818,"url":"https:\/\/www.stefaneguilbaud.com\/blog\/?p=3818","url_meta":{"origin":977,"position":0},"title":"La s\u00e9mantique permet-elle le mensonge ?","author":"SG","date":"5 f\u00e9vrier 2024","format":false,"excerpt":"1 \u2022 MANGER\u2009! EST-CE RISQU\u00c9 OU DANGEREUX\u2009? La fa\u00e7on de parler de \u00ab\u2009l'acte de manger\u2009\u00bb a profond\u00e9ment chang\u00e9. \u2013\u00a0Il y a 30 ans, le repas \u00e9tait une somme d'ingr\u00e9dients complets, fait maison. En somme, outre quelques escroqueries et fraudes [peu de risque, peu de danger]. La notion de subsistance \u00e9tait\u2026","rel":"","context":"Dans &quot;Alimentation&quot;","block_context":{"text":"Alimentation","link":"https:\/\/www.stefaneguilbaud.com\/blog\/?cat=1"},"img":{"alt_text":"","src":"https:\/\/i0.wp.com\/www.stefaneguilbaud.com\/blog\/wp-content\/uploads\/2024\/02\/semantique.jpg?fit=800%2C435&ssl=1&resize=350%2C200","width":350,"height":200,"srcset":"https:\/\/i0.wp.com\/www.stefaneguilbaud.com\/blog\/wp-content\/uploads\/2024\/02\/semantique.jpg?fit=800%2C435&ssl=1&resize=350%2C200 1x, https:\/\/i0.wp.com\/www.stefaneguilbaud.com\/blog\/wp-content\/uploads\/2024\/02\/semantique.jpg?fit=800%2C435&ssl=1&resize=525%2C300 1.5x, https:\/\/i0.wp.com\/www.stefaneguilbaud.com\/blog\/wp-content\/uploads\/2024\/02\/semantique.jpg?fit=800%2C435&ssl=1&resize=700%2C400 2x"},"classes":[]},{"id":3887,"url":"https:\/\/www.stefaneguilbaud.com\/blog\/?p=3887","url_meta":{"origin":977,"position":1},"title":"Ob\u00e9sit\u00e9 paradox !","author":"SG","date":"8 mars 2023","format":false,"excerpt":"Alors que l'OMS nous annonce qu'en 2035, nous atteindrons les 50 % d'ob\u00e9sit\u00e9, nous constatons au quotidien un discours totalement d\u00e9correl\u00e9 de cette triste r\u00e9alit\u00e9. Explications ! Actuellement, en 2023, 47 % des fran\u00e7ais sont en surpoids et 17 % sont ob\u00e8ses. L'ob\u00e9sit\u00e9 est une maladie qui coute cher. \"Cher\"\u2026","rel":"","context":"Dans &quot;Alimentation&quot;","block_context":{"text":"Alimentation","link":"https:\/\/www.stefaneguilbaud.com\/blog\/?cat=1"},"img":{"alt_text":"","src":"https:\/\/i0.wp.com\/www.stefaneguilbaud.com\/blog\/wp-content\/uploads\/2023\/03\/Obese-studio-1.webp?fit=800%2C435&ssl=1&resize=350%2C200","width":350,"height":200,"srcset":"https:\/\/i0.wp.com\/www.stefaneguilbaud.com\/blog\/wp-content\/uploads\/2023\/03\/Obese-studio-1.webp?fit=800%2C435&ssl=1&resize=350%2C200 1x, https:\/\/i0.wp.com\/www.stefaneguilbaud.com\/blog\/wp-content\/uploads\/2023\/03\/Obese-studio-1.webp?fit=800%2C435&ssl=1&resize=525%2C300 1.5x, https:\/\/i0.wp.com\/www.stefaneguilbaud.com\/blog\/wp-content\/uploads\/2023\/03\/Obese-studio-1.webp?fit=800%2C435&ssl=1&resize=700%2C400 2x"},"classes":[]},{"id":1269,"url":"https:\/\/www.stefaneguilbaud.com\/blog\/?p=1269","url_meta":{"origin":977,"position":2},"title":"Pourquoi les N\u00e9erlandais sont-ils si grands ?","author":"SG","date":"13 avril 2015","format":false,"excerpt":"Une \u00e9tude publi\u00e9e le 8 avril 2015 par la revue scientifique britannique Royal Society , nous informe, entres autres que les N\u00e9erlandais ont sur les 150 derni\u00e8res ann\u00e9es, connu une croissance de 20 cm (contre seulement 6 cm pour les Am\u00e9ricains*), soit aux Pays-Bas, nous constatons aujourd'hui 1,71 m pour\u2026","rel":"","context":"Dans &quot;Actualit\u00e9s&quot;","block_context":{"text":"Actualit\u00e9s","link":"https:\/\/www.stefaneguilbaud.com\/blog\/?cat=8"},"img":{"alt_text":"","src":"https:\/\/i0.wp.com\/www.stefaneguilbaud.com\/blog\/wp-content\/uploads\/2010\/01\/laitages.jpg?fit=800%2C435&ssl=1&resize=350%2C200","width":350,"height":200,"srcset":"https:\/\/i0.wp.com\/www.stefaneguilbaud.com\/blog\/wp-content\/uploads\/2010\/01\/laitages.jpg?fit=800%2C435&ssl=1&resize=350%2C200 1x, https:\/\/i0.wp.com\/www.stefaneguilbaud.com\/blog\/wp-content\/uploads\/2010\/01\/laitages.jpg?fit=800%2C435&ssl=1&resize=525%2C300 1.5x, https:\/\/i0.wp.com\/www.stefaneguilbaud.com\/blog\/wp-content\/uploads\/2010\/01\/laitages.jpg?fit=800%2C435&ssl=1&resize=700%2C400 2x"},"classes":[]},{"id":319,"url":"https:\/\/www.stefaneguilbaud.com\/blog\/?p=319","url_meta":{"origin":977,"position":3},"title":"Ob\u00e9sit\u00e9, quand tu nous tiens","author":"SG","date":"16 juin 2010","format":false,"excerpt":"Le Parlement europ\u00e9en vient de refuser un moyen efficace de lutter contre l'ob\u00e9sit\u00e9. Ces presque 400 membres ont-il mesur\u00e9 les cons\u00e9quences de leurs choix ? Ce qui est s\u00fbr est que l'industrie agro-alimentaire ne peut que les f\u00e9liciter de cet acte ... Zoom sur ce choix grave ! Stupeur \u00e0\u2026","rel":"","context":"Dans &quot;Alimentation&quot;","block_context":{"text":"Alimentation","link":"https:\/\/www.stefaneguilbaud.com\/blog\/?cat=1"},"img":{"alt_text":"","src":"https:\/\/i0.wp.com\/www.stefaneguilbaud.com\/blog\/wp-content\/uploads\/2010\/06\/fat.jpg?fit=800%2C435&ssl=1&resize=350%2C200","width":350,"height":200,"srcset":"https:\/\/i0.wp.com\/www.stefaneguilbaud.com\/blog\/wp-content\/uploads\/2010\/06\/fat.jpg?fit=800%2C435&ssl=1&resize=350%2C200 1x, https:\/\/i0.wp.com\/www.stefaneguilbaud.com\/blog\/wp-content\/uploads\/2010\/06\/fat.jpg?fit=800%2C435&ssl=1&resize=525%2C300 1.5x, https:\/\/i0.wp.com\/www.stefaneguilbaud.com\/blog\/wp-content\/uploads\/2010\/06\/fat.jpg?fit=800%2C435&ssl=1&resize=700%2C400 2x"},"classes":[]},{"id":362,"url":"https:\/\/www.stefaneguilbaud.com\/blog\/?p=362","url_meta":{"origin":977,"position":4},"title":"Le livre noir des all\u00e9gations sant\u00e9","author":"SG","date":"20 avril 2010","format":false,"excerpt":"Le r\u00e8glement europ\u00e9en sur les all\u00e9gations \"nutrition sant\u00e9\" permettra-il d'y voir plus clair sur nos \u00e9tiquettes ? En tout cas \"... le marketing agroalimentaire est aujourd'hui sur la sellette\" se f\u00e9licite l'association CLCV. La CLCV nous informe que depuis cette mise \u00e0 plat des preuves n\u00e9cessaires \u00e0 l'affichage d'une all\u00e9gation\u2026","rel":"","context":"Dans &quot;Alimentation&quot;","block_context":{"text":"Alimentation","link":"https:\/\/www.stefaneguilbaud.com\/blog\/?cat=1"},"img":{"alt_text":"","src":"https:\/\/i0.wp.com\/www.stefaneguilbaud.com\/blog\/wp-content\/uploads\/2010\/04\/allegations.jpg?fit=800%2C435&ssl=1&resize=350%2C200","width":350,"height":200,"srcset":"https:\/\/i0.wp.com\/www.stefaneguilbaud.com\/blog\/wp-content\/uploads\/2010\/04\/allegations.jpg?fit=800%2C435&ssl=1&resize=350%2C200 1x, https:\/\/i0.wp.com\/www.stefaneguilbaud.com\/blog\/wp-content\/uploads\/2010\/04\/allegations.jpg?fit=800%2C435&ssl=1&resize=525%2C300 1.5x, https:\/\/i0.wp.com\/www.stefaneguilbaud.com\/blog\/wp-content\/uploads\/2010\/04\/allegations.jpg?fit=800%2C435&ssl=1&resize=700%2C400 2x"},"classes":[]},{"id":298,"url":"https:\/\/www.stefaneguilbaud.com\/blog\/?p=298","url_meta":{"origin":977,"position":5},"title":"L&rsquo;\u00e9t\u00e9, le fruit se mange glac\u00e9 !","author":"SG","date":"12 ao\u00fbt 2010","format":false,"excerpt":"C'est l'\u00e9t\u00e9 chaque ann\u00e9e et c'est tant mieux. L'\u00e9t\u00e9 nous apporte des fruits et l\u00e9gumes color\u00e9s, du soleil et des petits \u00e9carts alimentaires bienvenus comme les glaces et les sorbets. Chose \u00e9tonnante est la consommation de cette sucrerie glac\u00e9e. On pourrait croire que ce sont les pays chauds les plus\u2026","rel":"","context":"Dans &quot;Alimentation&quot;","block_context":{"text":"Alimentation","link":"https:\/\/www.stefaneguilbaud.com\/blog\/?cat=1"},"img":{"alt_text":"","src":"https:\/\/i0.wp.com\/www.stefaneguilbaud.com\/blog\/wp-content\/uploads\/2013\/11\/glace.jpg?fit=800%2C435&ssl=1&resize=350%2C200","width":350,"height":200,"srcset":"https:\/\/i0.wp.com\/www.stefaneguilbaud.com\/blog\/wp-content\/uploads\/2013\/11\/glace.jpg?fit=800%2C435&ssl=1&resize=350%2C200 1x, https:\/\/i0.wp.com\/www.stefaneguilbaud.com\/blog\/wp-content\/uploads\/2013\/11\/glace.jpg?fit=800%2C435&ssl=1&resize=525%2C300 1.5x, https:\/\/i0.wp.com\/www.stefaneguilbaud.com\/blog\/wp-content\/uploads\/2013\/11\/glace.jpg?fit=800%2C435&ssl=1&resize=700%2C400 2x"},"classes":[]}],"jetpack_likes_enabled":true,"_links":{"self":[{"href":"https:\/\/www.stefaneguilbaud.com\/blog\/index.php?rest_route=\/wp\/v2\/posts\/977","targetHints":{"allow":["GET"]}}],"collection":[{"href":"https:\/\/www.stefaneguilbaud.com\/blog\/index.php?rest_route=\/wp\/v2\/posts"}],"about":[{"href":"https:\/\/www.stefaneguilbaud.com\/blog\/index.php?rest_route=\/wp\/v2\/types\/post"}],"author":[{"embeddable":true,"href":"https:\/\/www.stefaneguilbaud.com\/blog\/index.php?rest_route=\/wp\/v2\/users\/1"}],"replies":[{"embeddable":true,"href":"https:\/\/www.stefaneguilbaud.com\/blog\/index.php?rest_route=%2Fwp%2Fv2%2Fcomments&post=977"}],"version-history":[{"count":4,"href":"https:\/\/www.stefaneguilbaud.com\/blog\/index.php?rest_route=\/wp\/v2\/posts\/977\/revisions"}],"predecessor-version":[{"id":982,"href":"https:\/\/www.stefaneguilbaud.com\/blog\/index.php?rest_route=\/wp\/v2\/posts\/977\/revisions\/982"}],"wp:featuredmedia":[{"embeddable":true,"href":"https:\/\/www.stefaneguilbaud.com\/blog\/index.php?rest_route=\/wp\/v2\/media\/978"}],"wp:attachment":[{"href":"https:\/\/www.stefaneguilbaud.com\/blog\/index.php?rest_route=%2Fwp%2Fv2%2Fmedia&parent=977"}],"wp:term":[{"taxonomy":"category","embeddable":true,"href":"https:\/\/www.stefaneguilbaud.com\/blog\/index.php?rest_route=%2Fwp%2Fv2%2Fcategories&post=977"},{"taxonomy":"post_tag","embeddable":true,"href":"https:\/\/www.stefaneguilbaud.com\/blog\/index.php?rest_route=%2Fwp%2Fv2%2Ftags&post=977"}],"curies":[{"name":"wp","href":"https:\/\/api.w.org\/{rel}","templated":true}]}}