{"id":972,"date":"2014-03-15T05:00:07","date_gmt":"2014-03-15T04:00:07","guid":{"rendered":"http:\/\/www.stefaneguilbaud.com\/blog\/?p=972"},"modified":"2014-03-04T09:50:44","modified_gmt":"2014-03-04T08:50:44","slug":"la-grande-distribution-lenquete","status":"publish","type":"post","link":"https:\/\/www.stefaneguilbaud.com\/blog\/?p=972","title":{"rendered":"La grande distribution. L&rsquo;enqu\u00eate."},"content":{"rendered":"<p><em>Les multinationales et grands groupes de distribution sont <\/em><em>\u00e0 la t\u00eate d&rsquo;une logistique sans faille. Rien ne leur \u00e9chappe. <\/em><em>Notre pouvoir d&rsquo;achat est pass\u00e9 depuis 50\u00a0 ans entre leurs mains et leurs ambitions sont toujours plus grandes. <\/em><em>Apr\u00e8s les produits quotidiens, les fleurs, les parapharmacies, <\/em><em>la presse et les assurances, ils souhaitaient devenir votre <\/em><em>banque ou votre concessionnaire. <\/em><em>Leur fonctionnement a boulevers\u00e9 nos habitudes, notre environnement et parfois nos conditions de travail. <\/em><em>Leur imagination, incessante, est-elle sans limite ? <\/em><em>Nous allons tenter de le d\u00e9crypter sur la base d&rsquo;une enqu\u00eate <\/em><em>de Jean Claude Jaillette.<\/em><\/p>\n<h2><strong>1 \u2022 \u00c9cologie. Le fournisseur paye sa dime.<\/strong><\/h2>\n<p>Une id\u00e9e qui rapporte de l&rsquo;or\u2026 \u00e0 la grande distribution. Le cageot \u00e9colo\u2009! Certains primeurs ont d\u00e9couvert le nouveau principe \u00e9cologique. Les livraisons ne doivent plus se faire dans des cartons \u00ab <em>pollueurs<\/em> \u00bb, mais plut\u00f4t dans des caisses en plastiques pliables et r\u00e9utilisables. Certes le proc\u00e9d\u00e9 est louable, mais nos primeurs d\u00e9couvrent qu&rsquo;il est d&rsquo;une part impos\u00e9 et d&rsquo;une autre factur\u00e9\u2009! Le t\u00e9moignage d&rsquo;une victime de ce syst\u00e8me est sans appel : \u00ab<em> Impossible de faire jouer la concurrence : on nous dicte un prix de location, et on nous somme de payer une consigne qui immobilise un sacr\u00e9 pactole dans nos tr\u00e9soreries\u2009!<\/em> \u00bb<br \/> Mais ce n&rsquo;est pas fini. Dans la logique des enseignes, il faut reconnaitre la n\u00e9gociation d&rsquo;achat ultra comp\u00e9titive, effectu\u00e9e aupr\u00e8s des fabricants de cageots et r\u00e9compenser tout cela en payant une taxe sur chaque aller-retour de caisse en plastique. La somme est infime, mais au total, le cumul multipli\u00e9 chez chaque primeur fait vite tourner la t\u00eate. Un t\u00e9moin dans l&rsquo;enqu\u00eate, nomm\u00e9 Tristan, soupire \u00ab <em>Dans mon bilan, le poste emballage et consigne s&rsquo;est \u00e9lev\u00e9 \u00e0 5 millions d&rsquo;euros en 2010<\/em> \u00bb.<\/p>\n<h2><strong>2 \u2022 \u00c9conomie. Prix d&rsquo;achat biais\u00e9.<\/strong><\/h2>\n<p>La nouvelle est tomb\u00e9e il y a quelques jours, le \u00ab <em>panier des essentiels \u00e0 moins de 20 \u20ac<\/em> \u00bb est propos\u00e9 par la grande distribution. Une d\u00e9marche citoyenne sans pr\u00e9c\u00e9dent qui tient compte des difficult\u00e9s des m\u00e9nages. Nous comprenons donc \u00e0 travers cette lecture que la r\u00e9percussion du prix des mati\u00e8res premi\u00e8res se fera en amont, tout au long de la cha\u00eene afin de ne pas faire s&rsquo;enflammer le prix de votre produit fini dans votre chariot. Oui, mais, selon Jean-Claude Jaillette, une fois encore, la grande distribution, dominatrice a su imposer ses conditions. Avec seulement six enseignes sur le march\u00e9 national, c&rsquo;est d&rsquo;autant plus facile \u00e0 g\u00e9rer.<\/p>\n<h2><strong>3 \u2022 \u00c9conomie. Inflation fant\u00f4me.<\/strong><\/h2>\n<p>Ces grandes id\u00e9es, con\u00e7ues afin de ran\u00e7onner ses fournisseurs, ont des effets de bord pour le consommateur final. Comme mentionn\u00e9e pr\u00e9c\u00e9demment, une inflation \u00ab naturelle \u00bb s&rsquo;installe. \u00c0 force de voir ses marges rogn\u00e9es, le producteur prend pour r\u00e9flexe l&rsquo;inflation pr\u00e9ventive. Les t\u00e9moignages de l&rsquo;enqu\u00eate sont unanimes \u00ab <em>Quand on sait qu&rsquo;on va \u00eatre rackett\u00e9s dans tous les sens, on pr\u00e9voit large au moment des n\u00e9gociations<\/em> \u00bb.<br \/> Une guerre d&rsquo;intox est alors lanc\u00e9e entre les enseignes et les industries. Nous pouvions entendre sur France Inter, le 1er avril 2011, les arguments de \u00c9douard Leclerc nous pr\u00e9ciser \u00ab <em>Lactalis, qui fabrique le c\u00e9l\u00e8bre camembert Pr\u00e9sident et le roquefort Soci\u00e9t\u00e9, r\u00e9clamait 12 %, alors que le lait n&rsquo;a augment\u00e9 que de 6 %<\/em> \u00bb. Qui croire ?\u00a0 Qui bluffe , quand on apprend que le patron m\u00e9diatique des centres Leclerc a oubli\u00e9 de pr\u00e9ciser que c&rsquo;est le num\u00e9ro 1 des produits laitiers qui avait souhait\u00e9 cette rupture, je reprends les termes, \u00ab<em> ulc\u00e9r\u00e9 par la mani\u00e8re dont la n\u00e9gociation a \u00e9t\u00e9 men\u00e9e<\/em> \u00bb. Bref, il est complexe de conna\u00eetre le fin mot de l&rsquo;histoire afin de trouver qui veut prot\u00e9ger, \u00e0 tout prix, sa marge. Ainsi la n\u00e9gociation vers ses fournisseurs ne pourra jamais \u00eatre la m\u00eame qu&rsquo;il s\u2019agisse d&rsquo;un acteur local ou d&rsquo;un g\u00e9ant incontournable. Les grands fournisseurs de la grande distribution connaissent leur h\u00e9g\u00e9monie et le pl\u00e9biscite port\u00e9s par les clients \u00e0 leurs produits. Ces g\u00e9ants que sont Lactalis, Danone, Nestl\u00e9, Kraftfood et autres savent tr\u00e8s bien qu&rsquo;un commerce ne peut pas tenir sans leur pr\u00e9sence en rayon et sur ce point, la grande distribution se retrouve pot de terre contre pot de fer. Coca Cola, supr\u00eame produit parmi les produits se permet m\u00eame un prix unique de sa canette au sein d&rsquo;une enseigne et cela malgr\u00e9 les r\u00e8gles de la concurrence.<\/p>\n<h2><strong>4 \u2022 Monopole. La loi du silence.<\/strong><\/h2>\n<p>Il faut rappeler que les prix affich\u00e9s en France sont les plus \u00e9lev\u00e9s d&rsquo;Europe et que la main d&rsquo;oeuvre n&rsquo;est pas la principale cause. Il faut plut\u00f4t regarder du c\u00f4t\u00e9 des \u00ab <em>3R<\/em> \u00bb : rabais, ristournes et remises. Une pratique incontournable pendant les n\u00e9gociations, qui oblige les producteurs \u00e0 gonfler leurs prix pour survivre. Selon l&rsquo;auteur de cette enqu\u00eate, ces pratiques existeraient r\u00e9guli\u00e8rement et seraient dissimul\u00e9es sous une sorte d&rsquo;omerta. Un r\u00e8gne du silence ou chaque faux pas est suivi d&rsquo;intimidation, de menaces ou de chantage, o\u00f9 chaque d\u00e9saccord se transforme en \u00ab <em>d\u00e9r\u00e9f\u00e9rencement<\/em> \u00bb avec des m\u00e9thodes de voyous.<\/p>\n<p>Les t\u00e9moignages, sous couvert d&rsquo;anonymat, affluent :<br \/> \u00ab <em>Si je prends la parole publiquement pour raconter tout ce qu&rsquo;on me fait subir [\u2026] demain je suis mort, ma bo\u00eete n&rsquo;existe plus et mes 80 salari\u00e9s sont \u00e0 la rue<\/em> \u00bb<\/p>\n<p>\u00ab <em>Porter plainte contre une enseigne\u2009? Mais vous n&rsquo;y pensez pas\u2009! s&rsquo;esclaffe un exp\u00e9diteur de fruits et l\u00e9gumes. Je gagnerais s\u00fbrement, mais je ne travaillerais plus jamais avec cette enseigne, et je serais aussit\u00f4t inscrit sur une liste noire. Vir\u00e9.<\/em> \u00bb<\/p>\n<p>Ou encore,<br \/> \u00ab <em>Un producteur de fruits ne peut pas ne pas vendre \u00e0 la grande distribution<\/em> \u00bb<\/p>\n<h2><strong>5 \u2022 Business. Racket de base.<\/strong><\/h2>\n<p>Toutes les inflations que nous subissons sont le r\u00e9sultat de pratiques que les producteurs osent appeler racket. Les marges arri\u00e8res qui jadis \u00e9taient des sommes d\u2019argent revers\u00e9es, sans fondement, aux enseignes sous pr\u00e9texte de ristournes, de frais d\u2019habillage de t\u00eate de gondole, de bonus client, etc. sont devenues interdites depuis la loi de modernisation du 28 janvier 2011. Mais elles toujours pr\u00e9sentes, mut\u00e9es sous des formes diff\u00e9rentes :<\/p>\n<div><strong> a) Le ticket d\u2019entr\u00e9e simple :<\/strong> Loin des contributions r\u00e9clam\u00e9es \u00e0 l\u2019impression d\u2019un catalogue, d\u2019un arrangement visuel sur une t\u00eate de gondole ou d\u2019une promotion de type \u00ab<em> 3 achet\u00e9s, 1 offert<\/em> \u00bb, les tickets d\u2019entr\u00e9e peuvent prendre la forme d\u2019un versement li\u00e9e \u00e0 une ouverture de magasin. Un cadeau de naissance en quelque sorte. Concernant ces abus, un t\u00e9moin faisant r\u00e9f\u00e9rence au temps des marges arri\u00e8re d\u00e9guis\u00e9es nous informe \u00ab <em>L&rsquo;abus \u00e9tait manifeste, mais au moins \u00e7a prenait une allure l\u00e9gale. Mais l\u00e0, demander de l&rsquo;argent sans contrepartie, de la main \u00e0 la main, \u00e7a d\u00e9passe tout\u2009!<\/em> \u00bb<\/div>\n<div><strong> b) Le ticket d\u2019entr\u00e9e d\u2019un march\u00e9 plus large :<\/strong> Une enseigne rach\u00e8te d\u2019autres enseignes, sa surface de vente va s\u2019agrandir, vous pourrez alors \u00eatre convi\u00e9 \u00e0 participer \u00e0 ce ticket d\u2019entr\u00e9e. Un t\u00e9moin de l\u2019enqu\u00eate d\u00e9crit une r\u00e9clamation de 20 000 \u20ac du jour au lendemain de la part de son client, une enseigne allemande ayant rachet\u00e9 des enseignes de proximit\u00e9.<\/div>\n<div><strong> c) Les contrats-surprises :<\/strong> Afin de d\u00e9noncer ces contrats \u00ab surprises \u00bb et leurs lots de d\u00e9sagr\u00e9ments, un entrepreneur a viol\u00e9 la loi du secret pour se confier \u00e0 Jean-Claude Jaillette et lui permettre la lecture d\u2019un contrat sign\u00e9 le 18 janvier 2011 et valable un an, avec la cha\u00eene Match (Cora, Truffaut, etc.). On y d\u00e9couvre \u00e0 la veille des arr\u00eats du principe des marges arri\u00e8res, des conditions de vente stipulants une \u00ab remise entrep\u00f4t \u00bb de 10 %, une \u00ab <em>remise logistique<\/em> \u00bb de 5 %, des \u00ab <em>conditions hors facture<\/em> \u00bb de 10 % et une \u00ab <em>ristourne vers\u00e9e au trimestre<\/em> \u00bb.<br \/> Cet entrepreneur a sign\u00e9 ce contrat, persuad\u00e9 qu\u2019il n\u2019avait pas le choix pour vendre sa marchandise et persuad\u00e9 que son partenaire commercial saurait \u00ab inventer des proc\u00e9d\u00e9s pour remplacer les commissions devenues ill\u00e9gales \u00bb.<br \/> \u00a0<\/div>\n<div><strong>d) Le transport dirig\u00e9 :<\/strong> Un patron de PME de la r\u00e9gion d\u2019Avignon se confie \u00ab <em>Leclerc a invent\u00e9 le syst\u00e8me du \u201ctransporteur dirig\u00e9\u201d en imposant son propre transporteur, comme par hasard, alors qu&rsquo;un camion que je choisis me co\u00fbte 1 000 \u20ac pour aller en Allemagne, Leclerc me le facture 2 000 \u20ac pour le m\u00eame trajet [\u2026] Impossible de refuser le transporteur sous peine de voir la commande vous filer sous le nez<\/em> \u00bb.<br \/> \u00a0<\/div>\n<div><strong>e) La qualit\u00e9 irr\u00e9prochable :<\/strong> Un abricot mou dans une barquette donne lieu \u00e0 deux sanctions. Un refus de la palette compl\u00e8te et une p\u00e9nalit\u00e9 de 8 % sur la valeur totale de la livraison. Ce m\u00eame incident en p\u00e9riode de promotion fait grimper la p\u00e9nalit\u00e9 \u00e0 30 %.<br \/> Les litiges fictifs : Avec ces m\u00e9thodes, un t\u00e9moin raconte avoir perdu 200 000 \u20ac en 2010 sur un chiffre d\u2019affaires de 2 millions d\u2019euros. Le principe est simple. Aucune remarque ne vous est faite pendant la n\u00e9gociation, la livraison et cela pendant quinze jours. Puis, une facture vous parvient avec comme argument des colis pr\u00e9tendument d\u00e9fectueux ou d\u00e9t\u00e9rior\u00e9s. Avec ce d\u00e9lai de quinze jours, il est tr\u00e8s difficile de d\u00e9fendre sa marchandise, elle n\u2019existe plus en l\u2019\u00e9tat. Des n\u00e9gociations commencent alors et vous n\u2019\u00eates jamais r\u00e9gl\u00e9 \u00e0 la hauteur de votre facture.<\/div>\n<h2><strong>6 \u2022 Tout n&rsquo;est pas blanc ou noir.<\/strong><\/h2>\n<div>J&rsquo;ai interrog\u00e9 un directeur de magasin, pour avoir l&rsquo;avis d&rsquo;une personne impliqu\u00e9e. Je l&rsquo;ai choisi, car je n&rsquo;aime pas abonder dans un seul sens, et surtout pour son profil et ses valeurs. Le connaissant depuis tr\u00e8s longtemps, profond\u00e9ment humain et respectueux, son avis sur cette enqu\u00eate m&rsquo;int\u00e9ressait. Apr\u00e8s lecture de cette enqu\u00eate, le voici :<\/div>\n<div>\u00ab\u00a0<em>En effet, ces \u00e9l\u00e9ments de n\u00e9gociation ont exist\u00e9, mais sont rares aujourd&rsquo;hui. Nous persistons \u00e0 les appliquer avec les grandes multinationales qui n&rsquo;ont de cesse de trouver des arguments pour augmenter le prix des produits lorsque les mati\u00e8res premi\u00e8res augmentent, mais d&rsquo;oublier de les baisser lorsque les cours chutent. <\/em><em>Ce qu&rsquo;il faut savoir, c&rsquo;est que les marges de la grande distribution ne sont pas \u00e9lastiques et ne varient pas en fonction de la variation des prix des produits, contrairement aux pratiques des multinationales qui engrangent des b\u00e9n\u00e9fices records. Qui ne sait pas encore qu&rsquo;ils r\u00e9duisent les grammages de leurs produits sans bouger les prix afin d&rsquo;augmenter leurs valeurs ajout\u00e9es.<\/em><\/div>\n<div><em>Concernant les petits producteurs, ils sont toujours bien accueillis dans nos supermarch\u00e9s et leurs produits ont la primeur et la meilleure place. Il ne faut pas perdre de vue que ces personnes-l\u00e0 et tous les d\u00e9tracteurs de la grande distribution (petits commer\u00e7ants et \u00e9ditioralistes d&rsquo;articles de presse compris) sont les premiers \u00e0 venir se servir chez nous et \u00e0 bouder leurs propres confr\u00e8res et voisins, car ils ont compris l&rsquo;int\u00e9r\u00eat du syst\u00e8me et souhaitent aussi pr\u00e9server leur pouvoir d&rsquo;achat. En aucun cas, la grande distribution n\u2019oblige qui que ce soit \u00e0 venir travailler avec elle et ne privil\u00e9gie toujours le contact r\u00e9gional et les acteurs \u00e9conomiques.<\/em><\/div>\n<div><em>\u00a0En conclusion, je dirai qu&rsquo;il ne faut pas cracher dans la soupe quand elle nous est bien servie et qu&rsquo;il faut \u00e9viter les raccourcis et g\u00e9n\u00e9raliser sur quelques actes isol\u00e9s. M\u00e9fions-nous plut\u00f4t des multinationales qui nous dictent notre mode de consommation en r\u00e9alisant des r\u00e9sultats records. Avec un peu d&rsquo;observation, il est tr\u00e8s facile de se faire une id\u00e9e sur son enseigne locale (bouche \u00e0 oreilles des producteurs, mise en place de foires locales, valorisation des produits locaux, continuit\u00e9 dans le choix des producteurs, etc.).\u00a0<\/em>\u00bb<\/div>\n<h2>Conclusion.<\/h2>\n<p>Les \u00eatres humains \u00e9voluent au milieu d&rsquo;un syst\u00e8me \u2026 qui est ce qu&rsquo;il est. Nous pouvons retrouver des actions locales diff\u00e9rentes d&rsquo;un point \u00e0 un autre. Toutefois, ces d\u00e9convenues en ont lass\u00e9 plus d&rsquo;un et ont donn\u00e9 des ailes \u00e0 certains producteurs. Ils ont revisit\u00e9 des crit\u00e8res et sont pass\u00e9 de la quantit\u00e9 \u00e0 la qualit\u00e9, ont pu conserver leurs marges de fonctionnement et retrouver un rythme de vie honorable. En formation, j\u2019ai rencontr\u00e9, \u00e0 deux reprises, ce type de producteurs. Ils m\u2019ont confi\u00e9, que dans leurs cas, ils avaient compris la le\u00e7on. Aujourd\u2019hui, ils produisent moins, ne font plus la course \u00e0 l\u2019\u00e9quipement, profitent d\u2019une distribution locale et\/ou r\u00e9gionale raisonnable. Cette deuxi\u00e8me chance, loin de la grande distribution leur a apport\u00e9 des chiffres d\u2019affaires divis\u00e9s par dix, mais un train de vie multipli\u00e9 par deux\u2026 allez comprendre\u2009?<\/p>\n<p><span style=\"font-size: xx-small;\">\/\/ Cette enqu\u00eate a \u00e9t\u00e9 publi\u00e9e dans le journal Marianne du 9 au 15 avril 2011 et est disponible \u00e0 cette adresse (http:\/\/www.marianne2.fr\/A-lire-cette-semaine-dans-Marianne-%C2%A0Le-dossier-noir-de-la-grande-distribution_a204778.html).<\/span><\/p>\n","protected":false},"excerpt":{"rendered":"<p>Les multinationales et grands groupes de distribution sont \u00e0 la t\u00eate d&rsquo;une logistique sans faille. Rien ne leur \u00e9chappe. Notre pouvoir d&rsquo;achat est pass\u00e9 depuis &hellip; <\/p>\n","protected":false},"author":1,"featured_media":971,"comment_status":"open","ping_status":"open","sticky":false,"template":"","format":"standard","meta":{"_exactmetrics_skip_tracking":false,"_exactmetrics_sitenote_active":false,"_exactmetrics_sitenote_note":"","_exactmetrics_sitenote_category":0,"jetpack_post_was_ever_published":false,"_jetpack_newsletter_access":"","_jetpack_dont_email_post_to_subs":false,"_jetpack_newsletter_tier_id":0,"_jetpack_memberships_contains_paywalled_content":false,"_jetpack_memberships_contains_paid_content":false,"footnotes":"","jetpack_publicize_message":"","jetpack_publicize_feature_enabled":true,"jetpack_social_post_already_shared":false,"jetpack_social_options":{"image_generator_settings":{"template":"highway","default_image_id":0,"font":"","enabled":false},"version":2}},"categories":[1,9],"tags":[],"class_list":["post-972","post","type-post","status-publish","format-standard","has-post-thumbnail","hentry","category-alimentation","category-dossiers"],"jetpack_publicize_connections":[],"jetpack_featured_media_url":"https:\/\/i0.wp.com\/www.stefaneguilbaud.com\/blog\/wp-content\/uploads\/2014\/03\/Caddie.jpg?fit=800%2C435&ssl=1","jetpack_sharing_enabled":true,"jetpack_shortlink":"https:\/\/wp.me\/p8a0UX-fG","jetpack-related-posts":[{"id":3979,"url":"https:\/\/www.stefaneguilbaud.com\/blog\/?p=3979","url_meta":{"origin":972,"position":0},"title":"Un mod\u00e8le publicitaire\u2026 obsol\u00e8te ?","author":"SG","date":"4 mai 2023","format":false,"excerpt":"IN SITU MEDIA AGACUS ! Dans notre soci\u00e9t\u00e9 moderne, la publicit\u00e9 est partout. Elle est pr\u00e9sente dans les rues, \u00e0 la t\u00e9l\u00e9vision, sur Internet et m\u00eame sur nos smartphones. Cette saturation m\u00e8ne \u00e0 un constat simple : de plus en plus de personnes en ont marre de cette omnipr\u00e9sence publicitaire.\u2026","rel":"","context":"Dans &quot;Coups de gueule&quot;","block_context":{"text":"Coups de gueule","link":"https:\/\/www.stefaneguilbaud.com\/blog\/?cat=7"},"img":{"alt_text":"","src":"https:\/\/i0.wp.com\/www.stefaneguilbaud.com\/blog\/wp-content\/uploads\/2023\/05\/pexels-ksenia-chernaya-4740522-studio.jpg?fit=800%2C435&ssl=1&resize=350%2C200","width":350,"height":200,"srcset":"https:\/\/i0.wp.com\/www.stefaneguilbaud.com\/blog\/wp-content\/uploads\/2023\/05\/pexels-ksenia-chernaya-4740522-studio.jpg?fit=800%2C435&ssl=1&resize=350%2C200 1x, https:\/\/i0.wp.com\/www.stefaneguilbaud.com\/blog\/wp-content\/uploads\/2023\/05\/pexels-ksenia-chernaya-4740522-studio.jpg?fit=800%2C435&ssl=1&resize=525%2C300 1.5x, https:\/\/i0.wp.com\/www.stefaneguilbaud.com\/blog\/wp-content\/uploads\/2023\/05\/pexels-ksenia-chernaya-4740522-studio.jpg?fit=800%2C435&ssl=1&resize=700%2C400 2x"},"classes":[]},{"id":286,"url":"https:\/\/www.stefaneguilbaud.com\/blog\/?p=286","url_meta":{"origin":972,"position":1},"title":"La volaille","author":"SG","date":"23 ao\u00fbt 2010","format":false,"excerpt":"Chronique \u00e9crite pourHuman & TerreN\u00b0 33 \/ Juillet-Aout 2010 Gallinac\u00e9es. Nous pouvons dire qu'il existe deux types de volailles.\u2022 Les poulets Bio et fermiers, n\u00e9s sous les bons hospices d'une croissance lente, sous \u00e9clairage naturel et en acc\u00e8s libre. Dignes volailles \u00e0 consommer* et encourager les initiatives qui respectent l'animal\u2026","rel":"","context":"Dans &quot;Chroniques parues&quot;","block_context":{"text":"Chroniques parues","link":"https:\/\/www.stefaneguilbaud.com\/blog\/?cat=6"},"img":{"alt_text":"","src":"https:\/\/i0.wp.com\/www.stefaneguilbaud.com\/blog\/wp-content\/uploads\/2013\/11\/journaux.jpg?fit=800%2C435&ssl=1&resize=350%2C200","width":350,"height":200,"srcset":"https:\/\/i0.wp.com\/www.stefaneguilbaud.com\/blog\/wp-content\/uploads\/2013\/11\/journaux.jpg?fit=800%2C435&ssl=1&resize=350%2C200 1x, https:\/\/i0.wp.com\/www.stefaneguilbaud.com\/blog\/wp-content\/uploads\/2013\/11\/journaux.jpg?fit=800%2C435&ssl=1&resize=525%2C300 1.5x, https:\/\/i0.wp.com\/www.stefaneguilbaud.com\/blog\/wp-content\/uploads\/2013\/11\/journaux.jpg?fit=800%2C435&ssl=1&resize=700%2C400 2x"},"classes":[]},{"id":697,"url":"https:\/\/www.stefaneguilbaud.com\/blog\/?p=697","url_meta":{"origin":972,"position":2},"title":"Myst\u00e9rieux Pirah\u00e3s","author":"SG","date":"6 d\u00e9cembre 2013","format":false,"excerpt":"L\u2019aliment est le reflet de tout \u00e9tat. \u00c0 travers celle-ci, nous pouvons d\u00e9chiffrer le bien-\u00eatre ou le mal-\u00eatre d\u2019un individu, d\u2019une culture, d\u2019un pays, d\u2019une \u00e9poque. Il est vrai que ce billet est un peu comme le combat de Don Quichotte contre les moulins \u00e0 vent mais bon\u2026 La France\u2026","rel":"","context":"Dans &quot;Dossiers&quot;","block_context":{"text":"Dossiers","link":"https:\/\/www.stefaneguilbaud.com\/blog\/?cat=9"},"img":{"alt_text":"","src":"https:\/\/i0.wp.com\/www.stefaneguilbaud.com\/blog\/wp-content\/uploads\/2013\/12\/Everett.jpg?fit=800%2C435&ssl=1&resize=350%2C200","width":350,"height":200,"srcset":"https:\/\/i0.wp.com\/www.stefaneguilbaud.com\/blog\/wp-content\/uploads\/2013\/12\/Everett.jpg?fit=800%2C435&ssl=1&resize=350%2C200 1x, https:\/\/i0.wp.com\/www.stefaneguilbaud.com\/blog\/wp-content\/uploads\/2013\/12\/Everett.jpg?fit=800%2C435&ssl=1&resize=525%2C300 1.5x, https:\/\/i0.wp.com\/www.stefaneguilbaud.com\/blog\/wp-content\/uploads\/2013\/12\/Everett.jpg?fit=800%2C435&ssl=1&resize=700%2C400 2x"},"classes":[]},{"id":3923,"url":"https:\/\/www.stefaneguilbaud.com\/blog\/?p=3923","url_meta":{"origin":972,"position":3},"title":"Les magasins bio luttent pour leur survie","author":"SG","date":"18 avril 2023","format":false,"excerpt":"Le march\u00e9 du bio est en plein essor. De plus en plus de consommateurs se tournent vers une alimentation saine, respectueuse de l'environnement et des animaux. Pourtant, tous les magasins ne se valent pas. Certains ont \u00e9t\u00e9 rachet\u00e9s par des multinationales de l'agroalimentaire, tandis que d'autres se battent pour pr\u00e9server\u2026","rel":"","context":"Dans &quot;Actualit\u00e9s&quot;","block_context":{"text":"Actualit\u00e9s","link":"https:\/\/www.stefaneguilbaud.com\/blog\/?cat=8"},"img":{"alt_text":"","src":"https:\/\/i0.wp.com\/www.stefaneguilbaud.com\/blog\/wp-content\/uploads\/2023\/04\/pexels-photo-5473030-studio.jpg?fit=800%2C435&ssl=1&resize=350%2C200","width":350,"height":200,"srcset":"https:\/\/i0.wp.com\/www.stefaneguilbaud.com\/blog\/wp-content\/uploads\/2023\/04\/pexels-photo-5473030-studio.jpg?fit=800%2C435&ssl=1&resize=350%2C200 1x, https:\/\/i0.wp.com\/www.stefaneguilbaud.com\/blog\/wp-content\/uploads\/2023\/04\/pexels-photo-5473030-studio.jpg?fit=800%2C435&ssl=1&resize=525%2C300 1.5x, https:\/\/i0.wp.com\/www.stefaneguilbaud.com\/blog\/wp-content\/uploads\/2023\/04\/pexels-photo-5473030-studio.jpg?fit=800%2C435&ssl=1&resize=700%2C400 2x"},"classes":[]},{"id":554,"url":"https:\/\/www.stefaneguilbaud.com\/blog\/?p=554","url_meta":{"origin":972,"position":4},"title":"Fast food pollution ?","author":"SG","date":"25 mai 2009","format":false,"excerpt":"J'ai connu un temps o\u00f9 la principale pollution venaitde ce que les gens secouaient leur tapis par la fen\u00eatre.\"Gilbert Cesbron Le fast food fait r\u00e9guli\u00e8rement parti des chroniques li\u00e9es \u00e0 l'alimentation et la malbouffe, mais ce qui est plus rare, c'est d'entendre parler de pollution. Pourtant, il suffit d'observer pour\u2026","rel":"","context":"Dans &quot;Soci\u00e9t\u00e9&quot;","block_context":{"text":"Soci\u00e9t\u00e9","link":"https:\/\/www.stefaneguilbaud.com\/blog\/?cat=3"},"img":{"alt_text":"","src":"https:\/\/i0.wp.com\/www.stefaneguilbaud.com\/blog\/wp-content\/uploads\/2013\/11\/dechets.jpg?fit=800%2C435&ssl=1&resize=350%2C200","width":350,"height":200,"srcset":"https:\/\/i0.wp.com\/www.stefaneguilbaud.com\/blog\/wp-content\/uploads\/2013\/11\/dechets.jpg?fit=800%2C435&ssl=1&resize=350%2C200 1x, https:\/\/i0.wp.com\/www.stefaneguilbaud.com\/blog\/wp-content\/uploads\/2013\/11\/dechets.jpg?fit=800%2C435&ssl=1&resize=525%2C300 1.5x, https:\/\/i0.wp.com\/www.stefaneguilbaud.com\/blog\/wp-content\/uploads\/2013\/11\/dechets.jpg?fit=800%2C435&ssl=1&resize=700%2C400 2x"},"classes":[]},{"id":1511,"url":"https:\/\/www.stefaneguilbaud.com\/blog\/?p=1511","url_meta":{"origin":972,"position":5},"title":"Les farines &#038; leurs indices glyc\u00e9miques (IG)","author":"SG","date":"30 juin 2015","format":false,"excerpt":"\u00c0 toutes les personnes qui veulent se passer du gluten, attention. Parfois, le choix d\u2019une farine vous \u00e9vitera le d\u00e9sagr\u00e9ment du gluten, si vous y \u00eates allergique, mais s\u2019occupera de votre tour de taille. De toute fa\u00e7on, un r\u00e9gime \u00ab\u00a0sans gluten\u00a0\u00bb ne se d\u00e9cide pas \u00e0 la l\u00e9g\u00e8re. Si votre\u2026","rel":"","context":"Dans &quot;Alimentation&quot;","block_context":{"text":"Alimentation","link":"https:\/\/www.stefaneguilbaud.com\/blog\/?cat=1"},"img":{"alt_text":"","src":"https:\/\/i0.wp.com\/www.stefaneguilbaud.com\/blog\/wp-content\/uploads\/2015\/06\/farineune.jpg?fit=800%2C435&ssl=1&resize=350%2C200","width":350,"height":200,"srcset":"https:\/\/i0.wp.com\/www.stefaneguilbaud.com\/blog\/wp-content\/uploads\/2015\/06\/farineune.jpg?fit=800%2C435&ssl=1&resize=350%2C200 1x, https:\/\/i0.wp.com\/www.stefaneguilbaud.com\/blog\/wp-content\/uploads\/2015\/06\/farineune.jpg?fit=800%2C435&ssl=1&resize=525%2C300 1.5x, https:\/\/i0.wp.com\/www.stefaneguilbaud.com\/blog\/wp-content\/uploads\/2015\/06\/farineune.jpg?fit=800%2C435&ssl=1&resize=700%2C400 2x"},"classes":[]}],"jetpack_likes_enabled":true,"_links":{"self":[{"href":"https:\/\/www.stefaneguilbaud.com\/blog\/index.php?rest_route=\/wp\/v2\/posts\/972","targetHints":{"allow":["GET"]}}],"collection":[{"href":"https:\/\/www.stefaneguilbaud.com\/blog\/index.php?rest_route=\/wp\/v2\/posts"}],"about":[{"href":"https:\/\/www.stefaneguilbaud.com\/blog\/index.php?rest_route=\/wp\/v2\/types\/post"}],"author":[{"embeddable":true,"href":"https:\/\/www.stefaneguilbaud.com\/blog\/index.php?rest_route=\/wp\/v2\/users\/1"}],"replies":[{"embeddable":true,"href":"https:\/\/www.stefaneguilbaud.com\/blog\/index.php?rest_route=%2Fwp%2Fv2%2Fcomments&post=972"}],"version-history":[{"count":4,"href":"https:\/\/www.stefaneguilbaud.com\/blog\/index.php?rest_route=\/wp\/v2\/posts\/972\/revisions"}],"predecessor-version":[{"id":976,"href":"https:\/\/www.stefaneguilbaud.com\/blog\/index.php?rest_route=\/wp\/v2\/posts\/972\/revisions\/976"}],"wp:featuredmedia":[{"embeddable":true,"href":"https:\/\/www.stefaneguilbaud.com\/blog\/index.php?rest_route=\/wp\/v2\/media\/971"}],"wp:attachment":[{"href":"https:\/\/www.stefaneguilbaud.com\/blog\/index.php?rest_route=%2Fwp%2Fv2%2Fmedia&parent=972"}],"wp:term":[{"taxonomy":"category","embeddable":true,"href":"https:\/\/www.stefaneguilbaud.com\/blog\/index.php?rest_route=%2Fwp%2Fv2%2Fcategories&post=972"},{"taxonomy":"post_tag","embeddable":true,"href":"https:\/\/www.stefaneguilbaud.com\/blog\/index.php?rest_route=%2Fwp%2Fv2%2Ftags&post=972"}],"curies":[{"name":"wp","href":"https:\/\/api.w.org\/{rel}","templated":true}]}}