{"id":882,"date":"2014-01-09T20:00:43","date_gmt":"2014-01-09T19:00:43","guid":{"rendered":"http:\/\/www.stefaneguilbaud.com\/blog\/?p=882"},"modified":"2014-01-09T14:30:29","modified_gmt":"2014-01-09T13:30:29","slug":"des-amis-pour-la-vie","status":"publish","type":"post","link":"https:\/\/www.stefaneguilbaud.com\/blog\/?p=882","title":{"rendered":"Des amis pour la vie ?"},"content":{"rendered":"<p>Les produits laitiers font partie de notre quotidien. Les m\u00e9dias, au cas o\u00f9 nous aurions oubli\u00e9, nous le rappellent sans cesse. Mais qu&rsquo;en est-il vraiment ? Les petits squelettes (?) des spots publicitaires nous sont-ils b\u00e9n\u00e9fiques ? Dressons un \u00e9tat des lieux, le plus objectif possible, appuy\u00e9 par des travaux et \u00e9tudes recens\u00e9es par Thierry Souccar.<\/p>\n<p><i>Extrait d\u2019une interview donn\u00e9e par l&rsquo;internaute.com \u00e0 Thierry Souccar \u00e0 propos du lait et ses m\u00e9faits. Voici ses r\u00e9ponses :<\/i>\u00a0<\/p>\n<p><strong>\u00ab Quels sont les maux provoqu\u00e9s par le lait ?<\/strong><\/p>\n<div>Avec 3 laitages et plus par jour, on voit augmenter le risque de cancers de la prostate et des ovaires, de maladie de Parkinson&#8230; \u00bb et viennent s\u2019ajouter pour les intol\u00e9rants aux laits\u00ab &#8230; une myriade de troubles qui apparaissent lorsqu\u2019ils boivent du lait : troubles digestifs, rhumatismes, etc. \u00bb<\/div>\n<div><strong>\u00ab Qu\u2019est-ce qui est mauvais, pr\u00e9cis\u00e9ment, dans le lait ?<\/strong><br \/> Dans le lait : des prot\u00e9ines allergisantes ou mal tol\u00e9r\u00e9es, le lactose (sucre du lait), que ne dig\u00e8rent pas la plupart d\u2019entre nous, trop de calcium lorsque la consommation de vitamine D ne suit pas, un facteur de croissance, l\u2019IGF-1, qui pourrait attiser certains cancers, des pesticides&#8230; \u00bb<\/div>\n<div>Les phrases suivantes sont expliqu\u00e9es comme fausses par Thierry Souccar dans le livre<\/div>\n<div><a href=\"http:\/\/www.thierrysouccar.com\/les_livres\/nutrition\/lait_mensonges_et_propagande\">Lait, mensonge et propagande<\/a><\/div>\n<div>\u00a0<\/div>\n<div><strong>\u00ab Les laitages pr\u00e9viennent l\u2019ost\u00e9oporose :<\/strong><\/div>\n<div>Tout semble prouver le contraire. Les pays gros consommateurs de lait sont au palmar\u00e8s des ost\u00e9oporoses et l\u2019inverse est vrai aussi \u00bb.<\/div>\n<div><b><br \/><\/b><strong> \u00ab Nos os ont besoin d\u2019un maximum de calcium :<\/strong><\/div>\n<div>Redoutablement faux. Notre organisme a besoin de peu de calcium. D\u2019ailleurs, aucun pays ne s\u2019entend sur les taux avec 800\u00a0mg chez les un, 1500\u00a0mg chez les autres, ces chiffres semblent \u201cfantasques\u201d et non fond\u00e9s. Avec une bonne qualit\u00e9 de calcium v\u00e9g\u00e9tal, et non animal, les quantit\u00e9s sont vraiment minimes \u00bb.<\/div>\n<div><b>\u00a0<\/b><\/div>\n<div><strong>\u00ab On est plus mince quand on boit du lait :<\/strong><\/div>\n<div>Faux, des \u00e9tudes ont d\u00e9montr\u00e9 que le contraire \u00e9tait une r\u00e9alit\u00e9. L\u2019absorption de lait favorise l\u2019ob\u00e9sit\u00e9 \u00bb.<\/div>\n<div><b>\u00a0<\/b><\/div>\n<div><strong>\u00ab Il n\u2019y a aucun risque de cancer avec les laitages :<\/strong><\/div>\n<div>Faux, le facteur de croissance IGF 1 est accus\u00e9 de favoriser certains types de cancers \u00bb.<\/div>\n<div>\u00a0<\/div>\n<div><strong>\u00ab Les buveurs de lait ont moins de diab\u00e8te :<\/strong><\/div>\n<div>Faux, non fond\u00e9 et contrari\u00e9 par des faits inverses \u00bb.<\/div>\n<div>\u00a0<\/div>\n<div><a href=\"https:\/\/i0.wp.com\/www.stefaneguilbaud.com\/blog\/wp-content\/uploads\/2014\/01\/9ggv_farandolelaitage.png\"><img data-recalc-dims=\"1\" loading=\"lazy\" decoding=\"async\" class=\"alignnone size-full wp-image-884\" alt=\"9ggv_farandolelaitage\" src=\"https:\/\/i0.wp.com\/www.stefaneguilbaud.com\/blog\/wp-content\/uploads\/2014\/01\/9ggv_farandolelaitage.png?resize=203%2C50\" width=\"203\" height=\"50\" \/><\/a><\/div>\n<div><em>Pour info,<\/em><\/div>\n<div><em>De 1975 \u00e0 2009 : il y a eu 47 \u00e9tudes \u00ab\u00a0contre\u00a0\u00bb le lait de vache et 24 \u00e9tudes \u00ab\u00a0pour\u00a0\u00bb. Si on s&rsquo;amuse \u00e0 faire un calcul (merci Thierry :), il faudrait alors 68 \u00e9tudes \u00ab\u00a0pour\u00a0\u00bb si l&rsquo;on souhaitait \u00e9quilibrer ces \u00ab\u00a0pour\u00a0\u00bb et ces \u00ab\u00a0contres\u00a0\u00bb. <\/em><em>Malheureusement, cela continue vers le \u00ab\u00a0contre\u00a0\u00bb avec\u00a0 de \u20282009 \u00e0 2013 : 5 \u00e9tudes \u00ab\u00a0contre\u00a0\u00bb pour seulement 1 \u00e9tude \u00ab\u00a0pour\u00a0\u00bb.<\/em><\/div>\n<div>\u00a0<\/div>\n<div><a href=\"https:\/\/i0.wp.com\/www.stefaneguilbaud.com\/blog\/wp-content\/uploads\/2014\/01\/9ggv_farandolelaitage.png\"><img data-recalc-dims=\"1\" loading=\"lazy\" decoding=\"async\" alt=\"9ggv_farandolelaitage\" src=\"https:\/\/i0.wp.com\/www.stefaneguilbaud.com\/blog\/wp-content\/uploads\/2014\/01\/9ggv_farandolelaitage.png?resize=203%2C50\" width=\"203\" height=\"50\" \/><\/a><\/div>\n<div>Ce qui me g\u00eane le plus, dans le battage m\u00e9diatique des produits laitiers, reste peut-\u00eatre bien le ph\u00e9nom\u00e8ne de culpabilit\u00e9 install\u00e9 dans les foyers. Il me semble entendre, \u00e0 longueur de journ\u00e9e, que si votre enfant ne consomme pas de produits laitiers, vous serez responsable de sa mauvaise sant\u00e9 ou que si vous ne prenez pas en main cette vieillesse, \u00e0 coup de yaourt, vous serez vite rattrap\u00e9 par l&rsquo;ost\u00e9oporose, grande maladie de nos temps\u2009! Et pourtant\u2026 Si l\u2019on accepte enfin le fait que notre dose journali\u00e8re de calcium doit rester anecdotique tant les chiffres se contredisent (<i>1500\u00a0mg ? 800\u00a0mg ? Voire m\u00eame seulemnt 250\u00a0mg dans la culture chinoise\u2009!<\/i>), il faut se poser les bonnes questions. Je vous propose un jeu de questions-r\u00e9ponses qui reviennent souvent dans mes conf\u00e9rences ou tables rondes.<\/p>\n<p><strong>Avons-nous besoin de consommer du lait animal ?<\/strong><br \/> Non, non et non. Quoi que l\u2019on fasse, nous resterons des mammif\u00e8res. Et justement, connaissez-vous un seul mammif\u00e8re qui boit du lait \u00e0 l\u2019\u00e2ge adulte ? Pour ma part aucun. Ayant eu m\u00eame un doute sur le chat, j\u2019ai pos\u00e9 la question \u00e0 un v\u00e9t\u00e9rinaire. C\u2019est sans appel. Le chat NE BOIT PAS de lait, \u00e7a le rend malade. \u00c7a fait partie, je cite \u00ab <i>de l\u2019imaginaire, d\u2019une all\u00e9gorie sur la blancheur immacul\u00e9e<\/i> \u00bb.<br \/> Lorsqu\u2019ils sont devenus s\u00e9dentaires et non plus cueilleurs-chasseurs, nos anc\u00eatres ont pr\u00e9f\u00e9r\u00e9 la solution de facilit\u00e9 et ont opter pour am\u00e9nager leur alimentation en incluant les laits de leurs \u00e9levages. Il faut soustraire \u00e0 cela deux points importants, tout d\u2019abord leurs alimentations extr\u00eamement riches en v\u00e9g\u00e9taux laissaient une place toute relative au lait. Ils ne consommaient pas yaourts, b\u00e9chamels, chantilly, mousses, etc.\u2026<br \/> Puis, le lait, issu d\u2019animaux \u00ab <i>sains<\/i> \u00bb, \u00e9tait un breuvage extr\u00eamement riche en om\u00e9ga\u00a03 et en antioxydants, nourrissant et rassasiant. Loin des laits insipides que l\u2019on sait produire aujourd\u2019hui. Ces foutus laits issus de la \u00ab supervache \u00bb, une prim\u2019holstein qui offre 50 \u00e0 70 litres de lait par jour. Un lait appauvrit, inint\u00e9ressant nutritionnellement et tristement riche en IGF-1, un facteur de croissance insuline, qui provoque la division et la reproduction des cellules (bonne\u2026 ou mauvaise). On dit \u00ab <i>L\u00e0 o\u00f9 les prim\u2019holstein pissent du lait, l\u2019emmental sert de serpilli\u00e8re<\/i> \u00bb. [<i>En effet, il faut 1000 litres pour une meule d\u2019emmental.<\/i>]<br \/> <a href=\"http:\/\/www.biomoove.com\/pages\/les-sens-de-la-cuisine\/\">B\u00e9ryl Kitaeff<\/a>, naturopathe, me confiait que l\u2019on ne devrait boire du lait que lorsque nous sommes enfants, et cela, jusqu\u2019\u00e0 ce que l\u2019on perde les\u2026 dents de lait !!!<\/p>\n<p><strong>Mais, m\u00eame s\u2019il en faut peu, ou trouver du calcium ?<\/strong><br \/> C\u2019est s\u00fbr que si vous tombez sur une brochure, trouv\u00e9e chez votre g\u00e9n\u00e9raliste ou dans un laboratoire d\u2019analyse m\u00e9dicale, vous aurez peu de chance d&rsquo;y trouver d\u2019autres sources de calcium que dans les produits laitiers.<br \/> Il vaut mieux alors regarder \u00e0 l\u2019ext\u00e9rieur de la cour, loin des int\u00e9r\u00eats agroalimentaires, car le calcium est partout. Chez les Japonais, il est dans les algues et plus particuli\u00e8rement dans l\u2019algue Wakam\u00e9 (treize fois plus que dans un verre de lait), mais aussi dans le tofu fait avec du sulfate de calcium.<br \/> Mais il y a sous nos latitudes, \u00e0 profusion, le choix entre l\u2019eau du robinet, l\u2019eau min\u00e9rale, les l\u00e9gumineuses, les l\u00e9gumes verts, les amandes, les graines de s\u00e9same, les sardines ou saumon en bo\u00eete AVEC leurs arr\u00eates, etc. Alors, ne culpabilisez pas.<br \/> Le probl\u00e8me avec le lait animal est tr\u00e8s simple, nous rencontrons deux probl\u00e8mes majeurs.<br \/> \u2022 Premi\u00e8rement, le lait (outre l\u2019IGF-1 cit\u00e9e plus haut) est un aliment alcalin certes, mais acidifiant. Votre corps a \u00e9t\u00e9 programm\u00e9 pour que votre sang reste vers un pH de 6,7 environ. En dessous ou en dessus c\u2019est l\u00e9tal et la mort assur\u00e9e. Donc, lorsque vous consommez un aliment trop acidifiant ou trop alcalinisant, votre corps compense en piochant dans vos r\u00e9serves. Dans ce cas, pr\u00e9cis, l\u2019aliment acidifiant va demander \u00e0 vos os de rendre du calcium \u00e0 votre organisme et de ce fait se fragiliser pour se transformer en ost\u00e9oporose.<br \/> \u2022 Deuxi\u00e8mement, les m\u00e9dias nous assomment, voire nous somment, de consommer trois laitages par jour. C\u2019est trop. Trop, car on transforme un aliment futile (un aliment plaisir) en aliment utile (essentiel).<\/p>\n<p><strong> Le lait de ch\u00e8vre est-il mieux ?<\/strong><br \/> Mieux\u2009? Rien n\u2019est mieux, c\u2019est difficile de r\u00e9pondre \u00e0 cela, mais il faut savoir trois choses concernant le lait de ch\u00e8vre.<br \/> \u2022 Premi\u00e8rement, la ch\u00e8vre n\u2019est pas aussi industrialis\u00e9e que la vache. Un lait de ch\u00e8vre \u201c<i>artisanal<\/i>\u201d est plus facile \u00e0 trouver. Nous avons donc \u00e0 port\u00e9e de main un lait qui ne transpire pas l\u2019exc\u00e8s d\u2019IGF-1.<br \/> \u2022 Deuxi\u00e8mement, le <a href=\"http:\/\/www.passeportsante.net\/fr\/Nutrition\/PalmaresNutriments\/Fiche.aspx?doc=calcium_nu\">lait de ch\u00e8vre contient plus de calcium<\/a> que celui de la vache.<br \/> \u2022 Troisi\u00e8mement, et c\u2019est la raison la moins avouable\u2026 il n\u2019y a pas autant d\u2019\u00e9tudes sur le lait de ch\u00e8vre que sur le lait de vache. Il est donc facile de fustiger l\u2019un plut\u00f4t que l\u2019autre.<br \/> <b><br \/><\/b><strong> Et le fromage est-il aussi n\u00e9faste ?<\/strong><br \/> Les anciens, et plus particuli\u00e8rement les Italiens, avaient un profond respect pour le fromage et les fromagers. Un ma\u00eetre capable de transformer un produit brut, indigeste, agressif en un produit plus tol\u00e9r\u00e9 par l\u2019organisme. Oui, car \u00e0 l\u2019\u00e2ge adulte, nous n\u2019avons plus l\u2019enzyme \u201c<i>lactase<\/i>\u201d capable de transformer le lactose. Il en va de m\u00eame pour la vache. Elle aussi, qui ne boit pas de lait, propose son lait uniquement \u00e0 des b\u00e9b\u00e9s, les veaux. Nos nourrissons ou les veaux ont encore la facult\u00e9 \u00e0 dig\u00e9rer le lait. Mais rappellons que l&rsquo;homme boit du lait de vache, pas l&rsquo;inverse ! Chacun devrait ne consommer que le lait de son esp\u00e8ce. Autant dire que ce n\u2019est pas un hasard si la pr\u00e9sure utilis\u00e9e dans nos fromages est pr\u00e9lev\u00e9e dans la panse des veaux\u2009, afin de r\u00e9aliser la coagulation des prot\u00e9ines.<br \/> En Italie, le ma\u00eetre de la \u201c<i>cas\u00e9ine<\/i>\u201d s\u2019appelle le \u201c<i>chef, le ma\u00eetre<\/i>\u201d, Kaiser en allemand (l\u2019empereur), qui a donn\u00e9 C\u00e9sar (le chef supr\u00eame) !! Certes, mais aussi Cheese\u2009!<br \/> Tout un art, un titre de noblesse \u00e0 part enti\u00e8re.<\/p>\n<p><strong> Et le yaourt ?<\/strong><br \/> Thierry Souccar pr\u00e9cise, sur le site lanutrition.fr, les faits suivants, suite \u00e0 une \u00e9tude fran\u00e7aise de mars 2006, issue des donn\u00e9es de SU.VI.MAX : \u201c<i>Parmi les laitages, ce sont les yaourts qui poseraient le plus de probl\u00e8mes, avec un risque de cancer qui augmente de 60\u00a0% chaque fois qu\u2019on consomme un yaourt en plus (125\u00a0g).<\/i>\u201d<br \/> Sans commentaire.<br \/> <b><br \/><\/b><strong> Que penser des boissons alternatives au lait ?<\/strong><br \/> C\u2019est le r\u00e9flexe num\u00e9ro un des personnes interpell\u00e9es par les m\u00e9faits du lait. Pour ma part, je ne fustige jamais un aliment s\u2019il reste \u00e0 sa place. Le lait animal est un aliment agr\u00e9able au go\u00fbt, gardez-le en aliment futile, plaisir. Pour le reste, cela serait une tr\u00e8s mauvaise id\u00e9e de vous ruer sur les boissons de soja [<i>cela fera le th\u00e8me d\u2019un prochain Instant Info<\/i>], mais pourquoi ne pas boire plein d&rsquo;autres choses et de varier chaque matin. Du kombucha, de la soupe (hey oui, on peut), du th\u00e9, de l\u2019infusion, du yogi-tea, du cha\u00ef, des boissons v\u00e9g\u00e9tales (avoine, soja, riz complet, quinoa\u2026), du jus de pomme, de poire, de l\u2019eau de coco\u2026 Le choix est vari\u00e9, votre plaisir aussi.<br \/> Il existe aussi des laits d\u2019origine animale autres : le lait de jument, de yack, de chamelle, de brebis, d\u2019\u00e2nesse\u2026 Ils sont chers en fonction de l\u2019animal et de la raret\u00e9 de production (<i>je pense \u00e0 la jument en particulier<\/i>). Le lait de truie ne serait pas mauvais aussi, mais il est impossible de la traire tant ses pis sont petits.<br \/> Concernant le fromage, il a le tofu (\u00e0 base de soja) et les fromages de ch\u00e8vre, brebis\u2026 Vous ne trouverez pas de fromage de lait de jument ou de truie. D\u00e9pourvus tous les deux des prot\u00e9ines suffisantes \u00e0 la formation du caill\u00e9, il n\u2019est pas possible de les transformer en fromages.<\/p>\n<p><strong> Donc, faut il arr\u00eater de produire du lait et de financer les d\u2019agriculteurs ?<\/strong><br \/> Surtout pas\u2009! C\u2019est un patrimoine, une force, une fa\u00e7on de garder notre pays autonome, mais \u00e0 deux conditions.<br \/>\u2022 Produisons du lait localement, en petite exploitation, afin de nourrir des familles et non des actionnaires.<br \/>\u2022 Augmentons le prix du lait. Oui, le lait co\u00fbte \u00e0 son producteur. Il doit correspondre \u00e0 un prix digne\u2026 sans interm\u00e9diaire, favorisant les envol\u00e9es de marges.<\/p>\n<div>Pour continuer la lecture sur le sujet.<br \/> <strong>Lisez ou relisez \u00ab\u00a0<a href=\"http:\/\/www.amazon.fr\/Non-aux-oranges-carr%C3%A9es-pratique\/dp\/2813200549\">Non aux oranges carr\u00e9es<\/a>\u00a0\u00bb :<\/strong><br \/> Lait &gt; pages 93. Yaourt, laitages &gt; page 205. Beurre &gt; page 21. Fromage &gt; page 63<\/div>\n<div><strong>Lisez ou relisez \u00ab\u00a0<a href=\"http:\/\/www.lanutrition.fr\/la-boutique\/livres\/visio.food-stefane-guilbaud.html\" target=\"_blank\">VisioFood<\/a>\u00a0\u00bb :<\/strong><\/div>\n<div>Table p\u00e9riodique &gt; page 8. \u00c9quilibre acido-basique &gt; page 32. Habitudes alimentaires &gt; page 41. Vers le r\u00e9gime id\u00e9al : page 48. R\u00e9gime pal\u00e9o vs alimentation moderne &gt; page 50. Empreinte hydrique &gt; page 64.<\/div>\n<\/div>\n","protected":false},"excerpt":{"rendered":"<p>Les produits laitiers font partie de notre quotidien. Les m\u00e9dias, au cas o\u00f9 nous aurions oubli\u00e9, nous le rappellent sans cesse. Mais qu&rsquo;en est-il vraiment &hellip; <\/p>\n","protected":false},"author":1,"featured_media":462,"comment_status":"open","ping_status":"open","sticky":false,"template":"","format":"standard","meta":{"_exactmetrics_skip_tracking":false,"_exactmetrics_sitenote_active":false,"_exactmetrics_sitenote_note":"","_exactmetrics_sitenote_category":0,"jetpack_post_was_ever_published":false,"_jetpack_newsletter_access":"","_jetpack_dont_email_post_to_subs":false,"_jetpack_newsletter_tier_id":0,"_jetpack_memberships_contains_paywalled_content":false,"_jetpack_memberships_contains_paid_content":false,"footnotes":"","jetpack_publicize_message":"","jetpack_publicize_feature_enabled":true,"jetpack_social_post_already_shared":false,"jetpack_social_options":{"image_generator_settings":{"template":"highway","default_image_id":0,"font":"","enabled":false},"version":2}},"categories":[1,9],"tags":[],"class_list":["post-882","post","type-post","status-publish","format-standard","has-post-thumbnail","hentry","category-alimentation","category-dossiers"],"jetpack_publicize_connections":[],"jetpack_featured_media_url":"https:\/\/i0.wp.com\/www.stefaneguilbaud.com\/blog\/wp-content\/uploads\/2010\/01\/laitages.jpg?fit=800%2C435&ssl=1","jetpack_sharing_enabled":true,"jetpack_shortlink":"https:\/\/wp.me\/p8a0UX-ee","jetpack-related-posts":[{"id":1233,"url":"https:\/\/www.stefaneguilbaud.com\/blog\/?p=1233","url_meta":{"origin":882,"position":0},"title":"Pour ou contre le lait. Infini d\u00e9bat.","author":"SG","date":"24 f\u00e9vrier 2015","format":false,"excerpt":"4 professionnels aux avis radicalement oppos\u00e9s reviennent sur la pol\u00e9mique de la consommation de lait sur le site de PASSEPORT SANTE.NET Si toutes les r\u00e9centes \u00e9tudes sur le lait ne suffisent pas \u00e0 vous faire une opinion, les m\u00e9dias en remettent une couche. Avec le genre de t\u00e9moignages que nous\u2026","rel":"","context":"Dans &quot;Actualit\u00e9s&quot;","block_context":{"text":"Actualit\u00e9s","link":"https:\/\/www.stefaneguilbaud.com\/blog\/?cat=8"},"img":{"alt_text":"","src":"https:\/\/i0.wp.com\/www.stefaneguilbaud.com\/blog\/wp-content\/uploads\/2010\/01\/laitages.jpg?fit=800%2C435&ssl=1&resize=350%2C200","width":350,"height":200,"srcset":"https:\/\/i0.wp.com\/www.stefaneguilbaud.com\/blog\/wp-content\/uploads\/2010\/01\/laitages.jpg?fit=800%2C435&ssl=1&resize=350%2C200 1x, https:\/\/i0.wp.com\/www.stefaneguilbaud.com\/blog\/wp-content\/uploads\/2010\/01\/laitages.jpg?fit=800%2C435&ssl=1&resize=525%2C300 1.5x, https:\/\/i0.wp.com\/www.stefaneguilbaud.com\/blog\/wp-content\/uploads\/2010\/01\/laitages.jpg?fit=800%2C435&ssl=1&resize=700%2C400 2x"},"classes":[]},{"id":1269,"url":"https:\/\/www.stefaneguilbaud.com\/blog\/?p=1269","url_meta":{"origin":882,"position":1},"title":"Pourquoi les N\u00e9erlandais sont-ils si grands ?","author":"SG","date":"13 avril 2015","format":false,"excerpt":"Une \u00e9tude publi\u00e9e le 8 avril 2015 par la revue scientifique britannique Royal Society , nous informe, entres autres que les N\u00e9erlandais ont sur les 150 derni\u00e8res ann\u00e9es, connu une croissance de 20 cm (contre seulement 6 cm pour les Am\u00e9ricains*), soit aux Pays-Bas, nous constatons aujourd'hui 1,71 m pour\u2026","rel":"","context":"Dans &quot;Actualit\u00e9s&quot;","block_context":{"text":"Actualit\u00e9s","link":"https:\/\/www.stefaneguilbaud.com\/blog\/?cat=8"},"img":{"alt_text":"","src":"https:\/\/i0.wp.com\/www.stefaneguilbaud.com\/blog\/wp-content\/uploads\/2010\/01\/laitages.jpg?fit=800%2C435&ssl=1&resize=350%2C200","width":350,"height":200,"srcset":"https:\/\/i0.wp.com\/www.stefaneguilbaud.com\/blog\/wp-content\/uploads\/2010\/01\/laitages.jpg?fit=800%2C435&ssl=1&resize=350%2C200 1x, https:\/\/i0.wp.com\/www.stefaneguilbaud.com\/blog\/wp-content\/uploads\/2010\/01\/laitages.jpg?fit=800%2C435&ssl=1&resize=525%2C300 1.5x, https:\/\/i0.wp.com\/www.stefaneguilbaud.com\/blog\/wp-content\/uploads\/2010\/01\/laitages.jpg?fit=800%2C435&ssl=1&resize=700%2C400 2x"},"classes":[]},{"id":459,"url":"https:\/\/www.stefaneguilbaud.com\/blog\/?p=459","url_meta":{"origin":882,"position":2},"title":"Du nouveau pour votre calcium","author":"SG","date":"11 janvier 2010","format":false,"excerpt":"Thierry Souccar avait \u00e9crit \"Lait, mensonges et propagande\". Il revient avec une version \"revue et augment\u00e9e\" en \u00e9tudes affirmant ses premiers propos concernant le lait. (Source : www.lanutrition.fr) Voici un extrait d'interview r\u00e9alis\u00e9 aupr\u00e8s de Thierry Souccar.Il suffit de lire deux paragraphes pour en comprendre la teneur : Dans la\u2026","rel":"","context":"Dans &quot;Alimentation&quot;","block_context":{"text":"Alimentation","link":"https:\/\/www.stefaneguilbaud.com\/blog\/?cat=1"},"img":{"alt_text":"","src":"https:\/\/i0.wp.com\/www.stefaneguilbaud.com\/blog\/wp-content\/uploads\/2010\/01\/laitages.jpg?fit=800%2C435&ssl=1&resize=350%2C200","width":350,"height":200,"srcset":"https:\/\/i0.wp.com\/www.stefaneguilbaud.com\/blog\/wp-content\/uploads\/2010\/01\/laitages.jpg?fit=800%2C435&ssl=1&resize=350%2C200 1x, https:\/\/i0.wp.com\/www.stefaneguilbaud.com\/blog\/wp-content\/uploads\/2010\/01\/laitages.jpg?fit=800%2C435&ssl=1&resize=525%2C300 1.5x, https:\/\/i0.wp.com\/www.stefaneguilbaud.com\/blog\/wp-content\/uploads\/2010\/01\/laitages.jpg?fit=800%2C435&ssl=1&resize=700%2C400 2x"},"classes":[]},{"id":521,"url":"https:\/\/www.stefaneguilbaud.com\/blog\/?p=521","url_meta":{"origin":882,"position":3},"title":"Je ne bois pas de lait ! et alors ?","author":"SG","date":"21 septembre 2009","format":false,"excerpt":"D'aucun me demandent pourquoi je ne bois pas de lait ? \"C'est un choix personnel\", r\u00e9pond-je !! Mais on me demande d'argumenter sans cesse, comme si en tant qu'ancien formateur en changements de comportements alimentaires, je devais assumer ce choix de fa\u00e7on rationnelle et scientifique \u2026 Je ne pr\u00e9tends pas\u2026","rel":"","context":"Dans &quot;Alimentation&quot;","block_context":{"text":"Alimentation","link":"https:\/\/www.stefaneguilbaud.com\/blog\/?cat=1"},"img":{"alt_text":"","src":"https:\/\/i0.wp.com\/www.stefaneguilbaud.com\/blog\/wp-content\/uploads\/2010\/01\/laitages.jpg?fit=800%2C435&ssl=1&resize=350%2C200","width":350,"height":200,"srcset":"https:\/\/i0.wp.com\/www.stefaneguilbaud.com\/blog\/wp-content\/uploads\/2010\/01\/laitages.jpg?fit=800%2C435&ssl=1&resize=350%2C200 1x, https:\/\/i0.wp.com\/www.stefaneguilbaud.com\/blog\/wp-content\/uploads\/2010\/01\/laitages.jpg?fit=800%2C435&ssl=1&resize=525%2C300 1.5x, https:\/\/i0.wp.com\/www.stefaneguilbaud.com\/blog\/wp-content\/uploads\/2010\/01\/laitages.jpg?fit=800%2C435&ssl=1&resize=700%2C400 2x"},"classes":[]},{"id":572,"url":"https:\/\/www.stefaneguilbaud.com\/blog\/?p=572","url_meta":{"origin":882,"position":4},"title":"Allergies enfantiles. Fatalit\u00e9 ?","author":"SG","date":"7 mai 2009","format":false,"excerpt":"Le dossier r\u00e9current des allergies revient sur le tapis.Attention, information allerg\u00e8ne ! [ Site internet : Extenso \u2022\u00a0http:\/\/www.extenso.org\/pleins_feux\/detail.php\/f\/1718 ] PR\u00c9VENTION DES ALLERGIES CHEZ LES ENFANTS : On peut lire dans ce dossier qui parle des allergies, les informations suivantes. \"Aujourd\u2019hui, environ 6 % des enfants de moins de 3 ans\u2026","rel":"","context":"Dans &quot;Alimentation&quot;","block_context":{"text":"Alimentation","link":"https:\/\/www.stefaneguilbaud.com\/blog\/?cat=1"},"img":{"alt_text":"","src":"https:\/\/i0.wp.com\/www.stefaneguilbaud.com\/blog\/wp-content\/uploads\/2013\/11\/pollen.jpg?fit=800%2C435&ssl=1&resize=350%2C200","width":350,"height":200,"srcset":"https:\/\/i0.wp.com\/www.stefaneguilbaud.com\/blog\/wp-content\/uploads\/2013\/11\/pollen.jpg?fit=800%2C435&ssl=1&resize=350%2C200 1x, https:\/\/i0.wp.com\/www.stefaneguilbaud.com\/blog\/wp-content\/uploads\/2013\/11\/pollen.jpg?fit=800%2C435&ssl=1&resize=525%2C300 1.5x, https:\/\/i0.wp.com\/www.stefaneguilbaud.com\/blog\/wp-content\/uploads\/2013\/11\/pollen.jpg?fit=800%2C435&ssl=1&resize=700%2C400 2x"},"classes":[]},{"id":3523,"url":"https:\/\/www.stefaneguilbaud.com\/blog\/?p=3523","url_meta":{"origin":882,"position":5},"title":"Arr\u00eater le lait donne t-il des carences ?","author":"SG","date":"17 mars 2021","format":false,"excerpt":"Dans le \"Journal Des Bonnes Nouvelles\", chaque mois, je r\u00e9pond \u00e0 une question pos\u00e9e par les lecteurs, voici celle de Mars 2021. [Sommaire des articles parus]. Question : J\u2019ai une petite fille de 3 ans, elle est sans arr\u00eat malade (rhume, nez qui coule etc\u2026), on me sugg\u00e8re d\u2019arr\u00eater le\u2026","rel":"","context":"Dans &quot;Alimentation&quot;","block_context":{"text":"Alimentation","link":"https:\/\/www.stefaneguilbaud.com\/blog\/?cat=1"},"img":{"alt_text":"","src":"https:\/\/i0.wp.com\/www.stefaneguilbaud.com\/blog\/wp-content\/uploads\/2021\/08\/jdbnlait.jpg?fit=800%2C435&ssl=1&resize=350%2C200","width":350,"height":200,"srcset":"https:\/\/i0.wp.com\/www.stefaneguilbaud.com\/blog\/wp-content\/uploads\/2021\/08\/jdbnlait.jpg?fit=800%2C435&ssl=1&resize=350%2C200 1x, https:\/\/i0.wp.com\/www.stefaneguilbaud.com\/blog\/wp-content\/uploads\/2021\/08\/jdbnlait.jpg?fit=800%2C435&ssl=1&resize=525%2C300 1.5x, https:\/\/i0.wp.com\/www.stefaneguilbaud.com\/blog\/wp-content\/uploads\/2021\/08\/jdbnlait.jpg?fit=800%2C435&ssl=1&resize=700%2C400 2x"},"classes":[]}],"jetpack_likes_enabled":true,"_links":{"self":[{"href":"https:\/\/www.stefaneguilbaud.com\/blog\/index.php?rest_route=\/wp\/v2\/posts\/882","targetHints":{"allow":["GET"]}}],"collection":[{"href":"https:\/\/www.stefaneguilbaud.com\/blog\/index.php?rest_route=\/wp\/v2\/posts"}],"about":[{"href":"https:\/\/www.stefaneguilbaud.com\/blog\/index.php?rest_route=\/wp\/v2\/types\/post"}],"author":[{"embeddable":true,"href":"https:\/\/www.stefaneguilbaud.com\/blog\/index.php?rest_route=\/wp\/v2\/users\/1"}],"replies":[{"embeddable":true,"href":"https:\/\/www.stefaneguilbaud.com\/blog\/index.php?rest_route=%2Fwp%2Fv2%2Fcomments&post=882"}],"version-history":[{"count":5,"href":"https:\/\/www.stefaneguilbaud.com\/blog\/index.php?rest_route=\/wp\/v2\/posts\/882\/revisions"}],"predecessor-version":[{"id":888,"href":"https:\/\/www.stefaneguilbaud.com\/blog\/index.php?rest_route=\/wp\/v2\/posts\/882\/revisions\/888"}],"wp:featuredmedia":[{"embeddable":true,"href":"https:\/\/www.stefaneguilbaud.com\/blog\/index.php?rest_route=\/wp\/v2\/media\/462"}],"wp:attachment":[{"href":"https:\/\/www.stefaneguilbaud.com\/blog\/index.php?rest_route=%2Fwp%2Fv2%2Fmedia&parent=882"}],"wp:term":[{"taxonomy":"category","embeddable":true,"href":"https:\/\/www.stefaneguilbaud.com\/blog\/index.php?rest_route=%2Fwp%2Fv2%2Fcategories&post=882"},{"taxonomy":"post_tag","embeddable":true,"href":"https:\/\/www.stefaneguilbaud.com\/blog\/index.php?rest_route=%2Fwp%2Fv2%2Ftags&post=882"}],"curies":[{"name":"wp","href":"https:\/\/api.w.org\/{rel}","templated":true}]}}