{"id":820,"date":"2012-01-01T05:00:36","date_gmt":"2012-01-01T04:00:36","guid":{"rendered":"http:\/\/www.stefaneguilbaud.com\/blog\/?p=820"},"modified":"2014-01-07T10:38:07","modified_gmt":"2014-01-07T09:38:07","slug":"linflation-leuro-et-les-prix","status":"publish","type":"post","link":"https:\/\/www.stefaneguilbaud.com\/blog\/?p=820","title":{"rendered":"L&rsquo;inflation, l&rsquo;Euro et les prix."},"content":{"rendered":"<p><b>ENQU\u00caTE SUR DIX ANS : 2002-2012<\/b><\/p>\n<div>Presque maintenant onze ans apr\u00e8s l\u2019arriv\u00e9e de l\u2019euro, nous gardons le sentiment que les prix ont flamb\u00e9. Il n\u2019est pas rare d\u2019entendre notre entourage mentionner le fait que le produit propos\u00e9 avait le m\u00eame prix il y a dix ans, mais en Franc. En effet, d\u2019aucuns constatent sur certains achats que seule l\u2019unit\u00e9 a chang\u00e9. La somme est la m\u00eame avec le symbole Euro affich\u00e9 \u00e0 c\u00f4t\u00e9, ce qui pr\u00e9sume sans grand calcul n\u00e9cessaire une augmentation par 6,55\u2009!<br \/> Dans ce proc\u00e8s d\u2019augmentation des prix, l\u2019Euro n\u2019est pas seul responsable et il est peut-\u00eatre utile de refaire le point sur cette course \u00e0 la flamb\u00e9e.<\/div>\n<div>\u00a0<\/div>\n<div><b>Les chiffres.<br \/><\/b><\/div>\n<div>En regardant les chiffres annonc\u00e9s par l\u2019INSEE, nous constatons qu\u2019en effet les prix de certains produits ont grimp\u00e9 et que d\u2019autres ont baiss\u00e9. En finalit\u00e9, sont relay\u00e9s dans les m\u00e9dias, les indices officiels nous d\u00e9montrant que le pouvoir d\u2019achat des Fran\u00e7ais a progress\u00e9. Pourquoi\u2009? Parce qu\u2019en 2002 et 2012, soit tout juste 10 ans, le niveau du SMIC a \u00e9t\u00e9 \u00e9lev\u00e9 \u00e0 + 35,4\u00a0% alors que les prix \u00e0 la consommation ont tout juste fr\u00f4l\u00e9 les 15,2\u00a0%.<br \/> Il est inutile de contester ces chiffres, ils sont bien r\u00e9els et ils coupent l\u2019herbe sous les pieds de tout \u00ab\u00a0trouble-f\u00eate\u00a0\u00bb souhaitant \u00e9voquer une quelconque flamb\u00e9e.<br \/> Toutefois, malgr\u00e9 la v\u00e9racit\u00e9 de ceux-ci, ils sont n\u00e9anmoins trompeurs, car l\u2019inflation telle que la calcule l\u2019INSEE n\u2019est que moyenne de milliers de prix relev\u00e9s mensuellement et ne refl\u00e8te que trop peu les fortes hausses de certains produits.<\/p>\n<p><a href=\"https:\/\/i0.wp.com\/www.stefaneguilbaud.com\/blog\/wp-content\/uploads\/2012\/01\/9ggv_PrixInflation03.jpg\"><img data-recalc-dims=\"1\" loading=\"lazy\" decoding=\"async\" class=\"alignnone size-full wp-image-825\" alt=\"9ggv_PrixInflation03\" src=\"https:\/\/i0.wp.com\/www.stefaneguilbaud.com\/blog\/wp-content\/uploads\/2012\/01\/9ggv_PrixInflation03.jpg?resize=592%2C340\" width=\"592\" height=\"340\" srcset=\"https:\/\/i0.wp.com\/www.stefaneguilbaud.com\/blog\/wp-content\/uploads\/2012\/01\/9ggv_PrixInflation03.jpg?w=592&amp;ssl=1 592w, https:\/\/i0.wp.com\/www.stefaneguilbaud.com\/blog\/wp-content\/uploads\/2012\/01\/9ggv_PrixInflation03.jpg?resize=300%2C172&amp;ssl=1 300w\" sizes=\"auto, (max-width: 592px) 100vw, 592px\" \/><\/a><\/p>\n<p>Pour coller un peu plus \u00e0 la r\u00e9alit\u00e9, QueChoisir a propos\u00e9 un calcul diff\u00e9rent ramen\u00e9 au co\u00fbt des produits li\u00e9 au temps de travail n\u00e9cessaire pour les payer sur la m\u00eame p\u00e9riode (2002-2012). Les calculs suivants sont bas\u00e9s sur un SMIC au 1er janvier 2002 \u00e0 6,83\u00a0\u20ac bruts et au 1er d\u00e9cembre 2011 \u00e0 9,19\u00a0\u20ac bruts.<br \/> Si l\u2019on prend le cas de la baguette de pain, si ch\u00e8re (sans jeu de mots) aux Fran\u00e7ais. Elle est pass\u00e9e de 0,67 \u00e0 0,85\u00a0\u20ac, soit une hausse de 27\u00a0% largement sup\u00e9rieure \u00e0 l\u2019inflation annonc\u00e9e de 15,2\u00a0%. Pourtant, un smicard travaillera 20 secondes de moins pour se la payer aujourd\u2019hui augmentant de ce fait son pouvoir d\u2019achat. M\u00eames chiffres, avec une approche diff\u00e9rente, vous suivez le raisonnement\u2009? Alors je continue\u2026 Toujours, selon QueChoisir, un poulet Label rouge d\u2019un kilo a, en dix ans, d\u00e9pass\u00e9 trois fois l\u2019inflation avec une progression de 47\u00a0% (contre 15,2 annonc\u00e9) et ce m\u00eame smicard devra travailler 4 min 33 s de plus pour l\u2019acqu\u00e9rir.<\/p>\n<\/div>\n<div><b>Tout augmente.<br \/><\/b><\/div>\n<div>Il n\u2019est donc pas rare et insens\u00e9 d\u2019entendre dire que tout augmente, d\u2019autant plus que Jean Paul Geai et Natacha Ducatez de QueChoisir nous informent \u00ab\u00a0Les grandes surfaces s\u2019\u00e9taient engag\u00e9es \u00e0 un gel des \u00e9tiquettes de six mois, du 1er octobre 2001 au 1er avril 2002, et elles ont peu ou prou tenu leur engagement, sauf que nombre d\u2019entres elles avaient anticip\u00e9 ce blocage et relev\u00e9 leurs prix avant, tandis que d\u2019autres se rattrapaient d\u00e8s le second trimestre de 2002 [\u2026] Ensuite, les prix ont \u00e9t\u00e9 marqu\u00e9s par une certaine accalmie jusqu\u2019en 2006 avant de repartir \u00e0 la hausse d\u00e8s 2010, gonfl\u00e9s par l\u2019envol\u00e9e des cours des mati\u00e8res premi\u00e8res et une crise financi\u00e8re sans pr\u00e9c\u00e9dent\u00a0\u00bb Seul responsable\u2009? Non. Il est facile de constater que la flamb\u00e9e des prix se greffe sur les d\u00e9penses contraintes. Logement, transports, carburants, assurances, mutuelles\u2026 ainsi que les nouveaux postes de d\u00e9bits, tels que les abonnements internet et t\u00e9l\u00e9phonies. Autant de postes \u00ab\u00a0n\u00e9cessaires\u00a0\u00bb qui d\u00e9gradent eux aussi le pouvoir d\u2019achat sur lesquels viennent s\u2019ajouter, sur les produits alimentaires, les baisses des prix sur les achats futiles et les flamb\u00e9es sur les achats utiles.<\/p>\n<p><b>Coupable mais pas seul responsable.<br \/><\/b>L\u2019Euro n\u2019est pas seul responsable, il a servi de levier \u00e0 un changement d\u2019unit\u00e9 psychologique.<br \/> Il y a moins de dix ans, qui aurait achet\u00e9 du th\u00e9 \u00e0 80 francs les 100 grammes, du pain au poids \u00e0 66 francs les deux morceaux, la baguette \u00e0 l\u2019ancienne \u00e0 10 francs, la tarte (d\u00e9congel\u00e9e) du boulanger du coin \u00e0 17 francs ou des sweats \u00ab\u00a0bas de gamme\u00a0\u00bb \u00e0 131 francs\u2026\u00a0et pourtant, traduisez en euros et vous constatez que c\u2019est ce que l\u2019on fait, que c\u2019est ce que l\u2019on subit. La liste serait longue, je vais la finir en visuel avec un extrait de relev\u00e9s de prix pratiqu\u00e9s par QueChoisir.<\/p>\n<\/div>\n<div><b>L&rsquo;arrondi.<br \/><\/b><\/div>\n<div>L\u2019effet \u00ab\u00a0plus cher\u00a0\u00bb a une autre origine\u00a0: l\u2019arrondi.<br \/> Lorsqu\u2019en francs, nous arrondissions un article, comme une salade, \u00e0 sa valeur plafond, nous pouvions au maximum lui ajouter 99 centimes de francs. Aujourd\u2019hui, ce m\u00eame r\u00e9flexe est rest\u00e9 et la m\u00eame envie d\u2019arrondir au plafond sup\u00e9rieur un article le pousse \u00e0 coup de 99 cents d\u2019euros, soit presque 6,50 francs. Il s\u2019agit l\u00e0 d\u2019une \u00e9norme diff\u00e9rence, car si nous prenons le cas d\u2019un caf\u00e9 ; au d\u00e9but les gens ne convertissaient pas forc\u00e9ment [puisqu\u2019on leur disait de ne pas le faire pour s\u2019habituer \u00e0 pratiquer l\u2019euro sans r\u00e9fl\u00e9chir :)] et l\u2019augmentation de 50 cents pouvait faire sourire. Puis tout \u00e0 coup, on s\u2019est aper\u00e7u que le pain, le riz, les p\u00e2tes, le caf\u00e9, les boissons en distributeurs, augmentaient par palier de cinq ou six francs d\u2019un coup.<br \/> Avec tout cela, pouvons-nous dire que \u00ab\u00a0Tout est plus cher\u2009?\u00a0\u00bb<br \/> \u00c0 vous de juger, mais il faut croire que non puisqu\u2019on ach\u00e8te quand m\u00eame, et cela en plus grande quantit\u00e9\u00a0\u00bb [source INSEE]<\/div>\n<div>\u00a0<\/div>\n<div><span style=\"font-size: xx-small;\"><i>\u00a9 sources de ce dossier : QueChoisir 499. Photographies : Photl, PhotoXpress \/ Illustrations : Stefane Guilbaud<\/i><\/span><\/div>\n","protected":false},"excerpt":{"rendered":"<p>ENQU\u00caTE SUR DIX ANS : 2002-2012 Presque maintenant onze ans apr\u00e8s l\u2019arriv\u00e9e de l\u2019euro, nous gardons le sentiment que les prix ont flamb\u00e9. Il n\u2019est &hellip; <\/p>\n","protected":false},"author":1,"featured_media":824,"comment_status":"open","ping_status":"open","sticky":false,"template":"","format":"standard","meta":{"_exactmetrics_skip_tracking":false,"_exactmetrics_sitenote_active":false,"_exactmetrics_sitenote_note":"","_exactmetrics_sitenote_category":0,"jetpack_post_was_ever_published":false,"_jetpack_newsletter_access":"","_jetpack_dont_email_post_to_subs":false,"_jetpack_newsletter_tier_id":0,"_jetpack_memberships_contains_paywalled_content":false,"_jetpack_memberships_contains_paid_content":false,"footnotes":"","jetpack_publicize_message":"","jetpack_publicize_feature_enabled":true,"jetpack_social_post_already_shared":false,"jetpack_social_options":{"image_generator_settings":{"template":"highway","default_image_id":0,"font":"","enabled":false},"version":2}},"categories":[8,1,9],"tags":[],"class_list":["post-820","post","type-post","status-publish","format-standard","has-post-thumbnail","hentry","category-actualites","category-alimentation","category-dossiers"],"jetpack_publicize_connections":[],"jetpack_featured_media_url":"https:\/\/i0.wp.com\/www.stefaneguilbaud.com\/blog\/wp-content\/uploads\/2012\/01\/corde.jpg?fit=800%2C435&ssl=1","jetpack_sharing_enabled":true,"jetpack_shortlink":"https:\/\/wp.me\/p8a0UX-de","jetpack-related-posts":[{"id":1602,"url":"https:\/\/www.stefaneguilbaud.com\/blog\/?p=1602","url_meta":{"origin":820,"position":0},"title":"Petit prix, mais \u00e0 quel prix ?","author":"SG","date":"27 ao\u00fbt 2015","format":false,"excerpt":"Les grandes surfaces ont depuis longtemps lanc\u00e9 leurs propres gammes de produits. On appelle cela les \u00ab\u00a0marques distributeurs\u00a0\u00bb. Ainsi, chaque enseigne propose des gammes de produits allant du premier prix en passant par les enfants, le bio, le sans gluten, le terroir\u2026 De plus en plus, nous voyons se d\u00e9velopper\u2026","rel":"","context":"Dans &quot;Alimentation&quot;","block_context":{"text":"Alimentation","link":"https:\/\/www.stefaneguilbaud.com\/blog\/?cat=1"},"img":{"alt_text":"","src":"https:\/\/i0.wp.com\/www.stefaneguilbaud.com\/blog\/wp-content\/uploads\/2015\/08\/chimie.jpg?fit=800%2C435&ssl=1&resize=350%2C200","width":350,"height":200,"srcset":"https:\/\/i0.wp.com\/www.stefaneguilbaud.com\/blog\/wp-content\/uploads\/2015\/08\/chimie.jpg?fit=800%2C435&ssl=1&resize=350%2C200 1x, https:\/\/i0.wp.com\/www.stefaneguilbaud.com\/blog\/wp-content\/uploads\/2015\/08\/chimie.jpg?fit=800%2C435&ssl=1&resize=525%2C300 1.5x, https:\/\/i0.wp.com\/www.stefaneguilbaud.com\/blog\/wp-content\/uploads\/2015\/08\/chimie.jpg?fit=800%2C435&ssl=1&resize=700%2C400 2x"},"classes":[]},{"id":1183,"url":"https:\/\/www.stefaneguilbaud.com\/blog\/?p=1183","url_meta":{"origin":820,"position":1},"title":"Aix-en-Provence, ville pauvre ?","author":"SG","date":"26 novembre 2014","format":false,"excerpt":"Rassurez-vous, touristes, investisseurs immobiliers, la ville d\u2019Aix-en-Provence se porte bien. Le titre d' \"Aix en Provence, ville pauvre ?\" concerne ceux qui y vivent au quotidien. Cette ville, tout comme celles de m\u00eames envergures, se retrouve victime de son succ\u00e8s. Les prix flambent et s\u2019envolent vers des envol\u00e9es lyriques sans\u2026","rel":"","context":"Dans &quot;Actualit\u00e9s&quot;","block_context":{"text":"Actualit\u00e9s","link":"https:\/\/www.stefaneguilbaud.com\/blog\/?cat=8"},"img":{"alt_text":"","src":"https:\/\/i0.wp.com\/www.stefaneguilbaud.com\/blog\/wp-content\/uploads\/2014\/11\/closed.jpg?fit=800%2C435&ssl=1&resize=350%2C200","width":350,"height":200,"srcset":"https:\/\/i0.wp.com\/www.stefaneguilbaud.com\/blog\/wp-content\/uploads\/2014\/11\/closed.jpg?fit=800%2C435&ssl=1&resize=350%2C200 1x, https:\/\/i0.wp.com\/www.stefaneguilbaud.com\/blog\/wp-content\/uploads\/2014\/11\/closed.jpg?fit=800%2C435&ssl=1&resize=525%2C300 1.5x, https:\/\/i0.wp.com\/www.stefaneguilbaud.com\/blog\/wp-content\/uploads\/2014\/11\/closed.jpg?fit=800%2C435&ssl=1&resize=700%2C400 2x"},"classes":[]},{"id":1584,"url":"https:\/\/www.stefaneguilbaud.com\/blog\/?p=1584","url_meta":{"origin":820,"position":2},"title":"Nos vies discount ?","author":"SG","date":"4 ao\u00fbt 2015","format":false,"excerpt":"Ceux qui me connaissent savent tout l'amour que je porte \u00e0 la grande distribution et aux discounts. Le mod\u00e8le \u00e9conomique de la grande surface des ann\u00e9es 60 \u00e0 nos jours n'a fait qu'\u00e9loigner le consommateur de son alimentation et de ses r\u00e9alit\u00e9s. Vecteurs d'un ph\u00e9nom\u00e8ne de masse sous perfusions de\u2026","rel":"","context":"Dans &quot;Actualit\u00e9s&quot;","block_context":{"text":"Actualit\u00e9s","link":"https:\/\/www.stefaneguilbaud.com\/blog\/?cat=8"},"img":{"alt_text":"","src":"https:\/\/i0.wp.com\/www.stefaneguilbaud.com\/blog\/wp-content\/uploads\/2015\/08\/discount.jpg?fit=800%2C435&ssl=1&resize=350%2C200","width":350,"height":200,"srcset":"https:\/\/i0.wp.com\/www.stefaneguilbaud.com\/blog\/wp-content\/uploads\/2015\/08\/discount.jpg?fit=800%2C435&ssl=1&resize=350%2C200 1x, https:\/\/i0.wp.com\/www.stefaneguilbaud.com\/blog\/wp-content\/uploads\/2015\/08\/discount.jpg?fit=800%2C435&ssl=1&resize=525%2C300 1.5x, https:\/\/i0.wp.com\/www.stefaneguilbaud.com\/blog\/wp-content\/uploads\/2015\/08\/discount.jpg?fit=800%2C435&ssl=1&resize=700%2C400 2x"},"classes":[]},{"id":485,"url":"https:\/\/www.stefaneguilbaud.com\/blog\/?p=485","url_meta":{"origin":820,"position":3},"title":"Pomme d&rsquo;appui","author":"SG","date":"23 d\u00e9cembre 2009","format":false,"excerpt":"Pomme d'api ou pomme d'appui ... \u00e0 un syst\u00e8me profitant du syst\u00e8me bio ! Si il y a bien un fruit que j'essaye d'acheter bio, c'est la pomme. Elle est tr\u00e8s riche en polyph\u00e9nols (acides hydroxycinnamiques, flavonols, cat\u00e9chines, proanthocyanidines) et ces substances sont concentr\u00e9es dans la peau.Il est alors n\u00e9cessaire\u2026","rel":"","context":"Dans &quot;Alimentation&quot;","block_context":{"text":"Alimentation","link":"https:\/\/www.stefaneguilbaud.com\/blog\/?cat=1"},"img":{"alt_text":"","src":"https:\/\/i0.wp.com\/www.stefaneguilbaud.com\/blog\/wp-content\/uploads\/2010\/12\/croque-pomme.jpg?fit=800%2C435&ssl=1&resize=350%2C200","width":350,"height":200,"srcset":"https:\/\/i0.wp.com\/www.stefaneguilbaud.com\/blog\/wp-content\/uploads\/2010\/12\/croque-pomme.jpg?fit=800%2C435&ssl=1&resize=350%2C200 1x, https:\/\/i0.wp.com\/www.stefaneguilbaud.com\/blog\/wp-content\/uploads\/2010\/12\/croque-pomme.jpg?fit=800%2C435&ssl=1&resize=525%2C300 1.5x, https:\/\/i0.wp.com\/www.stefaneguilbaud.com\/blog\/wp-content\/uploads\/2010\/12\/croque-pomme.jpg?fit=800%2C435&ssl=1&resize=700%2C400 2x"},"classes":[]},{"id":972,"url":"https:\/\/www.stefaneguilbaud.com\/blog\/?p=972","url_meta":{"origin":820,"position":4},"title":"La grande distribution. L&rsquo;enqu\u00eate.","author":"SG","date":"15 mars 2014","format":false,"excerpt":"Les multinationales et grands groupes de distribution sont \u00e0 la t\u00eate d'une logistique sans faille. Rien ne leur \u00e9chappe. Notre pouvoir d'achat est pass\u00e9 depuis 50\u00a0 ans entre leurs mains et leurs ambitions sont toujours plus grandes. Apr\u00e8s les produits quotidiens, les fleurs, les parapharmacies, la presse et les assurances,\u2026","rel":"","context":"Dans &quot;Alimentation&quot;","block_context":{"text":"Alimentation","link":"https:\/\/www.stefaneguilbaud.com\/blog\/?cat=1"},"img":{"alt_text":"","src":"https:\/\/i0.wp.com\/www.stefaneguilbaud.com\/blog\/wp-content\/uploads\/2014\/03\/Caddie.jpg?fit=800%2C435&ssl=1&resize=350%2C200","width":350,"height":200,"srcset":"https:\/\/i0.wp.com\/www.stefaneguilbaud.com\/blog\/wp-content\/uploads\/2014\/03\/Caddie.jpg?fit=800%2C435&ssl=1&resize=350%2C200 1x, https:\/\/i0.wp.com\/www.stefaneguilbaud.com\/blog\/wp-content\/uploads\/2014\/03\/Caddie.jpg?fit=800%2C435&ssl=1&resize=525%2C300 1.5x, https:\/\/i0.wp.com\/www.stefaneguilbaud.com\/blog\/wp-content\/uploads\/2014\/03\/Caddie.jpg?fit=800%2C435&ssl=1&resize=700%2C400 2x"},"classes":[]},{"id":1353,"url":"https:\/\/www.stefaneguilbaud.com\/blog\/?p=1353","url_meta":{"origin":820,"position":5},"title":"L\u2019esp\u00e9rance de vie ou la rupture d\u2019un contrat avec le progr\u00e8s\u2009?","author":"SG","date":"7 mai 2015","format":false,"excerpt":"Nous vivons de plus en plus vieux. Mythe ou r\u00e9alit\u00e9\u2009? Je n\u2019ai pu \u00e9chapper \u00e0 cette phrase lors de mes formations ou conf\u00e9rences. Se rassurer sur le fait que nous vivons plus longtemps qu\u2019il y a 200 ans peut procurer une sorte de sensation de pl\u00e9nitude. Une forme de pouvoir\u2026","rel":"","context":"Dans &quot;Alimentation&quot;","block_context":{"text":"Alimentation","link":"https:\/\/www.stefaneguilbaud.com\/blog\/?cat=1"},"img":{"alt_text":"","src":"https:\/\/i0.wp.com\/www.stefaneguilbaud.com\/blog\/wp-content\/uploads\/2015\/05\/babyboomer.jpg?fit=800%2C435&ssl=1&resize=350%2C200","width":350,"height":200,"srcset":"https:\/\/i0.wp.com\/www.stefaneguilbaud.com\/blog\/wp-content\/uploads\/2015\/05\/babyboomer.jpg?fit=800%2C435&ssl=1&resize=350%2C200 1x, https:\/\/i0.wp.com\/www.stefaneguilbaud.com\/blog\/wp-content\/uploads\/2015\/05\/babyboomer.jpg?fit=800%2C435&ssl=1&resize=525%2C300 1.5x, https:\/\/i0.wp.com\/www.stefaneguilbaud.com\/blog\/wp-content\/uploads\/2015\/05\/babyboomer.jpg?fit=800%2C435&ssl=1&resize=700%2C400 2x"},"classes":[]}],"jetpack_likes_enabled":true,"_links":{"self":[{"href":"https:\/\/www.stefaneguilbaud.com\/blog\/index.php?rest_route=\/wp\/v2\/posts\/820","targetHints":{"allow":["GET"]}}],"collection":[{"href":"https:\/\/www.stefaneguilbaud.com\/blog\/index.php?rest_route=\/wp\/v2\/posts"}],"about":[{"href":"https:\/\/www.stefaneguilbaud.com\/blog\/index.php?rest_route=\/wp\/v2\/types\/post"}],"author":[{"embeddable":true,"href":"https:\/\/www.stefaneguilbaud.com\/blog\/index.php?rest_route=\/wp\/v2\/users\/1"}],"replies":[{"embeddable":true,"href":"https:\/\/www.stefaneguilbaud.com\/blog\/index.php?rest_route=%2Fwp%2Fv2%2Fcomments&post=820"}],"version-history":[{"count":4,"href":"https:\/\/www.stefaneguilbaud.com\/blog\/index.php?rest_route=\/wp\/v2\/posts\/820\/revisions"}],"predecessor-version":[{"id":826,"href":"https:\/\/www.stefaneguilbaud.com\/blog\/index.php?rest_route=\/wp\/v2\/posts\/820\/revisions\/826"}],"wp:featuredmedia":[{"embeddable":true,"href":"https:\/\/www.stefaneguilbaud.com\/blog\/index.php?rest_route=\/wp\/v2\/media\/824"}],"wp:attachment":[{"href":"https:\/\/www.stefaneguilbaud.com\/blog\/index.php?rest_route=%2Fwp%2Fv2%2Fmedia&parent=820"}],"wp:term":[{"taxonomy":"category","embeddable":true,"href":"https:\/\/www.stefaneguilbaud.com\/blog\/index.php?rest_route=%2Fwp%2Fv2%2Fcategories&post=820"},{"taxonomy":"post_tag","embeddable":true,"href":"https:\/\/www.stefaneguilbaud.com\/blog\/index.php?rest_route=%2Fwp%2Fv2%2Ftags&post=820"}],"curies":[{"name":"wp","href":"https:\/\/api.w.org\/{rel}","templated":true}]}}