{"id":82,"date":"2011-04-14T05:00:42","date_gmt":"2011-04-14T04:00:42","guid":{"rendered":"http:\/\/www.stefaneguilbaud.com\/journal\/?p=82"},"modified":"2013-11-27T15:45:56","modified_gmt":"2013-11-27T14:45:56","slug":"82","status":"publish","type":"post","link":"https:\/\/www.stefaneguilbaud.com\/blog\/?p=82","title":{"rendered":"Emballage n\u00e9faste ?"},"content":{"rendered":"<p>Plus que le contenu, le contenant inqui\u00e8te. Les scandales alimentaires ont laiss\u00e9 la place aux scandales des emballages plastiques\u2026<\/p>\n<p><strong>Pourquoi pas. C&rsquo;est l\u00e9gitime et chacun d&rsquo;entre nous a le droit d&rsquo;\u00eatre inform\u00e9. <\/strong>Toutefois avant de vous proposer un sch\u00e9ma r\u00e9capitulatif, j&rsquo;insisterai sur l&rsquo;effet secondaire que peuvent apporter ces campagnes de communication (ou de d\u00e9nigrement).<br \/>En 1984, une loi imposa l&rsquo;affichage des DLC [Date Limite de Consommation] sur les yaourts, desserts et autres produits frais en France. \u00c0 la suite de cela, nous avons constat\u00e9 que la focalisation des gens se braquait sur cette information au d\u00e9triment de la liste d&rsquo;ingr\u00e9dients. D\u00e9sormais, comme aux \u00c9tats-Unis, nous \u00e9tions victimes de l&rsquo;effet de masque. Tant que notre peur est focalis\u00e9e sur un \u00ab <em>artifice<\/em> \u00bb, nous en oublions le principal.<br \/>Depuis le d\u00e9but des ann\u00e9es 90 \u00e0 ce jour, j&rsquo;ai plusieurs fois interrog\u00e9 les consommateurs en rayons et en formation pour avoir leur avis. Sans appel ! Tous me signalent leurs priorit\u00e9s \u00e0 regarder les dates pour conserver une hygi\u00e8ne irr\u00e9prochable. Ils n&rsquo;arrivent m\u00eame plus \u00e0 r\u00e9pondre \u00e0 ma derni\u00e8re question<br \/>\u00ab Mais comment faisiez-vous avant pour manger des yaourts ? \u00bb<br \/>Il faut quand m\u00eame savoir que la plupart des camemberts pr\u00eats \u00e0 consommer ont d\u00e9pass\u00e9 la date limite et partent \u00e0 la poubelle. Et puis, un yaourt, un mois apr\u00e8s, on le goutait, on faisait confiance \u00e0 ses instincts, et on le consommait en toute consid\u00e9ration.<\/p>\n<p>En 2011, la campagne d&rsquo;information concernant le plastique est, je le rappelle, tr\u00e8s importante. Je la suis de pr\u00e8s et ne cesse de critiquer les risques encourus par des films alimentaires riches en phtalates enveloppant les fruits biologiques et autres aliments.<br \/><strong>Mais gare ! Ne pas resserrer sa lorgnette pour ne regarder plus que cela. <\/strong>Le marketing va se charger d&rsquo;insister sur ses emballages sans phtalates, sans bisph\u00e9nol, mais avec tellement d&rsquo;autres additifs dans la composition m\u00eame du produit. Vivrons nous l&rsquo;effet de masque ?<\/p>\n<p>Pour savoir quel plastique est utilis\u00e9 dans votre emballage, il suffit de regarder le code situ\u00e9 ci-dessous.<br \/><strong>Le code de recyclage vous informera sur sa composition.<\/strong><\/p>\n<h2 style=\"text-align: center;\">1 \u2022 La composition<\/h2>\n<h4 style=\"text-align: center;\"><img decoding=\"async\" class=\"aligncenter\" alt=\"\u2022 1 \u2022 \" src=\"http:\/\/upload.wikimedia.org\/wikipedia\/commons\/thumb\/3\/31\/Plastic-recyc-01.svg\/50px-Plastic-recyc-01.svg.png\" \/><span style=\"color: #008000;\">PETE, PET ou Polyt\u00e9r\u00e9phtalate d&rsquo;\u00e9thyl\u00e8ne glycol (bouteille, \u2026)<\/span><\/h4>\n<p style=\"text-align: center;\">Poly\u00e9thyl\u00e8ne t\u00e9r\u00e9phtalate : utilis\u00e9 habituellement pour les bouteilles d&rsquo;eau min\u00e9rale, de sodas et de jus de fruits, les emballages, les blisters, les rembourrages. Potentiellement dangereux pour l&rsquo;usage alimentaire<\/p>\n<h4 style=\"text-align: center;\"><img decoding=\"async\" alt=\"\u2022 2 : \" src=\"http:\/\/upload.wikimedia.org\/wikipedia\/commons\/thumb\/1\/18\/Plastic-recyc-02.svg\/50px-Plastic-recyc-02.svg.png\" \/><br \/><span style=\"color: #008000;\">HDPE, PEHD ou Poly\u00e9thyl\u00e8ne haute densit\u00e9 (flacons,\u2026<\/span><\/h4>\n<p style=\"text-align: center;\">Poly\u00e9thyl\u00e8ne haute densit\u00e9 : certaines bouteilles, flacons, et plus g\u00e9n\u00e9ralement emballages semi-rigides. Consid\u00e9r\u00e9 comme sans danger pour l&rsquo;usage alimentaire ;<\/p>\n<h4 style=\"text-align: center;\"><img decoding=\"async\" alt=\"\u2022 3 : \" src=\"http:\/\/upload.wikimedia.org\/wikipedia\/commons\/thumb\/3\/30\/Plastic-recyc-03.svg\/50px-Plastic-recyc-03.svg.png\" \/><br \/><span style=\"color: #ff6600;\">V, PVC ou Polychlorure de vinyle (tuyaux, gaines\u2026)<\/span><\/h4>\n<p style=\"text-align: center;\">Polychlorure de vinyle : utilis\u00e9 pour les canalisations, tubes, meubles de jardin, rev\u00eatements de sol, profil\u00e9s pour fen\u00eatre, volets, bouteilles de d\u00e9tergents, toiles cir\u00e9es. Potentiellement dangereux pour l&rsquo;usage alimentaire (peut contenir des dioxines, du bisph\u00e9nol A, du mercure, du cadmium) ;<\/p>\n<h4 style=\"text-align: center;\"><img decoding=\"async\" alt=\"\u2022 4\" src=\"http:\/\/upload.wikimedia.org\/wikipedia\/commons\/thumb\/5\/5a\/Plastic-recyc-04.svg\/50px-Plastic-recyc-04.svg.png\" \/><br \/><span style=\"color: #008000;\">LDPE, PELD ou Poly\u00e9thyl\u00e8ne basse densit\u00e9 (sacs, films d&#8217;emballage,\u2026)<\/span><\/h4>\n<p style=\"text-align: center;\">Poly\u00e9thyl\u00e8ne basse densit\u00e9 : b\u00e2ches, sacs poubelle, sachets, films, r\u00e9cipients souples. Consid\u00e9r\u00e9 comme sans danger pour l&rsquo;usage alimentaire ;<\/p>\n<h4 style=\"text-align: center;\"><img decoding=\"async\" alt=\"\u2022 5\" src=\"http:\/\/upload.wikimedia.org\/wikipedia\/commons\/thumb\/0\/0c\/Plastic-recyc-05.svg\/50px-Plastic-recyc-05.svg.png\" \/><br \/><span style=\"color: #008000;\">PP ou Prolypropyl\u00e8ne (bouchons,\u2026)<\/span><\/h4>\n<p style=\"text-align: center;\">Polypropyl\u00e8ne : utilis\u00e9 dans l&rsquo;industrie automobile (\u00e9quipements, pare-chocs), jouets, et dans l&rsquo;industrie alimentaire (emballages). Consid\u00e9r\u00e9 comme sans danger pour l&rsquo;usage alimentaire ;<\/p>\n<h4 style=\"text-align: center;\"><img decoding=\"async\" alt=\"\u2022 6\" src=\"http:\/\/upload.wikimedia.org\/wikipedia\/commons\/thumb\/d\/d7\/Plastic-recyc-06.svg\/50px-Plastic-recyc-06.svg.png\" \/><br \/><span style=\"color: #ff6600;\">PS ou Polystyr\u00e8ne (isolations, jouets,\u2026)<\/span><\/h4>\n<p style=\"text-align: center;\">Polystyr\u00e8ne : plaques d&rsquo;isolation thermique pour le b\u00e2timent, barquettes alimentaires (polystyr\u00e8ne expans\u00e9), couverts et gobelets jetables, boitiers de CD, emballages (mousses et films), jouets, ustensiles de cuisine, stylos, etc. Potentiellement dangereux, notamment en cas de combustion (contient du styr\u00e8ne)<\/p>\n<h4 style=\"text-align: center;\"><span style=\"color: #008000;\"><img decoding=\"async\" alt=\"\u2022  7 : \" src=\"http:\/\/upload.wikimedia.org\/wikipedia\/commons\/thumb\/6\/6d\/Plastic-recyc-07.svg\/50px-Plastic-recyc-07.svg.png\" \/><\/span><br \/><span style=\"color: #ff6600;\">O, OTHER ou autres.<\/span><\/h4>\n<p style=\"text-align: center;\">Tout plastique autre que ceux nomm\u00e9s de 1 \u00e0 6. Inclut par exemple les plastiques \u00e0 base de polycarbonate ; les polycarbonates de bisph\u00e9nol A sont potentiellement toxiques<strong>.<\/strong><\/p>\n<h2 style=\"text-align: center;\">2 \u2022 En r\u00e9sum\u00e9<\/h2>\n<h4 style=\"text-align: center;\"><span style=\"color: #ff6600;\"><strong>&#8212;&#8212; \u00c0 \u00c9VITER <strong>&#8212;&#8212; <\/strong><\/strong><\/span><br \/><img loading=\"lazy\" decoding=\"async\" class=\"alignnone\" alt=\"\u2022 3 : \" src=\"http:\/\/upload.wikimedia.org\/wikipedia\/commons\/thumb\/3\/30\/Plastic-recyc-03.svg\/50px-Plastic-recyc-03.svg.png\" width=\"50\" height=\"50\" \/><img loading=\"lazy\" decoding=\"async\" class=\"alignnone\" alt=\"\u2022 6\" src=\"http:\/\/upload.wikimedia.org\/wikipedia\/commons\/thumb\/d\/d7\/Plastic-recyc-06.svg\/50px-Plastic-recyc-06.svg.png\" width=\"50\" height=\"50\" \/><img loading=\"lazy\" decoding=\"async\" class=\"alignnone\" alt=\"\u2022  7 : \" src=\"http:\/\/upload.wikimedia.org\/wikipedia\/commons\/thumb\/6\/6d\/Plastic-recyc-07.svg\/50px-Plastic-recyc-07.svg.png\" width=\"50\" height=\"50\" \/><\/h4>\n<p style=\"text-align: center;\">Les plastiques susceptibles de contenir des perturbateurs endocriniens sont les num\u00e9ros 3, 6 et 7.<br \/>Le Dr Laurent Chevalier insiste \u00ab\u00a0<em>Les femmes enceintes ou allaitantes, ainsi que les enfants en bas \u00e2ges devraient r\u00e9duire leur consommation d&rsquo;aliments emball\u00e9s dans ces plastiques<\/em>\u00ab\u00a0.<\/p>\n<h4 style=\"text-align: center;\"><span style=\"color: #339966;\"><strong>&#8212;&#8212; \u00c0 CONSOMMER <strong>&#8212;&#8212;<\/strong><\/strong><\/span><br \/><img loading=\"lazy\" decoding=\"async\" class=\"alignnone\" alt=\"\u2022 1 \u2022 \" src=\"http:\/\/upload.wikimedia.org\/wikipedia\/commons\/thumb\/3\/31\/Plastic-recyc-01.svg\/50px-Plastic-recyc-01.svg.png\" width=\"50\" height=\"50\" \/><img loading=\"lazy\" decoding=\"async\" class=\"alignnone\" alt=\"\u2022 2 : \" src=\"http:\/\/upload.wikimedia.org\/wikipedia\/commons\/thumb\/1\/18\/Plastic-recyc-02.svg\/50px-Plastic-recyc-02.svg.png\" width=\"50\" height=\"50\" \/><img loading=\"lazy\" decoding=\"async\" class=\"alignnone\" alt=\"\u2022 4\" src=\"http:\/\/upload.wikimedia.org\/wikipedia\/commons\/thumb\/5\/5a\/Plastic-recyc-04.svg\/50px-Plastic-recyc-04.svg.png\" width=\"50\" height=\"50\" \/><img loading=\"lazy\" decoding=\"async\" class=\"alignnone\" alt=\"\u2022 5\" src=\"http:\/\/upload.wikimedia.org\/wikipedia\/commons\/thumb\/0\/0c\/Plastic-recyc-05.svg\/50px-Plastic-recyc-05.svg.png\" width=\"50\" height=\"50\" \/><\/h4>\n<p style=\"text-align: center;\">Moins probl\u00e9matiques. Peu ou pas de risques de migrations de perturbateurs endocriniens.<\/p>\n<h2 style=\"text-align: center;\">3 \u2022 Le m\u00e9mo<\/h2>\n<p><img data-recalc-dims=\"1\" decoding=\"async\" class=\"aligncenter\" title=\"codesrecyclage.png, avr. 2011\" alt=\"\" src=\"https:\/\/i0.wp.com\/stefaneguilbaud.com\/blog\/public\/Images\/codesrecyclage.png?w=1200\" \/><\/p>\n<h5 style=\"text-align: center;\">Sources : http:\/\/www.pratique.fr, sant\u00e9 magazine d&rsquo;avril 2011, Merci \u00e0 St\u00e9phanie P.<\/h5>\n","protected":false},"excerpt":{"rendered":"<p>Plus que le contenu, le contenant inqui\u00e8te. Les scandales alimentaires ont laiss\u00e9 la place aux scandales des emballages plastiques\u2026 Pourquoi pas. C&rsquo;est l\u00e9gitime et chacun &hellip; <\/p>\n","protected":false},"author":1,"featured_media":86,"comment_status":"open","ping_status":"open","sticky":false,"template":"","format":"standard","meta":{"_exactmetrics_skip_tracking":false,"_exactmetrics_sitenote_active":false,"_exactmetrics_sitenote_note":"","_exactmetrics_sitenote_category":0,"jetpack_post_was_ever_published":false,"_jetpack_newsletter_access":"","_jetpack_dont_email_post_to_subs":false,"_jetpack_newsletter_tier_id":0,"_jetpack_memberships_contains_paywalled_content":false,"_jetpack_memberships_contains_paid_content":false,"footnotes":"","jetpack_publicize_message":"","jetpack_publicize_feature_enabled":true,"jetpack_social_post_already_shared":false,"jetpack_social_options":{"image_generator_settings":{"template":"highway","default_image_id":0,"font":"","enabled":false},"version":2}},"categories":[1],"tags":[],"class_list":["post-82","post","type-post","status-publish","format-standard","has-post-thumbnail","hentry","category-alimentation"],"jetpack_publicize_connections":[],"jetpack_featured_media_url":"https:\/\/i0.wp.com\/www.stefaneguilbaud.com\/blog\/wp-content\/uploads\/2013\/11\/emballages1.jpg?fit=800%2C435&ssl=1","jetpack_sharing_enabled":true,"jetpack_shortlink":"https:\/\/wp.me\/s8a0UX-82","jetpack-related-posts":[{"id":354,"url":"https:\/\/www.stefaneguilbaud.com\/blog\/?p=354","url_meta":{"origin":82,"position":0},"title":"Le produit dont tout le monde parle&#8230; la stevia","author":"SG","date":"17 mai 2010","format":false,"excerpt":"La STEVIA est \u00e0 la mode. Et il ne se passe pas une journ\u00e9e sans que l'on me pose la question suivante \"Mais alors qu'est que cette stevia ? C'est bon ? Ils ont dit que c'\u00e9tait naturel et sans calorie !\"Bon ... par o\u00f9 je commence ... Cela fait\u2026","rel":"","context":"Dans &quot;Alimentation&quot;","block_context":{"text":"Alimentation","link":"https:\/\/www.stefaneguilbaud.com\/blog\/?cat=1"},"img":{"alt_text":"","src":"https:\/\/i0.wp.com\/www.stefaneguilbaud.com\/blog\/wp-content\/uploads\/2010\/05\/stevia.jpg?fit=800%2C435&ssl=1&resize=350%2C200","width":350,"height":200,"srcset":"https:\/\/i0.wp.com\/www.stefaneguilbaud.com\/blog\/wp-content\/uploads\/2010\/05\/stevia.jpg?fit=800%2C435&ssl=1&resize=350%2C200 1x, https:\/\/i0.wp.com\/www.stefaneguilbaud.com\/blog\/wp-content\/uploads\/2010\/05\/stevia.jpg?fit=800%2C435&ssl=1&resize=525%2C300 1.5x, https:\/\/i0.wp.com\/www.stefaneguilbaud.com\/blog\/wp-content\/uploads\/2010\/05\/stevia.jpg?fit=800%2C435&ssl=1&resize=700%2C400 2x"},"classes":[]},{"id":1929,"url":"https:\/\/www.stefaneguilbaud.com\/blog\/?p=1929","url_meta":{"origin":82,"position":1},"title":"Et si demain \u00e9tait un autre jour","author":"SG","date":"4 mars 2016","format":false,"excerpt":"Voici\u00a0 une reprise de mon article paru sur femininbio.fr, le 5\u00a0 f\u00e9vrier 2016 Droits exclusifs www.femininbio.fr. Reproduction interdite sans autorisation. Tribune libre - J\u2019ai vu le film \u00ab Demain \u00bb, tout comme d\u00e9j\u00e0 plus de 370\u2009000 spectateurs. Sans jeu de mots, il y aura pour moi, un avant et un\u2026","rel":"","context":"Dans &quot;Actualit\u00e9s&quot;","block_context":{"text":"Actualit\u00e9s","link":"https:\/\/www.stefaneguilbaud.com\/blog\/?cat=8"},"img":{"alt_text":"","src":"https:\/\/i0.wp.com\/www.stefaneguilbaud.com\/blog\/wp-content\/uploads\/2016\/03\/etsidemain.jpg?fit=800%2C435&ssl=1&resize=350%2C200","width":350,"height":200,"srcset":"https:\/\/i0.wp.com\/www.stefaneguilbaud.com\/blog\/wp-content\/uploads\/2016\/03\/etsidemain.jpg?fit=800%2C435&ssl=1&resize=350%2C200 1x, https:\/\/i0.wp.com\/www.stefaneguilbaud.com\/blog\/wp-content\/uploads\/2016\/03\/etsidemain.jpg?fit=800%2C435&ssl=1&resize=525%2C300 1.5x, https:\/\/i0.wp.com\/www.stefaneguilbaud.com\/blog\/wp-content\/uploads\/2016\/03\/etsidemain.jpg?fit=800%2C435&ssl=1&resize=700%2C400 2x"},"classes":[]},{"id":3887,"url":"https:\/\/www.stefaneguilbaud.com\/blog\/?p=3887","url_meta":{"origin":82,"position":2},"title":"Ob\u00e9sit\u00e9 paradox !","author":"SG","date":"8 mars 2023","format":false,"excerpt":"Alors que l'OMS nous annonce qu'en 2035, nous atteindrons les 50 % d'ob\u00e9sit\u00e9, nous constatons au quotidien un discours totalement d\u00e9correl\u00e9 de cette triste r\u00e9alit\u00e9. Explications ! Actuellement, en 2023, 47 % des fran\u00e7ais sont en surpoids et 17 % sont ob\u00e8ses. L'ob\u00e9sit\u00e9 est une maladie qui coute cher. \"Cher\"\u2026","rel":"","context":"Dans &quot;Alimentation&quot;","block_context":{"text":"Alimentation","link":"https:\/\/www.stefaneguilbaud.com\/blog\/?cat=1"},"img":{"alt_text":"","src":"https:\/\/i0.wp.com\/www.stefaneguilbaud.com\/blog\/wp-content\/uploads\/2023\/03\/Obese-studio-1.webp?fit=800%2C435&ssl=1&resize=350%2C200","width":350,"height":200,"srcset":"https:\/\/i0.wp.com\/www.stefaneguilbaud.com\/blog\/wp-content\/uploads\/2023\/03\/Obese-studio-1.webp?fit=800%2C435&ssl=1&resize=350%2C200 1x, https:\/\/i0.wp.com\/www.stefaneguilbaud.com\/blog\/wp-content\/uploads\/2023\/03\/Obese-studio-1.webp?fit=800%2C435&ssl=1&resize=525%2C300 1.5x, https:\/\/i0.wp.com\/www.stefaneguilbaud.com\/blog\/wp-content\/uploads\/2023\/03\/Obese-studio-1.webp?fit=800%2C435&ssl=1&resize=700%2C400 2x"},"classes":[]},{"id":189,"url":"https:\/\/www.stefaneguilbaud.com\/blog\/?p=189","url_meta":{"origin":82,"position":3},"title":"Changez de comportement !","author":"SG","date":"2 d\u00e9cembre 2010","format":false,"excerpt":"Plus que jamais, nous devons changer de comportements alimentaires. Arr\u00eater les r\u00e9gimes, arr\u00eater de nourrir les id\u00e9aux marketing, arr\u00eater de d\u00e9truire notre capital sant\u00e9. Faisons-le point, gr\u00e2ce \u00e0 un rapport diffus\u00e9 ce jour.G\u00e9n\u00e9ration future nous informe : \u00ab\u00a0Aujourd\u2019hui, un homme sur 2 et une femme sur 3 est ou sera\u2026","rel":"","context":"Dans &quot;Alimentation&quot;","block_context":{"text":"Alimentation","link":"https:\/\/www.stefaneguilbaud.com\/blog\/?cat=1"},"img":{"alt_text":"","src":"https:\/\/i0.wp.com\/www.stefaneguilbaud.com\/blog\/wp-content\/uploads\/2010\/12\/miam.jpg?fit=800%2C435&ssl=1&resize=350%2C200","width":350,"height":200,"srcset":"https:\/\/i0.wp.com\/www.stefaneguilbaud.com\/blog\/wp-content\/uploads\/2010\/12\/miam.jpg?fit=800%2C435&ssl=1&resize=350%2C200 1x, https:\/\/i0.wp.com\/www.stefaneguilbaud.com\/blog\/wp-content\/uploads\/2010\/12\/miam.jpg?fit=800%2C435&ssl=1&resize=525%2C300 1.5x, https:\/\/i0.wp.com\/www.stefaneguilbaud.com\/blog\/wp-content\/uploads\/2010\/12\/miam.jpg?fit=800%2C435&ssl=1&resize=700%2C400 2x"},"classes":[]},{"id":246,"url":"https:\/\/www.stefaneguilbaud.com\/blog\/?p=246","url_meta":{"origin":82,"position":4},"title":"Sushi \u00e0 la mode &#8230; aixoise","author":"SG","date":"28 janvier 2011","format":false,"excerpt":"Dans cet emballement m\u00e9diatique, je constate que le sushi s'est d\u00e9mocratis\u00e9 pour le pire et le meilleur. En 1993, quand j'apprenais \u00e0 les faire, les ingr\u00e9dients \u00e9taient alors introuvables et je devais les faire venir de Lyon, puis de Paris pour des sommes assez r\u00e9dhibitoires parfois. Par passion, j'ai toujours\u2026","rel":"","context":"Dans &quot;Actualit\u00e9s&quot;","block_context":{"text":"Actualit\u00e9s","link":"https:\/\/www.stefaneguilbaud.com\/blog\/?cat=8"},"img":{"alt_text":"","src":"https:\/\/i0.wp.com\/www.stefaneguilbaud.com\/blog\/wp-content\/uploads\/2011\/01\/sushi.jpg?fit=800%2C435&ssl=1&resize=350%2C200","width":350,"height":200,"srcset":"https:\/\/i0.wp.com\/www.stefaneguilbaud.com\/blog\/wp-content\/uploads\/2011\/01\/sushi.jpg?fit=800%2C435&ssl=1&resize=350%2C200 1x, https:\/\/i0.wp.com\/www.stefaneguilbaud.com\/blog\/wp-content\/uploads\/2011\/01\/sushi.jpg?fit=800%2C435&ssl=1&resize=525%2C300 1.5x, https:\/\/i0.wp.com\/www.stefaneguilbaud.com\/blog\/wp-content\/uploads\/2011\/01\/sushi.jpg?fit=800%2C435&ssl=1&resize=700%2C400 2x"},"classes":[]},{"id":572,"url":"https:\/\/www.stefaneguilbaud.com\/blog\/?p=572","url_meta":{"origin":82,"position":5},"title":"Allergies enfantiles. Fatalit\u00e9 ?","author":"SG","date":"7 mai 2009","format":false,"excerpt":"Le dossier r\u00e9current des allergies revient sur le tapis.Attention, information allerg\u00e8ne ! [ Site internet : Extenso \u2022\u00a0http:\/\/www.extenso.org\/pleins_feux\/detail.php\/f\/1718 ] PR\u00c9VENTION DES ALLERGIES CHEZ LES ENFANTS : On peut lire dans ce dossier qui parle des allergies, les informations suivantes. \"Aujourd\u2019hui, environ 6 % des enfants de moins de 3 ans\u2026","rel":"","context":"Dans &quot;Alimentation&quot;","block_context":{"text":"Alimentation","link":"https:\/\/www.stefaneguilbaud.com\/blog\/?cat=1"},"img":{"alt_text":"","src":"https:\/\/i0.wp.com\/www.stefaneguilbaud.com\/blog\/wp-content\/uploads\/2013\/11\/pollen.jpg?fit=800%2C435&ssl=1&resize=350%2C200","width":350,"height":200,"srcset":"https:\/\/i0.wp.com\/www.stefaneguilbaud.com\/blog\/wp-content\/uploads\/2013\/11\/pollen.jpg?fit=800%2C435&ssl=1&resize=350%2C200 1x, https:\/\/i0.wp.com\/www.stefaneguilbaud.com\/blog\/wp-content\/uploads\/2013\/11\/pollen.jpg?fit=800%2C435&ssl=1&resize=525%2C300 1.5x, https:\/\/i0.wp.com\/www.stefaneguilbaud.com\/blog\/wp-content\/uploads\/2013\/11\/pollen.jpg?fit=800%2C435&ssl=1&resize=700%2C400 2x"},"classes":[]}],"jetpack_likes_enabled":true,"_links":{"self":[{"href":"https:\/\/www.stefaneguilbaud.com\/blog\/index.php?rest_route=\/wp\/v2\/posts\/82","targetHints":{"allow":["GET"]}}],"collection":[{"href":"https:\/\/www.stefaneguilbaud.com\/blog\/index.php?rest_route=\/wp\/v2\/posts"}],"about":[{"href":"https:\/\/www.stefaneguilbaud.com\/blog\/index.php?rest_route=\/wp\/v2\/types\/post"}],"author":[{"embeddable":true,"href":"https:\/\/www.stefaneguilbaud.com\/blog\/index.php?rest_route=\/wp\/v2\/users\/1"}],"replies":[{"embeddable":true,"href":"https:\/\/www.stefaneguilbaud.com\/blog\/index.php?rest_route=%2Fwp%2Fv2%2Fcomments&post=82"}],"version-history":[{"count":7,"href":"https:\/\/www.stefaneguilbaud.com\/blog\/index.php?rest_route=\/wp\/v2\/posts\/82\/revisions"}],"predecessor-version":[{"id":92,"href":"https:\/\/www.stefaneguilbaud.com\/blog\/index.php?rest_route=\/wp\/v2\/posts\/82\/revisions\/92"}],"wp:featuredmedia":[{"embeddable":true,"href":"https:\/\/www.stefaneguilbaud.com\/blog\/index.php?rest_route=\/wp\/v2\/media\/86"}],"wp:attachment":[{"href":"https:\/\/www.stefaneguilbaud.com\/blog\/index.php?rest_route=%2Fwp%2Fv2%2Fmedia&parent=82"}],"wp:term":[{"taxonomy":"category","embeddable":true,"href":"https:\/\/www.stefaneguilbaud.com\/blog\/index.php?rest_route=%2Fwp%2Fv2%2Fcategories&post=82"},{"taxonomy":"post_tag","embeddable":true,"href":"https:\/\/www.stefaneguilbaud.com\/blog\/index.php?rest_route=%2Fwp%2Fv2%2Ftags&post=82"}],"curies":[{"name":"wp","href":"https:\/\/api.w.org\/{rel}","templated":true}]}}