{"id":793,"date":"2013-12-19T05:00:45","date_gmt":"2013-12-19T04:00:45","guid":{"rendered":"http:\/\/www.stefaneguilbaud.com\/blog\/?p=793"},"modified":"2013-12-19T09:15:52","modified_gmt":"2013-12-19T08:15:52","slug":"le-syndrome-du-titanic","status":"publish","type":"post","link":"https:\/\/www.stefaneguilbaud.com\/blog\/?p=793","title":{"rendered":"Le syndrome du titanic"},"content":{"rendered":"<p>En ces f\u00eates de fin d&rsquo;ann\u00e9e. Je propose une bande annonce devenue culte.<\/p>\n<h2>Le syndrome du Titanic.<\/h2>\n<p>Un documentaire reprenant la maladie chronique qu&rsquo;ont les hommes, \u00e0 savoir cette capacit\u00e9 \u00e0 continuer \u00e0 faire la f\u00eate quand bien m\u00eame le bateau coule. Ce texte m&rsquo;inspire le respect. Son auteur et le message sont pertinents et percutants. Mais ce texte me provoque aussi la frustration de ne pas l&rsquo;avoir \u00e9crit, tant les propos, mot pour mot refl\u00e8tent la totalit\u00e9 de mes pens\u00e9es et le fruit de mon travail depuis toutes ces ann\u00e9es.<\/p>\n<p><span style=\"color: #1f4a98;\"><em>Il y a eu le progr\u00e8s, ce fameux progr\u00e8s, ind\u00e9niable. Comme beaucoup je l\u2019ai pris longtemps pour un processus irr\u00e9versible, dans les mains duquel on pouvait s\u2019abandonner. On a pu construire des routes en plein d\u00e9sert, on a su rapprocher les hommes. Je nous observe standardis\u00e9, quasi d\u00e9sint\u00e9gr\u00e9. Je nous regarde ballott\u00e9 entre le virtuel et le r\u00e9el que l\u2019on arrive m\u00eame plus \u00e0 distinguer. Comment se r\u00e9signer quand on voit que le superflu des uns est sans limite, alors que l\u2019essentiel des autres n\u2019est m\u00eame pas satisfait. On ne doit rien admettre de tout \u00e7a, car c\u2019est tout simplement inadmissible.<\/em><\/span><br \/><span style=\"color: #1f4a98;\"><em>Je croyais \u00e0 l\u2019abondance, et pour finir je d\u00e9couvre la raret\u00e9. Je ne suis pas n\u00e9 \u00e9cologiste, je le suis devenu. Le mod\u00e8le \u00e9conomique dominant n\u2019est plus la solution, mais bien le probl\u00e8me. Je suis un enfant, moi aussi, de cette soci\u00e9t\u00e9 de consommation. Je dois avancer pas \u00e0 pas vers plus de coh\u00e9rence. Jusqu\u2019o\u00f9 suis-je vraiment pr\u00eat \u00e0 aller dans le choix, dans le renoncement.<\/em><\/span><br \/><span style=\"color: #1f4a98;\"><em>Le syndrome du Titanic.<\/em><\/span><br \/><span style=\"color: #1f4a98;\"><em>Nicolas Hulot et Jean-Albert Li\u00e8vre<\/em><\/span><\/p>\n<p>&nbsp;<\/p>\n<p><iframe loading=\"lazy\" src=\"http:\/\/www.dailymotion.com\/embed\/video\/xai892\" height=\"315\" width=\"560\" frameborder=\"0\"><\/iframe><br \/><a href=\"http:\/\/www.dailymotion.com\/video\/xai892_le-syndrome-du-titanic-bande-annonc_shortfilms\" target=\"_blank\">\u00a9 Le syndrome du Titanic \u2022 Bande Annonce<\/a><\/p>\n","protected":false},"excerpt":{"rendered":"<p>En ces f\u00eates de fin d&rsquo;ann\u00e9e. Je propose une bande annonce devenue culte. Le syndrome du Titanic. Un documentaire reprenant la maladie chronique qu&rsquo;ont les &hellip; <\/p>\n","protected":false},"author":1,"featured_media":802,"comment_status":"open","ping_status":"open","sticky":false,"template":"","format":"standard","meta":{"_exactmetrics_skip_tracking":false,"_exactmetrics_sitenote_active":false,"_exactmetrics_sitenote_note":"","_exactmetrics_sitenote_category":0,"jetpack_post_was_ever_published":false,"_jetpack_newsletter_access":"","_jetpack_dont_email_post_to_subs":false,"_jetpack_newsletter_tier_id":0,"_jetpack_memberships_contains_paywalled_content":false,"_jetpack_memberships_contains_paid_content":false,"footnotes":"","jetpack_publicize_message":"","jetpack_publicize_feature_enabled":true,"jetpack_social_post_already_shared":false,"jetpack_social_options":{"image_generator_settings":{"template":"highway","default_image_id":0,"font":"","enabled":false},"version":2}},"categories":[8,3,5],"tags":[],"class_list":["post-793","post","type-post","status-publish","format-standard","has-post-thumbnail","hentry","category-actualites","category-societe","category-temoignages"],"jetpack_publicize_connections":[],"jetpack_featured_media_url":"https:\/\/i0.wp.com\/www.stefaneguilbaud.com\/blog\/wp-content\/uploads\/2013\/12\/le-syndrome-du-titanic.jpg?fit=800%2C435&ssl=1","jetpack_sharing_enabled":true,"jetpack_shortlink":"https:\/\/wp.me\/p8a0UX-cN","jetpack-related-posts":[{"id":2715,"url":"https:\/\/www.stefaneguilbaud.com\/blog\/?p=2715","url_meta":{"origin":793,"position":0},"title":"Le jour du d\u00e9passement arrive de plus en plus t\u00f4t.","author":"SG","date":"7 mai 2018","format":false,"excerpt":"\u00c0 travers cette illustration, d\u00e9couvrez depuis 1971, les dates \u00e0 partir de laquelle les ressources naturelles ne peuvent plus se renouveler. Surexploitation, gaspillage, obsolescences programm\u00e9es, modes et soldes cr\u00e9ent des ph\u00e9nom\u00e8nes d'\u00e9puisement de nos mati\u00e8res premi\u00e8res vitales in\u00e9dites dans l'histoire de l'humanit\u00e9. Alors qu'en 1971, nous \u00e9tions \u00e9cologiquement \"\u00e0 cr\u00e9dit\"\u2026","rel":"","context":"Dans &quot;Alimentation&quot;","block_context":{"text":"Alimentation","link":"https:\/\/www.stefaneguilbaud.com\/blog\/?cat=1"},"img":{"alt_text":"","src":"https:\/\/i0.wp.com\/www.stefaneguilbaud.com\/blog\/wp-content\/uploads\/2019\/04\/terre-studio.jpg?fit=800%2C435&ssl=1&resize=350%2C200","width":350,"height":200,"srcset":"https:\/\/i0.wp.com\/www.stefaneguilbaud.com\/blog\/wp-content\/uploads\/2019\/04\/terre-studio.jpg?fit=800%2C435&ssl=1&resize=350%2C200 1x, https:\/\/i0.wp.com\/www.stefaneguilbaud.com\/blog\/wp-content\/uploads\/2019\/04\/terre-studio.jpg?fit=800%2C435&ssl=1&resize=525%2C300 1.5x, https:\/\/i0.wp.com\/www.stefaneguilbaud.com\/blog\/wp-content\/uploads\/2019\/04\/terre-studio.jpg?fit=800%2C435&ssl=1&resize=700%2C400 2x"},"classes":[]},{"id":1119,"url":"https:\/\/www.stefaneguilbaud.com\/blog\/?p=1119","url_meta":{"origin":793,"position":1},"title":"L&rsquo;encas \u00e0 l&rsquo;h\u00f4pital !","author":"SG","date":"18 novembre 2014","format":false,"excerpt":"En allant rendre une visite \u00e0 l'h\u00f4pital, j'ai vu, sur la table de nuit, un encas propos\u00e9 par le personnel : un muffin aux p\u00e9pites de chocolat. Je me questionne souvent sur la nature des produits que l'on propose \u00e0 nos enfants*, \u00e0 nos convalescents ou \u00e0 nos b\u00e9n\u00e9voles donneurs\u2026","rel":"","context":"Dans &quot;Alimentation&quot;","block_context":{"text":"Alimentation","link":"https:\/\/www.stefaneguilbaud.com\/blog\/?cat=1"},"img":{"alt_text":"","src":"https:\/\/i0.wp.com\/www.stefaneguilbaud.com\/blog\/wp-content\/uploads\/2013\/11\/coupdegueule.jpg?fit=800%2C435&ssl=1&resize=350%2C200","width":350,"height":200,"srcset":"https:\/\/i0.wp.com\/www.stefaneguilbaud.com\/blog\/wp-content\/uploads\/2013\/11\/coupdegueule.jpg?fit=800%2C435&ssl=1&resize=350%2C200 1x, https:\/\/i0.wp.com\/www.stefaneguilbaud.com\/blog\/wp-content\/uploads\/2013\/11\/coupdegueule.jpg?fit=800%2C435&ssl=1&resize=525%2C300 1.5x, https:\/\/i0.wp.com\/www.stefaneguilbaud.com\/blog\/wp-content\/uploads\/2013\/11\/coupdegueule.jpg?fit=800%2C435&ssl=1&resize=700%2C400 2x"},"classes":[]},{"id":1894,"url":"https:\/\/www.stefaneguilbaud.com\/blog\/?p=1894","url_meta":{"origin":793,"position":2},"title":"On se sucre au rayon bricolage ?","author":"SG","date":"16 f\u00e9vrier 2016","format":false,"excerpt":"Imaginez ma surprise, lorsqu\u2019\u00e0 la caisse d\u2019un Bricorama, je d\u00e9couvre ce pr\u00e9sentoir. Des confiseries belges, dans des pots de verre. Je retourne quelques pots pour y voir les ingr\u00e9dients de glucose, E bidule et E machin, mais l\u00e0 n\u2019est pas le plus important. Comment un tel pr\u00e9sentoir peut-il avoir \u00e9t\u00e9,\u2026","rel":"","context":"Dans &quot;Actualit\u00e9s&quot;","block_context":{"text":"Actualit\u00e9s","link":"https:\/\/www.stefaneguilbaud.com\/blog\/?cat=8"},"img":{"alt_text":"","src":"https:\/\/i0.wp.com\/www.stefaneguilbaud.com\/blog\/wp-content\/uploads\/2013\/12\/levres-surgele%CC%81es.jpg?fit=800%2C435&ssl=1&resize=350%2C200","width":350,"height":200,"srcset":"https:\/\/i0.wp.com\/www.stefaneguilbaud.com\/blog\/wp-content\/uploads\/2013\/12\/levres-surgele%CC%81es.jpg?fit=800%2C435&ssl=1&resize=350%2C200 1x, https:\/\/i0.wp.com\/www.stefaneguilbaud.com\/blog\/wp-content\/uploads\/2013\/12\/levres-surgele%CC%81es.jpg?fit=800%2C435&ssl=1&resize=525%2C300 1.5x, https:\/\/i0.wp.com\/www.stefaneguilbaud.com\/blog\/wp-content\/uploads\/2013\/12\/levres-surgele%CC%81es.jpg?fit=800%2C435&ssl=1&resize=700%2C400 2x"},"classes":[]},{"id":759,"url":"https:\/\/www.stefaneguilbaud.com\/blog\/?p=759","url_meta":{"origin":793,"position":3},"title":"Les centenaires Abkhazes","author":"SG","date":"10 d\u00e9cembre 2013","format":false,"excerpt":"Long\u00e9vit\u00e9 \u2260 Sant\u00e9. Depuis plus de dix ans, je suis g\u00ean\u00e9 par les statistiques qui nous rassurent sur le fait que nous vivons de plus en plus vieux. Ils sont fiers de nous indiquer que les hommes qui naissent aujourd'hui ont une esp\u00e9rance de vie moyenne de 78,2\u00a0ann\u00e9es et les\u2026","rel":"","context":"Dans &quot;Dossiers&quot;","block_context":{"text":"Dossiers","link":"https:\/\/www.stefaneguilbaud.com\/blog\/?cat=9"},"img":{"alt_text":"","src":"https:\/\/i0.wp.com\/www.stefaneguilbaud.com\/blog\/wp-content\/uploads\/2013\/12\/abkaz.jpg?fit=800%2C435&ssl=1&resize=350%2C200","width":350,"height":200,"srcset":"https:\/\/i0.wp.com\/www.stefaneguilbaud.com\/blog\/wp-content\/uploads\/2013\/12\/abkaz.jpg?fit=800%2C435&ssl=1&resize=350%2C200 1x, https:\/\/i0.wp.com\/www.stefaneguilbaud.com\/blog\/wp-content\/uploads\/2013\/12\/abkaz.jpg?fit=800%2C435&ssl=1&resize=525%2C300 1.5x, https:\/\/i0.wp.com\/www.stefaneguilbaud.com\/blog\/wp-content\/uploads\/2013\/12\/abkaz.jpg?fit=800%2C435&ssl=1&resize=700%2C400 2x"},"classes":[]},{"id":487,"url":"https:\/\/www.stefaneguilbaud.com\/blog\/?p=487","url_meta":{"origin":793,"position":4},"title":"Le bio en passe de devenir un vrai march\u00e9 de masse !","author":"SG","date":"19 d\u00e9cembre 2009","format":false,"excerpt":"Le march\u00e9 BIO, qu'il soit industriel ou artisanal est de plus en plus \u00e0 l'aise avec les standards du commerce conventionnel. L'innovation Bio est au service de la vente ! [ source LSA 2114 ] Des chiffres ! - U Bio (Marque Bio de Systeme U) : + 12,1 %\u2026","rel":"","context":"Dans &quot;Alimentation&quot;","block_context":{"text":"Alimentation","link":"https:\/\/www.stefaneguilbaud.com\/blog\/?cat=1"},"img":{"alt_text":"","src":"https:\/\/i0.wp.com\/www.stefaneguilbaud.com\/blog\/wp-content\/uploads\/2013\/12\/bio.jpg?fit=800%2C435&ssl=1&resize=350%2C200","width":350,"height":200,"srcset":"https:\/\/i0.wp.com\/www.stefaneguilbaud.com\/blog\/wp-content\/uploads\/2013\/12\/bio.jpg?fit=800%2C435&ssl=1&resize=350%2C200 1x, https:\/\/i0.wp.com\/www.stefaneguilbaud.com\/blog\/wp-content\/uploads\/2013\/12\/bio.jpg?fit=800%2C435&ssl=1&resize=525%2C300 1.5x, https:\/\/i0.wp.com\/www.stefaneguilbaud.com\/blog\/wp-content\/uploads\/2013\/12\/bio.jpg?fit=800%2C435&ssl=1&resize=700%2C400 2x"},"classes":[]},{"id":260,"url":"https:\/\/www.stefaneguilbaud.com\/blog\/?p=260","url_meta":{"origin":793,"position":5},"title":"Ouvrez la bouche !","author":"SG","date":"20 janvier 2011","format":false,"excerpt":"Quand on interroge les dentistes partant \u00e0 la retraite entre 2010 et 2012, nous y d\u00e9couvrons une profession \u00e0 bout de souffle, d\u00e9sabus\u00e9e par les nouvelles g\u00e9n\u00e9rations. Voici des extraits de quelques t\u00e9moignages, tous souhaitant rester anonymes, donc Monsieur A, B et C. Vous allez partir \u00e0 la retraite. Qui\u2026","rel":"","context":"Dans &quot;Soci\u00e9t\u00e9&quot;","block_context":{"text":"Soci\u00e9t\u00e9","link":"https:\/\/www.stefaneguilbaud.com\/blog\/?cat=3"},"img":{"alt_text":"","src":"https:\/\/i0.wp.com\/www.stefaneguilbaud.com\/blog\/wp-content\/uploads\/2013\/11\/dentist.jpg?fit=800%2C435&ssl=1&resize=350%2C200","width":350,"height":200,"srcset":"https:\/\/i0.wp.com\/www.stefaneguilbaud.com\/blog\/wp-content\/uploads\/2013\/11\/dentist.jpg?fit=800%2C435&ssl=1&resize=350%2C200 1x, https:\/\/i0.wp.com\/www.stefaneguilbaud.com\/blog\/wp-content\/uploads\/2013\/11\/dentist.jpg?fit=800%2C435&ssl=1&resize=525%2C300 1.5x, https:\/\/i0.wp.com\/www.stefaneguilbaud.com\/blog\/wp-content\/uploads\/2013\/11\/dentist.jpg?fit=800%2C435&ssl=1&resize=700%2C400 2x"},"classes":[]}],"jetpack_likes_enabled":true,"_links":{"self":[{"href":"https:\/\/www.stefaneguilbaud.com\/blog\/index.php?rest_route=\/wp\/v2\/posts\/793","targetHints":{"allow":["GET"]}}],"collection":[{"href":"https:\/\/www.stefaneguilbaud.com\/blog\/index.php?rest_route=\/wp\/v2\/posts"}],"about":[{"href":"https:\/\/www.stefaneguilbaud.com\/blog\/index.php?rest_route=\/wp\/v2\/types\/post"}],"author":[{"embeddable":true,"href":"https:\/\/www.stefaneguilbaud.com\/blog\/index.php?rest_route=\/wp\/v2\/users\/1"}],"replies":[{"embeddable":true,"href":"https:\/\/www.stefaneguilbaud.com\/blog\/index.php?rest_route=%2Fwp%2Fv2%2Fcomments&post=793"}],"version-history":[{"count":6,"href":"https:\/\/www.stefaneguilbaud.com\/blog\/index.php?rest_route=\/wp\/v2\/posts\/793\/revisions"}],"predecessor-version":[{"id":799,"href":"https:\/\/www.stefaneguilbaud.com\/blog\/index.php?rest_route=\/wp\/v2\/posts\/793\/revisions\/799"}],"wp:featuredmedia":[{"embeddable":true,"href":"https:\/\/www.stefaneguilbaud.com\/blog\/index.php?rest_route=\/wp\/v2\/media\/802"}],"wp:attachment":[{"href":"https:\/\/www.stefaneguilbaud.com\/blog\/index.php?rest_route=%2Fwp%2Fv2%2Fmedia&parent=793"}],"wp:term":[{"taxonomy":"category","embeddable":true,"href":"https:\/\/www.stefaneguilbaud.com\/blog\/index.php?rest_route=%2Fwp%2Fv2%2Fcategories&post=793"},{"taxonomy":"post_tag","embeddable":true,"href":"https:\/\/www.stefaneguilbaud.com\/blog\/index.php?rest_route=%2Fwp%2Fv2%2Ftags&post=793"}],"curies":[{"name":"wp","href":"https:\/\/api.w.org\/{rel}","templated":true}]}}