{"id":72,"date":"2011-05-09T05:00:36","date_gmt":"2011-05-09T04:00:36","guid":{"rendered":"http:\/\/www.stefaneguilbaud.com\/journal\/?p=72"},"modified":"2013-12-05T15:27:58","modified_gmt":"2013-12-05T14:27:58","slug":"boulangeries-et-patisseries-plus-explicites","status":"publish","type":"post","link":"https:\/\/www.stefaneguilbaud.com\/blog\/?p=72","title":{"rendered":"Boulangeries et patisseries plus explicites"},"content":{"rendered":"<p>Choisir un pain, un croissant, un g\u00e2teaux doit pouvoir se faire selon diff\u00e9rents crit\u00e8res, mais encore faut il pouvoir acc\u00e9der aux informations n\u00e9cessaires \u2026<\/p>\n<p>Observez bien la premi\u00e8re photo, puis la deuxi\u00e8me.<br \/>Au jeu des diff\u00e9rences, vous allez en trouver une.<\/p>\n<p style=\"text-align: center;\"><em>la photo #1<\/em><\/p>\n<p style=\"text-align: center;\"><a href=\"https:\/\/i0.wp.com\/www.stefaneguilbaud.com\/blog\/wp-content\/uploads\/2013\/11\/photo1.jpg\"><img data-recalc-dims=\"1\" loading=\"lazy\" decoding=\"async\" alt=\"photo1\" src=\"https:\/\/i0.wp.com\/www.stefaneguilbaud.com\/blog\/wp-content\/uploads\/2013\/11\/photo1.jpg?resize=500%2C340\" width=\"500\" height=\"340\" \/><\/a>\u00a0<\/p>\n<p style=\"text-align: center;\"><em>la photo #2<\/em><\/p>\n<p style=\"text-align: center;\"><a href=\"https:\/\/i0.wp.com\/www.stefaneguilbaud.com\/blog\/wp-content\/uploads\/2013\/11\/photo2.jpg\"><img data-recalc-dims=\"1\" loading=\"lazy\" decoding=\"async\" alt=\"photo2\" src=\"https:\/\/i0.wp.com\/www.stefaneguilbaud.com\/blog\/wp-content\/uploads\/2013\/11\/photo2.jpg?resize=500%2C340\" width=\"500\" height=\"340\" \/><\/a><\/p>\n<p>&nbsp;<\/p>\n<p>Vous avez trouv\u00e9 ? Sur la deuxi\u00e8me photo j&rsquo;ai ajout\u00e9 la liste des ingr\u00e9dients de la tarte au chocolat.<br \/><strong><em><br \/>Pourquoi ? explications<\/em><\/strong><em> :<\/em><\/p>\n<h3><span style=\"color: #800000;\"><strong>1\u2022 Le m\u00e9tier se perd.<\/strong><\/span><\/h3>\n<p>Avons nous tendance \u00e0 confondre un artisan et un commer\u00e7ant ? Oui, car rien ne nous aide \u00e0 faire la diff\u00e9rence et l&rsquo;on voit surgir de superbes enseignes qui vantent les m\u00e9rites de biscuits \u00e0 l&rsquo;ancienne avec des ingr\u00e9dients et des m\u00e9thodes industrielles. Un artisan produit sa marchandise, un commer\u00e7ant la vend (ou la revend). Je fais la chasse \u00e0 certaines pratiques, car elles sont mensong\u00e8res. Maintenant, le marketing a pris le dessus sur l&rsquo;authenticit\u00e9 et il n&rsquo;est pas rare de d\u00e9couvrir des navettes proven\u00e7ales qui n&rsquo;ont rien a voir avec un quelconque travail artisanal et, de plus, affubl\u00e9es d&rsquo;une liste d&rsquo;ingr\u00e9dients loin des livres de recettes de nos grands-parents.<\/p>\n<p>La l\u00e9gislation est cens\u00e9e prot\u00e9ger ce genre d\u2019ambigu\u00eft\u00e9, mais cela vite \u00e9t\u00e9 contourn\u00e9. Voici deux failles :<br \/><strong><br \/>1) Un boulanger doit \u00e9laborer son pain, le fa\u00e7onner et le cuire sur place pour obtenir le droit d&rsquo;afficher \u00ab\u00a0Boulanger\u00a0\u00bb.<\/strong><br \/>a. Certains boulangers ne produisent pas l&rsquo;int\u00e9gralit\u00e9 de leur offre et r\u00e9servent leurs pains sp\u00e9ciaux sous la forme de pains surgel\u00e9s d\u00e9j\u00e0 pr\u00eats.<br \/>b. Certains boulangers utilisent une farine d\u00e9j\u00e0 pr\u00e9par\u00e9e par le minotier. Cette farine contient 100% des ingr\u00e9dients (am\u00e9liorants, acide ascorbique, etc. parmi une liste de 125 substances autoris\u00e9es) et n&rsquo;a plus qu&rsquo;a rajouter de l&rsquo;eau et p\u00e9trir. Je ne partage personnellement pas cette vision de l&rsquo;artisanat !<br \/>c. Certes ils sont Boulangers mais pas P\u00e2tissiers et l\u00e0, aucune l\u00e9gislation ne les emp\u00eache de l&rsquo;afficher. Ils proposent alors des g\u00e2teaux \u2026 qui ne sont pas les leurs, sans le dire, ou pire en affirmant les faire eux-m\u00eames !<\/p>\n<p><strong>2) Un aliment emball\u00e9 doit afficher sa liste des ingr\u00e9dients.<\/strong><br \/>a. En effet, il suffit d&rsquo;observer un pain sous cellophane ou un g\u00e2teau sous cloche plastique pour constater une liste d&rsquo;ingr\u00e9dients, mais qu&rsquo;\u00e0 cela ne tienne. Qui n&rsquo;a jamais reconnu une tarte surgel\u00e9e achet\u00e9e chez un sp\u00e9cialiste grand public et revendue en parts chez un professionnel, ou bien encore, des tartes au citron (qui ont la particularit\u00e9 d&rsquo;\u00eatre toutes identiques) achet\u00e9es chez un fournisseur et revendues chez un boulanger-p\u00e2tissier du coin ?<br \/>b. Pire encore, des enseignes font commerce de ce genre de pratiques. Je citerai de nouveau \u00ab\u00a0<em>cette enseigne<\/em>\u00a0\u00bb qui s&rsquo;est sp\u00e9cialis\u00e9e dans les petits biscuits d&rsquo;autrefois avec comme seul d\u00e9cor l&rsquo;ambiance bien arrang\u00e9e d&rsquo;un savoir-faire artisanal. Sous les \u00e9tals, dans des placards de sols, il y a les cartons, remplis de biscuits avec, \u00ab\u00a0<em>loi oblige<\/em>\u00ab\u00a0, la liste des ingr\u00e9dients ! \u00c0 la lecture de celle-ci, il s&rsquo;av\u00e8re que les biscuits nous paraissent moins typiques et prennent une forte empreinte \u00ab\u00a0industrielle\u00a0\u00bb, mais nous n&rsquo;y avons jamais acc\u00e8s, car les g\u00e2teaux sont soigneusement d\u00e9ball\u00e9s et rang\u00e9s dans de tr\u00e8s jolis paniers en osiers.<\/p>\n<h3><span style=\"color: #800000;\"><strong>2\u2022 Le droit de savoir<\/strong><\/span><\/h3>\n<p><strong>1) Les \u00ab\u00a0<em>intol\u00e9rants<\/em>\u00a0\u00bb ont aussi le droit d&rsquo;exister en soci\u00e9t\u00e9.<br \/><\/strong>On ne peut pas imaginer le nombre de personnes souffrantes d&rsquo;intol\u00e9rance au gluten, au lactose, au sucre, au monoglutamate, au sel, aux arachides, etc.<br \/>Cette part de la population, qui ne cesse d&rsquo;augmenter, vit un cauchemar lorsqu&rsquo;elle doit faire un acte d&rsquo;achat. Vous imaginez un client assommer de questions un vendeur (si ce n&rsquo;est un artisan), afin de tenter une d\u00e9claration exhaustive de la liste des ingr\u00e9dients ? Non, ce n&rsquo;est pas possible, d&rsquo;autant plus que tr\u00e8s souvent, il s&rsquo;agit de vendeurs non qualifi\u00e9s, qui ne connaissent rien des modes de fonctionnement de l&rsquo;entreprise et encore moins des mati\u00e8res premi\u00e8res.<\/p>\n<p><strong>2) Le simple droit de connaitre le prix de la diff\u00e9rence.<\/strong><br \/>Pour reprendre les propos de <a href=\"http:\/\/www.dupainetdesidees.com\/\" hreflang=\"fr\">Christophe Vasseur<\/a>, lorsqu&rsquo;il produit un croissant, de ses mains avec des mati\u00e8res premi\u00e8res de premier choix et des temps de fermentation traditionnels, son prix de vente est d\u00e9risoire \u00e0 c\u00f4t\u00e9 d&rsquo;un croissant industriel revendu par un commer\u00e7ant lambda et cela, un client DOIT le savoir.<br \/>Il est p\u00e9nible de ne pas savoir si un croissant est fait avec du sucre non raffin\u00e9 ou pas, avec du beurre ou de la graisse v\u00e9g\u00e9tale, avec de la farine 45 ou 65. Je dirais m\u00eame plus, c&rsquo;est inadmissible !<\/p>\n<h3><span style=\"color: #800000;\"><strong><strong>3\u2022 Conclusion<\/strong><\/strong><\/span><\/h3>\n<p>Voil\u00e0, vous l&rsquo;avez compris. Lorsque nous entrons dans une Boulangerie-P\u00e2tisserie (pour ne citer qu&rsquo;eux), il devient urgent d&rsquo;imposer l&rsquo;affichage des ingr\u00e9dients complets de tout produit vendu. Cela permettrait de contenter autant les personnes souffrantes d&rsquo;intol\u00e9rances que les personnes amoureuses de leur m\u00e9tier. Mais cela permettrait aussi de choisir en libre et juste arbitre \u2026<\/p>\n","protected":false},"excerpt":{"rendered":"<p>Choisir un pain, un croissant, un g\u00e2teaux doit pouvoir se faire selon diff\u00e9rents crit\u00e8res, mais encore faut il pouvoir acc\u00e9der aux informations n\u00e9cessaires \u2026 Observez &hellip; <\/p>\n","protected":false},"author":1,"featured_media":77,"comment_status":"open","ping_status":"open","sticky":false,"template":"","format":"standard","meta":{"_exactmetrics_skip_tracking":false,"_exactmetrics_sitenote_active":false,"_exactmetrics_sitenote_note":"","_exactmetrics_sitenote_category":0,"jetpack_post_was_ever_published":false,"_jetpack_newsletter_access":"","_jetpack_dont_email_post_to_subs":false,"_jetpack_newsletter_tier_id":0,"_jetpack_memberships_contains_paywalled_content":false,"_jetpack_memberships_contains_paid_content":false,"footnotes":"","jetpack_publicize_message":"","jetpack_publicize_feature_enabled":true,"jetpack_social_post_already_shared":false,"jetpack_social_options":{"image_generator_settings":{"template":"highway","default_image_id":0,"font":"","enabled":false},"version":2}},"categories":[1],"tags":[],"class_list":["post-72","post","type-post","status-publish","format-standard","has-post-thumbnail","hentry","category-alimentation"],"jetpack_publicize_connections":[],"jetpack_featured_media_url":"https:\/\/i0.wp.com\/www.stefaneguilbaud.com\/blog\/wp-content\/uploads\/2011\/05\/croissants.jpg?fit=811%2C441&ssl=1","jetpack_sharing_enabled":true,"jetpack_shortlink":"https:\/\/wp.me\/p8a0UX-1a","jetpack-related-posts":[{"id":2577,"url":"https:\/\/www.stefaneguilbaud.com\/blog\/?p=2577","url_meta":{"origin":72,"position":0},"title":"\u201cBrin de culture\u201d &#8211; \u00c9v\u00e9nement 21 octobre 2017","author":"SG","date":"22 septembre 2017","format":false,"excerpt":"Le 21 octobre 2017, je serais \u00e0 la ferme du Bregalon \u2014 Rognes\u00a0(13) \u2014 que j\u2019appelle la ferme des ch\u00e8vres heureuses. Un lieu que j\u2019avais d\u00e9couvert\u00a0lors d\u2019un tournage\u00a0de documentaire pour D8. Je partage les convictions de ses propri\u00e9taires. Ainsi je vous\u00a0livre l\u2019annonce officielle de cette journ\u00e9e \u201cBrin de Culture\u201d. La\u2026","rel":"","context":"Dans &quot;Actualit\u00e9s&quot;","block_context":{"text":"Actualit\u00e9s","link":"https:\/\/www.stefaneguilbaud.com\/blog\/?cat=8"},"img":{"alt_text":"","src":"https:\/\/i0.wp.com\/www.stefaneguilbaud.com\/blog\/wp-content\/uploads\/2017\/09\/chevres.jpg?fit=800%2C435&ssl=1&resize=350%2C200","width":350,"height":200,"srcset":"https:\/\/i0.wp.com\/www.stefaneguilbaud.com\/blog\/wp-content\/uploads\/2017\/09\/chevres.jpg?fit=800%2C435&ssl=1&resize=350%2C200 1x, https:\/\/i0.wp.com\/www.stefaneguilbaud.com\/blog\/wp-content\/uploads\/2017\/09\/chevres.jpg?fit=800%2C435&ssl=1&resize=525%2C300 1.5x, https:\/\/i0.wp.com\/www.stefaneguilbaud.com\/blog\/wp-content\/uploads\/2017\/09\/chevres.jpg?fit=800%2C435&ssl=1&resize=700%2C400 2x"},"classes":[]},{"id":42,"url":"https:\/\/www.stefaneguilbaud.com\/blog\/?p=42","url_meta":{"origin":72,"position":1},"title":"Consommer local et de saison","author":"SG","date":"14 f\u00e9vrier 2016","format":false,"excerpt":"Afin de pouvoir consommer local et de saison, voici un extrait, page 209, du livre \"Je ne mange pas de produits industriels\" aux \u00e9ditions Eyrolles. Je vous propose le mois de MARS, qui annonce le printemps. Quoique, cette ann\u00e9e, avec ces temp\u00e9ratures trop chaudes, c'est du n'importe quoi ! J'avais\u2026","rel":"","context":"Dans &quot;Alimentation&quot;","block_context":{"text":"Alimentation","link":"https:\/\/www.stefaneguilbaud.com\/blog\/?cat=1"},"img":{"alt_text":"","src":"https:\/\/i0.wp.com\/www.stefaneguilbaud.com\/blog\/wp-content\/uploads\/2016\/02\/printemps.jpg?fit=800%2C435&ssl=1&resize=350%2C200","width":350,"height":200,"srcset":"https:\/\/i0.wp.com\/www.stefaneguilbaud.com\/blog\/wp-content\/uploads\/2016\/02\/printemps.jpg?fit=800%2C435&ssl=1&resize=350%2C200 1x, https:\/\/i0.wp.com\/www.stefaneguilbaud.com\/blog\/wp-content\/uploads\/2016\/02\/printemps.jpg?fit=800%2C435&ssl=1&resize=525%2C300 1.5x, https:\/\/i0.wp.com\/www.stefaneguilbaud.com\/blog\/wp-content\/uploads\/2016\/02\/printemps.jpg?fit=800%2C435&ssl=1&resize=700%2C400 2x"},"classes":[]},{"id":3469,"url":"https:\/\/www.stefaneguilbaud.com\/blog\/?p=3469","url_meta":{"origin":72,"position":2},"title":"Prospectus m\u00e9dicaux\u2026 information ou marketing ?","author":"SG","date":"12 mars 2021","format":false,"excerpt":"Ce blog a d\u00e9j\u00e0 trait\u00e9 \u00e0 trois reprises le probl\u00e8me persistant des prospectus m\u00e9dicaux. En septembre 2017, \"Sommes-nous inform\u00e9s par les prospectus sant\u00e9 ?\" En f\u00e9vrier 2010, \"Prospectus #1. La prospection pour votre sant\u00e9 ?\" En juin 2011, \"Prospectus #2. La prospection pour votre sant\u00e9 ?\" Ces feuillets remplis de\u2026","rel":"","context":"Dans &quot;Coups de gueule&quot;","block_context":{"text":"Coups de gueule","link":"https:\/\/www.stefaneguilbaud.com\/blog\/?cat=7"},"img":{"alt_text":"","src":"https:\/\/i0.wp.com\/www.stefaneguilbaud.com\/blog\/wp-content\/uploads\/2021\/03\/Waiting.jpg?fit=800%2C435&ssl=1&resize=350%2C200","width":350,"height":200,"srcset":"https:\/\/i0.wp.com\/www.stefaneguilbaud.com\/blog\/wp-content\/uploads\/2021\/03\/Waiting.jpg?fit=800%2C435&ssl=1&resize=350%2C200 1x, https:\/\/i0.wp.com\/www.stefaneguilbaud.com\/blog\/wp-content\/uploads\/2021\/03\/Waiting.jpg?fit=800%2C435&ssl=1&resize=525%2C300 1.5x, https:\/\/i0.wp.com\/www.stefaneguilbaud.com\/blog\/wp-content\/uploads\/2021\/03\/Waiting.jpg?fit=800%2C435&ssl=1&resize=700%2C400 2x"},"classes":[]},{"id":983,"url":"https:\/\/www.stefaneguilbaud.com\/blog\/?p=983","url_meta":{"origin":72,"position":3},"title":"Le libre \u00e9change n&rsquo;existe-il pas ?","author":"SG","date":"5 mars 2014","format":false,"excerpt":"\"Le libre \u00e9change n'existe pas, c'est un mensonge. Seule domine la loi du plus fort. Par exemple quand Nestl\u00e9 s'oppose \u00e0 un syndicat paysan africain, c'est comme si Mike Tyson, le champion du monde de boxe, \u00e9tait envoy\u00e9 sur le ring contre un Bengali au ch\u00f4mage qui meurt de faim.\u2026","rel":"","context":"Dans &quot;Actualit\u00e9s&quot;","block_context":{"text":"Actualit\u00e9s","link":"https:\/\/www.stefaneguilbaud.com\/blog\/?cat=8"},"img":{"alt_text":"","src":"https:\/\/i0.wp.com\/www.stefaneguilbaud.com\/blog\/wp-content\/uploads\/2014\/03\/mains.jpg?fit=800%2C435&ssl=1&resize=350%2C200","width":350,"height":200,"srcset":"https:\/\/i0.wp.com\/www.stefaneguilbaud.com\/blog\/wp-content\/uploads\/2014\/03\/mains.jpg?fit=800%2C435&ssl=1&resize=350%2C200 1x, https:\/\/i0.wp.com\/www.stefaneguilbaud.com\/blog\/wp-content\/uploads\/2014\/03\/mains.jpg?fit=800%2C435&ssl=1&resize=525%2C300 1.5x, https:\/\/i0.wp.com\/www.stefaneguilbaud.com\/blog\/wp-content\/uploads\/2014\/03\/mains.jpg?fit=800%2C435&ssl=1&resize=700%2C400 2x"},"classes":[]},{"id":301,"url":"https:\/\/www.stefaneguilbaud.com\/blog\/?p=301","url_meta":{"origin":72,"position":4},"title":"Fast-pub sur les fast-food","author":"SG","date":"5 juillet 2010","format":false,"excerpt":"Les derni\u00e8res publicit\u00e9s pour l'enseigne Mc Donalds pr\u00e9sentent des convictions nutritionnelles touchantes .. mais un petit d\u00e9tail m'a interpell\u00e9. Les publicit\u00e9s se pr\u00e9sentent sur une double page. \u2022 PUBLICIT\u00c9 N\u00b01 PAGE DE GAUCHE :Une g\u00e9n\u00e9reuse tomate en gros plan avec la mention \u00ab\u00a0100 % FRA\u00ceCHES\u00a0\u00bbPAGE DE DROITE :\u00ab\u00a0Toutes les tomates\u2026","rel":"","context":"Dans &quot;Alimentation&quot;","block_context":{"text":"Alimentation","link":"https:\/\/www.stefaneguilbaud.com\/blog\/?cat=1"},"img":{"alt_text":"","src":"https:\/\/i0.wp.com\/www.stefaneguilbaud.com\/blog\/wp-content\/uploads\/2010\/07\/hamburger.jpg?fit=800%2C435&ssl=1&resize=350%2C200","width":350,"height":200,"srcset":"https:\/\/i0.wp.com\/www.stefaneguilbaud.com\/blog\/wp-content\/uploads\/2010\/07\/hamburger.jpg?fit=800%2C435&ssl=1&resize=350%2C200 1x, https:\/\/i0.wp.com\/www.stefaneguilbaud.com\/blog\/wp-content\/uploads\/2010\/07\/hamburger.jpg?fit=800%2C435&ssl=1&resize=525%2C300 1.5x, https:\/\/i0.wp.com\/www.stefaneguilbaud.com\/blog\/wp-content\/uploads\/2010\/07\/hamburger.jpg?fit=800%2C435&ssl=1&resize=700%2C400 2x"},"classes":[]},{"id":282,"url":"https:\/\/www.stefaneguilbaud.com\/blog\/?p=282","url_meta":{"origin":72,"position":5},"title":"L&rsquo;agneau","author":"SG","date":"23 ao\u00fbt 2010","format":false,"excerpt":"Chronique \u00e9crite pourHuman & TerreN\u00b0 34 \/ Septembre 2010 Agnus Dei.L'agneau de Dieu est bien loin de sa fonction de sacrifice chr\u00e9tienne, vou\u00e9e \u00e0 expier les p\u00e9ch\u00e9s du monde.Rien n'arr\u00eatant le profit de certains producteurs, il n'y avait qu'un pas pour fournir aux consommateurs une viande r\u00e9pondant \u00e0 une id\u00e9ologie.Pour\u2026","rel":"","context":"Dans &quot;Chroniques parues&quot;","block_context":{"text":"Chroniques parues","link":"https:\/\/www.stefaneguilbaud.com\/blog\/?cat=6"},"img":{"alt_text":"","src":"https:\/\/i0.wp.com\/www.stefaneguilbaud.com\/blog\/wp-content\/uploads\/2013\/11\/journaux.jpg?fit=800%2C435&ssl=1&resize=350%2C200","width":350,"height":200,"srcset":"https:\/\/i0.wp.com\/www.stefaneguilbaud.com\/blog\/wp-content\/uploads\/2013\/11\/journaux.jpg?fit=800%2C435&ssl=1&resize=350%2C200 1x, https:\/\/i0.wp.com\/www.stefaneguilbaud.com\/blog\/wp-content\/uploads\/2013\/11\/journaux.jpg?fit=800%2C435&ssl=1&resize=525%2C300 1.5x, https:\/\/i0.wp.com\/www.stefaneguilbaud.com\/blog\/wp-content\/uploads\/2013\/11\/journaux.jpg?fit=800%2C435&ssl=1&resize=700%2C400 2x"},"classes":[]}],"jetpack_likes_enabled":true,"_links":{"self":[{"href":"https:\/\/www.stefaneguilbaud.com\/blog\/index.php?rest_route=\/wp\/v2\/posts\/72","targetHints":{"allow":["GET"]}}],"collection":[{"href":"https:\/\/www.stefaneguilbaud.com\/blog\/index.php?rest_route=\/wp\/v2\/posts"}],"about":[{"href":"https:\/\/www.stefaneguilbaud.com\/blog\/index.php?rest_route=\/wp\/v2\/types\/post"}],"author":[{"embeddable":true,"href":"https:\/\/www.stefaneguilbaud.com\/blog\/index.php?rest_route=\/wp\/v2\/users\/1"}],"replies":[{"embeddable":true,"href":"https:\/\/www.stefaneguilbaud.com\/blog\/index.php?rest_route=%2Fwp%2Fv2%2Fcomments&post=72"}],"version-history":[{"count":7,"href":"https:\/\/www.stefaneguilbaud.com\/blog\/index.php?rest_route=\/wp\/v2\/posts\/72\/revisions"}],"predecessor-version":[{"id":614,"href":"https:\/\/www.stefaneguilbaud.com\/blog\/index.php?rest_route=\/wp\/v2\/posts\/72\/revisions\/614"}],"wp:featuredmedia":[{"embeddable":true,"href":"https:\/\/www.stefaneguilbaud.com\/blog\/index.php?rest_route=\/wp\/v2\/media\/77"}],"wp:attachment":[{"href":"https:\/\/www.stefaneguilbaud.com\/blog\/index.php?rest_route=%2Fwp%2Fv2%2Fmedia&parent=72"}],"wp:term":[{"taxonomy":"category","embeddable":true,"href":"https:\/\/www.stefaneguilbaud.com\/blog\/index.php?rest_route=%2Fwp%2Fv2%2Fcategories&post=72"},{"taxonomy":"post_tag","embeddable":true,"href":"https:\/\/www.stefaneguilbaud.com\/blog\/index.php?rest_route=%2Fwp%2Fv2%2Ftags&post=72"}],"curies":[{"name":"wp","href":"https:\/\/api.w.org\/{rel}","templated":true}]}}