{"id":697,"date":"2013-12-06T13:00:11","date_gmt":"2013-12-06T12:00:11","guid":{"rendered":"http:\/\/www.stefaneguilbaud.com\/blog\/?p=697"},"modified":"2013-12-06T17:06:57","modified_gmt":"2013-12-06T16:06:57","slug":"mysterieux-pirahas","status":"publish","type":"post","link":"https:\/\/www.stefaneguilbaud.com\/blog\/?p=697","title":{"rendered":"Myst\u00e9rieux Pirah\u00e3s"},"content":{"rendered":"<h4><em>L\u2019aliment est le reflet de tout \u00e9tat. \u00c0 travers celle-ci, nous pouvons d\u00e9chiffrer le bien-\u00eatre ou le mal-\u00eatre d\u2019un individu, d\u2019une culture, d\u2019un pays, d\u2019une \u00e9poque. Il est vrai que ce billet est un peu comme le combat de Don Quichotte contre les moulins \u00e0 vent mais bon\u2026<\/em><\/h4>\n<div>La France irait-elle mal\u2009? C\u2019est la question que je me pose encore.<\/div>\n<div>\n<div>\n<div>Mais faut-il se rendre \u00e0 l\u2019\u00e9vidence lorsqu\u2019elle en montre tous les stigmates\u2009?<\/div>\n<div>Si l\u2019on consid\u00e8re que l\u2019alimentation est le reflet d\u2019un \u00e9tat, il y a manifestement un r\u00e9el mal-\u00eatre. En mati\u00e8re d\u2019alimentation, je n\u2019ai jamais vu autant de coachs prometteurs, de solutions miracles, de m\u00e9decines parall\u00e8les, d\u2019alicaments illusoires et d\u2019innovations improbables.<\/div>\n<div>\u00a0<\/div>\n<div>On a tout pour r\u00e9ussir. Un pays riche, un climat, une situation g\u00e9ographique, des ressources suffisantes et pourtant nous ne sommes plus capables de l\u2019appr\u00e9cier. Nous n\u2019avons plus assez faim pour en vouloir suffisamment, car nous ne jurons que par nos conforts technologiques individualis\u00e9s. Est-ce le fruit d\u2019une m\u00e9moire amn\u00e9sique par une trop longue p\u00e9riode de paix en Europe\u2009? Et quid d\u2019une certaine jeunesse qui pr\u00e9f\u00e8rent br\u00fbler des voitures pour s\u2019exprimer\u2009? C\u00f4t\u00e9 repas\u00a0: On mange dans la rue, de plus en plus jeune, on jette tout par terre, on est d\u00e9racin\u00e9.\u00a0<\/div>\n<div>Nos cantines gaspillent et nos \u00ab\u00a0sans-abri\u00a0\u00bb meurent de faim. On observe le superflu sans limites des uns alors que l\u2019essentiel des autres n\u2019est m\u00eame pas satisfait. Nos paysans souffrent et s\u2019isolent face \u00e0 des bourgeois urbains \u00e9tiquet\u00e9s \u00ab\u00a0fashion victim\u00a0\u00bb et devenus gros consommateurs du tout et du rien. Notre agriculture est tellement caricaturale, que ses protagonistes ne s\u2019aventurent m\u00eame plus \u00e0 consommer le fruit de leur propre travail tant ils redoutent la dangerosit\u00e9 des pesticides, qu\u2019ils consid\u00e8rent [\u00e0 juste titre, mais ce n\u2019est que mon avis] impropre \u00e0 leur consommation. Nous perdons pied et nous nous r\u00e9fugions devant le petit \u00e9cran, grand Dieu de la t\u00e9l\u00e9-r\u00e9alit\u00e9 n\u00e9vrotique. La manipulation des masses fut, sous nos contr\u00e9es, religieuse, salariale pour devenir, aujourd\u2019hui, m\u00e9diatique.<\/div>\n<h4><strong>De qui s\u2019inspirer alors pour redevenir heureux\u2009? Pas de l\u2019actualit\u00e9 en tout cas !<\/strong><\/h4>\n<div>Allez courage, je vais vous parler d\u2019une tribu qui redonne go\u00fbt au bonheur.<\/div>\n<div>\u00c0 travers cette description, vous d\u00e9couvrirez ce qu\u2019ils font et ce que nous ne faisons plus.<\/div>\n<div>Vous d\u00e9couvrirez aussi, l\u2019enfermement m\u00e9diatique et soci\u00e9tal dans lequel nous sommes.<\/div>\n<div>Ce m\u00eame monde qui nous conditionne pour trop et mal manger.<\/div>\n<h4><strong>Alors attention\u2026 moment de bonheur<\/strong><\/h4>\n<div><a href=\"https:\/\/i0.wp.com\/www.stefaneguilbaud.com\/blog\/wp-content\/uploads\/2013\/12\/daniel-everett-dont-sleep-there-are-snakes-life-and-langauge-in-the-amazonian-jungle.jpg\"><img data-recalc-dims=\"1\" loading=\"lazy\" decoding=\"async\" class=\"size-full wp-image-702 alignleft\" alt=\"daniel-everett-dont-sleep-there-are-snakes-life-and-langauge-in-the-amazonian-jungle\" src=\"https:\/\/i0.wp.com\/www.stefaneguilbaud.com\/blog\/wp-content\/uploads\/2013\/12\/daniel-everett-dont-sleep-there-are-snakes-life-and-langauge-in-the-amazonian-jungle.jpg?resize=109%2C165\" width=\"109\" height=\"165\" srcset=\"https:\/\/i0.wp.com\/www.stefaneguilbaud.com\/blog\/wp-content\/uploads\/2013\/12\/daniel-everett-dont-sleep-there-are-snakes-life-and-langauge-in-the-amazonian-jungle.jpg?w=258&amp;ssl=1 258w, https:\/\/i0.wp.com\/www.stefaneguilbaud.com\/blog\/wp-content\/uploads\/2013\/12\/daniel-everett-dont-sleep-there-are-snakes-life-and-langauge-in-the-amazonian-jungle.jpg?resize=198%2C300&amp;ssl=1 198w\" sizes=\"auto, (max-width: 109px) 100vw, 109px\" \/><\/a>En 1977, un jeune missionnaire, Dan Everett \u00e9tait parti avec l\u2019id\u00e9e de convertir au christianisme, un peuple isol\u00e9 au fond de la jungle amazonienne, les Pirah\u00e3s. \u00c0 l\u2019\u00e2ge de 27 ans, il a \u00e9t\u00e9 s\u00e9duit par leur philosophie jusqu\u2019\u00e0 en oublier sa mission et rester sept ans parmi eux. Vingt ans apr\u00e8s, il continue de les \u00e9tudier. Daniel, en tant qu\u2019anthropologue et missionnaire, vous dirait \u00ab\u00a0<i>J\u2019y suis all\u00e9 pour leur parler de mon Dieu et c\u2019est eux qui m\u2019ont converti\u00a0<\/i>\u00bb<\/div>\n<div>Les Pirah\u00e3s sont les membres d\u2019une tribu de chasseurs-cueilleurs d\u2019Amazonie, qui vit principalement sur les rives du Rio Maici, au Br\u00e9sil. Leur nombre s\u2019est consid\u00e9rablement r\u00e9duit depuis plusieurs d\u00e9cennies (en 2004, ils n\u2019\u00e9taient plus que 340). Leur culture est d\u00e9sormais menac\u00e9e de disparition.<\/div>\n<h4><strong>Mais pourquoi citer cette population en particulier\u2009?<\/strong><\/h4>\n<p>Parce que malgr\u00e9 leur pauvret\u00e9, ce peuple fait preuve d\u2019une joie de vivre d\u00e9bordante. Son principal secret\u00a0: l\u2019invention d\u2019un langage que nous, occidentaux, traduisons comme \u00ab\u00a0<i>langage du bonheur<\/i>\u00a0\u00bb et qui d\u00e9fie toutes les th\u00e9ories dominantes en linguistique. Cela relance la r\u00e9flexion sur le lien entre langage et culture. Leur langue ne semble n\u2019avoir aucune proposition relative et aucune r\u00e9currence grammaticale. La prononciation des mots repose sur une phonie minimale avec seulement sept consonnes et trois voyelles. Toutefois, en tant que langue tonale, elle fait preuve d\u2019une tr\u00e8s grande musicalit\u00e9. \u00ab\u00a0<i>Tonale<\/i>\u00a0\u00bb signifie que ce langage utilise le m\u00eame mot pour d\u00e9signer diff\u00e9rents objets en modifiant seulement l\u2019intonation. Elle peut d\u2019ailleurs \u00eatre siffl\u00e9e ou fredonn\u00e9e. En raison de cette euphonie, les Pirah\u00e3s sont \u00e0 l\u2019\u00e9coute de tout\u00a0: de la for\u00eat, des saisons, des bruits du vent et de ses moindres d\u00e9tails et ce n\u2019est pas anodin. L\u2019\u00e9coute rapporte. Nos anc\u00eatres savaient \u00e9couter et rythmaient leur vie avec modestie et intelligence. \u00ab\u00a0<i>La terre se go\u00fbte, la terre s\u2019\u00e9coute<\/i>\u00a0\u00bb me disait mon grand-p\u00e8re quand j\u2019\u00e9tais petit. Nous avons perdu ce sens, ou plut\u00f4t nous l\u2019avons d\u00e9sorient\u00e9\u2026\u00a0\u00e0 coup de MP3 nasillards ou de zapping TV.<\/p>\n<div>Mais la particularit\u00e9 la plus stup\u00e9fiante reste que leur langue se ne conjugue qu\u2019au pr\u00e9sent. Il n\u2019existe pas de pass\u00e9 [<i>pas de regrets, pas de tristesses li\u00e9es aux dialogues<\/i>] et pas de futur [<i>pas de frustrations, pas d\u2019angoisses ou d\u2019inqui\u00e9tudes<\/i>]. Ce peuple vit son instant avec bonheur, sans comp\u00e9tition, sans ambition d\u00e9vorante et destructive. D\u2019ailleurs, ils ne travaillent pas plus que n\u00e9cessaire, c\u2019est \u00e0 dire pas plus que ne l\u2019exigent leurs besoins imm\u00e9diats. Ils ne sont pas d\u00e9sireux d\u2019acqu\u00e9rir nos objets, nos fusils, nos voitures\u2026 et se satisfont de qu\u2019ils ont. C\u2019est une de leurs tr\u00e8s grandes forces\u00a0: ils ne sont pas achetables et depuis mention de leur existence en 1784, ils n\u2019ont jamais \u00e9t\u00e9 colonis\u00e9s.<\/div>\n<div>\u00a0<\/div>\n<div>Ils passent le plus clair de leurs temps \u00e0 sourire ou \u00e0 rire, comme aucune autre population au monde ne sait le faire. Leur journ\u00e9e est rythm\u00e9e sans aucune hi\u00e9rarchie et aucun rite. Ils sont en effet consid\u00e9r\u00e9s par nous tous comme tr\u00e8s heureux sur ce point. Pas de violence, pas de mort inutile. Ils vous diraient \u00ab\u00a0<i>Pourquoi tuer cette gigantesque tarentule qui grimpe sur un genou. Elle est utile, car elle mange les cafards et elle ne fait pas de mal\u2009?<\/i>\u00a0\u00bb. Idem pour un crocodile ou un serpent passant dans les parages.<\/div>\n<div>\u00a0<\/div>\n<div>D\u2019apr\u00e8s ce que les Pirah\u00e3s ont dit aux chercheurs, leur culture se base sur les exp\u00e9riences v\u00e9cues par les individus au cours de leur vie. L\u2019union entre deux individus est tout aussi simple. Les deux amoureux s\u2019\u00e9clipsent quatre jours dans la for\u00eat pour en revenir en \u00ab<i>\u00a0couple l\u00e9gitime<\/i>\u00a0\u00bb. Si toutefois cette union ne fonctionnait pas, pour recr\u00e9er un couple, il leur suffit de retourner dans la for\u00eat en bonne compagnie.<\/div>\n<h4>Quel lien avec l\u2019alimentation\u2009?<\/h4>\n<p><strong><\/strong>Les Pirah\u00e3s font de courtes siestes allant de quinze minutes \u00e0 deux heures, le jour comme la nuit, mais dorment rarement une nuit enti\u00e8re. Ils sont souvent affam\u00e9s, non pas par manque de nourriture, mais par envie de s\u2019endurcir (tigis\u00e1i). Ils pratiquent cette sorte de r\u00e9gime minimal un peu \u00e0 la mani\u00e8re du \u00ab\u00a0<i><a href=\"http:\/\/ymlp.com\/zCLjVk\">Hara Hashi Bu<\/a><\/i>\u00a0\u00bb japonais et consid\u00e8rent leurs aliments comme n\u00e9cessaires et utiles plut\u00f4t que superflus et futiles. L\u2019alimentation est partag\u00e9e au sein de la communaut\u00e9 et tout individu handicap\u00e9 ou trop \u00e2g\u00e9 est imm\u00e9diatement pris en charge par le reste des membres. Ne pas partager est inconcevable, mais si toutefois cela se produisait il y aurait des tensions qui seraient, elles aussi, r\u00e9gl\u00e9es sans violence\u2026\u00a0par le dialogue. Oui\u2009! Par le dialogue, car tout se g\u00e8re comme cela. Au final, cette tribu note un taux record manifeste de personnes s\u00e8ches, muscl\u00e9es et en bonne sant\u00e9. Il a \u00e9t\u00e9 relev\u00e9 aussi que leur sant\u00e9 mentale reste coh\u00e9rente tr\u00e8s longtemps et que les personnes \u00e2g\u00e9es, aid\u00e9es par une alimentation di\u00e9t\u00e9tique constante et une assistance de la communaut\u00e9, vivent relativement vieilles.<\/p>\n<p><strong>Conclusion<\/strong>.<br \/>Une vision, certes du mythe du \u00ab\u00a0Bon Sauvage \u00bb.<br \/>\u00ab\u00a0<strong><i>Bon<\/i><\/strong>\u00a0\u00bb, c\u2019est s\u00fbr\u2009! \u00ab\u00a0<strong><i>Sauvage<\/i><\/strong>\u00a0\u00bb\u2026 de qui parle-t-on\u2009?<\/p>\n<\/div>\n<div>\n<div><span style=\"font-size: xx-small;\"><i><strong>Sources\u00a0:<\/strong>\u00a0Ca m\u2019int\u00e9resse 378\u00a0: Dominique Godr\u00e8che.<br \/><\/i><strong>Photos\u00a0:<\/strong>\u00a0Martin Schoeller \/ August \/ Agence A<\/span><\/div>\n<\/div>\n<div><span style=\"font-size: xx-small;\"><strong>Livres\u00a0:<\/strong>\u00a0\u00ab\u00a0Le Monde ignor\u00e9 des Indiens\u00a0\u00bb Pirah\u00e3s. Daniel L. Everett. \u00c9d. Flammarion.<\/span><\/div>\n<div><span style=\"font-size: xx-small;\">Sa vie pendant 7 ans avec ce peuple.<\/span><\/div>\n<div><span style=\"font-size: xx-small;\"><strong>Pour en savoir plus\u00a0:\u00a0<\/strong><\/span><\/p>\n<div><span style=\"font-size: xx-small;\"><i>Arte diffuse parfois \u00ab\u00a0The Grammar of Hapiness\u00a0\u00bb. \u00c0 regarder absolument.<\/i><\/span><\/div>\n<\/div>\n<\/div>\n","protected":false},"excerpt":{"rendered":"<p>L\u2019aliment est le reflet de tout \u00e9tat. \u00c0 travers celle-ci, nous pouvons d\u00e9chiffrer le bien-\u00eatre ou le mal-\u00eatre d\u2019un individu, d\u2019une culture, d\u2019un pays, d\u2019une &hellip; <\/p>\n","protected":false},"author":1,"featured_media":701,"comment_status":"open","ping_status":"open","sticky":false,"template":"","format":"standard","meta":{"_exactmetrics_skip_tracking":false,"_exactmetrics_sitenote_active":false,"_exactmetrics_sitenote_note":"","_exactmetrics_sitenote_category":0,"jetpack_post_was_ever_published":false,"_jetpack_newsletter_access":"","_jetpack_dont_email_post_to_subs":false,"_jetpack_newsletter_tier_id":0,"_jetpack_memberships_contains_paywalled_content":false,"_jetpack_memberships_contains_paid_content":false,"footnotes":"","jetpack_publicize_message":"","jetpack_publicize_feature_enabled":true,"jetpack_social_post_already_shared":false,"jetpack_social_options":{"image_generator_settings":{"template":"highway","default_image_id":0,"font":"","enabled":false},"version":2}},"categories":[9,3],"tags":[],"class_list":["post-697","post","type-post","status-publish","format-standard","has-post-thumbnail","hentry","category-dossiers","category-societe"],"jetpack_publicize_connections":[],"jetpack_featured_media_url":"https:\/\/i0.wp.com\/www.stefaneguilbaud.com\/blog\/wp-content\/uploads\/2013\/12\/Everett.jpg?fit=800%2C435&ssl=1","jetpack_sharing_enabled":true,"jetpack_shortlink":"https:\/\/wp.me\/p8a0UX-bf","jetpack-related-posts":[{"id":314,"url":"https:\/\/www.stefaneguilbaud.com\/blog\/?p=314","url_meta":{"origin":697,"position":0},"title":"La s\u00e9curit\u00e9 sociale doit-elle rester sociale ?","author":"SG","date":"13 avril 2016","format":false,"excerpt":"Le \"trou de la s\u00e9cu\" fait d\u00e9bat. Il y a des avis partag\u00e9s sur les m\u00e9thodes \u00e0 appliquer pour faire des \u00e9conomies. Avec tout un lot de mesures et de r\u00e9visions, nous entendons parler de restrictions, de contr\u00f4les, de d\u00e9bordements et de gaspillages. Les principaux acteurs d'un syst\u00e8me m\u00e9dical, que\u2026","rel":"","context":"Dans &quot;Reportage&quot;","block_context":{"text":"Reportage","link":"https:\/\/www.stefaneguilbaud.com\/blog\/?cat=12"},"img":{"alt_text":"","src":"https:\/\/i0.wp.com\/www.stefaneguilbaud.com\/blog\/wp-content\/uploads\/2013\/11\/stethoscope.jpg?fit=800%2C435&ssl=1&resize=350%2C200","width":350,"height":200,"srcset":"https:\/\/i0.wp.com\/www.stefaneguilbaud.com\/blog\/wp-content\/uploads\/2013\/11\/stethoscope.jpg?fit=800%2C435&ssl=1&resize=350%2C200 1x, https:\/\/i0.wp.com\/www.stefaneguilbaud.com\/blog\/wp-content\/uploads\/2013\/11\/stethoscope.jpg?fit=800%2C435&ssl=1&resize=525%2C300 1.5x, https:\/\/i0.wp.com\/www.stefaneguilbaud.com\/blog\/wp-content\/uploads\/2013\/11\/stethoscope.jpg?fit=800%2C435&ssl=1&resize=700%2C400 2x"},"classes":[]},{"id":2635,"url":"https:\/\/www.stefaneguilbaud.com\/blog\/?p=2635","url_meta":{"origin":697,"position":1},"title":"La Teff ou la bienveillance du sans gluten !","author":"SG","date":"5 mars 2018","format":false,"excerpt":"Je n'ai jamais \u00e9t\u00e9 un adepte de l'innovation. Je l'ai plusieurs fois expliqu\u00e9 soit dans mes livres, soit dans des \u00e9missions. En effet je vois dans l'innovation, un pas de plus vers une alimentation d\u00e9structur\u00e9e. Fer de lance d'une pauvret\u00e9 alimentaire, l'art de refaire ce qui existe d\u00e9j\u00e0 reste l'aspect\u2026","rel":"","context":"Dans &quot;Alimentation&quot;","block_context":{"text":"Alimentation","link":"https:\/\/www.stefaneguilbaud.com\/blog\/?cat=1"},"img":{"alt_text":"","src":"https:\/\/i0.wp.com\/www.stefaneguilbaud.com\/blog\/wp-content\/uploads\/2018\/03\/drapeauethiopie.jpg?fit=800%2C435&ssl=1&resize=350%2C200","width":350,"height":200,"srcset":"https:\/\/i0.wp.com\/www.stefaneguilbaud.com\/blog\/wp-content\/uploads\/2018\/03\/drapeauethiopie.jpg?fit=800%2C435&ssl=1&resize=350%2C200 1x, https:\/\/i0.wp.com\/www.stefaneguilbaud.com\/blog\/wp-content\/uploads\/2018\/03\/drapeauethiopie.jpg?fit=800%2C435&ssl=1&resize=525%2C300 1.5x, https:\/\/i0.wp.com\/www.stefaneguilbaud.com\/blog\/wp-content\/uploads\/2018\/03\/drapeauethiopie.jpg?fit=800%2C435&ssl=1&resize=700%2C400 2x"},"classes":[]},{"id":891,"url":"https:\/\/www.stefaneguilbaud.com\/blog\/?p=891","url_meta":{"origin":697,"position":2},"title":"Une induction pour une d\u00e9duction.","author":"SG","date":"14 janvier 2014","format":false,"excerpt":"La \"cr\u00e9ativit\u00e9\", mise au service des inductions alimentaires, afin de nous influencer dans nos choix. Bons ou mauvais ? La culture graphique Avant toute chose, il est important de rappeler que lorsque l'on est directeur de cr\u00e9ation, au sein d'une agence de communication, on connait le besoin n\u00e9cessaire d'\u00e9ducation graphique\u2026","rel":"","context":"Dans &quot;Alimentation&quot;","block_context":{"text":"Alimentation","link":"https:\/\/www.stefaneguilbaud.com\/blog\/?cat=1"},"img":{"alt_text":"","src":"https:\/\/i0.wp.com\/www.stefaneguilbaud.com\/blog\/wp-content\/uploads\/2013\/12\/couple-etiquette.jpg?fit=800%2C435&ssl=1&resize=350%2C200","width":350,"height":200,"srcset":"https:\/\/i0.wp.com\/www.stefaneguilbaud.com\/blog\/wp-content\/uploads\/2013\/12\/couple-etiquette.jpg?fit=800%2C435&ssl=1&resize=350%2C200 1x, https:\/\/i0.wp.com\/www.stefaneguilbaud.com\/blog\/wp-content\/uploads\/2013\/12\/couple-etiquette.jpg?fit=800%2C435&ssl=1&resize=525%2C300 1.5x, https:\/\/i0.wp.com\/www.stefaneguilbaud.com\/blog\/wp-content\/uploads\/2013\/12\/couple-etiquette.jpg?fit=800%2C435&ssl=1&resize=700%2C400 2x"},"classes":[]},{"id":774,"url":"https:\/\/www.stefaneguilbaud.com\/blog\/?p=774","url_meta":{"origin":697,"position":3},"title":"Consommer","author":"SG","date":"10 d\u00e9cembre 2013","format":false,"excerpt":"L'alimentation est un sujet vaste. En tant qu'ancien\u00a0 formateur, j'accorde \u00e9norm\u00e9ment de place aux entretiens psychoth\u00e9rapeutiques, car ils apportent une r\u00e9ponse \u00e0 nombre de soucis li\u00e9s \u00e0 l'alimentation. On se nourrit comme on vit. Comprendre c'est agir. Ce dossier va nous faire explorer l'aspect soci\u00e9tal d'une consommation qui n'est pas\u2026","rel":"","context":"Dans &quot;Dossiers&quot;","block_context":{"text":"Dossiers","link":"https:\/\/www.stefaneguilbaud.com\/blog\/?cat=9"},"img":{"alt_text":"","src":"https:\/\/i0.wp.com\/www.stefaneguilbaud.com\/blog\/wp-content\/uploads\/2013\/12\/shopping.jpg?fit=800%2C435&ssl=1&resize=350%2C200","width":350,"height":200,"srcset":"https:\/\/i0.wp.com\/www.stefaneguilbaud.com\/blog\/wp-content\/uploads\/2013\/12\/shopping.jpg?fit=800%2C435&ssl=1&resize=350%2C200 1x, https:\/\/i0.wp.com\/www.stefaneguilbaud.com\/blog\/wp-content\/uploads\/2013\/12\/shopping.jpg?fit=800%2C435&ssl=1&resize=525%2C300 1.5x, https:\/\/i0.wp.com\/www.stefaneguilbaud.com\/blog\/wp-content\/uploads\/2013\/12\/shopping.jpg?fit=800%2C435&ssl=1&resize=700%2C400 2x"},"classes":[]},{"id":759,"url":"https:\/\/www.stefaneguilbaud.com\/blog\/?p=759","url_meta":{"origin":697,"position":4},"title":"Les centenaires Abkhazes","author":"SG","date":"10 d\u00e9cembre 2013","format":false,"excerpt":"Long\u00e9vit\u00e9 \u2260 Sant\u00e9. Depuis plus de dix ans, je suis g\u00ean\u00e9 par les statistiques qui nous rassurent sur le fait que nous vivons de plus en plus vieux. Ils sont fiers de nous indiquer que les hommes qui naissent aujourd'hui ont une esp\u00e9rance de vie moyenne de 78,2\u00a0ann\u00e9es et les\u2026","rel":"","context":"Dans &quot;Dossiers&quot;","block_context":{"text":"Dossiers","link":"https:\/\/www.stefaneguilbaud.com\/blog\/?cat=9"},"img":{"alt_text":"","src":"https:\/\/i0.wp.com\/www.stefaneguilbaud.com\/blog\/wp-content\/uploads\/2013\/12\/abkaz.jpg?fit=800%2C435&ssl=1&resize=350%2C200","width":350,"height":200,"srcset":"https:\/\/i0.wp.com\/www.stefaneguilbaud.com\/blog\/wp-content\/uploads\/2013\/12\/abkaz.jpg?fit=800%2C435&ssl=1&resize=350%2C200 1x, https:\/\/i0.wp.com\/www.stefaneguilbaud.com\/blog\/wp-content\/uploads\/2013\/12\/abkaz.jpg?fit=800%2C435&ssl=1&resize=525%2C300 1.5x, https:\/\/i0.wp.com\/www.stefaneguilbaud.com\/blog\/wp-content\/uploads\/2013\/12\/abkaz.jpg?fit=800%2C435&ssl=1&resize=700%2C400 2x"},"classes":[]},{"id":1584,"url":"https:\/\/www.stefaneguilbaud.com\/blog\/?p=1584","url_meta":{"origin":697,"position":5},"title":"Nos vies discount ?","author":"SG","date":"4 ao\u00fbt 2015","format":false,"excerpt":"Ceux qui me connaissent savent tout l'amour que je porte \u00e0 la grande distribution et aux discounts. Le mod\u00e8le \u00e9conomique de la grande surface des ann\u00e9es 60 \u00e0 nos jours n'a fait qu'\u00e9loigner le consommateur de son alimentation et de ses r\u00e9alit\u00e9s. Vecteurs d'un ph\u00e9nom\u00e8ne de masse sous perfusions de\u2026","rel":"","context":"Dans &quot;Actualit\u00e9s&quot;","block_context":{"text":"Actualit\u00e9s","link":"https:\/\/www.stefaneguilbaud.com\/blog\/?cat=8"},"img":{"alt_text":"","src":"https:\/\/i0.wp.com\/www.stefaneguilbaud.com\/blog\/wp-content\/uploads\/2015\/08\/discount.jpg?fit=800%2C435&ssl=1&resize=350%2C200","width":350,"height":200,"srcset":"https:\/\/i0.wp.com\/www.stefaneguilbaud.com\/blog\/wp-content\/uploads\/2015\/08\/discount.jpg?fit=800%2C435&ssl=1&resize=350%2C200 1x, https:\/\/i0.wp.com\/www.stefaneguilbaud.com\/blog\/wp-content\/uploads\/2015\/08\/discount.jpg?fit=800%2C435&ssl=1&resize=525%2C300 1.5x, https:\/\/i0.wp.com\/www.stefaneguilbaud.com\/blog\/wp-content\/uploads\/2015\/08\/discount.jpg?fit=800%2C435&ssl=1&resize=700%2C400 2x"},"classes":[]}],"jetpack_likes_enabled":true,"_links":{"self":[{"href":"https:\/\/www.stefaneguilbaud.com\/blog\/index.php?rest_route=\/wp\/v2\/posts\/697","targetHints":{"allow":["GET"]}}],"collection":[{"href":"https:\/\/www.stefaneguilbaud.com\/blog\/index.php?rest_route=\/wp\/v2\/posts"}],"about":[{"href":"https:\/\/www.stefaneguilbaud.com\/blog\/index.php?rest_route=\/wp\/v2\/types\/post"}],"author":[{"embeddable":true,"href":"https:\/\/www.stefaneguilbaud.com\/blog\/index.php?rest_route=\/wp\/v2\/users\/1"}],"replies":[{"embeddable":true,"href":"https:\/\/www.stefaneguilbaud.com\/blog\/index.php?rest_route=%2Fwp%2Fv2%2Fcomments&post=697"}],"version-history":[{"count":7,"href":"https:\/\/www.stefaneguilbaud.com\/blog\/index.php?rest_route=\/wp\/v2\/posts\/697\/revisions"}],"predecessor-version":[{"id":726,"href":"https:\/\/www.stefaneguilbaud.com\/blog\/index.php?rest_route=\/wp\/v2\/posts\/697\/revisions\/726"}],"wp:featuredmedia":[{"embeddable":true,"href":"https:\/\/www.stefaneguilbaud.com\/blog\/index.php?rest_route=\/wp\/v2\/media\/701"}],"wp:attachment":[{"href":"https:\/\/www.stefaneguilbaud.com\/blog\/index.php?rest_route=%2Fwp%2Fv2%2Fmedia&parent=697"}],"wp:term":[{"taxonomy":"category","embeddable":true,"href":"https:\/\/www.stefaneguilbaud.com\/blog\/index.php?rest_route=%2Fwp%2Fv2%2Fcategories&post=697"},{"taxonomy":"post_tag","embeddable":true,"href":"https:\/\/www.stefaneguilbaud.com\/blog\/index.php?rest_route=%2Fwp%2Fv2%2Ftags&post=697"}],"curies":[{"name":"wp","href":"https:\/\/api.w.org\/{rel}","templated":true}]}}