{"id":548,"date":"2009-06-02T13:11:17","date_gmt":"2009-06-02T12:11:17","guid":{"rendered":"http:\/\/www.stefaneguilbaud.com\/journal\/?p=548"},"modified":"2024-09-10T07:54:47","modified_gmt":"2024-09-10T06:54:47","slug":"gambetta-laperitif-sans-alcool","status":"publish","type":"post","link":"https:\/\/www.stefaneguilbaud.com\/blog\/?p=548","title":{"rendered":"Gambetta, l&rsquo;ap\u00e9ritif sans alcool !"},"content":{"rendered":"<blockquote><p>MESSAGE DE MISE \u00c0 JOUR :<\/p>\n<p>Cet article pr\u00e9sentait le joli tour de pass-pass sur les bouteilles de Gambetta. Aujourd&rsquo;hui, m\u00eame si la recette a enfin \u00e9t\u00e9 chang\u00e9e et que tout est revenu dans l&rsquo;ordre, je laisse l&rsquo;ancien article car cette histoire peut servir et faire \u00e9cho \u00e0 d&rsquo;autres produits du march\u00e9.<br \/>\nCe fut long\u2026 Mais merci \u00e0 la distillerie Janot pour avoir enfin r\u00e9agit et port\u00e9 leur produit \u00e0 la hauteur du souvenir de notre enfance.<br \/>\nActuellement, les ingr\u00e9dients du Gambetta sont :<br \/>\nEau, colorant : caramel ordinaire, extrait de plantes, acidifiant : acide citrique, extrait d&rsquo;agrumes.<br \/>\nTout va bien ! Buvons un Gambetta limonade au comptoir !<\/p><\/blockquote>\n<p>&nbsp;<\/p>\n<p>ANCIEN ARTICLE :<\/p>\n<p>Le Gambetta est une boisson que l&rsquo;on appr\u00e9cie dans le sud. Boisson locale par excellence depuis 1924, cette boisson \u00e0 base d&rsquo;extraits v\u00e9g\u00e9taux, se sert avec de la limonade tr\u00e8s fra\u00eeche au bar, \u00e0 la maison, ou sous la tonnelle, \u00e0 l&rsquo;ombre du cagnard* mais &#8230;<\/p>\n<p><a href=\"https:\/\/i0.wp.com\/www.stefaneguilbaud.com\/blog\/wp-content\/uploads\/2013\/12\/Gambetta.jpg\"><img data-recalc-dims=\"1\" loading=\"lazy\" decoding=\"async\" class=\"alignnone size-full wp-image-550\" src=\"https:\/\/i0.wp.com\/www.stefaneguilbaud.com\/blog\/wp-content\/uploads\/2013\/12\/Gambetta.jpg?resize=550%2C516\" alt=\"Gambetta\" width=\"550\" height=\"516\" srcset=\"https:\/\/i0.wp.com\/www.stefaneguilbaud.com\/blog\/wp-content\/uploads\/2013\/12\/Gambetta.jpg?w=550&amp;ssl=1 550w, https:\/\/i0.wp.com\/www.stefaneguilbaud.com\/blog\/wp-content\/uploads\/2013\/12\/Gambetta.jpg?resize=300%2C281&amp;ssl=1 300w\" sizes=\"auto, (max-width: 550px) 100vw, 550px\" \/><\/a><\/p>\n<p>Fier de pr\u00e9senter ce produit du Sud, j&rsquo;ai r\u00e9cemment offert des bouteilles achet\u00e9es dans le commerce, \u00e0 mes amis de Paris.<br \/>\n\u00ab\u00a0Tu ne connais pas ? Parisien ! Go\u00fbte gari ! Tu connais pas \u00e7a, tu connais degun !\u00a0\u00bb<br \/>\nMais quelque chose m&rsquo;a interpell\u00e9 dans la composition. Une inqui\u00e9tude pour lequel je connaissais d\u00e9j\u00e0 la r\u00e9ponse. Je vous fais part de cette d\u00e9couverte, concernant ce produit, mais je peux vous assurer que cela vaut pour beaucoup d&rsquo;autres produits. Il ne m&rsquo;est pas difficile de les citer mais plus difficile de trouver des photos ou produits \u00ab\u00a0prouvant\u00a0\u00bb la modification de la composition. Aussi, avant de continuer, je lance un appel \u00e0 toutes les personnes qui auraient encore dans leurs greniers ou caves de vieux emballages ou bouteilles de produits encore commercialis\u00e9s \u00e0 ce jour.<br \/>\nObservez bien la photo ci-dessus. Vous y voyez deux bouteilles de Gambetta, vues \u00e0 la fois de face et de dos. L&rsquo;une des bouteilles \u00e0 \u00e9t\u00e9 commercialis\u00e9e en 1993, l&rsquo;autre en 2009. Je ne connais pas les dates exactes de ces changements et m&rsquo;en r\u00e9f\u00e8re aux deux dates limites, de consommation mentionn\u00e9es, des bouteilles en ma possession. La forme a chang\u00e9, la hauteur, le graphisme de l&rsquo;\u00e9tiquette. Rien d&rsquo;extraordinaire. Tout produit qui se respecte se doit de changer, de s&rsquo;adapter, de s\u00e9duire en permanence. Mais rien n&rsquo;indique sur l&rsquo;\u00e9tiquette que la composition a \u00e9t\u00e9 modifi\u00e9e. Rien n&rsquo;indique que la recette de 1924 ou de 1993 a \u00e9t\u00e9 discr\u00e8tement r\u00e9-am\u00e9nag\u00e9e.<\/p>\n<p><strong><a href=\"https:\/\/i0.wp.com\/www.stefaneguilbaud.com\/blog\/wp-content\/uploads\/2013\/12\/GambettaTiket.jpg\"><img data-recalc-dims=\"1\" loading=\"lazy\" decoding=\"async\" src=\"https:\/\/i0.wp.com\/www.stefaneguilbaud.com\/blog\/wp-content\/uploads\/2013\/12\/GambettaTiket.jpg?resize=550%2C158\" alt=\"GambettaTiket\" width=\"550\" height=\"158\" \/><\/a><\/strong><\/p>\n<p><strong>Commen\u00e7ons par l&rsquo;ingr\u00e9dient caramel.<\/strong><br \/>\nIl est tr\u00e8s certainement, depuis toujours, fait avec du sucre raffin\u00e9, mais cela vaut pour tous les produits commercialis\u00e9s [<em>d&rsquo;autres billets traitent du sujet des sucres raffin\u00e9s<\/em>].<br \/>\nMais ce qui est troublant, c&rsquo;est que le \u00ab\u00a0<em>caramel<\/em>\u00a0\u00bb de 1993 est devenu sur la bouteille de 2009 \u00ab\u00a0<em>E150b<\/em>\u00a0\u00bb ! Si l&rsquo;on en croit la nomenclature des additifs alimentaires, voici la liste des caramels disponibles sous la d\u00e9nomination E150.<br \/>\nE150 a : Caramel<br \/>\nE150 b : Caramel sulfit\u00e9<br \/>\nE150 c : Caramel ammoniacal<br \/>\nE150 d : Caramel au sulfite d&rsquo;ammonium<\/p>\n<p>En traduction de la recette de 1993, il devrait \u00eatre encore mentionn\u00e9 aujourd&rsquo;hui E150, mais cette derni\u00e8re nous pr\u00e9cise, en 2009, le E150 b et ce petit \u00ab\u00a0b\u00a0\u00bb a toute son importance : il s&rsquo;agit d&rsquo;un caramel sulfit\u00e9 !<br \/>\nEn juillet 2005, une note destin\u00e9e \u00e0 des m\u00e9decins, en particulier aux m\u00e9decins allergologues et aux m\u00e9decins p\u00e9diatres (1) mentionnait ces produits comme suspects. Ce caramel se nomme aussi \u00ab\u00a0Caramel de sulfite caustique\u00a0\u00bb ou bien encore \u00ab\u00a0Caramel II (proc\u00e9d\u00e9 au sulfite caustique)\u00a0\u00bb<\/p>\n<p><strong>Mais l\u00e0 ne s&rsquo;arr\u00eate pas ma grande surprise.<\/strong><br \/>\n<strong>Le sucre a \u00e9t\u00e9 remplac\u00e9 par du sirop de glucose et du sirop de fructose<\/strong> et je ne peux m&#8217;emp\u00eacher de penser au couple glucose-fructose qui se retrouve dans un nombre impressionnant de produits mis sur le march\u00e9.<\/p>\n<p>Une petite explication s&rsquo;impose afin de comprendre pourquoi je r\u00e9agis \u00e0 cet ingr\u00e9dient.<br \/>\nRetour en arri\u00e8re.<br \/>\nEn lisant Toxic de Wiliam Reymond, on y apprend ceci.<br \/>\nLe 2 d\u00e9cembre 1971, Earl Butz avait deux missions. sauvez la t\u00eate de Nixon, en plein p\u00e9riode \u00e9lectorale, et transformer l&rsquo;industrie am\u00e9ricaine. L&rsquo;Am\u00e9rique avait depuis ses exportations massives de bl\u00e9s et de ma\u00efs vers la Russie, des stocks impressionnants de cette plante, le ma\u00efs qu&rsquo;il fallait exploiter et transformer en or jaune ! Des chimistes de la Clinton Corn Processing Company avaient trouv\u00e9 la pierre philosophale. Cette id\u00e9e rentable qui allait encore aujourd&rsquo;hui transformer chaque ann\u00e9e 530 millions de boisseaux de ma\u00efs en 8 milliards de litres de jus de glucose-fructose, nomm\u00e9s le HFCS 55 (High Fructose Corn Syrup \u00e0 55% de fructose).<br \/>\nAux Etats-Unis, \u00e0 son insu, un am\u00e9ricain absorbait 292 grammes par an au d\u00e9but de cette diffusion et en ingurgite aujourd&rsquo;hui 33,4 Kg.<br \/>\nEn France, j&rsquo;observe le ph\u00e9nom\u00e8ne depuis vraiment 4 ans mais il s&rsquo;est acc\u00e9l\u00e9r\u00e9 depuis vraiment 2 ans. C&rsquo;est incroyable le nombre de soit disant recettes \u00ab\u00a0<em>traditionnelles<\/em>\u00a0\u00bb qui ont succomb\u00e9 \u00e0 ce sucre de ma\u00efs. Les produits bons march\u00e9s en regorgent, mais les grandes marques se laissent tenter.<\/p>\n<p>Mais que reprocher au HFSC 55 (En France, il se nomme glucose-fructose ou fructose-glucose) ?<br \/>\n<em>\u00ab\u00a0Le sucre de canne ou sucrose n&rsquo;a pas la m\u00eame structure mol\u00e9culaire que le sirop de glucose fructose. Le premier est constitu\u00e9 d&rsquo;une seule mol\u00e9cule. Le second en combine deux<\/em> \u00a0\u00bb r\u00e9p\u00e8te sans cesse George Bray [Professeur aupr\u00e8s du Louisiana State University Medical Center et Directeur Em\u00e9rite du Pennington Biomedical Research Center, Baton Rouge].<br \/>\nCe m\u00eame scientifique fini l&rsquo;un de ses rapports en adressant un message aux parents \u00ab\u00a0L&rsquo;exposition de jeunes enfants \u00e0 l&rsquo;HFSC peut laisser des traces nuisibles dans leur cerveau. Rendant l&rsquo;ob\u00e9sit\u00e9 plus probable et plus difficile \u00e0 contr\u00f4ler\u00a0\u00bb<\/p>\n<p>Le HFSC n&rsquo;est pas un produit naturel et le pr\u00e9tendre serait un mensonge, c&rsquo;est ce que Michael Jacobson clame.<br \/>\nIl s&rsquo;agit d&rsquo;un produit industriel, d&rsquo;un produit transform\u00e9 avec des centrifugeuses d&rsquo;hydroclones \u00e9quip\u00e9es de colonnes \u00e9changeuses de cation et des seaux d&rsquo;enzymes.<br \/>\nWilliam Reymond nous rappelle que malgr\u00e9 son approbation en 1983 comme produit \u00ab\u00a0s\u00fbr\u00a0\u00bb, le glucose-fructose n&rsquo;a jamais \u00e9t\u00e9 test\u00e9 car la FDA (F\u00e9d\u00e9ral Drug Administration) Cette administration am\u00e9ricaine pr\u00e9sume conna\u00eetre le glucose et le fructose. Mais elle ne sait rien des deux mol\u00e9cules associ\u00e9es. Nous ne savons strictement rien des effets \u00e0 long terme mais nous en connaissons d\u00e9j\u00e0 les effets \u00e0 court-termes. L&rsquo;ambigu\u00eft\u00e9 du terme \u00ab\u00a0fructose\u00a0\u00bb est d&rsquo;autant plus confusante que les fruits en contiennent, mais de l\u00e0 \u00e0 mettre dans le m\u00eame panier le fructose de fruit et de ma\u00efs !<br \/>\nL&rsquo;ingestion de quantit\u00e9s de fructose favoriserait une augmentation des triglyc\u00e9rides sanguins, comme le rappelait l&rsquo;Afssa dans son rapport de 2004 sur les glucides. Or, il est \u00e9tabli qu&rsquo;un taux de triglyc\u00e9rides \u00e9lev\u00e9 est un facteur de risque cardiovasculaire(2)<\/p>\n<p>Toujours dans ce livre, en page 192, on peut y lire une citation d&rsquo;un retrait\u00e9 d&rsquo;une compagnie fournissant du HFSC.<br \/>\n\u00ab\u00a0<em>La diff\u00e9rence entre le sucre et le sirop de ma\u00efs ? Avant, vous buviez deux ou trois Coke d&rsquo;affil\u00e9e et, \u00e0 cause des quantit\u00e9s de sucre, vous \u00e9tiez malade. Maintenant vous pouvez vous descendre un ou deux litres et ne pas vomir. Pour recommencer quelques minutes apr\u00e8s. Voil\u00e0 la diff\u00e9rence.<\/em>\u00a0\u00bb<\/p>\n<p>Ce sucre liquide s&rsquo;ingurgite tr\u00e8s facilement et je vais \u00e0 travers ce blog, tenter de retrouver d&rsquo;anciennes \u00e9tiquettes ou emballages pour vous d\u00e9montrer la sournoiserie de son introduction sur le march\u00e9 europ\u00e9en.<br \/>\nEn fait ce sirop est soumis \u00e0 une r\u00e8gle qui nous \u00e9pargne un peu. En effet, afin de prot\u00e9ger l&rsquo;industrie sucri\u00e8re traditionnelle, en Europe, tout \u00e9dulcorant contenant plus de 10% de fructose est soumis \u00e0 un quota. Maigre consolation.<br \/>\nPour se d\u00e9barrasser de stock de ma\u00efs, une industrie a \u00e9t\u00e9 autoris\u00e9e \u00e0 alt\u00e9rer notre alimentation, une fois de plus. R\u00e9agissez. Refusez TOUT produit en contenant &#8230; au nom de vos enfants ou futurs enfants.<\/p>\n<p>Merci Thierry pour cette bouteille de 1993 que tu avais oubli\u00e9 sur une \u00e9tag\u00e8re dans ta cave et merci pour tes tuyaux pour trouver encore bien d&rsquo;autres tr\u00e9sors.<br \/>\nD\u00e9sol\u00e9 pour mes amis parisiens. En Provence, on aime la tradition et \u00e7a se respecte. Si vous avez aim\u00e9 cette boisson. Patientez. Je suis optimiste et reste persuad\u00e9 que la distillerie Janot \u00e0 Aubagne (Bouches-du-Rh\u00f4ne), va finir par revenir \u00e0 la recette traditionnelle. Je leur ai d&rsquo;ailleurs demand\u00e9 des explications \u00e0 ce sujet sur le net mais je n&rsquo;ai jamais eu de r\u00e9ponse.<\/p>\n<p><span style=\"font-size: xx-small;\"><em>* soleil caniculaire<\/em><\/span><\/p>\n<p><span style=\"font-size: xx-small;\"><em>(1) Bibliographie r\u00e9f\u00e9rentielle<\/em><\/span><br \/>\n<span style=\"font-size: xx-small;\"><em>Dr. Yves Jean Charles et Jean Luc Darrigol : Guide pratique de di\u00e9t\u00e9tique familiale. \u00c9ditions Dangles. 1987. 320 pages.<\/em><\/span><br \/>\n<span style=\"font-size: xx-small;\"><em>Dr. E.G. Peeters : L&rsquo;ABC de la di\u00e9t\u00e9tique. Guide Marabout. GM 41. 320 pages. Juin 1988.<\/em><\/span><br \/>\n<span style=\"font-size: xx-small;\"><em>Henri-Charles Geffroy\u00a0 : L\u2019alimentation saine. \u00c9ditions Dangles, 1979, r\u00e9 \u00e9dit\u00e9 et mis \u00e0 jour en 2001. 158 pages.<br \/>\n(2) http:\/\/www.lepointsurlatable.fr\/index.php?id=448<\/em><\/span><\/p>\n<p><em>\u00a0<\/em><\/p>\n<p><em><strong>EN SAVOIR PLUS :<\/strong><\/em><\/p>\n<p><span style=\"font-size: xx-small;\">Sur le site de <a href=\"http:\/\/manger-sain.creanet44.fr\/glucose-fructose.html\" hreflang=\"fr\">manger-sain.creanet44<\/a>, on peut y lire : \u00ab\u00a0<\/span><\/p>\n<p><span style=\"font-size: xx-small;\">Le sirop de glucose-<wbr \/>fructose est en r\u00e9alit\u00e9 un sirop de ma\u00efs riche en fructose. Pr\u00e9sent dans de nombreux produits \u00adindustriels en raison de son fort pouvoir sucrant pour un co\u00fbt inf\u00e9rieur au sucre traditionnel, cet extrait d\u2019amidon augmenterait, selon des \u00e9tudes am\u00e9ricaines, le taux de triglyc\u00e9rides dans le sang et favoriserait l\u2019ob\u00e9sit\u00e9. Pour les m\u00e9decins nutritionnistes Jean-<wbr \/>Michel Cohen et Patrick Serog, le verdict est sans appel : \u00e0 \u00e9viter ! Attention, les \u00e9tiquettes mentionnent parfois seulement \u00ab sirop de glucose \u00bb\u2026\u00a0\u00bb<\/span><\/p>\n<p><span style=\"font-size: xx-small;\"><em>Extrait de d\u00e9finitions trouv\u00e9es sur <em>http:\/\/www.admin.ch <\/em>:<\/em><\/span><br \/>\n<span style=\"font-size: xx-small;\"><strong><em>Chapitre 2 Sucres, produits \u00e0 base de sucres<\/em><\/strong><\/span><br \/>\n<span style=\"font-size: xx-small;\"><em>Art. 4 Sucre liquide inverti, sirop de sucre inverti<\/em><\/span><br \/>\n<span style=\"font-size: xx-small;\"><em>Art. 6 Sucre de raisin contenant de l\u2019eau de cristallisation et sucre de raisin exempt d\u2019eau (glucose ou dextrose)<\/em><\/span><br \/>\n<span style=\"font-size: xx-small;\"><em>Art. 5 Sirop de glucose, sirop de glucose-fructose, sirop de fructose-glucose et sirop de glucose d\u00e9shydrat\u00e9, sirop de glucose-fructose d\u00e9shydrat\u00e9, sirop de fructose-glucose d\u00e9shydrat\u00e9<\/em><\/span><br \/>\n<span style=\"font-size: xx-small;\"><em>1 Le sirop de glucose est une solution aqueuse purifi\u00e9e et concentr\u00e9e de saccharides nutritives obtenues \u00e0 partir d\u2019amidon ou d\u2019insuline.<\/em><\/span><br \/>\n<span style=\"font-size: xx-small;\"><em>2 Le sirop de glucose d\u00e9shydrat\u00e9 est du sirop de glucose dont la mati\u00e8re s\u00e8che est d\u2019au moins 93 % masse.<\/em><\/span><br \/>\n<span style=\"font-size: xx-small;\"><em>3 Si le sirop de glucose est obtenu exclusivement \u00e0 partir d\u2019amidon, on peut utiliser la d\u00e9signation \u00absirop d\u2019amidon\u00bb.<\/em><\/span><br \/>\n<span style=\"font-size: xx-small;\"><em>4 Si le sirop de glucose d\u00e9shydrat\u00e9 est obtenu exclusivement \u00e0 partir d\u2019amidon, on peut utiliser la d\u00e9signation \u00absucre d\u2019amidon\u00bb.<\/em><\/span><br \/>\n<span style=\"font-size: xx-small;\"><em>5 Lorsque le sirop de glucose ou le sirop de glucose d\u00e9shydrat\u00e9 contiennent plus de 5 % masse de fructose, rapport\u00e9s \u00e0 la mati\u00e8re s\u00e8che, ils doivent porter la d\u00e9signation sirop de glucose-fructose ou sirop de fructose-glucose, sirop de glucose-fructose d\u00e9shydrat\u00e9 ou sirop de fructose-glucose d\u00e9shydrat\u00e9, selon que la teneur en glucose ou la teneur en fructose est la plus importante.<\/em><\/span><\/p>\n","protected":false},"excerpt":{"rendered":"<p>MESSAGE DE MISE \u00c0 JOUR : Cet article pr\u00e9sentait le joli tour de pass-pass sur les bouteilles de Gambetta. Aujourd&rsquo;hui, m\u00eame si la recette a &hellip; <\/p>\n","protected":false},"author":1,"featured_media":553,"comment_status":"open","ping_status":"open","sticky":false,"template":"","format":"standard","meta":{"_exactmetrics_skip_tracking":false,"_exactmetrics_sitenote_active":false,"_exactmetrics_sitenote_note":"","_exactmetrics_sitenote_category":0,"jetpack_post_was_ever_published":false,"_jetpack_newsletter_access":"","_jetpack_dont_email_post_to_subs":false,"_jetpack_newsletter_tier_id":0,"_jetpack_memberships_contains_paywalled_content":false,"_jetpack_memberships_contains_paid_content":false,"footnotes":"","jetpack_publicize_message":"","jetpack_publicize_feature_enabled":true,"jetpack_social_post_already_shared":false,"jetpack_social_options":{"image_generator_settings":{"template":"highway","default_image_id":0,"font":"","enabled":false},"version":2}},"categories":[1],"tags":[],"class_list":["post-548","post","type-post","status-publish","format-standard","has-post-thumbnail","hentry","category-alimentation"],"jetpack_publicize_connections":[],"jetpack_featured_media_url":"https:\/\/i0.wp.com\/www.stefaneguilbaud.com\/blog\/wp-content\/uploads\/2009\/06\/liquide.jpg?fit=800%2C435&ssl=1","jetpack_sharing_enabled":true,"jetpack_shortlink":"https:\/\/wp.me\/p8a0UX-8Q","jetpack-related-posts":[{"id":1463,"url":"https:\/\/www.stefaneguilbaud.com\/blog\/?p=1463","url_meta":{"origin":548,"position":0},"title":"Ph\u00e9nom\u00e8ne de [triste] mode","author":"SG","date":"31 mai 2015","format":false,"excerpt":"Attention, un nouveau ph\u00e9nom\u00e8ne s\u2019abat sur nos villes et\u2026 campagnes. Apr\u00e8s le m\u00e9got de cigarette (1 seul m\u00e9got polluera au final 500 litres d'eau), une nouvelle g\u00e9n\u00e9ration d\u2019incivilit\u00e9 arrive en force\u2026 le sachet aluminium de boisson. Chaque fois que je me prom\u00e8ne dans la nature, dans chaque coins, depuis quelques\u2026","rel":"","context":"Dans &quot;Alimentation&quot;","block_context":{"text":"Alimentation","link":"https:\/\/www.stefaneguilbaud.com\/blog\/?cat=1"},"img":{"alt_text":"","src":"https:\/\/i0.wp.com\/www.stefaneguilbaud.com\/blog\/wp-content\/uploads\/2013\/11\/coupdegueule.jpg?fit=800%2C435&ssl=1&resize=350%2C200","width":350,"height":200,"srcset":"https:\/\/i0.wp.com\/www.stefaneguilbaud.com\/blog\/wp-content\/uploads\/2013\/11\/coupdegueule.jpg?fit=800%2C435&ssl=1&resize=350%2C200 1x, https:\/\/i0.wp.com\/www.stefaneguilbaud.com\/blog\/wp-content\/uploads\/2013\/11\/coupdegueule.jpg?fit=800%2C435&ssl=1&resize=525%2C300 1.5x, https:\/\/i0.wp.com\/www.stefaneguilbaud.com\/blog\/wp-content\/uploads\/2013\/11\/coupdegueule.jpg?fit=800%2C435&ssl=1&resize=700%2C400 2x"},"classes":[]},{"id":1497,"url":"https:\/\/www.stefaneguilbaud.com\/blog\/?p=1497","url_meta":{"origin":548,"position":1},"title":"Une publication sur le sucre troublante ?","author":"SG","date":"28 ao\u00fbt 2015","format":false,"excerpt":"Incroyable information que cette brochure, trouv\u00e9e dans une petite brocante, \u00e0 Yvoire (Haute-Savoie), que j\u2019estime appartenir, d\u2019apr\u00e8s la mise en page, aux ann\u00e9es\u00a070. Elle est \u00ab\u00a0\u00e9dit\u00e9e sous les auspices du Centre d\u2019\u00c9tudes et de Documentation pour l\u2019Utilisation du Sucre.\u00a0\u00bb, c\u2019est-\u00e0-dire le CEDUS. J\u2019y apprends que pour vivre mieux, l\u00e9ger, en\u2026","rel":"","context":"Dans &quot;Alimentation&quot;","block_context":{"text":"Alimentation","link":"https:\/\/www.stefaneguilbaud.com\/blog\/?cat=1"},"img":{"alt_text":"","src":"https:\/\/i0.wp.com\/www.stefaneguilbaud.com\/blog\/wp-content\/uploads\/2015\/06\/sugar.png?fit=800%2C435&ssl=1&resize=350%2C200","width":350,"height":200,"srcset":"https:\/\/i0.wp.com\/www.stefaneguilbaud.com\/blog\/wp-content\/uploads\/2015\/06\/sugar.png?fit=800%2C435&ssl=1&resize=350%2C200 1x, https:\/\/i0.wp.com\/www.stefaneguilbaud.com\/blog\/wp-content\/uploads\/2015\/06\/sugar.png?fit=800%2C435&ssl=1&resize=525%2C300 1.5x, https:\/\/i0.wp.com\/www.stefaneguilbaud.com\/blog\/wp-content\/uploads\/2015\/06\/sugar.png?fit=800%2C435&ssl=1&resize=700%2C400 2x"},"classes":[]},{"id":383,"url":"https:\/\/www.stefaneguilbaud.com\/blog\/?p=383","url_meta":{"origin":548,"position":2},"title":"La bi\u00e8re sans alcool","author":"SG","date":"8 avril 2010","format":false,"excerpt":"Ch\u00e9ri, laisse boire le petit ... cette bi\u00e8re est sans alcool ! On pourrait le croire mais la mention \"sans alcool\" ne veut pas dire \"z\u00e9ro alcool\".Si le taux ne d\u00e9passe pas 1,2 %, le fabricant a le droit de mentionner cette appellation, mais rassurez-vous. Avec le taux avoisinant g\u00e9n\u00e9ralement\u2026","rel":"","context":"Dans &quot;Alimentation&quot;","block_context":{"text":"Alimentation","link":"https:\/\/www.stefaneguilbaud.com\/blog\/?cat=1"},"img":{"alt_text":"","src":"https:\/\/i0.wp.com\/www.stefaneguilbaud.com\/blog\/wp-content\/uploads\/2010\/04\/biere.jpg?fit=800%2C435&ssl=1&resize=350%2C200","width":350,"height":200,"srcset":"https:\/\/i0.wp.com\/www.stefaneguilbaud.com\/blog\/wp-content\/uploads\/2010\/04\/biere.jpg?fit=800%2C435&ssl=1&resize=350%2C200 1x, https:\/\/i0.wp.com\/www.stefaneguilbaud.com\/blog\/wp-content\/uploads\/2010\/04\/biere.jpg?fit=800%2C435&ssl=1&resize=525%2C300 1.5x, https:\/\/i0.wp.com\/www.stefaneguilbaud.com\/blog\/wp-content\/uploads\/2010\/04\/biere.jpg?fit=800%2C435&ssl=1&resize=700%2C400 2x"},"classes":[]},{"id":3168,"url":"https:\/\/www.stefaneguilbaud.com\/blog\/?p=3168","url_meta":{"origin":548,"position":3},"title":"La bi\u00e8re sans gluten se fait mousser","author":"SG","date":"17 avril 2019","format":false,"excerpt":"\"Le march\u00e9 du \u201csans gluten\u201d n\u2019a pas \u00e9chapp\u00e9 \u00e0 celui de la bi\u00e8re. Bien que cette boisson soit plus un plaisir occasionnel qu\u2019un aliment, rien n\u2019est plus frustrant pour un intol\u00e9rant ou sensible au gluten que de ne pouvoir en boire. Heureusement, les industriels ont voulu combler cette frustration, avec\u2026","rel":"","context":"Dans &quot;Alimentation&quot;","block_context":{"text":"Alimentation","link":"https:\/\/www.stefaneguilbaud.com\/blog\/?cat=1"},"img":{"alt_text":"","src":"https:\/\/i0.wp.com\/www.stefaneguilbaud.com\/blog\/wp-content\/uploads\/2019\/04\/bieresg-studio.jpg?fit=800%2C435&ssl=1&resize=350%2C200","width":350,"height":200,"srcset":"https:\/\/i0.wp.com\/www.stefaneguilbaud.com\/blog\/wp-content\/uploads\/2019\/04\/bieresg-studio.jpg?fit=800%2C435&ssl=1&resize=350%2C200 1x, https:\/\/i0.wp.com\/www.stefaneguilbaud.com\/blog\/wp-content\/uploads\/2019\/04\/bieresg-studio.jpg?fit=800%2C435&ssl=1&resize=525%2C300 1.5x, https:\/\/i0.wp.com\/www.stefaneguilbaud.com\/blog\/wp-content\/uploads\/2019\/04\/bieresg-studio.jpg?fit=800%2C435&ssl=1&resize=700%2C400 2x"},"classes":[]},{"id":4335,"url":"https:\/\/www.stefaneguilbaud.com\/blog\/?p=4335","url_meta":{"origin":548,"position":4},"title":"K\u00e9fir quoi ?","author":"SG","date":"21 avril 2026","format":false,"excerpt":"Cet article r\u00e9pondra \u00e0 une question de Ghislaine A. qui me demande ce que je pense du k\u00e9fir. Elle me dit aimer cette boisson et avoir 50 ans cette d'ann\u00e9e en me pr\u00e9cisant \"Je n'ai jamais eu de ventre et l\u00e0, depuis peu, \u00e7a bidonne. J'ai jamais eu cela ?\"\u2026","rel":"","context":"Dans &quot;Alimentation&quot;","block_context":{"text":"Alimentation","link":"https:\/\/www.stefaneguilbaud.com\/blog\/?cat=1"},"img":{"alt_text":"","src":"https:\/\/i0.wp.com\/www.stefaneguilbaud.com\/blog\/wp-content\/uploads\/2026\/04\/kefir.jpg?fit=800%2C435&ssl=1&resize=350%2C200","width":350,"height":200,"srcset":"https:\/\/i0.wp.com\/www.stefaneguilbaud.com\/blog\/wp-content\/uploads\/2026\/04\/kefir.jpg?fit=800%2C435&ssl=1&resize=350%2C200 1x, https:\/\/i0.wp.com\/www.stefaneguilbaud.com\/blog\/wp-content\/uploads\/2026\/04\/kefir.jpg?fit=800%2C435&ssl=1&resize=525%2C300 1.5x, https:\/\/i0.wp.com\/www.stefaneguilbaud.com\/blog\/wp-content\/uploads\/2026\/04\/kefir.jpg?fit=800%2C435&ssl=1&resize=700%2C400 2x"},"classes":[]},{"id":429,"url":"https:\/\/www.stefaneguilbaud.com\/blog\/?p=429","url_meta":{"origin":548,"position":5},"title":"8 Fran\u00e7ais sur 10 mangent du sucre 1 fois par semaine","author":"SG","date":"8 f\u00e9vrier 2010","format":false,"excerpt":"Le Centre d'\u00c9tudes et de Documentation du Sucre (Cedus) \u00e0 publi\u00e9, le 29 septembre 2009, une \u00e9tude qui r\u00e9v\u00e8le que pr\u00e8s de 8 Fran\u00e7ais sur 10 consomment du sucre au moins une fois par semaine. Gr\u00e2ce aux travaux d'enqu\u00eate de l'Individuelle Nationale des Consommations Alimentaires (Inca), de l'Agence Fran\u00e7aise de\u2026","rel":"","context":"Dans &quot;Actualit\u00e9s&quot;","block_context":{"text":"Actualit\u00e9s","link":"https:\/\/www.stefaneguilbaud.com\/blog\/?cat=8"},"img":{"alt_text":"","src":"https:\/\/i0.wp.com\/www.stefaneguilbaud.com\/blog\/wp-content\/uploads\/2013\/11\/sucre.jpg?fit=800%2C435&ssl=1&resize=350%2C200","width":350,"height":200,"srcset":"https:\/\/i0.wp.com\/www.stefaneguilbaud.com\/blog\/wp-content\/uploads\/2013\/11\/sucre.jpg?fit=800%2C435&ssl=1&resize=350%2C200 1x, https:\/\/i0.wp.com\/www.stefaneguilbaud.com\/blog\/wp-content\/uploads\/2013\/11\/sucre.jpg?fit=800%2C435&ssl=1&resize=525%2C300 1.5x, https:\/\/i0.wp.com\/www.stefaneguilbaud.com\/blog\/wp-content\/uploads\/2013\/11\/sucre.jpg?fit=800%2C435&ssl=1&resize=700%2C400 2x"},"classes":[]}],"jetpack_likes_enabled":true,"_links":{"self":[{"href":"https:\/\/www.stefaneguilbaud.com\/blog\/index.php?rest_route=\/wp\/v2\/posts\/548","targetHints":{"allow":["GET"]}}],"collection":[{"href":"https:\/\/www.stefaneguilbaud.com\/blog\/index.php?rest_route=\/wp\/v2\/posts"}],"about":[{"href":"https:\/\/www.stefaneguilbaud.com\/blog\/index.php?rest_route=\/wp\/v2\/types\/post"}],"author":[{"embeddable":true,"href":"https:\/\/www.stefaneguilbaud.com\/blog\/index.php?rest_route=\/wp\/v2\/users\/1"}],"replies":[{"embeddable":true,"href":"https:\/\/www.stefaneguilbaud.com\/blog\/index.php?rest_route=%2Fwp%2Fv2%2Fcomments&post=548"}],"version-history":[{"count":4,"href":"https:\/\/www.stefaneguilbaud.com\/blog\/index.php?rest_route=\/wp\/v2\/posts\/548\/revisions"}],"predecessor-version":[{"id":4181,"href":"https:\/\/www.stefaneguilbaud.com\/blog\/index.php?rest_route=\/wp\/v2\/posts\/548\/revisions\/4181"}],"wp:featuredmedia":[{"embeddable":true,"href":"https:\/\/www.stefaneguilbaud.com\/blog\/index.php?rest_route=\/wp\/v2\/media\/553"}],"wp:attachment":[{"href":"https:\/\/www.stefaneguilbaud.com\/blog\/index.php?rest_route=%2Fwp%2Fv2%2Fmedia&parent=548"}],"wp:term":[{"taxonomy":"category","embeddable":true,"href":"https:\/\/www.stefaneguilbaud.com\/blog\/index.php?rest_route=%2Fwp%2Fv2%2Fcategories&post=548"},{"taxonomy":"post_tag","embeddable":true,"href":"https:\/\/www.stefaneguilbaud.com\/blog\/index.php?rest_route=%2Fwp%2Fv2%2Ftags&post=548"}],"curies":[{"name":"wp","href":"https:\/\/api.w.org\/{rel}","templated":true}]}}