{"id":546,"date":"2009-06-25T09:01:26","date_gmt":"2009-06-25T08:01:26","guid":{"rendered":"http:\/\/www.stefaneguilbaud.com\/journal\/?p=546"},"modified":"2013-12-05T16:13:52","modified_gmt":"2013-12-05T15:13:52","slug":"nouveau-reglement-bio-europeen-ce-qui-est-vrai-ce-qui-est-faux","status":"publish","type":"post","link":"https:\/\/www.stefaneguilbaud.com\/blog\/?p=546","title":{"rendered":"Nouveau r\u00e8glement bio europ\u00e9en : Ce qui est VRAI, ce qui est FAUX"},"content":{"rendered":"<p>Depuis le 1er janvier 2009, la r\u00e8glementation de l&rsquo;agriculture Bio \u00e0 chang\u00e9. La FNAB (F\u00e9d\u00e9ration Nationale d&rsquo;Agriculture Biologique) r\u00e9pond au vrai-faux qui se dit sur ce dispositif.<\/p>\n<div>\n<h5>[ Textes extraits de http:\/\/www.fnab.org &#8211; droits r\u00e9serv\u00e9s ]<\/h5>\n<h4>Les r\u00e8gles europ\u00e9ennes de la bio viennent de changer<\/h4>\n<p>Depuis le 1er janvier 2009, un nouveau dispositif r\u00e9glementaire est en application auniveau europ\u00e9en. Il comprend aujourd\u2019hui trois textes compl\u00e9mentaires\u00a0: un texte \u00ab\u00a0cadre\u00a0\u00bb, un r\u00e8glement d\u2019application, d\u00e9finissant les \u00e9l\u00e9ments pratiques, et un r\u00e8glement sur les importations.<\/p>\n<h4>Dans le nouveau texte, les OGM sont autoris\u00e9s en bio\u00a0\u00a0<\/h4>\n<p>&amp; Cela d\u00e9pend de quoi on parle\u2026 Il est toujours interdit d\u2019utiliser des OGM en bio mais le nouveau r\u00e8glement pr\u00e9voit :<br \/>Une d\u00e9rogation pour certaines vitamines, auxiliaires technologiques, etc\u2026 fabriqu\u00e9s \u00e0 l\u2019aide d\u2019OGM (mais n\u2019en contenant pas\u00a0!), \u00e0 condition qu\u2019ils n\u2019existent plus du tout sous forme\u00ab\u00a0traditionnelle\u00a0\u00bb.<br \/>Une tol\u00e9rance des contaminations accidentelles (fortuites) des produits bio (ex\u00a0: contamination d\u2019un champ bio par un champ OGM) jusqu\u2019\u00e0 0,9% (comme en conventionnel). Pour la FNAB, aucune contamination n\u2019est acceptable\u00a0! Signalons que des mesures de pr\u00e9cautions renforc\u00e9es pour les bio sont en cours d\u2019\u00e9laboration au niveau fran\u00e7ais et devraient \u00eatre int\u00e9gr\u00e9es dans le plan de contr\u00f4le cadre des organismes certificateurs.<br \/>Notons qu\u2019il n\u2019y a aucun seuil de tol\u00e9rance officiel de contamination OGM pour les semences, en bio comme en conventionnel. En l\u2019absence de texte, aucune pr\u00e9sence d\u2019OGM n\u2019est donc accept\u00e9e dans les semences, qu\u2019elles soient bio ou conventionnelles.<\/p>\n<h4>Le pourcentage d\u2019ingr\u00e9dients bio pour pouvoir \u00e9tiqueter \u00ab\u00a0bio\u00a0\u00bb un produit, passe de 70% d\u2019ingr\u00e9dients bio \u00e0 95%<\/h4>\n<p>La part minimale d\u2019ingr\u00e9dients bio dans un produit vendu comme \u00ab\u00a0bio\u00a0\u00bb est de 95% depuis 1991. Cela ne change pas avec le nouveau texte. Dans l\u2019ancien r\u00e8glement, la cat\u00e9gorie entre 70 et 95% d\u2019ingr\u00e9dients bio permettait de faire r\u00e9f\u00e9rence \u00e0la bio dans la liste des ingr\u00e9dients et d\u2019afficher la mention \u00ab\u00a0contient x% d\u2019ingr\u00e9dients bio\u00a0\u00bb, \u00e0 la condition expresse que les ingr\u00e9dients conventionnels du produit ne soient pas disponibles en bio. Elle ne permettait en aucun cas de pr\u00e9tendre que le produit est bio ou d\u2019avoir acc\u00e8s aux logos AB ou communautaire. Ces derni\u00e8res ann\u00e9es, cette cat\u00e9gorie \u00e9tait d\u2019ailleursquasiment inutilis\u00e9e en France.<\/p>\n<p>En revanche, le texte en application depuis janvier cr\u00e9e une nouvelle cat\u00e9gorie\u00a0: il permet de faire r\u00e9f\u00e9rence \u00e0 la bio dans la liste des ingr\u00e9dients d\u2019un produit sans aucune limite inf\u00e9rieure de pourcentage et sans aucune condition d\u2019absence de disponibilit\u00e9 bio sur les ingr\u00e9dients conventionnels du produit (il y a des conditions sur les additifs). Par contre, un tel produit ne pourra ni afficher le pourcentage d\u2019ingr\u00e9dients bio, ni mettre un logo officiel. Sa publicit\u00e9 sera \u00e9galement tr\u00e8s encadr\u00e9e.<\/p>\n<h4>Il ne peut plus y avoir de r\u00e8gles bio nationales plus strictes<\/h4>\n<p>Le r\u00e8glement europ\u00e9en de la bio s\u2019applique tel quel sur tout le territoire communautaire. Le nouveau texte ne pr\u00e9voit pas, sauf sur quelques points pr\u00e9cis, la possibilit\u00e9 d\u2019avoir des r\u00e8gles nationales plus strictes. Depuis le 1er janvier 2009, le cahier des charges fran\u00e7ais de l\u2019\u00e9levage biologique (CC REPAB F) qui venait compl\u00e9ter le r\u00e8glement UE, en application jusque l\u00e0, a donc disparu. Il n\u2019en subsistera que les productions non d\u00e9finies au niveau europ\u00e9en (escargots, lapins, etc\u2026), la restauration collective, un certain nombre de d\u00e9finitions&#8230;<\/p>\n<h4>Le nouveau texte autorise les produits chimiques en bio<\/h4>\n<p>Le texte interdit a priori l\u2019usage de produits chimiques. Comme dans l\u2019ancien r\u00e8glement, l\u2019usage de pesticides n\u2019est autoris\u00e9 que\u00a0: en cas de danger imm\u00e9diat mena\u00e7ant la culture, lorsque aucune alternative biologique, culturale, physique ou concernant la s\u00e9lection des v\u00e9g\u00e9taux n\u2019\u00e9tait disponible et\/ou efficace, et \u00e0 condition qu\u2019ils soient inscrits dans une liste en annexe, suivant une proc\u00e9dure pilot\u00e9e par la Commission europ\u00e9enne et n\u00e9cessitant l\u2019approbation d\u2019un comit\u00e9 d\u2019experts et du Comit\u00e9 Permanent de l\u2019Agriculture Biologique (CPAB ) \u2013 compos\u00e9 de repr\u00e9sentants de chaque Etat membre. Il existe une grille de crit\u00e8res pour autoriser ou non un nouvel intrant en bio. S\u2019il respecte tous ces crit\u00e8res (dont notamment le faible impact surl\u2019environnement) et si aucun produit naturel \u00e9quivalent n\u2019est \u00ab\u00a0disponible sur le march\u00e9\u00a0\u00bb, un produit chimique pourrait \u00e9ventuellement \u00eatre ajout\u00e9 \u00e0 la liste, sur demande d\u2019un Etat membre et apr\u00e8s \u00eatre pass\u00e9 par la proc\u00e9dure d\u00e9crite ci-dessus. En revanche, un producteur ne peut pas obtenir de d\u00e9rogation pour utiliser un produit qui n\u2019est pas dans la liste, quelque soit le cas personnel.<\/p>\n<h4>Le nouveau r\u00e8glement va permettre une harmonisation des pratiques<\/h4>\n<p>Pas plus qu\u2019avec l\u2019ancien r\u00e8glement,\u00a0en tout cas\u2026 La suppression des cahiers des charges nationaux ne concerne que trois pays en Europe. Ailleurs, des marques bio appliquent des cahiers des charges priv\u00e9s avec des exigences sup\u00e9rieures au r\u00e8glement europ\u00e9en, afin de r\u00e9pondre aux demandes de leurs consommateurs. De plus, le syst\u00e8me de flexibilit\u00e9 pr\u00e9voit que chaque Etat membre puisse choisir quelles \u00ab\u00a0d\u00e9rogations\u00a0\u00bb, parmi celles pr\u00e9sentes dans le r\u00e8glement, il choisit d\u2019appliquer ou non sur son territoire.<\/p>\n<h4>Le nouveau r\u00e8glement europ\u00e9en est plus laxiste que l\u2019ancien r\u00e8glement europ\u00e9en<\/h4>\n<p>Pour ce qui concerne la bio europ\u00e9enne, le contenu du nouveau r\u00e8glement est tr\u00e8s proche de l\u2019ancien. Il pr\u00e9sente m\u00eame quelques am\u00e9liorations (crit\u00e8res d\u2019ajout de nouveaux intrants en bio, interdiction explicite de l\u2019azote min\u00e9ral,\u2026).<\/p>\n<h4>L\u2019application en France du nouveau r\u00e8glement europ\u00e9en conduit \u00e0 une baisse des exigences\u00a0<\/h4>\n<p>En France, la perte du cahier des charges national plus strict entraine des baisses non n\u00e9gligeables dans le domaine de l\u2019\u00e9levage\u00a0: plus de traitements v\u00e9t\u00e9rinaires allopathiques autoris\u00e9s (notamment anti-parasitaires), suppression de l\u2019obligation de produire une part- 50% minimum &#8211; de l\u2019alimentation des animaux sur la ferme (d\u00e9sormais cette part peut aussi \u00eatre achet\u00e9e, m\u00eame si ce doit \u00eatre dans la \u00ab\u00a0r\u00e9gion\u00a0\u00bb), baisse ou disparition de certains crit\u00e8res de qualit\u00e9 (\u00e2ge d\u2019abattage des volailles et des porcs), etc\u2026De plus, le nouveau texte reste lacunaire sur un certain nombre de points\u00a0(mesures de pr\u00e9caution OGM,\u2026).<\/p>\n<h4>Le logo AB va disparaitre<\/h4>\n<p>L\u2019usage du logo communautaire deviendra obligatoire sur tous les produits bio europ\u00e9ens \u00e0 partir de juillet 2010, mais il restera possible d\u2019utiliser un logo national \u00e0 cot\u00e9. Le logo AB, propri\u00e9t\u00e9 du minist\u00e8re de l\u2019agriculture fran\u00e7ais, peut donc toujours \u00eatre appos\u00e9 sur les produits bio. Ce qui change, c\u2019est son contenu. Jusqu\u2019\u00e0 aujourd\u2019hui, il pouvait \u00eatre appos\u00e9 sur tout produit agricole brut ou alimentaire, contenant plus de 95% d\u2019ingr\u00e9dients bio, sans restriction de provenance, \u00e0 condition que les r\u00e8gles bio fran\u00e7aises soient respect\u00e9es.\u00a0<\/p>\n<p>La plus grande partie des r\u00e8gles bio fran\u00e7aises viennent d\u2019\u00eatre remplac\u00e9es par le nouveau r\u00e8glement\u00a0: le logo AB pourra donc \u00eatre appos\u00e9 sur tout produit, d\u2019o\u00f9 qu\u2019il vienne, respectant les r\u00e8gles europ\u00e9ennes de la bio, \u00e0 condition de contenir un minimum de 95% d\u2019ingr\u00e9dients bio. Cela constitue ind\u00e9niablement une perte d\u2019exigence pour le consommateur\u2026 m\u00eame si les produits bio selon la r\u00e8glementation europ\u00e9enne restent toujours une alternative int\u00e9ressante aux produits issus de l\u2019agriculture \u00ab\u00a0chimique\u00a0\u00bb.<\/p>\n<\/div>\n","protected":false},"excerpt":{"rendered":"<p>Depuis le 1er janvier 2009, la r\u00e8glementation de l&rsquo;agriculture Bio \u00e0 chang\u00e9. La FNAB (F\u00e9d\u00e9ration Nationale d&rsquo;Agriculture Biologique) r\u00e9pond au vrai-faux qui se dit sur &hellip; <\/p>\n","protected":false},"author":1,"featured_media":664,"comment_status":"open","ping_status":"open","sticky":false,"template":"","format":"standard","meta":{"_exactmetrics_skip_tracking":false,"_exactmetrics_sitenote_active":false,"_exactmetrics_sitenote_note":"","_exactmetrics_sitenote_category":0,"jetpack_post_was_ever_published":false,"_jetpack_newsletter_access":"","_jetpack_dont_email_post_to_subs":false,"_jetpack_newsletter_tier_id":0,"_jetpack_memberships_contains_paywalled_content":false,"_jetpack_memberships_contains_paid_content":false,"footnotes":"","jetpack_publicize_message":"","jetpack_publicize_feature_enabled":true,"jetpack_social_post_already_shared":false,"jetpack_social_options":{"image_generator_settings":{"template":"highway","default_image_id":0,"font":"","enabled":false},"version":2}},"categories":[1],"tags":[],"class_list":["post-546","post","type-post","status-publish","format-standard","has-post-thumbnail","hentry","category-alimentation"],"jetpack_publicize_connections":[],"jetpack_featured_media_url":"https:\/\/i0.wp.com\/www.stefaneguilbaud.com\/blog\/wp-content\/uploads\/2009\/06\/livre.jpg?fit=800%2C435&ssl=1","jetpack_sharing_enabled":true,"jetpack_shortlink":"https:\/\/wp.me\/p8a0UX-8O","jetpack-related-posts":[{"id":4086,"url":"https:\/\/www.stefaneguilbaud.com\/blog\/?p=4086","url_meta":{"origin":546,"position":0},"title":"Qui tue le bio ?","author":"SG","date":"8 d\u00e9cembre 2023","format":false,"excerpt":"Apr\u00e8s un d\u00e9marrage difficile, ces derni\u00e8res ann\u00e9es, le march\u00e9 du bio a connu une croissance exponentielle, passant de 2,4 milliards d'euros en 2010 \u00e0 16,2 milliards d'euros en 2022. Cependant, cette croissance semble marquer le pas, avec une baisse des ventes en valeur de 3,1 % en 2021. D\u00e9cryptons l'origine\u2026","rel":"","context":"Dans &quot;Alimentation&quot;","block_context":{"text":"Alimentation","link":"https:\/\/www.stefaneguilbaud.com\/blog\/?cat=1"},"img":{"alt_text":"","src":"https:\/\/i0.wp.com\/www.stefaneguilbaud.com\/blog\/wp-content\/uploads\/2013\/12\/bio.jpg?fit=800%2C435&ssl=1&resize=350%2C200","width":350,"height":200,"srcset":"https:\/\/i0.wp.com\/www.stefaneguilbaud.com\/blog\/wp-content\/uploads\/2013\/12\/bio.jpg?fit=800%2C435&ssl=1&resize=350%2C200 1x, https:\/\/i0.wp.com\/www.stefaneguilbaud.com\/blog\/wp-content\/uploads\/2013\/12\/bio.jpg?fit=800%2C435&ssl=1&resize=525%2C300 1.5x, https:\/\/i0.wp.com\/www.stefaneguilbaud.com\/blog\/wp-content\/uploads\/2013\/12\/bio.jpg?fit=800%2C435&ssl=1&resize=700%2C400 2x"},"classes":[]},{"id":487,"url":"https:\/\/www.stefaneguilbaud.com\/blog\/?p=487","url_meta":{"origin":546,"position":1},"title":"Le bio en passe de devenir un vrai march\u00e9 de masse !","author":"SG","date":"19 d\u00e9cembre 2009","format":false,"excerpt":"Le march\u00e9 BIO, qu'il soit industriel ou artisanal est de plus en plus \u00e0 l'aise avec les standards du commerce conventionnel. L'innovation Bio est au service de la vente ! [ source LSA 2114 ] Des chiffres ! - U Bio (Marque Bio de Systeme U) : + 12,1 %\u2026","rel":"","context":"Dans &quot;Alimentation&quot;","block_context":{"text":"Alimentation","link":"https:\/\/www.stefaneguilbaud.com\/blog\/?cat=1"},"img":{"alt_text":"","src":"https:\/\/i0.wp.com\/www.stefaneguilbaud.com\/blog\/wp-content\/uploads\/2013\/12\/bio.jpg?fit=800%2C435&ssl=1&resize=350%2C200","width":350,"height":200,"srcset":"https:\/\/i0.wp.com\/www.stefaneguilbaud.com\/blog\/wp-content\/uploads\/2013\/12\/bio.jpg?fit=800%2C435&ssl=1&resize=350%2C200 1x, https:\/\/i0.wp.com\/www.stefaneguilbaud.com\/blog\/wp-content\/uploads\/2013\/12\/bio.jpg?fit=800%2C435&ssl=1&resize=525%2C300 1.5x, https:\/\/i0.wp.com\/www.stefaneguilbaud.com\/blog\/wp-content\/uploads\/2013\/12\/bio.jpg?fit=800%2C435&ssl=1&resize=700%2C400 2x"},"classes":[]},{"id":534,"url":"https:\/\/www.stefaneguilbaud.com\/blog\/?p=534","url_meta":{"origin":546,"position":2},"title":"La bio-perversion !","author":"SG","date":"7 septembre 2009","format":false,"excerpt":"Les aliments bio ne rallongent pas la vie, mais ils ne la raccourcissent pas non plus !Un rapport s'\u00e9vertue \u00e0 nous mettre le doute, et bien que je ne sois pas un adepte de la mode du bio, il n'arrivera pas \u00e0 ses fins. Une r\u00e9cente \u00e9tude de la Food\u2026","rel":"","context":"Dans &quot;Soci\u00e9t\u00e9&quot;","block_context":{"text":"Soci\u00e9t\u00e9","link":"https:\/\/www.stefaneguilbaud.com\/blog\/?cat=3"},"img":{"alt_text":"","src":"https:\/\/i0.wp.com\/www.stefaneguilbaud.com\/blog\/wp-content\/uploads\/2013\/12\/panierbio.jpg?fit=800%2C435&ssl=1&resize=350%2C200","width":350,"height":200,"srcset":"https:\/\/i0.wp.com\/www.stefaneguilbaud.com\/blog\/wp-content\/uploads\/2013\/12\/panierbio.jpg?fit=800%2C435&ssl=1&resize=350%2C200 1x, https:\/\/i0.wp.com\/www.stefaneguilbaud.com\/blog\/wp-content\/uploads\/2013\/12\/panierbio.jpg?fit=800%2C435&ssl=1&resize=525%2C300 1.5x, https:\/\/i0.wp.com\/www.stefaneguilbaud.com\/blog\/wp-content\/uploads\/2013\/12\/panierbio.jpg?fit=800%2C435&ssl=1&resize=700%2C400 2x"},"classes":[]},{"id":2415,"url":"https:\/\/www.stefaneguilbaud.com\/blog\/?p=2415","url_meta":{"origin":546,"position":3},"title":"Coco bio mais d\u00e9solant !","author":"SG","date":"16 janvier 2017","format":false,"excerpt":"11 f\u00e9vrier 2019. ATTENTION\u00a0 !! Depuis l'\u00e9criture de cet article le 16 janvier 2017, la recette du lait de coco de marque \"AROY D\" a chang\u00e9e. D\u00e9sormais, m\u00eame si elle contient 70% de coco, elle ajoute un \u00e9paississant, connu aussi sous les noms de \"Tween 60\", \"Monost\u00e9arate de sorbitane polyoxy\u00e9thyl\u00e8ne\u2026","rel":"","context":"Dans &quot;Alimentation&quot;","block_context":{"text":"Alimentation","link":"https:\/\/www.stefaneguilbaud.com\/blog\/?cat=1"},"img":{"alt_text":"","src":"https:\/\/i0.wp.com\/www.stefaneguilbaud.com\/blog\/wp-content\/uploads\/2017\/01\/coconutbio.jpg?fit=800%2C435&ssl=1&resize=350%2C200","width":350,"height":200,"srcset":"https:\/\/i0.wp.com\/www.stefaneguilbaud.com\/blog\/wp-content\/uploads\/2017\/01\/coconutbio.jpg?fit=800%2C435&ssl=1&resize=350%2C200 1x, https:\/\/i0.wp.com\/www.stefaneguilbaud.com\/blog\/wp-content\/uploads\/2017\/01\/coconutbio.jpg?fit=800%2C435&ssl=1&resize=525%2C300 1.5x, https:\/\/i0.wp.com\/www.stefaneguilbaud.com\/blog\/wp-content\/uploads\/2017\/01\/coconutbio.jpg?fit=800%2C435&ssl=1&resize=700%2C400 2x"},"classes":[]},{"id":3923,"url":"https:\/\/www.stefaneguilbaud.com\/blog\/?p=3923","url_meta":{"origin":546,"position":4},"title":"Les magasins bio luttent pour leur survie","author":"SG","date":"18 avril 2023","format":false,"excerpt":"Le march\u00e9 du bio est en plein essor. De plus en plus de consommateurs se tournent vers une alimentation saine, respectueuse de l'environnement et des animaux. Pourtant, tous les magasins ne se valent pas. Certains ont \u00e9t\u00e9 rachet\u00e9s par des multinationales de l'agroalimentaire, tandis que d'autres se battent pour pr\u00e9server\u2026","rel":"","context":"Dans &quot;Actualit\u00e9s&quot;","block_context":{"text":"Actualit\u00e9s","link":"https:\/\/www.stefaneguilbaud.com\/blog\/?cat=8"},"img":{"alt_text":"","src":"https:\/\/i0.wp.com\/www.stefaneguilbaud.com\/blog\/wp-content\/uploads\/2023\/04\/pexels-photo-5473030-studio.jpg?fit=800%2C435&ssl=1&resize=350%2C200","width":350,"height":200,"srcset":"https:\/\/i0.wp.com\/www.stefaneguilbaud.com\/blog\/wp-content\/uploads\/2023\/04\/pexels-photo-5473030-studio.jpg?fit=800%2C435&ssl=1&resize=350%2C200 1x, https:\/\/i0.wp.com\/www.stefaneguilbaud.com\/blog\/wp-content\/uploads\/2023\/04\/pexels-photo-5473030-studio.jpg?fit=800%2C435&ssl=1&resize=525%2C300 1.5x, https:\/\/i0.wp.com\/www.stefaneguilbaud.com\/blog\/wp-content\/uploads\/2023\/04\/pexels-photo-5473030-studio.jpg?fit=800%2C435&ssl=1&resize=700%2C400 2x"},"classes":[]},{"id":485,"url":"https:\/\/www.stefaneguilbaud.com\/blog\/?p=485","url_meta":{"origin":546,"position":5},"title":"Pomme d&rsquo;appui","author":"SG","date":"23 d\u00e9cembre 2009","format":false,"excerpt":"Pomme d'api ou pomme d'appui ... \u00e0 un syst\u00e8me profitant du syst\u00e8me bio ! Si il y a bien un fruit que j'essaye d'acheter bio, c'est la pomme. Elle est tr\u00e8s riche en polyph\u00e9nols (acides hydroxycinnamiques, flavonols, cat\u00e9chines, proanthocyanidines) et ces substances sont concentr\u00e9es dans la peau.Il est alors n\u00e9cessaire\u2026","rel":"","context":"Dans &quot;Alimentation&quot;","block_context":{"text":"Alimentation","link":"https:\/\/www.stefaneguilbaud.com\/blog\/?cat=1"},"img":{"alt_text":"","src":"https:\/\/i0.wp.com\/www.stefaneguilbaud.com\/blog\/wp-content\/uploads\/2010\/12\/croque-pomme.jpg?fit=800%2C435&ssl=1&resize=350%2C200","width":350,"height":200,"srcset":"https:\/\/i0.wp.com\/www.stefaneguilbaud.com\/blog\/wp-content\/uploads\/2010\/12\/croque-pomme.jpg?fit=800%2C435&ssl=1&resize=350%2C200 1x, https:\/\/i0.wp.com\/www.stefaneguilbaud.com\/blog\/wp-content\/uploads\/2010\/12\/croque-pomme.jpg?fit=800%2C435&ssl=1&resize=525%2C300 1.5x, https:\/\/i0.wp.com\/www.stefaneguilbaud.com\/blog\/wp-content\/uploads\/2010\/12\/croque-pomme.jpg?fit=800%2C435&ssl=1&resize=700%2C400 2x"},"classes":[]}],"jetpack_likes_enabled":true,"_links":{"self":[{"href":"https:\/\/www.stefaneguilbaud.com\/blog\/index.php?rest_route=\/wp\/v2\/posts\/546","targetHints":{"allow":["GET"]}}],"collection":[{"href":"https:\/\/www.stefaneguilbaud.com\/blog\/index.php?rest_route=\/wp\/v2\/posts"}],"about":[{"href":"https:\/\/www.stefaneguilbaud.com\/blog\/index.php?rest_route=\/wp\/v2\/types\/post"}],"author":[{"embeddable":true,"href":"https:\/\/www.stefaneguilbaud.com\/blog\/index.php?rest_route=\/wp\/v2\/users\/1"}],"replies":[{"embeddable":true,"href":"https:\/\/www.stefaneguilbaud.com\/blog\/index.php?rest_route=%2Fwp%2Fv2%2Fcomments&post=546"}],"version-history":[{"count":3,"href":"https:\/\/www.stefaneguilbaud.com\/blog\/index.php?rest_route=\/wp\/v2\/posts\/546\/revisions"}],"predecessor-version":[{"id":665,"href":"https:\/\/www.stefaneguilbaud.com\/blog\/index.php?rest_route=\/wp\/v2\/posts\/546\/revisions\/665"}],"wp:featuredmedia":[{"embeddable":true,"href":"https:\/\/www.stefaneguilbaud.com\/blog\/index.php?rest_route=\/wp\/v2\/media\/664"}],"wp:attachment":[{"href":"https:\/\/www.stefaneguilbaud.com\/blog\/index.php?rest_route=%2Fwp%2Fv2%2Fmedia&parent=546"}],"wp:term":[{"taxonomy":"category","embeddable":true,"href":"https:\/\/www.stefaneguilbaud.com\/blog\/index.php?rest_route=%2Fwp%2Fv2%2Fcategories&post=546"},{"taxonomy":"post_tag","embeddable":true,"href":"https:\/\/www.stefaneguilbaud.com\/blog\/index.php?rest_route=%2Fwp%2Fv2%2Ftags&post=546"}],"curies":[{"name":"wp","href":"https:\/\/api.w.org\/{rel}","templated":true}]}}