{"id":487,"date":"2009-12-19T11:38:25","date_gmt":"2009-12-19T10:38:25","guid":{"rendered":"http:\/\/www.stefaneguilbaud.com\/journal\/?p=487"},"modified":"2013-12-02T14:58:20","modified_gmt":"2013-12-02T13:58:20","slug":"le-bio-en-passe-de-devenir-un-vrai-marche-de-masse","status":"publish","type":"post","link":"https:\/\/www.stefaneguilbaud.com\/blog\/?p=487","title":{"rendered":"Le bio en passe de devenir un vrai march\u00e9 de masse !"},"content":{"rendered":"<p>Le march\u00e9 BIO, qu&rsquo;il soit industriel ou artisanal est de plus en plus \u00e0 l&rsquo;aise avec les standards du commerce conventionnel. L&rsquo;innovation Bio est au service de la vente !<\/p>\n<div>\n<p>[ source LSA 2114 ]<\/p>\n<p><strong>Des chiffres !<\/strong><\/p>\n<p>&#8211; U Bio (Marque Bio de Systeme U) : + 12,1 % <br \/>&#8211; Ecoproduits de Castorama : + 11 %<br \/>&#8211; Produits bio de Botanic : + 50 %<\/p>\n<p><strong>Voila un d\u00e9but d&rsquo;article bas\u00e9 sur les performances prometteuses du bio et de l&rsquo;\u00e9cologie en France qui nous fait nous poser une question \u00ab\u00a0Et si le Bio \u00e9tait en passe de devenir une affaire &#8230; de fric ?\u00a0\u00bb<\/strong><\/p>\n<p>Wellness + Business = Happiness *<\/p>\n<p>Aujourd&rsquo;hui, en France un fran\u00e7ais r\u00e9pond au bio avec une progression de 12 % par an, contrairement aux pays du Nord ou le chiffre est doubl\u00e9. Le probl\u00e8me d&rsquo;approvisionnement local ne semble pas arr\u00eater la demande, et les importations fusent \u00e0 tout va. La France se donne comme objectif de tripler sa surface agricole bio d&rsquo;ici 2012 et de renforcer l&rsquo;id\u00e9e m\u00eame du bio dans les mentalit\u00e9s.<\/p>\n<p>Tout cela donne le tournis aux industriels qui souhaitent profiter de ce march\u00e9 qui n&rsquo;est plus un march\u00e9 de niche. Serge Adida, responsable de la marque Knorr, pr\u00e9cise \u00e0 LSA \u00a0\u00bb Notre vision du merchandising est d&rsquo;\u00eatre dans le rayon classique. Les consommateurs cherchent d&rsquo;abord une soupe et pas du bio.\u00a0\u00bb mais avec ses 3 bouillons et ses 6 soupes, \u00e0 sortir au printemps et \u00e9t\u00e9 2010, cette marque souhaite rendre \u00ab\u00a0bioconvertibles\u00a0\u00bb les 3,7 millions de clients d\u00e9j\u00e0 acheteur de la marque.<\/p>\n<p>Les magasins U ont doubl\u00e9 leur chiffre d&rsquo;affaires en alimentaire bio avec environ 200 produits estampill\u00e9s \u00ab\u00a0AB\u00a0\u00bb, bien que ce logo ne suffise plus \u00e0 vendre. L&rsquo;innovation doit \u00eatre de la partie avec des actes de s\u00e9duction sur l&#8217;emballage, sur les recettes et sur les nouveaut\u00e9s. Dans ce march\u00e9 de \u00ab\u00a0money maker &#8211; faiseur d&rsquo;argent\u00a0\u00bb, <strong>nous allons vivre deux ph\u00e9nom\u00e8nes.<\/strong><\/p>\n<p><strong>Le premier est imm\u00e9diat :<\/strong> Les prix vont chuter et d\u00e9mocratiser le bio. Il semblerait que cela soit une bonne nouvelle mais les proc\u00e9d\u00e9s et actions pour r\u00e9duire les co\u00fbts sont \u00e0 surveiller de tr\u00e8s pr\u00e8s quand l&rsquo;on sait que les cahiers des charges \u00ab\u00a0biologiques\u00a0\u00bb sont sans cesse revus \u00e0 la baisse de par le lissage europ\u00e9en. La qualit\u00e9 a un co\u00fbt et l&rsquo;on risque de passer d&rsquo;un march\u00e9 \u00e9litiste \u00e0 un march\u00e9 de masse incoh\u00e9rent. Comme souvent, l&rsquo;homme ne sait pas faire dans la demi-mesure.<\/p>\n<p><strong>Le deuxi\u00e8me ph\u00e9nom\u00e8ne :<\/strong> La banalisation du Bio. Je suis un adepte de la production bio et en tant que fervent d\u00e9fenseur du combat contre le \u00ab\u00a0nutritionnisme\u00a0\u00bb, je m&rsquo;inqui\u00e8te de voir apparaitre, comme c&rsquo;est d\u00e9j\u00e0 le cas en petite quantit\u00e9, de produits industrialis\u00e9s, transform\u00e9s, arborant une liste d&rsquo;ingr\u00e9dients ou des recettes qui n&rsquo;ont plus rien \u00e0 voir avec de l&rsquo;alimentation traditionnelle. Combien de produits, y compris dans le bio, ont remplac\u00e9 le beurre par des huiles de palme, de la farine par de l&rsquo;amidon modifi\u00e9, des sucres bruts par des \u00e9dulcorants ou des sirops de glucoses ou fructoses. Beaucoup trop ! Beaucoup trop pour faire croire aux gens que derri\u00e8re le bio se cache un contr\u00f4le des valeurs nutritionnelles, di\u00e9t\u00e9tiques ou tout simplement \u00e9thiques.<\/p>\n<p>Attention l&rsquo;industrie du go\u00fbt va masquer les vraies saveurs et je reste persuad\u00e9 que le d\u00e9bat va se d\u00e9placer. Aujourd&rsquo;hui il y a le conventionnel contre le bio. Demain, il y a aura le bio industriel contre le bio strict, avec des cahiers des charges dop\u00e9s \u00e0 l&rsquo;exigence comme Nature et Progr\u00e8s **.<\/p>\n<p>&nbsp;<\/p>\n<p><span style=\"font-size: xx-small;\"><em>* Bien \u00eatre (sous entendu le march\u00e9 du bien \u00eatre) + Commerce = Bonheur<\/em><\/span><\/p>\n<p><span style=\"font-size: xx-small;\"><em>** <\/em>Nature et Progr\u00e8s : Cr\u00e9\u00e9 par une association regroupant exploitant, transformateurs et consommateurs \u00e9cologistes, la marque <strong>Nature et Progr\u00e8s<\/strong> est l\u2019un des <strong>labels bio les plus exigeants<\/strong>. Son cahier des charges est plus strict que celui de la marque AB. Il int\u00e8gre notamment des contraintes sociales ax\u00e9es sur le d\u00e9veloppement.<strong> Nature et Progr\u00e8s<\/strong> se distingue en labellisant une<strong> exploitation enti\u00e8re <\/strong>et non un produit, en <strong>interdisant l\u2019utilisation de tous les produits chimique<\/strong>s et en limitant les traitements v\u00e9t\u00e9rinaires.<\/span><\/p>\n<\/div>\n","protected":false},"excerpt":{"rendered":"<p>Le march\u00e9 BIO, qu&rsquo;il soit industriel ou artisanal est de plus en plus \u00e0 l&rsquo;aise avec les standards du commerce conventionnel. L&rsquo;innovation Bio est au &hellip; <\/p>\n","protected":false},"author":1,"featured_media":488,"comment_status":"open","ping_status":"open","sticky":false,"template":"","format":"standard","meta":{"_exactmetrics_skip_tracking":false,"_exactmetrics_sitenote_active":false,"_exactmetrics_sitenote_note":"","_exactmetrics_sitenote_category":0,"jetpack_post_was_ever_published":false,"_jetpack_newsletter_access":"","_jetpack_dont_email_post_to_subs":false,"_jetpack_newsletter_tier_id":0,"_jetpack_memberships_contains_paywalled_content":false,"_jetpack_memberships_contains_paid_content":false,"footnotes":"","jetpack_publicize_message":"","jetpack_publicize_feature_enabled":true,"jetpack_social_post_already_shared":false,"jetpack_social_options":{"image_generator_settings":{"template":"highway","default_image_id":0,"font":"","enabled":false},"version":2}},"categories":[1],"tags":[],"class_list":["post-487","post","type-post","status-publish","format-standard","has-post-thumbnail","hentry","category-alimentation"],"jetpack_publicize_connections":[],"jetpack_featured_media_url":"https:\/\/i0.wp.com\/www.stefaneguilbaud.com\/blog\/wp-content\/uploads\/2013\/12\/bio.jpg?fit=800%2C435&ssl=1","jetpack_sharing_enabled":true,"jetpack_shortlink":"https:\/\/wp.me\/p8a0UX-7R","jetpack-related-posts":[{"id":4086,"url":"https:\/\/www.stefaneguilbaud.com\/blog\/?p=4086","url_meta":{"origin":487,"position":0},"title":"Qui tue le bio ?","author":"SG","date":"8 d\u00e9cembre 2023","format":false,"excerpt":"Apr\u00e8s un d\u00e9marrage difficile, ces derni\u00e8res ann\u00e9es, le march\u00e9 du bio a connu une croissance exponentielle, passant de 2,4 milliards d'euros en 2010 \u00e0 16,2 milliards d'euros en 2022. Cependant, cette croissance semble marquer le pas, avec une baisse des ventes en valeur de 3,1 % en 2021. D\u00e9cryptons l'origine\u2026","rel":"","context":"Dans &quot;Alimentation&quot;","block_context":{"text":"Alimentation","link":"https:\/\/www.stefaneguilbaud.com\/blog\/?cat=1"},"img":{"alt_text":"","src":"https:\/\/i0.wp.com\/www.stefaneguilbaud.com\/blog\/wp-content\/uploads\/2013\/12\/bio.jpg?fit=800%2C435&ssl=1&resize=350%2C200","width":350,"height":200,"srcset":"https:\/\/i0.wp.com\/www.stefaneguilbaud.com\/blog\/wp-content\/uploads\/2013\/12\/bio.jpg?fit=800%2C435&ssl=1&resize=350%2C200 1x, https:\/\/i0.wp.com\/www.stefaneguilbaud.com\/blog\/wp-content\/uploads\/2013\/12\/bio.jpg?fit=800%2C435&ssl=1&resize=525%2C300 1.5x, https:\/\/i0.wp.com\/www.stefaneguilbaud.com\/blog\/wp-content\/uploads\/2013\/12\/bio.jpg?fit=800%2C435&ssl=1&resize=700%2C400 2x"},"classes":[]},{"id":546,"url":"https:\/\/www.stefaneguilbaud.com\/blog\/?p=546","url_meta":{"origin":487,"position":1},"title":"Nouveau r\u00e8glement bio europ\u00e9en : Ce qui est VRAI, ce qui est FAUX","author":"SG","date":"25 juin 2009","format":false,"excerpt":"Depuis le 1er janvier 2009, la r\u00e8glementation de l'agriculture Bio \u00e0 chang\u00e9. La FNAB (F\u00e9d\u00e9ration Nationale d'Agriculture Biologique) r\u00e9pond au vrai-faux qui se dit sur ce dispositif. [ Textes extraits de http:\/\/www.fnab.org - droits r\u00e9serv\u00e9s ] Les r\u00e8gles europ\u00e9ennes de la bio viennent de changer Depuis le 1er janvier 2009,\u2026","rel":"","context":"Dans &quot;Alimentation&quot;","block_context":{"text":"Alimentation","link":"https:\/\/www.stefaneguilbaud.com\/blog\/?cat=1"},"img":{"alt_text":"","src":"https:\/\/i0.wp.com\/www.stefaneguilbaud.com\/blog\/wp-content\/uploads\/2009\/06\/livre.jpg?fit=800%2C435&ssl=1&resize=350%2C200","width":350,"height":200,"srcset":"https:\/\/i0.wp.com\/www.stefaneguilbaud.com\/blog\/wp-content\/uploads\/2009\/06\/livre.jpg?fit=800%2C435&ssl=1&resize=350%2C200 1x, https:\/\/i0.wp.com\/www.stefaneguilbaud.com\/blog\/wp-content\/uploads\/2009\/06\/livre.jpg?fit=800%2C435&ssl=1&resize=525%2C300 1.5x, https:\/\/i0.wp.com\/www.stefaneguilbaud.com\/blog\/wp-content\/uploads\/2009\/06\/livre.jpg?fit=800%2C435&ssl=1&resize=700%2C400 2x"},"classes":[]},{"id":534,"url":"https:\/\/www.stefaneguilbaud.com\/blog\/?p=534","url_meta":{"origin":487,"position":2},"title":"La bio-perversion !","author":"SG","date":"7 septembre 2009","format":false,"excerpt":"Les aliments bio ne rallongent pas la vie, mais ils ne la raccourcissent pas non plus !Un rapport s'\u00e9vertue \u00e0 nous mettre le doute, et bien que je ne sois pas un adepte de la mode du bio, il n'arrivera pas \u00e0 ses fins. Une r\u00e9cente \u00e9tude de la Food\u2026","rel":"","context":"Dans &quot;Soci\u00e9t\u00e9&quot;","block_context":{"text":"Soci\u00e9t\u00e9","link":"https:\/\/www.stefaneguilbaud.com\/blog\/?cat=3"},"img":{"alt_text":"","src":"https:\/\/i0.wp.com\/www.stefaneguilbaud.com\/blog\/wp-content\/uploads\/2013\/12\/panierbio.jpg?fit=800%2C435&ssl=1&resize=350%2C200","width":350,"height":200,"srcset":"https:\/\/i0.wp.com\/www.stefaneguilbaud.com\/blog\/wp-content\/uploads\/2013\/12\/panierbio.jpg?fit=800%2C435&ssl=1&resize=350%2C200 1x, https:\/\/i0.wp.com\/www.stefaneguilbaud.com\/blog\/wp-content\/uploads\/2013\/12\/panierbio.jpg?fit=800%2C435&ssl=1&resize=525%2C300 1.5x, https:\/\/i0.wp.com\/www.stefaneguilbaud.com\/blog\/wp-content\/uploads\/2013\/12\/panierbio.jpg?fit=800%2C435&ssl=1&resize=700%2C400 2x"},"classes":[]},{"id":2415,"url":"https:\/\/www.stefaneguilbaud.com\/blog\/?p=2415","url_meta":{"origin":487,"position":3},"title":"Coco bio mais d\u00e9solant !","author":"SG","date":"16 janvier 2017","format":false,"excerpt":"11 f\u00e9vrier 2019. ATTENTION\u00a0 !! Depuis l'\u00e9criture de cet article le 16 janvier 2017, la recette du lait de coco de marque \"AROY D\" a chang\u00e9e. D\u00e9sormais, m\u00eame si elle contient 70% de coco, elle ajoute un \u00e9paississant, connu aussi sous les noms de \"Tween 60\", \"Monost\u00e9arate de sorbitane polyoxy\u00e9thyl\u00e8ne\u2026","rel":"","context":"Dans &quot;Alimentation&quot;","block_context":{"text":"Alimentation","link":"https:\/\/www.stefaneguilbaud.com\/blog\/?cat=1"},"img":{"alt_text":"","src":"https:\/\/i0.wp.com\/www.stefaneguilbaud.com\/blog\/wp-content\/uploads\/2017\/01\/coconutbio.jpg?fit=800%2C435&ssl=1&resize=350%2C200","width":350,"height":200,"srcset":"https:\/\/i0.wp.com\/www.stefaneguilbaud.com\/blog\/wp-content\/uploads\/2017\/01\/coconutbio.jpg?fit=800%2C435&ssl=1&resize=350%2C200 1x, https:\/\/i0.wp.com\/www.stefaneguilbaud.com\/blog\/wp-content\/uploads\/2017\/01\/coconutbio.jpg?fit=800%2C435&ssl=1&resize=525%2C300 1.5x, https:\/\/i0.wp.com\/www.stefaneguilbaud.com\/blog\/wp-content\/uploads\/2017\/01\/coconutbio.jpg?fit=800%2C435&ssl=1&resize=700%2C400 2x"},"classes":[]},{"id":3923,"url":"https:\/\/www.stefaneguilbaud.com\/blog\/?p=3923","url_meta":{"origin":487,"position":4},"title":"Les magasins bio luttent pour leur survie","author":"SG","date":"18 avril 2023","format":false,"excerpt":"Le march\u00e9 du bio est en plein essor. De plus en plus de consommateurs se tournent vers une alimentation saine, respectueuse de l'environnement et des animaux. Pourtant, tous les magasins ne se valent pas. Certains ont \u00e9t\u00e9 rachet\u00e9s par des multinationales de l'agroalimentaire, tandis que d'autres se battent pour pr\u00e9server\u2026","rel":"","context":"Dans &quot;Actualit\u00e9s&quot;","block_context":{"text":"Actualit\u00e9s","link":"https:\/\/www.stefaneguilbaud.com\/blog\/?cat=8"},"img":{"alt_text":"","src":"https:\/\/i0.wp.com\/www.stefaneguilbaud.com\/blog\/wp-content\/uploads\/2023\/04\/pexels-photo-5473030-studio.jpg?fit=800%2C435&ssl=1&resize=350%2C200","width":350,"height":200,"srcset":"https:\/\/i0.wp.com\/www.stefaneguilbaud.com\/blog\/wp-content\/uploads\/2023\/04\/pexels-photo-5473030-studio.jpg?fit=800%2C435&ssl=1&resize=350%2C200 1x, https:\/\/i0.wp.com\/www.stefaneguilbaud.com\/blog\/wp-content\/uploads\/2023\/04\/pexels-photo-5473030-studio.jpg?fit=800%2C435&ssl=1&resize=525%2C300 1.5x, https:\/\/i0.wp.com\/www.stefaneguilbaud.com\/blog\/wp-content\/uploads\/2023\/04\/pexels-photo-5473030-studio.jpg?fit=800%2C435&ssl=1&resize=700%2C400 2x"},"classes":[]},{"id":485,"url":"https:\/\/www.stefaneguilbaud.com\/blog\/?p=485","url_meta":{"origin":487,"position":5},"title":"Pomme d&rsquo;appui","author":"SG","date":"23 d\u00e9cembre 2009","format":false,"excerpt":"Pomme d'api ou pomme d'appui ... \u00e0 un syst\u00e8me profitant du syst\u00e8me bio ! Si il y a bien un fruit que j'essaye d'acheter bio, c'est la pomme. Elle est tr\u00e8s riche en polyph\u00e9nols (acides hydroxycinnamiques, flavonols, cat\u00e9chines, proanthocyanidines) et ces substances sont concentr\u00e9es dans la peau.Il est alors n\u00e9cessaire\u2026","rel":"","context":"Dans &quot;Alimentation&quot;","block_context":{"text":"Alimentation","link":"https:\/\/www.stefaneguilbaud.com\/blog\/?cat=1"},"img":{"alt_text":"","src":"https:\/\/i0.wp.com\/www.stefaneguilbaud.com\/blog\/wp-content\/uploads\/2010\/12\/croque-pomme.jpg?fit=800%2C435&ssl=1&resize=350%2C200","width":350,"height":200,"srcset":"https:\/\/i0.wp.com\/www.stefaneguilbaud.com\/blog\/wp-content\/uploads\/2010\/12\/croque-pomme.jpg?fit=800%2C435&ssl=1&resize=350%2C200 1x, https:\/\/i0.wp.com\/www.stefaneguilbaud.com\/blog\/wp-content\/uploads\/2010\/12\/croque-pomme.jpg?fit=800%2C435&ssl=1&resize=525%2C300 1.5x, https:\/\/i0.wp.com\/www.stefaneguilbaud.com\/blog\/wp-content\/uploads\/2010\/12\/croque-pomme.jpg?fit=800%2C435&ssl=1&resize=700%2C400 2x"},"classes":[]}],"jetpack_likes_enabled":true,"_links":{"self":[{"href":"https:\/\/www.stefaneguilbaud.com\/blog\/index.php?rest_route=\/wp\/v2\/posts\/487","targetHints":{"allow":["GET"]}}],"collection":[{"href":"https:\/\/www.stefaneguilbaud.com\/blog\/index.php?rest_route=\/wp\/v2\/posts"}],"about":[{"href":"https:\/\/www.stefaneguilbaud.com\/blog\/index.php?rest_route=\/wp\/v2\/types\/post"}],"author":[{"embeddable":true,"href":"https:\/\/www.stefaneguilbaud.com\/blog\/index.php?rest_route=\/wp\/v2\/users\/1"}],"replies":[{"embeddable":true,"href":"https:\/\/www.stefaneguilbaud.com\/blog\/index.php?rest_route=%2Fwp%2Fv2%2Fcomments&post=487"}],"version-history":[{"count":3,"href":"https:\/\/www.stefaneguilbaud.com\/blog\/index.php?rest_route=\/wp\/v2\/posts\/487\/revisions"}],"predecessor-version":[{"id":491,"href":"https:\/\/www.stefaneguilbaud.com\/blog\/index.php?rest_route=\/wp\/v2\/posts\/487\/revisions\/491"}],"wp:featuredmedia":[{"embeddable":true,"href":"https:\/\/www.stefaneguilbaud.com\/blog\/index.php?rest_route=\/wp\/v2\/media\/488"}],"wp:attachment":[{"href":"https:\/\/www.stefaneguilbaud.com\/blog\/index.php?rest_route=%2Fwp%2Fv2%2Fmedia&parent=487"}],"wp:term":[{"taxonomy":"category","embeddable":true,"href":"https:\/\/www.stefaneguilbaud.com\/blog\/index.php?rest_route=%2Fwp%2Fv2%2Fcategories&post=487"},{"taxonomy":"post_tag","embeddable":true,"href":"https:\/\/www.stefaneguilbaud.com\/blog\/index.php?rest_route=%2Fwp%2Fv2%2Ftags&post=487"}],"curies":[{"name":"wp","href":"https:\/\/api.w.org\/{rel}","templated":true}]}}