{"id":479,"date":"2009-12-25T05:00:11","date_gmt":"2009-12-25T04:00:11","guid":{"rendered":"http:\/\/www.stefaneguilbaud.com\/journal\/?p=479"},"modified":"2013-12-05T16:04:52","modified_gmt":"2013-12-05T15:04:52","slug":"copenhague","status":"publish","type":"post","link":"https:\/\/www.stefaneguilbaud.com\/blog\/?p=479","title":{"rendered":"Copenhague !"},"content":{"rendered":"<p><strong>Copenhague<\/strong> [k\u0254p\u0251\u0303.a\u0261], est la capitale du Danemark. <em>En danois, K\u00f8benhavn<\/em>, <em>veut dire \u00ab\u00a0le port des commer\u00e7ants\u00a0\u00bb<\/em> et rappelle sa position strat\u00e9gique \u00e0 l&rsquo;entr\u00e9e de la mer Baltique. Mais le sujet n&rsquo;est pas l\u00e0 mais bien sur les n\u00e9gociations qui ont eu lieu.<\/p>\n<p><strong>Sc\u00e9nario catastrophe :<\/strong><br \/><a href=\"https:\/\/i0.wp.com\/www.stefaneguilbaud.com\/blog\/wp-content\/uploads\/2009\/12\/climate.jpg\"><img data-recalc-dims=\"1\" loading=\"lazy\" decoding=\"async\" class=\"size-full wp-image-483 alignleft\" alt=\"climate\" src=\"https:\/\/i0.wp.com\/www.stefaneguilbaud.com\/blog\/wp-content\/uploads\/2009\/12\/climate.jpg?resize=160%2C249\" width=\"160\" height=\"249\" srcset=\"https:\/\/i0.wp.com\/www.stefaneguilbaud.com\/blog\/wp-content\/uploads\/2009\/12\/climate.jpg?w=258&amp;ssl=1 258w, https:\/\/i0.wp.com\/www.stefaneguilbaud.com\/blog\/wp-content\/uploads\/2009\/12\/climate.jpg?resize=193%2C300&amp;ssl=1 193w\" sizes=\"auto, (max-width: 160px) 100vw, 160px\" \/><\/a>Nous sommes en d\u00e9cembre 2020. Malgr\u00e9 le sommet de Copenhague, la plan\u00e8te va plus mal qu&rsquo;il y a 20 ans. En Afrique, le Sahara s&rsquo;est \u00e9tendu de quelques milliers de kilom\u00e8tres carr\u00e9s. Les premiers bancs de sable sont apparus au milieu de l&rsquo;Amazonie. Un tiers de l&rsquo;Indon\u00e9sie a \u00e9t\u00e9 recouverte par les flots. Le niveau des mers et oc\u00e9ans a augment\u00e9 de 20 centim\u00e8tres depuis 2000. Les \u00e9co-r\u00e9fugiers \u00e9taient estim\u00e9s \u00e0 120 millions l&rsquo;an dernier, une centaine de millions de plus qu&rsquo;il y a 10 ans. La France subit le climat du Maroc, l&rsquo;hiver brutal en plus. Les r\u00e9centes gel\u00e9es pr\u00e9coces de novembre ont transform\u00e9 la Seine en vaste patinoire autour de Paris \u2026 <em>[Source : <\/em><a href=\"http:\/\/sarkofrance.blogspot.com\/2009\/12\/2020-im-sorry.html\" hreflang=\"fr\">sarkofrance.blogspot.com<\/a><em>]<\/em><\/p>\n<p>Ce sc\u00e9nario catastrophe est le r\u00e9sultat d&rsquo;une description d&rsquo;anticipation lue sur le site sarkofrance.blogspot.com, r\u00e9cemment le site www.greenpeace.org a affich\u00e9 des pseudos affiches reprenant l&rsquo;id\u00e9e du \u00ab\u00a0trop tard, je suis d\u00e9sol\u00e9\u00a0\u00bb par tous les chefs d&rsquo;\u00e9tat concern\u00e9s. Tous ces mouvements sont louables, sont m\u00e9rit\u00e9s et je ne vais pas faire le d\u00e9bat, une fois de plus, sur ce que l&rsquo;on attendait de Copenhague car les m\u00e9dia s&rsquo;en sont largement charg\u00e9s &#8230; mais je vais plut\u00f4t revenir sur nos victoires pr\u00e9c\u00e9dentes.<\/p>\n<p><strong>Explication de texte :<\/strong><br \/>Oui j&rsquo;aurais pr\u00e9f\u00e9r\u00e9 que le sommet de Copenhague m\u00e8ne \u00e0 quelque chose de plus positif, de plus concret. Il faut 100 milliards d&rsquo;euros d&rsquo;aide aux pays pauvres et investir massivement dans les \u00e9nergies \u00ab\u00a0propres\u00a0\u00bb. L&rsquo;accord est forc\u00e9ment compliqu\u00e9 en p\u00e9riode de crise mondiale. <strong>On peut encore sauver la terre !! Mais savez-vous qu&rsquo;on l&rsquo;a d\u00e9j\u00e0 fait il y a 23 ans !!<\/strong><\/p>\n<p>En 1974, deux chimistes ont tir\u00e9 la sonnette d&rsquo;alarme :<br \/>En 2050, les parisiens devront sortir en combinaisons sp\u00e9ciales pour se prot\u00e9ger du soleil. Munis de lunettes, ils \u00e9couteront les haut-parleurs d&rsquo;alertes pour ces p\u00e9riodes de beaux jours. La seule v\u00e9g\u00e9tation disponible sera \u00e0 l&rsquo;abri en serre sp\u00e9ciale. Les cancers de la peau seront l\u00e9gions et deviendront la premi\u00e8re cause de mortalit\u00e9.<br \/><strong>Stop !!!!<br \/>Effrayant de lire ces lignes mais cela n&rsquo;arrivera pas !<br \/>Tout s&rsquo;est jou\u00e9 le 16 septembre 1987.<\/strong><\/p>\n<p>Bien que l&rsquo;on parle peu du <a href=\"http:\/\/fr.wikipedia.org\/wiki\/Protocole_de_Montr%C3%A9al\" hreflang=\"fr\">protocole de Montr\u00e9al<\/a>, il a \u00e9t\u00e9 d\u00e9cisif dans notre vie quotidienne. Mario Molina et Franck Sherwood Rowland, deux chimistes de l&rsquo;universit\u00e9 de Californie, ont d\u00e9couvert en 1974 les effets nocifs des CFC (Les gaz \u00e0 effets de serre). Il fallait beaucoup de courages aux am\u00e9ricains pour oser boycotter d\u00e8s 1978 les bombes a\u00e9rosols concern\u00e9es et ce geste a permis une r\u00e9duction de 28 % de leurs \u00e9missions. La Communaut\u00e9 europ\u00e9enne, un peu sur le tard, d\u00e9cide d&rsquo;agir en 1981 avec une promesse de 30 % de r\u00e9duction. Joe Farman, un climatologue, tire une autre sonnette d&rsquo;alarme en 1985 et signale un trou dans la couche d&rsquo;ozone. Branle-bas de combat chez nos chefs d&rsquo;\u00e9tat. En ce 16 septembre 1987, 24 pays d\u00e9cident de changer la face du monde et trouver une solution, ensemble, \u00e0 Montr\u00e9al. D&rsquo;ici 2030, plus aucune substance nocive ne sera produite et permettre \u00e0 notre couche d&rsquo;ozone de commencer \u00e0 se r\u00e9duire vers 2020 et se combler totalement d&rsquo;ici 2065.<\/p>\n<p>Copenhague 2 &#8230; si tu nous entend.<\/p>\n","protected":false},"excerpt":{"rendered":"<p>Copenhague [k\u0254p\u0251\u0303.a\u0261], est la capitale du Danemark. En danois, K\u00f8benhavn, veut dire \u00ab\u00a0le port des commer\u00e7ants\u00a0\u00bb et rappelle sa position strat\u00e9gique \u00e0 l&rsquo;entr\u00e9e de la &hellip; <\/p>\n","protected":false},"author":1,"featured_media":480,"comment_status":"open","ping_status":"open","sticky":false,"template":"","format":"standard","meta":{"_exactmetrics_skip_tracking":false,"_exactmetrics_sitenote_active":false,"_exactmetrics_sitenote_note":"","_exactmetrics_sitenote_category":0,"jetpack_post_was_ever_published":false,"_jetpack_newsletter_access":"","_jetpack_dont_email_post_to_subs":false,"_jetpack_newsletter_tier_id":0,"_jetpack_memberships_contains_paywalled_content":false,"_jetpack_memberships_contains_paid_content":false,"footnotes":"","jetpack_publicize_message":"","jetpack_publicize_feature_enabled":true,"jetpack_social_post_already_shared":false,"jetpack_social_options":{"image_generator_settings":{"template":"highway","default_image_id":0,"font":"","enabled":false},"version":2}},"categories":[3],"tags":[],"class_list":["post-479","post","type-post","status-publish","format-standard","has-post-thumbnail","hentry","category-societe"],"jetpack_publicize_connections":[],"jetpack_featured_media_url":"https:\/\/i0.wp.com\/www.stefaneguilbaud.com\/blog\/wp-content\/uploads\/2013\/12\/greepeace2020.jpg?fit=800%2C435&ssl=1","jetpack_sharing_enabled":true,"jetpack_shortlink":"https:\/\/wp.me\/p8a0UX-7J","jetpack-related-posts":[{"id":3948,"url":"https:\/\/www.stefaneguilbaud.com\/blog\/?p=3948","url_meta":{"origin":479,"position":0},"title":"L&rsquo;enseigne \u00ab\u00a0pr\u00e9f\u00e9r\u00e9e\u00a0\u00bb des Fran\u00e7ais !","author":"SG","date":"21 avril 2023","format":false,"excerpt":"\u00ab\u00a0Action\u00a0\u00bb, l'enseigne pr\u00e9f\u00e9r\u00e9e des Fran\u00e7ais, est une entreprise n\u00e9erlandaise implant\u00e9e en France depuis 2013. Gr\u00e2ce \u00e0 une politique de prix bas et une offre diversifi\u00e9e, l'enseigne a rapidement conquis les consommateurs fran\u00e7ais. Cependant, derri\u00e8re cette image de success-story se cachent des pratiques commerciales critiquables. Ses prix bas attirent une client\u00e8le\u2026","rel":"","context":"Dans &quot;Alimentation&quot;","block_context":{"text":"Alimentation","link":"https:\/\/www.stefaneguilbaud.com\/blog\/?cat=1"},"img":{"alt_text":"","src":"https:\/\/i0.wp.com\/www.stefaneguilbaud.com\/blog\/wp-content\/uploads\/2023\/04\/pexels-photo-5650016.webp?fit=800%2C435&ssl=1&resize=350%2C200","width":350,"height":200,"srcset":"https:\/\/i0.wp.com\/www.stefaneguilbaud.com\/blog\/wp-content\/uploads\/2023\/04\/pexels-photo-5650016.webp?fit=800%2C435&ssl=1&resize=350%2C200 1x, https:\/\/i0.wp.com\/www.stefaneguilbaud.com\/blog\/wp-content\/uploads\/2023\/04\/pexels-photo-5650016.webp?fit=800%2C435&ssl=1&resize=525%2C300 1.5x, https:\/\/i0.wp.com\/www.stefaneguilbaud.com\/blog\/wp-content\/uploads\/2023\/04\/pexels-photo-5650016.webp?fit=800%2C435&ssl=1&resize=700%2C400 2x"},"classes":[]},{"id":468,"url":"https:\/\/www.stefaneguilbaud.com\/blog\/?p=468","url_meta":{"origin":479,"position":1},"title":"Savez vous ce que \u00ab\u00a0huile de palme\u00a0\u00bb veut-dire ?","author":"SG","date":"4 janvier 2010","format":false,"excerpt":"Quand la demande en huile de palme augmente. Les stocks de carbone s'effondrent \u2026 [ source : greenpeace.org ] Chaque ann\u00e9e, les combustions des tourbi\u00e8res d'Indon\u00e9sie recrachent dans l'atmosph\u00e8re 1,8 milliard de tonnes de gaz \u00e0 effet de serre.La demande croissante d'huile de palme de la part des plus grandes\u2026","rel":"","context":"Dans &quot;Alimentation&quot;","block_context":{"text":"Alimentation","link":"https:\/\/www.stefaneguilbaud.com\/blog\/?cat=1"},"img":{"alt_text":"","src":"https:\/\/i0.wp.com\/www.stefaneguilbaud.com\/blog\/wp-content\/uploads\/2013\/11\/palmier.jpg?fit=800%2C435&ssl=1&resize=350%2C200","width":350,"height":200,"srcset":"https:\/\/i0.wp.com\/www.stefaneguilbaud.com\/blog\/wp-content\/uploads\/2013\/11\/palmier.jpg?fit=800%2C435&ssl=1&resize=350%2C200 1x, https:\/\/i0.wp.com\/www.stefaneguilbaud.com\/blog\/wp-content\/uploads\/2013\/11\/palmier.jpg?fit=800%2C435&ssl=1&resize=525%2C300 1.5x, https:\/\/i0.wp.com\/www.stefaneguilbaud.com\/blog\/wp-content\/uploads\/2013\/11\/palmier.jpg?fit=800%2C435&ssl=1&resize=700%2C400 2x"},"classes":[]},{"id":977,"url":"https:\/\/www.stefaneguilbaud.com\/blog\/?p=977","url_meta":{"origin":479,"position":2},"title":"Vaches folles et humains irresponsables.","author":"SG","date":"4 mars 2014","format":false,"excerpt":"Le retour des prot\u00e9ines animales.Approuv\u00e9e par les experts des \u00c9tats membres, la mesure de la Commission europ\u00e9enne autorise le recours aux \u00ab\u00a0PAT\u00a0\u00bb ou Prot\u00e9ines Animales Transform\u00e9es. Elles sont autoris\u00e9es pour l\u2019alimentation des poissons d\u2019\u00e9levage depuis le 1er juin 2012, et pour les porcs et les volailles cela sera en 2014.Cette\u2026","rel":"","context":"Dans &quot;Actualit\u00e9s&quot;","block_context":{"text":"Actualit\u00e9s","link":"https:\/\/www.stefaneguilbaud.com\/blog\/?cat=8"},"img":{"alt_text":"","src":"https:\/\/i0.wp.com\/www.stefaneguilbaud.com\/blog\/wp-content\/uploads\/2014\/03\/vachefolle.jpg?fit=800%2C435&ssl=1&resize=350%2C200","width":350,"height":200,"srcset":"https:\/\/i0.wp.com\/www.stefaneguilbaud.com\/blog\/wp-content\/uploads\/2014\/03\/vachefolle.jpg?fit=800%2C435&ssl=1&resize=350%2C200 1x, https:\/\/i0.wp.com\/www.stefaneguilbaud.com\/blog\/wp-content\/uploads\/2014\/03\/vachefolle.jpg?fit=800%2C435&ssl=1&resize=525%2C300 1.5x, https:\/\/i0.wp.com\/www.stefaneguilbaud.com\/blog\/wp-content\/uploads\/2014\/03\/vachefolle.jpg?fit=800%2C435&ssl=1&resize=700%2C400 2x"},"classes":[]},{"id":3531,"url":"https:\/\/www.stefaneguilbaud.com\/blog\/?p=3531","url_meta":{"origin":479,"position":3},"title":"Manger \u00e0 l&rsquo;h\u00f4pital, c&rsquo;est pour aller mieux ?","author":"SG","date":"17 juillet 2021","format":false,"excerpt":"Dans le \"Journal Des Bonnes Nouvelles\", chaque mois, je r\u00e9pond \u00e0 une question pos\u00e9e par les lecteurs, voici celle de Juillet 2021. [Sommaire des articles parus]. Question : Quand on est \u00e0 l'h\u00f4pital c'est g\u00e9n\u00e9ralement pour aller mieux, mais je suis pas s\u00fbre que les repas y participent ? Qu'en\u2026","rel":"","context":"Dans &quot;Alimentation&quot;","block_context":{"text":"Alimentation","link":"https:\/\/www.stefaneguilbaud.com\/blog\/?cat=1"},"img":{"alt_text":"","src":"https:\/\/i0.wp.com\/www.stefaneguilbaud.com\/blog\/wp-content\/uploads\/2021\/08\/jdbnhopital.jpg?fit=800%2C435&ssl=1&resize=350%2C200","width":350,"height":200,"srcset":"https:\/\/i0.wp.com\/www.stefaneguilbaud.com\/blog\/wp-content\/uploads\/2021\/08\/jdbnhopital.jpg?fit=800%2C435&ssl=1&resize=350%2C200 1x, https:\/\/i0.wp.com\/www.stefaneguilbaud.com\/blog\/wp-content\/uploads\/2021\/08\/jdbnhopital.jpg?fit=800%2C435&ssl=1&resize=525%2C300 1.5x, https:\/\/i0.wp.com\/www.stefaneguilbaud.com\/blog\/wp-content\/uploads\/2021\/08\/jdbnhopital.jpg?fit=800%2C435&ssl=1&resize=700%2C400 2x"},"classes":[]},{"id":487,"url":"https:\/\/www.stefaneguilbaud.com\/blog\/?p=487","url_meta":{"origin":479,"position":4},"title":"Le bio en passe de devenir un vrai march\u00e9 de masse !","author":"SG","date":"19 d\u00e9cembre 2009","format":false,"excerpt":"Le march\u00e9 BIO, qu'il soit industriel ou artisanal est de plus en plus \u00e0 l'aise avec les standards du commerce conventionnel. L'innovation Bio est au service de la vente ! [ source LSA 2114 ] Des chiffres ! - U Bio (Marque Bio de Systeme U) : + 12,1 %\u2026","rel":"","context":"Dans &quot;Alimentation&quot;","block_context":{"text":"Alimentation","link":"https:\/\/www.stefaneguilbaud.com\/blog\/?cat=1"},"img":{"alt_text":"","src":"https:\/\/i0.wp.com\/www.stefaneguilbaud.com\/blog\/wp-content\/uploads\/2013\/12\/bio.jpg?fit=800%2C435&ssl=1&resize=350%2C200","width":350,"height":200,"srcset":"https:\/\/i0.wp.com\/www.stefaneguilbaud.com\/blog\/wp-content\/uploads\/2013\/12\/bio.jpg?fit=800%2C435&ssl=1&resize=350%2C200 1x, https:\/\/i0.wp.com\/www.stefaneguilbaud.com\/blog\/wp-content\/uploads\/2013\/12\/bio.jpg?fit=800%2C435&ssl=1&resize=525%2C300 1.5x, https:\/\/i0.wp.com\/www.stefaneguilbaud.com\/blog\/wp-content\/uploads\/2013\/12\/bio.jpg?fit=800%2C435&ssl=1&resize=700%2C400 2x"},"classes":[]},{"id":358,"url":"https:\/\/www.stefaneguilbaud.com\/blog\/?p=358","url_meta":{"origin":479,"position":5},"title":"Les nanotechnologies","author":"SG","date":"11 mai 2010","format":false,"excerpt":"Manger devient un sujet complexe. Les media disent et contredisent et plus personne ne sait ou donner de la t\u00eate. Comme si cela ne suffisait pas, il va falloir int\u00e9grer le minuscule, infiniment petit dans notre alimentation, car des chercheurs ... cherchent. Au secours !!! L'homme ne sait vraiment plus\u2026","rel":"","context":"Dans &quot;Coups de gueule&quot;","block_context":{"text":"Coups de gueule","link":"https:\/\/www.stefaneguilbaud.com\/blog\/?cat=7"},"img":{"alt_text":"","src":"https:\/\/i0.wp.com\/www.stefaneguilbaud.com\/blog\/wp-content\/uploads\/2013\/11\/coupdegueule.jpg?fit=800%2C435&ssl=1&resize=350%2C200","width":350,"height":200,"srcset":"https:\/\/i0.wp.com\/www.stefaneguilbaud.com\/blog\/wp-content\/uploads\/2013\/11\/coupdegueule.jpg?fit=800%2C435&ssl=1&resize=350%2C200 1x, https:\/\/i0.wp.com\/www.stefaneguilbaud.com\/blog\/wp-content\/uploads\/2013\/11\/coupdegueule.jpg?fit=800%2C435&ssl=1&resize=525%2C300 1.5x, https:\/\/i0.wp.com\/www.stefaneguilbaud.com\/blog\/wp-content\/uploads\/2013\/11\/coupdegueule.jpg?fit=800%2C435&ssl=1&resize=700%2C400 2x"},"classes":[]}],"jetpack_likes_enabled":true,"_links":{"self":[{"href":"https:\/\/www.stefaneguilbaud.com\/blog\/index.php?rest_route=\/wp\/v2\/posts\/479","targetHints":{"allow":["GET"]}}],"collection":[{"href":"https:\/\/www.stefaneguilbaud.com\/blog\/index.php?rest_route=\/wp\/v2\/posts"}],"about":[{"href":"https:\/\/www.stefaneguilbaud.com\/blog\/index.php?rest_route=\/wp\/v2\/types\/post"}],"author":[{"embeddable":true,"href":"https:\/\/www.stefaneguilbaud.com\/blog\/index.php?rest_route=\/wp\/v2\/users\/1"}],"replies":[{"embeddable":true,"href":"https:\/\/www.stefaneguilbaud.com\/blog\/index.php?rest_route=%2Fwp%2Fv2%2Fcomments&post=479"}],"version-history":[{"count":4,"href":"https:\/\/www.stefaneguilbaud.com\/blog\/index.php?rest_route=\/wp\/v2\/posts\/479\/revisions"}],"predecessor-version":[{"id":655,"href":"https:\/\/www.stefaneguilbaud.com\/blog\/index.php?rest_route=\/wp\/v2\/posts\/479\/revisions\/655"}],"wp:featuredmedia":[{"embeddable":true,"href":"https:\/\/www.stefaneguilbaud.com\/blog\/index.php?rest_route=\/wp\/v2\/media\/480"}],"wp:attachment":[{"href":"https:\/\/www.stefaneguilbaud.com\/blog\/index.php?rest_route=%2Fwp%2Fv2%2Fmedia&parent=479"}],"wp:term":[{"taxonomy":"category","embeddable":true,"href":"https:\/\/www.stefaneguilbaud.com\/blog\/index.php?rest_route=%2Fwp%2Fv2%2Fcategories&post=479"},{"taxonomy":"post_tag","embeddable":true,"href":"https:\/\/www.stefaneguilbaud.com\/blog\/index.php?rest_route=%2Fwp%2Fv2%2Ftags&post=479"}],"curies":[{"name":"wp","href":"https:\/\/api.w.org\/{rel}","templated":true}]}}