{"id":448,"date":"2010-01-23T05:00:24","date_gmt":"2010-01-23T04:00:24","guid":{"rendered":"http:\/\/www.stefaneguilbaud.com\/journal\/?p=448"},"modified":"2013-12-05T16:02:17","modified_gmt":"2013-12-05T15:02:17","slug":"la-recette-de-ma-grand-mere-a-bon-dos","status":"publish","type":"post","link":"https:\/\/www.stefaneguilbaud.com\/blog\/?p=448","title":{"rendered":"La recette de ma grand-m\u00e8re a bon dos"},"content":{"rendered":"<p>Je suis tr\u00e8s sensible aux d\u00e9corations, jolies phrases et graphismes mentionn\u00e9s sur nos paquets alimentaires &#8230; surtout quand ils sont sujets \u00e0 confusion.<\/p>\n<p>\u00a0 <a href=\"https:\/\/i0.wp.com\/www.stefaneguilbaud.com\/blog\/wp-content\/uploads\/2013\/12\/biscuit.jpg\"><img data-recalc-dims=\"1\" loading=\"lazy\" decoding=\"async\" class=\"size-full wp-image-451 alignleft\" alt=\"biscuit\" src=\"https:\/\/i0.wp.com\/www.stefaneguilbaud.com\/blog\/wp-content\/uploads\/2013\/12\/biscuit.jpg?resize=113%2C100\" width=\"113\" height=\"100\" \/><\/a>Prenons un cas de figure, trouv\u00e9 ce jour en rayon.<br \/>Un paquet de biscuit \u00ab\u00a0<strong>Sabl\u00e9s pur beurre aux pommes de Normandie, et \u00e0 la cr\u00e8me fra\u00eeche d&rsquo;Isigny AOC<\/strong>\u00a0\u00bb de la marque \u00ab\u00a0<strong>Reflets de France\u00a0\u00bb<\/strong>.<br \/>Le titre sugg\u00e8re un produit de terroir d\u00e8s le d\u00e9but, et l&rsquo;enseigne \u00ab\u00a0Reflet de France\u00a0\u00bb nous met \u00e0 l&rsquo;aise et en confiance.<\/p>\n<p><strong>\u00c9tape 1 : L&rsquo;\u00c9THIQUE DE LA MARQUE<\/strong><br \/>Voici ce que nous pouvons lire sur la face avant, en dessous de la marque.<br \/>\u00ab\u00a0Les produits Reflets de France renouent avec les recettes et le savoir faire de chaque terroir qui ont fait de notre pays \u00e0 travers le monde le symbole du bon go\u00fbt\u00a0\u00bb<br \/><a href=\"https:\/\/i0.wp.com\/www.stefaneguilbaud.com\/journal\/wp-content\/uploads\/2013\/12\/RDF1.jpg\"><img data-recalc-dims=\"1\" loading=\"lazy\" decoding=\"async\" alt=\"RDF1\" src=\"https:\/\/i0.wp.com\/www.stefaneguilbaud.com\/journal\/wp-content\/uploads\/2013\/12\/RDF1.jpg?resize=500%2C33\" width=\"500\" height=\"33\" \/><\/a><\/p>\n<p><strong>\u00c9tape 2 : LA DESCRIPTION DU PRODUIT<\/strong><br \/>Voici un extrait de ce que nous pouvons lire sur l&rsquo;une des tranches.<br \/>\u00ab\u00a0L&rsquo;origine du sabl\u00e9 au beurre s&rsquo;inscrit au c\u0153ur de la tradition et du savoir-faire normand depuis le d\u00e9but du 19e si\u00e8cle &#8230;\u00a0\u00bb<\/p>\n<p><strong>\u00c9tape 3 : LES INGR\u00c9DIENTS<\/strong><br \/>Farine de bl\u00e9, sucre, beurre 25%, cubes de pommes 5 % (sirop de <strong>glucose-fructose<\/strong>), humectant : <strong>glyc\u00e9rol<\/strong>, pur\u00e9e concentr\u00e9e de pommes de Normandie 12%, sucre, <strong>fibre de bl\u00e9<\/strong>, <strong>huile de palme<\/strong>, <strong>amidon de riz<\/strong>, g\u00e9lifiant : pectine de fruits, antioxyg\u00e8ne : <strong>acide ascorbique<\/strong>), cr\u00e8me fra\u00eeche d&rsquo;Isigny AOC 5%, jaunes d&rsquo;oeufs <strong>en poudre<\/strong>, ar\u00f4me naturel de pomme, sel, oeufs entiers <strong>en poudre<\/strong>, <strong>poudre<\/strong> de lait \u00e9cr\u00e9m\u00e9.<\/p>\n<p>Il n&rsquo;y a rien qui vous choque ? Pour un produit d\u00e9crit comme \u00ab\u00a0recette et savoir faire de chaque terroir\u00a0\u00bb. Il ne me semble pas que ma grand-m\u00e8re utilisait ce genre d&rsquo;ingr\u00e9dients report\u00e9s ci-dessous :<\/p>\n<p>&#8211; <strong>Glucose-fructose<\/strong> : Un sucre ? Non ! Un m\u00e9lange de sirop de ma\u00efs tr\u00e8s controvers\u00e9. Je vous propose de <a href=\"http:\/\/www.stefaneguilbaud.com\/blog\/?p=548\">lire cet article<\/a><\/p>\n<p>&#8211; <strong>Glyc\u00e9rol <\/strong>: Tri-alcool gras. Produit de synth\u00e8se ou v\u00e9g\u00e9tal (extrait par exemple de la noix de coco)<\/p>\n<p>&#8211; <strong>Fibre de bl\u00e9<\/strong> : Un comble ! Pourquoi ne pas utiliser une farine semi-compl\u00e8te de type 110 au lieu d&rsquo;associer deux ingr\u00e9dients transform\u00e9s, \u00e0 savoir : une farine blanche raffin\u00e9e et pauvre en fibre, donc riche en sucre ET un ajout de <a href=\"http:\/\/www.inra.fr\/la_science_et_vous\/apprendre_experimenter\/fibres_cereales_et_nutrition\" hreflang=\"fr\">fibres de bl\u00e9<\/a>, r\u00e9sultat aussi d&rsquo;une transformation. Que d&rsquo;\u00e9nergie pour rien. \u00c7a me rappelle la m\u00eame logique que cit\u00e9 dans <a href=\"http:\/\/www.stefaneguilbaud.com\/journal\/?p=476\" hreflang=\"fr\">cet article<\/a><\/p>\n<p>&#8211; <strong>Huile de palme<\/strong> : Un bon gras ? Une huile qui est aussi tr\u00e8s controvers\u00e9e. Je vous propose de <a href=\"http:\/\/www.stefaneguilbaud.com\/blog\/?p=468\">lire cet article<\/a><\/p>\n<p>&#8211; <strong>Amidon de riz<\/strong> : Un bon moyen de tenue des biscuits. Ingr\u00e9dient de trop \u00e0 mon avis et celui de ma grand m\u00e8re, surtout si elle savait que cela peut produire des <a href=\"http:\/\/www.reptox.csst.qc.ca\/Produit.asp?no_produit=208&amp;nom=AMIDON+DE+RIZ&amp;incr=0\" hreflang=\"fr\">allergies de peau<\/a> ou autre. Vrai ? Faux ? D\u00e9bat inutile puisque ingr\u00e9dient inutile dans un sabl\u00e9.<\/p>\n<p>&#8211; <strong>Acide ascorbique<\/strong> : Un anti-oxydant certes, mais ma grand m\u00e8re n&rsquo;en mettait pas dans sa recette et son sabl\u00e9 \u00e9tait tout aussi bon.<\/p>\n<p>&#8211; <strong>Tous les produits en poudre<\/strong> :On comprend l&rsquo;int\u00e9r\u00eat de stockage et la p\u00e9remption de ces produits mais d&rsquo;o\u00f9 viennent il ? de Cor\u00e9e, de France, du Canada ? Ma grand-m\u00e8re n&rsquo;avait de go\u00fbt que pour un lait et des oeufs de qualit\u00e9 et n&rsquo;ayant subit aucune transformation .. \u00c7a c&rsquo;est du terroir !<\/p>\n<p><strong>\u00c9tape 4 : CONCLUSION<\/strong><br \/>En guise de conclusion, je me suis rabattu sur une alternative et suis all\u00e9 en grande surface au rayon BIO. J&rsquo;ai trouv\u00e9 un paquet de \u00ab\u00a0<strong>Sabl\u00e9s au beurre au s\u00e9same et pavot<\/strong>\u00a0\u00bb de la marque \u00ab\u00a0<strong>C\u00e9r\u00e9al Bio<\/strong>\u00ab\u00a0.<\/p>\n<p><strong><a href=\"https:\/\/i0.wp.com\/www.stefaneguilbaud.com\/blog\/wp-content\/uploads\/2013\/12\/Cereal_bio.gif\"><img data-recalc-dims=\"1\" loading=\"lazy\" decoding=\"async\" class=\"alignleft\" alt=\"Cereal_bio\" src=\"https:\/\/i0.wp.com\/www.stefaneguilbaud.com\/blog\/wp-content\/uploads\/2013\/12\/Cereal_bio.gif?resize=82%2C82\" width=\"82\" height=\"82\" \/><\/a>*Je vous met \u00e0 disposition de la m\u00eame fa\u00e7on les ingr\u00e9dients BIO :<\/strong><br \/>Farine int\u00e9grale de bl\u00e9 de meule 28,5%, farine de bl\u00e9, beurre 23,5%, sucre de canne roux, graines de pavot 5%, graine de s\u00e9same toast\u00e9 5%, <strong>poudre d&rsquo;oeuf<\/strong>, sel marin, poudre \u00e0 lever : <strong>carbonate d&rsquo;ammonium<\/strong>, ar\u00f4me naturel.<\/p>\n<p>&#8211; <strong>Carbonate d&rsquo;ammonium : <\/strong>Connu aussi sous l&rsquo;appellation E503i, sert ici de levure chimique, d&rsquo;agent levant.<\/p>\n<p><strong>&#8211; Poudre d&rsquo;oeuf<\/strong> : Une \u00e9tape de transformation qui me g\u00e8ne.<\/p>\n<p><strong>Ma grand-m\u00e8re en aurait mang\u00e9 peut \u00eatre plus volontiers, mais bon &#8230; rien ne vaut des petits sabl\u00e9s faits-maison en 5 minutes et cuit en 12 minutes. <\/strong><\/p>\n","protected":false},"excerpt":{"rendered":"<p>Je suis tr\u00e8s sensible aux d\u00e9corations, jolies phrases et graphismes mentionn\u00e9s sur nos paquets alimentaires &#8230; surtout quand ils sont sujets \u00e0 confusion. \u00a0 Prenons &hellip; <\/p>\n","protected":false},"author":1,"featured_media":452,"comment_status":"open","ping_status":"open","sticky":false,"template":"","format":"standard","meta":{"_exactmetrics_skip_tracking":false,"_exactmetrics_sitenote_active":false,"_exactmetrics_sitenote_note":"","_exactmetrics_sitenote_category":0,"jetpack_post_was_ever_published":false,"_jetpack_newsletter_access":"","_jetpack_dont_email_post_to_subs":false,"_jetpack_newsletter_tier_id":0,"_jetpack_memberships_contains_paywalled_content":false,"_jetpack_memberships_contains_paid_content":false,"footnotes":"","jetpack_publicize_message":"","jetpack_publicize_feature_enabled":true,"jetpack_social_post_already_shared":false,"jetpack_social_options":{"image_generator_settings":{"template":"highway","default_image_id":0,"font":"","enabled":false},"version":2}},"categories":[1],"tags":[],"class_list":["post-448","post","type-post","status-publish","format-standard","has-post-thumbnail","hentry","category-alimentation"],"jetpack_publicize_connections":[],"jetpack_featured_media_url":"https:\/\/i0.wp.com\/www.stefaneguilbaud.com\/blog\/wp-content\/uploads\/2013\/12\/patisserie.jpg?fit=800%2C435&ssl=1","jetpack_sharing_enabled":true,"jetpack_shortlink":"https:\/\/wp.me\/p8a0UX-7e","jetpack-related-posts":[{"id":487,"url":"https:\/\/www.stefaneguilbaud.com\/blog\/?p=487","url_meta":{"origin":448,"position":0},"title":"Le bio en passe de devenir un vrai march\u00e9 de masse !","author":"SG","date":"19 d\u00e9cembre 2009","format":false,"excerpt":"Le march\u00e9 BIO, qu'il soit industriel ou artisanal est de plus en plus \u00e0 l'aise avec les standards du commerce conventionnel. L'innovation Bio est au service de la vente ! [ source LSA 2114 ] Des chiffres ! - U Bio (Marque Bio de Systeme U) : + 12,1 %\u2026","rel":"","context":"Dans &quot;Alimentation&quot;","block_context":{"text":"Alimentation","link":"https:\/\/www.stefaneguilbaud.com\/blog\/?cat=1"},"img":{"alt_text":"","src":"https:\/\/i0.wp.com\/www.stefaneguilbaud.com\/blog\/wp-content\/uploads\/2013\/12\/bio.jpg?fit=800%2C435&ssl=1&resize=350%2C200","width":350,"height":200,"srcset":"https:\/\/i0.wp.com\/www.stefaneguilbaud.com\/blog\/wp-content\/uploads\/2013\/12\/bio.jpg?fit=800%2C435&ssl=1&resize=350%2C200 1x, https:\/\/i0.wp.com\/www.stefaneguilbaud.com\/blog\/wp-content\/uploads\/2013\/12\/bio.jpg?fit=800%2C435&ssl=1&resize=525%2C300 1.5x, https:\/\/i0.wp.com\/www.stefaneguilbaud.com\/blog\/wp-content\/uploads\/2013\/12\/bio.jpg?fit=800%2C435&ssl=1&resize=700%2C400 2x"},"classes":[]},{"id":3887,"url":"https:\/\/www.stefaneguilbaud.com\/blog\/?p=3887","url_meta":{"origin":448,"position":1},"title":"Ob\u00e9sit\u00e9 paradox !","author":"SG","date":"8 mars 2023","format":false,"excerpt":"Alors que l'OMS nous annonce qu'en 2035, nous atteindrons les 50 % d'ob\u00e9sit\u00e9, nous constatons au quotidien un discours totalement d\u00e9correl\u00e9 de cette triste r\u00e9alit\u00e9. Explications ! Actuellement, en 2023, 47 % des fran\u00e7ais sont en surpoids et 17 % sont ob\u00e8ses. L'ob\u00e9sit\u00e9 est une maladie qui coute cher. \"Cher\"\u2026","rel":"","context":"Dans &quot;Alimentation&quot;","block_context":{"text":"Alimentation","link":"https:\/\/www.stefaneguilbaud.com\/blog\/?cat=1"},"img":{"alt_text":"","src":"https:\/\/i0.wp.com\/www.stefaneguilbaud.com\/blog\/wp-content\/uploads\/2023\/03\/Obese-studio-1.webp?fit=800%2C435&ssl=1&resize=350%2C200","width":350,"height":200,"srcset":"https:\/\/i0.wp.com\/www.stefaneguilbaud.com\/blog\/wp-content\/uploads\/2023\/03\/Obese-studio-1.webp?fit=800%2C435&ssl=1&resize=350%2C200 1x, https:\/\/i0.wp.com\/www.stefaneguilbaud.com\/blog\/wp-content\/uploads\/2023\/03\/Obese-studio-1.webp?fit=800%2C435&ssl=1&resize=525%2C300 1.5x, https:\/\/i0.wp.com\/www.stefaneguilbaud.com\/blog\/wp-content\/uploads\/2023\/03\/Obese-studio-1.webp?fit=800%2C435&ssl=1&resize=700%2C400 2x"},"classes":[]},{"id":120,"url":"https:\/\/www.stefaneguilbaud.com\/blog\/?p=120","url_meta":{"origin":448,"position":2},"title":"Ce m\u00e9dia \u2026 un vrai fils de pub !","author":"SG","date":"28 f\u00e9vrier 2011","format":false,"excerpt":"Des citoyens sous influence \u2026Il s'agit de la repr\u00e9sentation d'un syst\u00e8me bas\u00e9 sur la marque, sur l'envie et le plaisir de nous faire consommer. Un constat pitoyable. Telles des dindes, nous sommes domin\u00e9s par les v\u0153ux pieux des fabricants. Loin de vouloir stigmatiser une quelconque th\u00e9orie du complot, il faut\u2026","rel":"","context":"Dans &quot;Soci\u00e9t\u00e9&quot;","block_context":{"text":"Soci\u00e9t\u00e9","link":"https:\/\/www.stefaneguilbaud.com\/blog\/?cat=3"},"img":{"alt_text":"","src":"https:\/\/i0.wp.com\/www.stefaneguilbaud.com\/blog\/wp-content\/uploads\/2011\/02\/tvmedias.jpg?fit=800%2C435&ssl=1&resize=350%2C200","width":350,"height":200,"srcset":"https:\/\/i0.wp.com\/www.stefaneguilbaud.com\/blog\/wp-content\/uploads\/2011\/02\/tvmedias.jpg?fit=800%2C435&ssl=1&resize=350%2C200 1x, https:\/\/i0.wp.com\/www.stefaneguilbaud.com\/blog\/wp-content\/uploads\/2011\/02\/tvmedias.jpg?fit=800%2C435&ssl=1&resize=525%2C300 1.5x, https:\/\/i0.wp.com\/www.stefaneguilbaud.com\/blog\/wp-content\/uploads\/2011\/02\/tvmedias.jpg?fit=800%2C435&ssl=1&resize=700%2C400 2x"},"classes":[]},{"id":3519,"url":"https:\/\/www.stefaneguilbaud.com\/blog\/?p=3519","url_meta":{"origin":448,"position":3},"title":"Y a-t-il encore des produits sains dans les supermarch\u00e9s ?","author":"SG","date":"17 f\u00e9vrier 2021","format":false,"excerpt":"Dans le \"Journal Des Bonnes Nouvelles\", chaque mois, je r\u00e9pond \u00e0 une question pos\u00e9e par les lecteurs, voici celle de F\u00e9vrier 2021. [Sommaire des articles parus]. Question : Y a-t-il encore des produits sains dans les supermarch\u00e9s ? M\u00e9lanie, 57 ans, mari\u00e9e, grand-m\u00e8re. C\u2019est une question tr\u00e8s int\u00e9ressante, car elle\u2026","rel":"","context":"Dans &quot;Alimentation&quot;","block_context":{"text":"Alimentation","link":"https:\/\/www.stefaneguilbaud.com\/blog\/?cat=1"},"img":{"alt_text":"","src":"https:\/\/i0.wp.com\/www.stefaneguilbaud.com\/blog\/wp-content\/uploads\/2021\/08\/jdbn0221.jpg?fit=800%2C435&ssl=1&resize=350%2C200","width":350,"height":200,"srcset":"https:\/\/i0.wp.com\/www.stefaneguilbaud.com\/blog\/wp-content\/uploads\/2021\/08\/jdbn0221.jpg?fit=800%2C435&ssl=1&resize=350%2C200 1x, https:\/\/i0.wp.com\/www.stefaneguilbaud.com\/blog\/wp-content\/uploads\/2021\/08\/jdbn0221.jpg?fit=800%2C435&ssl=1&resize=525%2C300 1.5x, https:\/\/i0.wp.com\/www.stefaneguilbaud.com\/blog\/wp-content\/uploads\/2021\/08\/jdbn0221.jpg?fit=800%2C435&ssl=1&resize=700%2C400 2x"},"classes":[]},{"id":189,"url":"https:\/\/www.stefaneguilbaud.com\/blog\/?p=189","url_meta":{"origin":448,"position":4},"title":"Changez de comportement !","author":"SG","date":"2 d\u00e9cembre 2010","format":false,"excerpt":"Plus que jamais, nous devons changer de comportements alimentaires. Arr\u00eater les r\u00e9gimes, arr\u00eater de nourrir les id\u00e9aux marketing, arr\u00eater de d\u00e9truire notre capital sant\u00e9. Faisons-le point, gr\u00e2ce \u00e0 un rapport diffus\u00e9 ce jour.G\u00e9n\u00e9ration future nous informe : \u00ab\u00a0Aujourd\u2019hui, un homme sur 2 et une femme sur 3 est ou sera\u2026","rel":"","context":"Dans &quot;Alimentation&quot;","block_context":{"text":"Alimentation","link":"https:\/\/www.stefaneguilbaud.com\/blog\/?cat=1"},"img":{"alt_text":"","src":"https:\/\/i0.wp.com\/www.stefaneguilbaud.com\/blog\/wp-content\/uploads\/2010\/12\/miam.jpg?fit=800%2C435&ssl=1&resize=350%2C200","width":350,"height":200,"srcset":"https:\/\/i0.wp.com\/www.stefaneguilbaud.com\/blog\/wp-content\/uploads\/2010\/12\/miam.jpg?fit=800%2C435&ssl=1&resize=350%2C200 1x, https:\/\/i0.wp.com\/www.stefaneguilbaud.com\/blog\/wp-content\/uploads\/2010\/12\/miam.jpg?fit=800%2C435&ssl=1&resize=525%2C300 1.5x, https:\/\/i0.wp.com\/www.stefaneguilbaud.com\/blog\/wp-content\/uploads\/2010\/12\/miam.jpg?fit=800%2C435&ssl=1&resize=700%2C400 2x"},"classes":[]},{"id":454,"url":"https:\/\/www.stefaneguilbaud.com\/blog\/?p=454","url_meta":{"origin":448,"position":5},"title":"Les produits du terroir le sont-ils ?","author":"SG","date":"20 janvier 2010","format":false,"excerpt":"Depuis quelques temps, vous pouvez recevoir dans vos bo\u00eetes aux lettres, un message \u00e9manent du minist\u00e8re de l'Agriculture qui vous informerait sur les d\u00e9rives des appellations de terroir. Attention, aux sources ! Ce n'est pas le minist\u00e8re qui est \u00e0 l'origine de cette information mais un site internet : http:\/\/finances.fr.msn.com.\u2026","rel":"","context":"Dans &quot;Alimentation&quot;","block_context":{"text":"Alimentation","link":"https:\/\/www.stefaneguilbaud.com\/blog\/?cat=1"},"img":{"alt_text":"","src":"https:\/\/i0.wp.com\/www.stefaneguilbaud.com\/blog\/wp-content\/uploads\/2013\/12\/graines.jpg?fit=800%2C435&ssl=1&resize=350%2C200","width":350,"height":200,"srcset":"https:\/\/i0.wp.com\/www.stefaneguilbaud.com\/blog\/wp-content\/uploads\/2013\/12\/graines.jpg?fit=800%2C435&ssl=1&resize=350%2C200 1x, https:\/\/i0.wp.com\/www.stefaneguilbaud.com\/blog\/wp-content\/uploads\/2013\/12\/graines.jpg?fit=800%2C435&ssl=1&resize=525%2C300 1.5x, https:\/\/i0.wp.com\/www.stefaneguilbaud.com\/blog\/wp-content\/uploads\/2013\/12\/graines.jpg?fit=800%2C435&ssl=1&resize=700%2C400 2x"},"classes":[]}],"jetpack_likes_enabled":true,"_links":{"self":[{"href":"https:\/\/www.stefaneguilbaud.com\/blog\/index.php?rest_route=\/wp\/v2\/posts\/448","targetHints":{"allow":["GET"]}}],"collection":[{"href":"https:\/\/www.stefaneguilbaud.com\/blog\/index.php?rest_route=\/wp\/v2\/posts"}],"about":[{"href":"https:\/\/www.stefaneguilbaud.com\/blog\/index.php?rest_route=\/wp\/v2\/types\/post"}],"author":[{"embeddable":true,"href":"https:\/\/www.stefaneguilbaud.com\/blog\/index.php?rest_route=\/wp\/v2\/users\/1"}],"replies":[{"embeddable":true,"href":"https:\/\/www.stefaneguilbaud.com\/blog\/index.php?rest_route=%2Fwp%2Fv2%2Fcomments&post=448"}],"version-history":[{"count":4,"href":"https:\/\/www.stefaneguilbaud.com\/blog\/index.php?rest_route=\/wp\/v2\/posts\/448\/revisions"}],"predecessor-version":[{"id":651,"href":"https:\/\/www.stefaneguilbaud.com\/blog\/index.php?rest_route=\/wp\/v2\/posts\/448\/revisions\/651"}],"wp:featuredmedia":[{"embeddable":true,"href":"https:\/\/www.stefaneguilbaud.com\/blog\/index.php?rest_route=\/wp\/v2\/media\/452"}],"wp:attachment":[{"href":"https:\/\/www.stefaneguilbaud.com\/blog\/index.php?rest_route=%2Fwp%2Fv2%2Fmedia&parent=448"}],"wp:term":[{"taxonomy":"category","embeddable":true,"href":"https:\/\/www.stefaneguilbaud.com\/blog\/index.php?rest_route=%2Fwp%2Fv2%2Fcategories&post=448"},{"taxonomy":"post_tag","embeddable":true,"href":"https:\/\/www.stefaneguilbaud.com\/blog\/index.php?rest_route=%2Fwp%2Fv2%2Ftags&post=448"}],"curies":[{"name":"wp","href":"https:\/\/api.w.org\/{rel}","templated":true}]}}