{"id":4264,"date":"2025-09-12T15:45:17","date_gmt":"2025-09-12T14:45:17","guid":{"rendered":"https:\/\/www.stefaneguilbaud.com\/blog\/?p=4264"},"modified":"2025-09-13T16:49:18","modified_gmt":"2025-09-13T15:49:18","slug":"alimentation-actuelle-un-danger","status":"publish","type":"post","link":"https:\/\/www.stefaneguilbaud.com\/blog\/?p=4264","title":{"rendered":"Alimentation actuelle\u2026\u00a0un danger ?"},"content":{"rendered":"<h3>La nuit des temps<\/h3>\n<p>Manger est un acte \u00e0 la fois social et sensoriel, et la faim a d\u00e9clench\u00e9 des guerres et des r\u00e9volutions. Avec la ma\u00eetrise du feu, notre alimentation a profond\u00e9ment modifi\u00e9 notre physionomie. La m\u00e2choire et le cerveau ont \u00e9volu\u00e9, nous permettant de d\u00e9velopper la parole autour d\u2019un foyer, ce point de convergence autour duquel notre langage a \u00e9volu\u00e9.<\/p>\n<p>En communicant, notre cerveau a d\u00e9velopp\u00e9 des strat\u00e9gies pour s\u2019enrichir et devenir encore plus apte \u00e0 g\u00e9rer notre environnement. Au cours de l&rsquo;\u00e9volution, le volume de notre cerveau a tripl\u00e9, passant de 450 cm\u00b3 \u00e0 1350 cm\u00b3. Cette expansion c\u00e9r\u00e9brale a exig\u00e9, en contrepartie, un apport accru en prot\u00e9ines pour r\u00e9pondre \u00e0 sa demande \u00e9nerg\u00e9tique.<\/p>\n<p>Ainsi, au fil de l\u2019histoire, les techniques de chasse sont devenues de plus en plus \u00e9labor\u00e9es, et l\u2019art de cuisiner s&rsquo;est sophistiqu\u00e9. Pendant des si\u00e8cles, trouver une mati\u00e8re premi\u00e8re, la transformer et la cuisiner a \u00e9t\u00e9 un moyen de subsister, de transmettre un savoir et de progresser.<\/p>\n<h3>Qu&rsquo;en est-il aujourd\u2019hui ?<\/h3>\n<h5>D\u00c9CONNEXION DE NOTRE ENVIRONNEMENT<\/h5>\n<p>L&rsquo;humanit\u00e9 s&rsquo;est construite en interagissant directement avec son environnement pour se nourrir. Chasser, cueillir, et cultiver nous liait \u00e0 la terre, aux saisons, et aux animaux. Ce rapport physique et direct a d\u00e9velopp\u00e9 chez nous des sens aiguis\u00e9s, une compr\u00e9hension intime de la nature et un sens de la communaut\u00e9. Aujourd&rsquo;hui, les aliments sous film plastique coupent ce lien. Nous n&rsquo;avons plus besoin de comprendre d&rsquo;o\u00f9 vient notre nourriture, ni comment elle est produite. Cette distance rend notre existence plus abstraite et potentiellement plus fragile, car nous perdons la m\u00e9moire collective de la subsistance.<\/p>\n<h5>D\u00c9CONNEXION DE NOTRE CORPS<\/h5>\n<p>Manger des aliments mous et industrialis\u00e9s, riches en sucre et en gras, mais pauvres en nutriments essentiels, transforme notre rapport \u00e0 notre propre corps. La mastication, autrefois essentielle au d\u00e9veloppement de notre m\u00e2choire et de notre cerveau, est devenue superflue. La sati\u00e9t\u00e9 est d\u00e9s\u00e9quilibr\u00e9e, car les nutriments manquent, ce qui peut conduire \u00e0 une surconsommation. Le corps devient un simple r\u00e9ceptacle, et l&rsquo;acte de manger, au lieu d&rsquo;\u00eatre un moment de plaisir conscient et de nutrition, se transforme en une routine m\u00e9canique pour calmer une faim superficielle.<\/p>\n<h5>D\u00c9CONNEXION DE L&rsquo;ACTE SOCIAL<\/h5>\n<p>Le repas a toujours \u00e9t\u00e9 le ciment de la soci\u00e9t\u00e9, le lieu o\u00f9 l&rsquo;on partage des histoires, des connaissances, et o\u00f9 se tissent des liens. C&rsquo;est autour du feu que le langage s&rsquo;est d\u00e9velopp\u00e9. Aujourd&rsquo;hui, \u00ab\u00a0des humains concentr\u00e9s sur un \u00e9cran,\u00a0\u00bb symbolise la fin de ce rituel. Le repas solitaire et silencieux remplace le banquet partag\u00e9. La nourriture est consomm\u00e9e comme un carburant individuel, et non plus comme un moment de communion. Cela affaiblit les fondations de notre tissu social et peut conduire \u00e0 une plus grande solitude et un isolement g\u00e9n\u00e9ralis\u00e9.<\/p>\n<h3>Une \u00e9volution en panne ?<\/h3>\n<p>Jusqu&rsquo;\u00e0 pr\u00e9sent, notre \u00e9volution a toujours \u00e9t\u00e9 une r\u00e9ponse \u00e0 des d\u00e9fis. La complexit\u00e9 de notre cerveau a exig\u00e9 plus de prot\u00e9ines, nous poussant \u00e0 d\u00e9velopper des strat\u00e9gies de chasse sophistiqu\u00e9es. L&rsquo;\u00e9volution \u00e9tait un cycle de cause \u00e0 effet qui nous rendait plus ing\u00e9nieux et plus adapt\u00e9s.<\/p>\n<p>Aujourd&rsquo;hui, ce cycle est bris\u00e9. L&rsquo;acc\u00e8s \u00e0 la nourriture est artificiellement simple. Notre cerveau n&rsquo;a plus besoin de \u00ab\u00a0penser\u00a0\u00bb pour trouver de quoi se nourrir. L&rsquo;ing\u00e9niosit\u00e9 se d\u00e9place vers des activit\u00e9s purement virtuelles, alors que notre corps, lui, r\u00e9gresse. Le \u00ab\u00a0danger\u00a0\u00bb n&rsquo;est donc pas seulement physique, mais aussi existentiel : il est celui d&rsquo;une humanit\u00e9 qui stagne, ayant r\u00e9solu son probl\u00e8me le plus fondamental (la faim) d&rsquo;une mani\u00e8re qui risque de la rendre plus faible, plus malade, et plus seule que jamais.<\/p>\n<p>Pour la premi\u00e8re fois, nous ne sommes pas menac\u00e9s par une p\u00e9nurie, mais par un exc\u00e8s. L&rsquo;abondance est devenue un pi\u00e8ge. La nourriture industrielle, si facile d&rsquo;acc\u00e8s, est une menace sournoise qui mine notre sant\u00e9, notre intelligence et notre capacit\u00e9 \u00e0 vivre en communaut\u00e9.<\/p>\n<p>Cette prise de conscience est t-elle le premier pas vers un changement de mode de vie\u2026 ou sommes-nous d\u00e9j\u00e0 trop habitu\u00e9s \u00e0 cette nouvelle r\u00e9alit\u00e9 ?<\/p>\n","protected":false},"excerpt":{"rendered":"<p>La nuit des temps Manger est un acte \u00e0 la fois social et sensoriel, et la faim a d\u00e9clench\u00e9 des guerres et des r\u00e9volutions. Avec &hellip; <\/p>\n","protected":false},"author":1,"featured_media":4266,"comment_status":"open","ping_status":"closed","sticky":false,"template":"","format":"standard","meta":{"_exactmetrics_skip_tracking":false,"_exactmetrics_sitenote_active":false,"_exactmetrics_sitenote_note":"","_exactmetrics_sitenote_category":0,"jetpack_post_was_ever_published":false,"_jetpack_newsletter_access":"","_jetpack_dont_email_post_to_subs":false,"_jetpack_newsletter_tier_id":0,"_jetpack_memberships_contains_paywalled_content":false,"_jetpack_memberships_contains_paid_content":false,"footnotes":"","jetpack_publicize_message":"","jetpack_publicize_feature_enabled":true,"jetpack_social_post_already_shared":true,"jetpack_social_options":{"image_generator_settings":{"template":"highway","default_image_id":0,"font":"","enabled":false},"version":2}},"categories":[1,6,7],"tags":[],"class_list":["post-4264","post","type-post","status-publish","format-standard","has-post-thumbnail","hentry","category-alimentation","category-chroniques-parues","category-coups-de-gueule"],"jetpack_publicize_connections":[],"jetpack_featured_media_url":"https:\/\/i0.wp.com\/www.stefaneguilbaud.com\/blog\/wp-content\/uploads\/2025\/09\/MIAM.webp?fit=1000%2C543&ssl=1","jetpack_sharing_enabled":true,"jetpack_shortlink":"https:\/\/wp.me\/p8a0UX-16M","jetpack-related-posts":[{"id":4174,"url":"https:\/\/www.stefaneguilbaud.com\/blog\/?p=4174","url_meta":{"origin":4264,"position":0},"title":"La cuisson des aliments : un tournant crucial dans l&rsquo;\u00e9volution humaine ?","author":"SG","date":"27 mai 2024","format":false,"excerpt":"Des N\u00e9andertaliens \u00e0 l'Homo Sapiens : le feu, un moteur de l'\u00e9volution Loin d'\u00eatre de simples opportunistes, les N\u00e9andertaliens s\u00e9lectionnaient minutieusement leurs proies en fonction de leur valeur nutritive, privil\u00e9giant celles les plus riches malgr\u00e9 les difficult\u00e9s de chasse. Cette strat\u00e9gie alimentaire sophistiqu\u00e9e, associ\u00e9e \u00e0 l'utilisation du feu pour la\u2026","rel":"","context":"Dans &quot;Alimentation&quot;","block_context":{"text":"Alimentation","link":"https:\/\/www.stefaneguilbaud.com\/blog\/?cat=1"},"img":{"alt_text":"","src":"https:\/\/i0.wp.com\/www.stefaneguilbaud.com\/blog\/wp-content\/uploads\/2024\/05\/neandertal.jpg?fit=800%2C435&ssl=1&resize=350%2C200","width":350,"height":200,"srcset":"https:\/\/i0.wp.com\/www.stefaneguilbaud.com\/blog\/wp-content\/uploads\/2024\/05\/neandertal.jpg?fit=800%2C435&ssl=1&resize=350%2C200 1x, https:\/\/i0.wp.com\/www.stefaneguilbaud.com\/blog\/wp-content\/uploads\/2024\/05\/neandertal.jpg?fit=800%2C435&ssl=1&resize=525%2C300 1.5x, https:\/\/i0.wp.com\/www.stefaneguilbaud.com\/blog\/wp-content\/uploads\/2024\/05\/neandertal.jpg?fit=800%2C435&ssl=1&resize=700%2C400 2x"},"classes":[]},{"id":4166,"url":"https:\/\/www.stefaneguilbaud.com\/blog\/?p=4166","url_meta":{"origin":4264,"position":1},"title":"D\u00e9pression et Alimentation : Comment prendre soin de sa sant\u00e9 mentale ?","author":"SG","date":"12 mars 2024","format":false,"excerpt":"Notre alimentation joue un r\u00f4le crucial dans notre sant\u00e9 mentale. Des \u00e9tudes r\u00e9v\u00e8lent qu'un r\u00e9gime de qualit\u00e9 peut pr\u00e9venir la d\u00e9pression, tandis que certains aliments peuvent la favoriser. Des recherches r\u00e9centes indiquent que certains nutriments pourraient m\u00eame servir de traitement d'appoint contre la d\u00e9pression, en agissant sur des m\u00e9canismes biochimiques\u2026","rel":"","context":"Dans &quot;Alimentation&quot;","block_context":{"text":"Alimentation","link":"https:\/\/www.stefaneguilbaud.com\/blog\/?cat=1"},"img":{"alt_text":"","src":"https:\/\/i0.wp.com\/www.stefaneguilbaud.com\/blog\/wp-content\/uploads\/2024\/03\/pexels-photo-897817.webp?fit=800%2C435&ssl=1&resize=350%2C200","width":350,"height":200,"srcset":"https:\/\/i0.wp.com\/www.stefaneguilbaud.com\/blog\/wp-content\/uploads\/2024\/03\/pexels-photo-897817.webp?fit=800%2C435&ssl=1&resize=350%2C200 1x, https:\/\/i0.wp.com\/www.stefaneguilbaud.com\/blog\/wp-content\/uploads\/2024\/03\/pexels-photo-897817.webp?fit=800%2C435&ssl=1&resize=525%2C300 1.5x, https:\/\/i0.wp.com\/www.stefaneguilbaud.com\/blog\/wp-content\/uploads\/2024\/03\/pexels-photo-897817.webp?fit=800%2C435&ssl=1&resize=700%2C400 2x"},"classes":[]},{"id":1704,"url":"https:\/\/www.stefaneguilbaud.com\/blog\/?p=1704","url_meta":{"origin":4264,"position":2},"title":"20 novembre 2015","author":"SG","date":"20 novembre 2015","format":false,"excerpt":"Et bien voil\u00e0. Apr\u00e8s, un immense plaisir, mais avec beaucoup de travail, la sortie de mon 3e livre. \"Je ne mange pas de produits industriels\". \u00c9ditions Eyrolles 2015. I \u2022 LA DERNI\u00c8RE DE COUVERTURE : Vive la d\u00e9sob\u00e9issance alimentaire\u00a0! Notre alimentation a profond\u00e9ment chang\u00e9 en quelques d\u00e9cennies et les produits\u2026","rel":"","context":"Dans &quot;Actualit\u00e9s&quot;","block_context":{"text":"Actualit\u00e9s","link":"https:\/\/www.stefaneguilbaud.com\/blog\/?cat=8"},"img":{"alt_text":"","src":"https:\/\/i0.wp.com\/www.stefaneguilbaud.com\/blog\/wp-content\/uploads\/2015\/11\/blog.jpg?fit=800%2C435&ssl=1&resize=350%2C200","width":350,"height":200,"srcset":"https:\/\/i0.wp.com\/www.stefaneguilbaud.com\/blog\/wp-content\/uploads\/2015\/11\/blog.jpg?fit=800%2C435&ssl=1&resize=350%2C200 1x, https:\/\/i0.wp.com\/www.stefaneguilbaud.com\/blog\/wp-content\/uploads\/2015\/11\/blog.jpg?fit=800%2C435&ssl=1&resize=525%2C300 1.5x, https:\/\/i0.wp.com\/www.stefaneguilbaud.com\/blog\/wp-content\/uploads\/2015\/11\/blog.jpg?fit=800%2C435&ssl=1&resize=700%2C400 2x"},"classes":[]},{"id":1524,"url":"https:\/\/www.stefaneguilbaud.com\/blog\/?p=1524","url_meta":{"origin":4264,"position":3},"title":"Les fromages et leurs saisons","author":"SG","date":"30 juin 2015","format":false,"excerpt":"Toujours en qu\u00eate d'informer sur la nature des aliments, je vous propose un tableau r\u00e9capitulant les saisons des fromages, car il y a bel et bien des saisons li\u00e9es au confort de l'animal. Rencontre fructueuse avec un personnage passionn\u00e9 : Benoit Lemari\u00e9 de la fromagerie Lemari\u00e9, dont voici le fruit\u2026","rel":"","context":"Dans &quot;Alimentation&quot;","block_context":{"text":"Alimentation","link":"https:\/\/www.stefaneguilbaud.com\/blog\/?cat=1"},"img":{"alt_text":"","src":"https:\/\/i0.wp.com\/www.stefaneguilbaud.com\/blog\/wp-content\/uploads\/2015\/06\/vachelait.png?fit=800%2C435&ssl=1&resize=350%2C200","width":350,"height":200,"srcset":"https:\/\/i0.wp.com\/www.stefaneguilbaud.com\/blog\/wp-content\/uploads\/2015\/06\/vachelait.png?fit=800%2C435&ssl=1&resize=350%2C200 1x, https:\/\/i0.wp.com\/www.stefaneguilbaud.com\/blog\/wp-content\/uploads\/2015\/06\/vachelait.png?fit=800%2C435&ssl=1&resize=525%2C300 1.5x, https:\/\/i0.wp.com\/www.stefaneguilbaud.com\/blog\/wp-content\/uploads\/2015\/06\/vachelait.png?fit=800%2C435&ssl=1&resize=700%2C400 2x"},"classes":[]},{"id":98,"url":"https:\/\/www.stefaneguilbaud.com\/blog\/?p=98","url_meta":{"origin":4264,"position":4},"title":"Syst\u00e8me exog\u00e8ne et environnement","author":"SG","date":"22 mars 2011","format":false,"excerpt":"Nous avons du mal \u00e0 accepter le simple fait que notre alimentation puisse avoir une influence sur notre sant\u00e9 et, comme si cela ne suffisait pas, d'autres facteurs viennent s'ajouter. Le fait que notre alimentation puisse avoir une influence sur notre sant\u00e9 est de plus en plus int\u00e9gr\u00e9 par des\u2026","rel":"","context":"Dans &quot;Alimentation&quot;","block_context":{"text":"Alimentation","link":"https:\/\/www.stefaneguilbaud.com\/blog\/?cat=1"},"img":{"alt_text":"","src":"https:\/\/i0.wp.com\/www.stefaneguilbaud.com\/blog\/wp-content\/uploads\/2011\/03\/environnement.jpg?fit=800%2C435&ssl=1&resize=350%2C200","width":350,"height":200,"srcset":"https:\/\/i0.wp.com\/www.stefaneguilbaud.com\/blog\/wp-content\/uploads\/2011\/03\/environnement.jpg?fit=800%2C435&ssl=1&resize=350%2C200 1x, https:\/\/i0.wp.com\/www.stefaneguilbaud.com\/blog\/wp-content\/uploads\/2011\/03\/environnement.jpg?fit=800%2C435&ssl=1&resize=525%2C300 1.5x, https:\/\/i0.wp.com\/www.stefaneguilbaud.com\/blog\/wp-content\/uploads\/2011\/03\/environnement.jpg?fit=800%2C435&ssl=1&resize=700%2C400 2x"},"classes":[]},{"id":371,"url":"https:\/\/www.stefaneguilbaud.com\/blog\/?p=371","url_meta":{"origin":4264,"position":5},"title":"L&rsquo;alimentation, vecteur social","author":"SG","date":"18 avril 2010","format":false,"excerpt":"Chronique \u00e9crite pour\u2022 N\u00b031 \/ Avril 2010 \u00a0 Les psychologues, aid\u00e9s par la c\u00e9l\u00e8bre citation du gastronome Brillat-Savarin, s'int\u00e9ressent au \u00ab\u00a0Dis-moi ce que tu manges, je te dirais ce que tu es\u00a0?\u00a0\u00bb.Les historiens sont plus sensibles au\u00ab\u00a0Dis-moi ce que tu as mang\u00e9 et je te dirais quand tu as v\u00e9cu\u00a0?\u00a0\u00bb.Les\u2026","rel":"","context":"Dans &quot;Chroniques parues&quot;","block_context":{"text":"Chroniques parues","link":"https:\/\/www.stefaneguilbaud.com\/blog\/?cat=6"},"img":{"alt_text":"","src":"https:\/\/i0.wp.com\/www.stefaneguilbaud.com\/blog\/wp-content\/uploads\/2013\/11\/journaux.jpg?fit=800%2C435&ssl=1&resize=350%2C200","width":350,"height":200,"srcset":"https:\/\/i0.wp.com\/www.stefaneguilbaud.com\/blog\/wp-content\/uploads\/2013\/11\/journaux.jpg?fit=800%2C435&ssl=1&resize=350%2C200 1x, https:\/\/i0.wp.com\/www.stefaneguilbaud.com\/blog\/wp-content\/uploads\/2013\/11\/journaux.jpg?fit=800%2C435&ssl=1&resize=525%2C300 1.5x, https:\/\/i0.wp.com\/www.stefaneguilbaud.com\/blog\/wp-content\/uploads\/2013\/11\/journaux.jpg?fit=800%2C435&ssl=1&resize=700%2C400 2x"},"classes":[]}],"jetpack_likes_enabled":true,"_links":{"self":[{"href":"https:\/\/www.stefaneguilbaud.com\/blog\/index.php?rest_route=\/wp\/v2\/posts\/4264","targetHints":{"allow":["GET"]}}],"collection":[{"href":"https:\/\/www.stefaneguilbaud.com\/blog\/index.php?rest_route=\/wp\/v2\/posts"}],"about":[{"href":"https:\/\/www.stefaneguilbaud.com\/blog\/index.php?rest_route=\/wp\/v2\/types\/post"}],"author":[{"embeddable":true,"href":"https:\/\/www.stefaneguilbaud.com\/blog\/index.php?rest_route=\/wp\/v2\/users\/1"}],"replies":[{"embeddable":true,"href":"https:\/\/www.stefaneguilbaud.com\/blog\/index.php?rest_route=%2Fwp%2Fv2%2Fcomments&post=4264"}],"version-history":[{"count":3,"href":"https:\/\/www.stefaneguilbaud.com\/blog\/index.php?rest_route=\/wp\/v2\/posts\/4264\/revisions"}],"predecessor-version":[{"id":4268,"href":"https:\/\/www.stefaneguilbaud.com\/blog\/index.php?rest_route=\/wp\/v2\/posts\/4264\/revisions\/4268"}],"wp:featuredmedia":[{"embeddable":true,"href":"https:\/\/www.stefaneguilbaud.com\/blog\/index.php?rest_route=\/wp\/v2\/media\/4266"}],"wp:attachment":[{"href":"https:\/\/www.stefaneguilbaud.com\/blog\/index.php?rest_route=%2Fwp%2Fv2%2Fmedia&parent=4264"}],"wp:term":[{"taxonomy":"category","embeddable":true,"href":"https:\/\/www.stefaneguilbaud.com\/blog\/index.php?rest_route=%2Fwp%2Fv2%2Fcategories&post=4264"},{"taxonomy":"post_tag","embeddable":true,"href":"https:\/\/www.stefaneguilbaud.com\/blog\/index.php?rest_route=%2Fwp%2Fv2%2Ftags&post=4264"}],"curies":[{"name":"wp","href":"https:\/\/api.w.org\/{rel}","templated":true}]}}