{"id":4099,"date":"2023-12-24T14:07:11","date_gmt":"2023-12-24T13:07:11","guid":{"rendered":"https:\/\/www.stefaneguilbaud.com\/blog\/?p=4099"},"modified":"2023-12-24T14:09:05","modified_gmt":"2023-12-24T13:09:05","slug":"alcool-et-cafe-les-deux-privilegies-insidieux","status":"publish","type":"post","link":"https:\/\/www.stefaneguilbaud.com\/blog\/?p=4099","title":{"rendered":"Alcool et caf\u00e9, les deux privil\u00e9gi\u00e9s insidieux."},"content":{"rendered":"<p class=\"p1\"><span class=\"s1\">Attabl\u00e9 \u00e0 une terrasse de caf\u00e9, il ne faut pas longtemps pour se rendre compte qu\u2019un petit caf\u00e9 co\u00fbte bien moins cher qu\u2019un th\u00e9. Et pourtant, c\u2019est dire<\/span><span class=\"s2\">\u2009<\/span><span class=\"s1\">! Alors que le petit shot de caf\u00e9ine fr\u00f4le ou d\u00e9passe les 2\u00a0euros, il reste bien loin des 3 \u00e0 4\u00a0euros que l\u2019on vous demandera pour un \u00ab<\/span><span class=\"s2\">\u2009<\/span><span class=\"s1\">simple<\/span><span class=\"s2\">\u2009<\/span><span class=\"s1\">\u00bb th\u00e9 en sachet. C\u2019est incompr\u00e9hensible je vous l\u2019accorde. Un sachet plus ou moins qualitatif, aucun entretien de machine, un peu d\u2019eau chaude font exploser le budget d\u2019un th\u00e9. L\u2019accessibilit\u00e9 \u00e0 une boisson chaude se joue parfois sur un budget restreint. Le caf\u00e9 l\u2019emporte et terrasse tous les comportements sociaux sur son passage. Jeunes \u00e9tudiants, alors que nous n\u2019avions pas un rond, le caf\u00e9 \u00e0 70 centimes de francs (oui, \u00e0 mon \u00e9poque c\u2019\u00e9taient encore des francs) \u00e9tait LA r\u00e9ponse \u00e0 l\u2019autorisation de rester \u00e0 la terrasse du bar o\u00f9 nous nous retrouvions. La clef, le s\u00e9same pour rester en bonne compagnie nous obligeait \u00e0 consommer au plus rentable. Le caf\u00e9 s\u2019est impos\u00e9.<br \/>\nVous me direz, cet usage n\u2019est pas encore r\u00e9primand\u00e9 par la loi. Il n\u2019y a \u00ab<\/span><span class=\"s2\">\u2009<\/span><span class=\"s1\">encore<\/span><span class=\"s2\">\u2009<\/span><span class=\"s1\">\u00bb rien de mal \u00e0 encourager la consommation d\u2019un caf\u00e9 vs un th\u00e9 par une sorte de discrimination financi\u00e8re.<br \/>\nCertes, vous avez raison, m\u00eame si cela me g\u00e2che de nombreux bons moments sociaux, et ressent l\u2019id\u00e9e de me faire couillonner pour un bol d\u2019eau chaude \u00e0 prix d\u2019or, il y a plus grave dans la vie.<\/span><\/p>\n<p class=\"p1\"><span class=\"s1\">L\u00e0, o\u00f9 cela se complique, c\u2019est en constatant que cette situation est identique entre un soft ou une boisson gazeuse et un alcool. Les prix des boissons alcoolis\u00e9es sont de plus en plus bas. Cette tendance a des cons\u00e9quences importantes sur les comportements. La baisse des prix a contribu\u00e9 \u00e0 l\u2019augmentation de la consommation. En effet, l\u2019alcool est d\u00e9sormais moins cher que de l\u2019eau ou un soda. Cette tendance est particuli\u00e8rement visible chez les jeunes, qui sont plus sensibles aux \u00e9carts de prix. Une eau p\u00e9tillante peut grimper jusqu\u2019\u00e0 4,70 euros quand un verre de vin rouge plafonne \u00e0 3,5 euros.\u00a0<\/span><\/p>\n<p class=\"p1\"><span class=\"s1\">Il est urgent de rappeler que la consommation excessive de caf\u00e9 et d\u2019alcool peut avoir des cons\u00e9quences n\u00e9fastes pour la sant\u00e9. En effet, le caf\u00e9 peut entra\u00eener des troubles du sommeil, de l\u2019anxi\u00e9t\u00e9 et de l\u2019irritabilit\u00e9. L\u2019alcool, quant \u00e0 lui, peut entra\u00eener des maladies chroniques, comme les maladies cardiovasculaires, le cancer et le diab\u00e8te. Face \u00e0 ces risques, les pouvoirs publics et les entreprises doivent prendre des mesures pour limiter la consommation de caf\u00e9 et d\u2019alcool. Ces mesures peuvent prendre diff\u00e9rentes formes, comme l\u2019augmentation des taxes sur ces boissons ou la mise en place de campagnes de sensibilisation. Les consommateurs peuvent \u00e9galement jouer un r\u00f4le important en modifiant leurs comportements individuels. En effet, ils peuvent choisir de consommer moins de caf\u00e9 et d\u2019alcool, ou de choisir des boissons moins riches en caf\u00e9ine ou en alcool, mais encore faut-il le pouvoir<\/span><span class=\"s2\">\u2009<\/span><span class=\"s1\">!!<\/span><\/p>\n","protected":false},"excerpt":{"rendered":"<p>Attabl\u00e9 \u00e0 une terrasse de caf\u00e9, il ne faut pas longtemps pour se rendre compte qu\u2019un petit caf\u00e9 co\u00fbte bien moins cher qu\u2019un th\u00e9. Et &hellip; <\/p>\n","protected":false},"author":1,"featured_media":4101,"comment_status":"open","ping_status":"closed","sticky":false,"template":"","format":"standard","meta":{"_exactmetrics_skip_tracking":false,"_exactmetrics_sitenote_active":false,"_exactmetrics_sitenote_note":"","_exactmetrics_sitenote_category":0,"jetpack_post_was_ever_published":false,"_jetpack_newsletter_access":"","_jetpack_dont_email_post_to_subs":false,"_jetpack_newsletter_tier_id":0,"_jetpack_memberships_contains_paywalled_content":false,"_jetpack_memberships_contains_paid_content":false,"footnotes":"","jetpack_publicize_message":"","jetpack_publicize_feature_enabled":true,"jetpack_social_post_already_shared":true,"jetpack_social_options":{"image_generator_settings":{"template":"highway","default_image_id":0,"font":"","enabled":false},"version":2}},"categories":[8,7],"tags":[],"class_list":["post-4099","post","type-post","status-publish","format-standard","has-post-thumbnail","hentry","category-actualites","category-coups-de-gueule"],"jetpack_publicize_connections":[],"jetpack_featured_media_url":"https:\/\/i0.wp.com\/www.stefaneguilbaud.com\/blog\/wp-content\/uploads\/2023\/12\/cafealcool.jpg?fit=800%2C435&ssl=1","jetpack_sharing_enabled":true,"jetpack_shortlink":"https:\/\/wp.me\/p8a0UX-147","jetpack-related-posts":[{"id":301,"url":"https:\/\/www.stefaneguilbaud.com\/blog\/?p=301","url_meta":{"origin":4099,"position":0},"title":"Fast-pub sur les fast-food","author":"SG","date":"5 juillet 2010","format":false,"excerpt":"Les derni\u00e8res publicit\u00e9s pour l'enseigne Mc Donalds pr\u00e9sentent des convictions nutritionnelles touchantes .. mais un petit d\u00e9tail m'a interpell\u00e9. Les publicit\u00e9s se pr\u00e9sentent sur une double page. \u2022 PUBLICIT\u00c9 N\u00b01 PAGE DE GAUCHE :Une g\u00e9n\u00e9reuse tomate en gros plan avec la mention \u00ab\u00a0100 % FRA\u00ceCHES\u00a0\u00bbPAGE DE DROITE :\u00ab\u00a0Toutes les tomates\u2026","rel":"","context":"Dans &quot;Alimentation&quot;","block_context":{"text":"Alimentation","link":"https:\/\/www.stefaneguilbaud.com\/blog\/?cat=1"},"img":{"alt_text":"","src":"https:\/\/i0.wp.com\/www.stefaneguilbaud.com\/blog\/wp-content\/uploads\/2010\/07\/hamburger.jpg?fit=800%2C435&ssl=1&resize=350%2C200","width":350,"height":200,"srcset":"https:\/\/i0.wp.com\/www.stefaneguilbaud.com\/blog\/wp-content\/uploads\/2010\/07\/hamburger.jpg?fit=800%2C435&ssl=1&resize=350%2C200 1x, https:\/\/i0.wp.com\/www.stefaneguilbaud.com\/blog\/wp-content\/uploads\/2010\/07\/hamburger.jpg?fit=800%2C435&ssl=1&resize=525%2C300 1.5x, https:\/\/i0.wp.com\/www.stefaneguilbaud.com\/blog\/wp-content\/uploads\/2010\/07\/hamburger.jpg?fit=800%2C435&ssl=1&resize=700%2C400 2x"},"classes":[]},{"id":820,"url":"https:\/\/www.stefaneguilbaud.com\/blog\/?p=820","url_meta":{"origin":4099,"position":1},"title":"L&rsquo;inflation, l&rsquo;Euro et les prix.","author":"SG","date":"1 janvier 2012","format":false,"excerpt":"ENQU\u00caTE SUR DIX ANS : 2002-2012 Presque maintenant onze ans apr\u00e8s l\u2019arriv\u00e9e de l\u2019euro, nous gardons le sentiment que les prix ont flamb\u00e9. Il n\u2019est pas rare d\u2019entendre notre entourage mentionner le fait que le produit propos\u00e9 avait le m\u00eame prix il y a dix ans, mais en Franc. En\u2026","rel":"","context":"Dans &quot;Actualit\u00e9s&quot;","block_context":{"text":"Actualit\u00e9s","link":"https:\/\/www.stefaneguilbaud.com\/blog\/?cat=8"},"img":{"alt_text":"","src":"https:\/\/i0.wp.com\/www.stefaneguilbaud.com\/blog\/wp-content\/uploads\/2012\/01\/corde.jpg?fit=800%2C435&ssl=1&resize=350%2C200","width":350,"height":200,"srcset":"https:\/\/i0.wp.com\/www.stefaneguilbaud.com\/blog\/wp-content\/uploads\/2012\/01\/corde.jpg?fit=800%2C435&ssl=1&resize=350%2C200 1x, https:\/\/i0.wp.com\/www.stefaneguilbaud.com\/blog\/wp-content\/uploads\/2012\/01\/corde.jpg?fit=800%2C435&ssl=1&resize=525%2C300 1.5x, https:\/\/i0.wp.com\/www.stefaneguilbaud.com\/blog\/wp-content\/uploads\/2012\/01\/corde.jpg?fit=800%2C435&ssl=1&resize=700%2C400 2x"},"classes":[]},{"id":1086,"url":"https:\/\/www.stefaneguilbaud.com\/blog\/?p=1086","url_meta":{"origin":4099,"position":2},"title":"Tri sel\u00e9ctif : le pl\u00e9onasme utile ?","author":"SG","date":"11 septembre 2014","format":false,"excerpt":"Outre le fait que \"tri s\u00e9lectif\" soit un pl\u00e9onasme n\u00e9cessaire - cette association de mots redondants est utile pour marteler un message clair au grand public - , il est important de rappeler que sa fonction initiale - \u00e0 savoir le tri ! - est parfois oubli\u00e9e \u00e0 cause de\u2026","rel":"","context":"Dans &quot;Actualit\u00e9s&quot;","block_context":{"text":"Actualit\u00e9s","link":"https:\/\/www.stefaneguilbaud.com\/blog\/?cat=8"},"img":{"alt_text":"","src":"https:\/\/i0.wp.com\/www.stefaneguilbaud.com\/blog\/wp-content\/uploads\/2013\/11\/dechets.jpg?fit=800%2C435&ssl=1&resize=350%2C200","width":350,"height":200,"srcset":"https:\/\/i0.wp.com\/www.stefaneguilbaud.com\/blog\/wp-content\/uploads\/2013\/11\/dechets.jpg?fit=800%2C435&ssl=1&resize=350%2C200 1x, https:\/\/i0.wp.com\/www.stefaneguilbaud.com\/blog\/wp-content\/uploads\/2013\/11\/dechets.jpg?fit=800%2C435&ssl=1&resize=525%2C300 1.5x, https:\/\/i0.wp.com\/www.stefaneguilbaud.com\/blog\/wp-content\/uploads\/2013\/11\/dechets.jpg?fit=800%2C435&ssl=1&resize=700%2C400 2x"},"classes":[]},{"id":354,"url":"https:\/\/www.stefaneguilbaud.com\/blog\/?p=354","url_meta":{"origin":4099,"position":3},"title":"Le produit dont tout le monde parle&#8230; la stevia","author":"SG","date":"17 mai 2010","format":false,"excerpt":"La STEVIA est \u00e0 la mode. Et il ne se passe pas une journ\u00e9e sans que l'on me pose la question suivante \"Mais alors qu'est que cette stevia ? C'est bon ? Ils ont dit que c'\u00e9tait naturel et sans calorie !\"Bon ... par o\u00f9 je commence ... Cela fait\u2026","rel":"","context":"Dans &quot;Alimentation&quot;","block_context":{"text":"Alimentation","link":"https:\/\/www.stefaneguilbaud.com\/blog\/?cat=1"},"img":{"alt_text":"","src":"https:\/\/i0.wp.com\/www.stefaneguilbaud.com\/blog\/wp-content\/uploads\/2010\/05\/stevia.jpg?fit=800%2C435&ssl=1&resize=350%2C200","width":350,"height":200,"srcset":"https:\/\/i0.wp.com\/www.stefaneguilbaud.com\/blog\/wp-content\/uploads\/2010\/05\/stevia.jpg?fit=800%2C435&ssl=1&resize=350%2C200 1x, https:\/\/i0.wp.com\/www.stefaneguilbaud.com\/blog\/wp-content\/uploads\/2010\/05\/stevia.jpg?fit=800%2C435&ssl=1&resize=525%2C300 1.5x, https:\/\/i0.wp.com\/www.stefaneguilbaud.com\/blog\/wp-content\/uploads\/2010\/05\/stevia.jpg?fit=800%2C435&ssl=1&resize=700%2C400 2x"},"classes":[]},{"id":379,"url":"https:\/\/www.stefaneguilbaud.com\/blog\/?p=379","url_meta":{"origin":4099,"position":4},"title":"Le go\u00fbter &#8230; bio","author":"SG","date":"10 avril 2010","format":false,"excerpt":"De retour de la piscine pendant ces vacances .. ma fille et l'une de ses copines ont go\u00fbt\u00e9 ... En sortant de la piscine, ce vendredi apr\u00e8s midi, j'avais dans ma voiture deux enfants mortes de faim. \u00c7a creuse la piscine !Mais je n'ai pas voulu m'arr\u00eater devant cette boulangerie\u2026","rel":"","context":"Dans &quot;Alimentation&quot;","block_context":{"text":"Alimentation","link":"https:\/\/www.stefaneguilbaud.com\/blog\/?cat=1"},"img":{"alt_text":"","src":"https:\/\/i0.wp.com\/www.stefaneguilbaud.com\/blog\/wp-content\/uploads\/2010\/04\/bananemandarine.jpg?fit=800%2C435&ssl=1&resize=350%2C200","width":350,"height":200,"srcset":"https:\/\/i0.wp.com\/www.stefaneguilbaud.com\/blog\/wp-content\/uploads\/2010\/04\/bananemandarine.jpg?fit=800%2C435&ssl=1&resize=350%2C200 1x, https:\/\/i0.wp.com\/www.stefaneguilbaud.com\/blog\/wp-content\/uploads\/2010\/04\/bananemandarine.jpg?fit=800%2C435&ssl=1&resize=525%2C300 1.5x, https:\/\/i0.wp.com\/www.stefaneguilbaud.com\/blog\/wp-content\/uploads\/2010\/04\/bananemandarine.jpg?fit=800%2C435&ssl=1&resize=700%2C400 2x"},"classes":[]},{"id":1540,"url":"https:\/\/www.stefaneguilbaud.com\/blog\/?p=1540","url_meta":{"origin":4099,"position":5},"title":"S\u00e9mantique marketing autour du smoothie","author":"SG","date":"1 juillet 2015","format":false,"excerpt":"Cet \u00e9t\u00e9, vous risquez de retrouver des affichettes publicitaires non loin des buvettes pour le \"Bar \u00e0 Fruits\", \"l'unique 100% smoothie\" du groupe Caf\u00e9 Folliet - Tropico. L'affiche \"bar \u00e0 fruits\" nous annonce des smoothies, et comme je le montre sur une version en noir et blanc pour faire ressortir\u2026","rel":"","context":"Dans &quot;Actualit\u00e9s&quot;","block_context":{"text":"Actualit\u00e9s","link":"https:\/\/www.stefaneguilbaud.com\/blog\/?cat=8"},"img":{"alt_text":"","src":"https:\/\/i0.wp.com\/www.stefaneguilbaud.com\/blog\/wp-content\/uploads\/2013\/11\/coupdegueule.jpg?fit=800%2C435&ssl=1&resize=350%2C200","width":350,"height":200,"srcset":"https:\/\/i0.wp.com\/www.stefaneguilbaud.com\/blog\/wp-content\/uploads\/2013\/11\/coupdegueule.jpg?fit=800%2C435&ssl=1&resize=350%2C200 1x, https:\/\/i0.wp.com\/www.stefaneguilbaud.com\/blog\/wp-content\/uploads\/2013\/11\/coupdegueule.jpg?fit=800%2C435&ssl=1&resize=525%2C300 1.5x, https:\/\/i0.wp.com\/www.stefaneguilbaud.com\/blog\/wp-content\/uploads\/2013\/11\/coupdegueule.jpg?fit=800%2C435&ssl=1&resize=700%2C400 2x"},"classes":[]}],"jetpack_likes_enabled":true,"_links":{"self":[{"href":"https:\/\/www.stefaneguilbaud.com\/blog\/index.php?rest_route=\/wp\/v2\/posts\/4099","targetHints":{"allow":["GET"]}}],"collection":[{"href":"https:\/\/www.stefaneguilbaud.com\/blog\/index.php?rest_route=\/wp\/v2\/posts"}],"about":[{"href":"https:\/\/www.stefaneguilbaud.com\/blog\/index.php?rest_route=\/wp\/v2\/types\/post"}],"author":[{"embeddable":true,"href":"https:\/\/www.stefaneguilbaud.com\/blog\/index.php?rest_route=\/wp\/v2\/users\/1"}],"replies":[{"embeddable":true,"href":"https:\/\/www.stefaneguilbaud.com\/blog\/index.php?rest_route=%2Fwp%2Fv2%2Fcomments&post=4099"}],"version-history":[{"count":4,"href":"https:\/\/www.stefaneguilbaud.com\/blog\/index.php?rest_route=\/wp\/v2\/posts\/4099\/revisions"}],"predecessor-version":[{"id":4104,"href":"https:\/\/www.stefaneguilbaud.com\/blog\/index.php?rest_route=\/wp\/v2\/posts\/4099\/revisions\/4104"}],"wp:featuredmedia":[{"embeddable":true,"href":"https:\/\/www.stefaneguilbaud.com\/blog\/index.php?rest_route=\/wp\/v2\/media\/4101"}],"wp:attachment":[{"href":"https:\/\/www.stefaneguilbaud.com\/blog\/index.php?rest_route=%2Fwp%2Fv2%2Fmedia&parent=4099"}],"wp:term":[{"taxonomy":"category","embeddable":true,"href":"https:\/\/www.stefaneguilbaud.com\/blog\/index.php?rest_route=%2Fwp%2Fv2%2Fcategories&post=4099"},{"taxonomy":"post_tag","embeddable":true,"href":"https:\/\/www.stefaneguilbaud.com\/blog\/index.php?rest_route=%2Fwp%2Fv2%2Ftags&post=4099"}],"curies":[{"name":"wp","href":"https:\/\/api.w.org\/{rel}","templated":true}]}}