{"id":4086,"date":"2023-12-08T20:44:14","date_gmt":"2023-12-08T19:44:14","guid":{"rendered":"https:\/\/www.stefaneguilbaud.com\/blog\/?p=4086"},"modified":"2023-12-11T10:17:59","modified_gmt":"2023-12-11T09:17:59","slug":"qui-tue-le-bio","status":"publish","type":"post","link":"https:\/\/www.stefaneguilbaud.com\/blog\/?p=4086","title":{"rendered":"Qui tue le bio ?"},"content":{"rendered":"<p data-sourcepos=\"3:1-3:256\">Apr\u00e8s un d\u00e9marrage difficile, ces derni\u00e8res ann\u00e9es, le march\u00e9 du bio a connu une croissance exponentielle, passant de 2,4 milliards d&rsquo;euros en 2010 \u00e0 16,2 milliards d&rsquo;euros en 2022. Cependant, cette croissance semble marquer le pas, avec une baisse des ventes en valeur de 3,1 % en 2021. D\u00e9cryptons l&rsquo;origine du\/des probl\u00e8me(s).<\/p>\n<h4 data-sourcepos=\"3:1-3:256\">LES FACTEURS DU RALENTISSEMENT<\/h4>\n<p data-sourcepos=\"3:1-3:256\"><strong>\u2022 Un manque de p\u00e9dagogie<\/strong><br \/>\nL&rsquo;un des principaux freins \u00e0 la consommation de bio est le manque de p\u00e9dagogie. Les consommateurs ne savent pas toujours ce que signifie le label bio, ni quels sont ses avantages. Ils peuvent \u00e9galement \u00eatre r\u00e9ticents \u00e0 payer plus cher pour des produits qu&rsquo;ils ne comprennent pas forc\u00e9ment. L&rsquo;id\u00e9e que le bio soit per\u00e7u comme un ph\u00e9nom\u00e8ne de mode a fait beaucoup de mal \u00e0 la strat\u00e9gie m\u00eame de ce concept. Ce raccourci, n\u00e9 dans l&rsquo;esprit de d\u00e9tracteurs du bio, a aid\u00e9 les ind\u00e9cis \u00e0 basculer du c\u00f4t\u00e9 de la force conventionnelle.<br \/>\n<strong>\u2022 Un \u00e9ventail limit\u00e9 de produits<br \/>\n<\/strong>Le march\u00e9 du bio est encore largement domin\u00e9 par les produits frais, notamment les fruits et l\u00e9gumes. Les produits transform\u00e9s, tels que les produits laitiers, la viande ou les produits d&rsquo;\u00e9picerie, sont moins courants et souvent plus chers. Et puis, qu&rsquo;on se le dise, le bio est quelquefois p\u00e9nalis\u00e9 par la logistique des grandes surfaces qui retirent ce qui n\u2019a pas la c\u00f4te, et cr\u00e9e par effet de domino\u2026 un cercle vicieux<br \/>\n<strong>\u2022 Une concurrence accrue<br \/>\n<\/strong>Les offres alternatives au bio se multiplient, telles que les produits \u00ab\u00a0z\u00e9ro pesticide\u00a0\u00bb ou \u00ab\u00a00 r\u00e9sidu\u00a0\u00bb. Ces produits, qui sont souvent moins chers que le bio, peuvent s\u00e9duire les consommateurs qui sont soucieux de leur sant\u00e9, mais qui ne sont pas pr\u00eats \u00e0 payer le surco\u00fbt du bio. Cela rejoint le probl\u00e8me de la p\u00e9dagogie ! L&rsquo;int\u00e9r\u00eat du bio, soumis \u00e0 un cahier des charges apporte des avantages consommateurs, certes, mais environnementaux et garants de biodiversit\u00e9 !<br \/>\n<strong>\u2022 Une inflation record<\/strong><br \/>\nL&rsquo;inflation, qui a atteint 5,8 % en France en novembre 2022, p\u00e8se \u00e9galement sur le march\u00e9 du bio. Les consommateurs, qui ont moins d&rsquo;argent \u00e0 d\u00e9penser, sont contraints de r\u00e9duire leurs d\u00e9penses, y compris sur les produits bio.<\/p>\n<h4 data-sourcepos=\"23:1-23:28\">D\u00c9CLASS\u00c9 PAR LA SITUATION<\/h4>\n<p data-sourcepos=\"23:1-23:28\">La situation est particuli\u00e8rement pr\u00e9occupante pour les produits bio. Selon une enqu\u00eate r\u00e9alis\u00e9e par l&rsquo;association Bio Confiance, 40 % des laits bios sont d\u00e9class\u00e9s et vendus au prix du lait conventionnel. Ce ph\u00e9nom\u00e8ne, qui se r\u00e9p\u00e8te dans chaque domaine, est d\u00fb \u00e0 des crit\u00e8res de march\u00e9s, qui entra\u00eenent le d\u00e9classement de laits qui sont pourtant parfaitement sains et comestibles.<\/p>\n<h4 data-sourcepos=\"27:1-27:35\">DES PISTES POUR RELANCER LE BIO ?<\/h4>\n<p data-sourcepos=\"27:1-27:35\">Pour relancer le march\u00e9 du bio, il est n\u00e9cessaire de sensibiliser les consommateurs aux avantages de ce mode de production et de proposer un \u00e9ventail plus large de produits bio \u00e0 des prix plus abordables. Il est \u00e9galement important de revoir les crit\u00e8res de qualit\u00e9 pour les produits laitiers bio, afin de r\u00e9duire le nombre de laits d\u00e9class\u00e9s.<\/p>\n<p data-sourcepos=\"31:1-31:54\">Voici quelques pistes concr\u00e8tes :<br \/>\n<strong>\u2022 Mieux informer les consommateurs<br \/>\n<\/strong>Les pouvoirs publics, les associations de consommateurs et les professionnels du bio doivent mener des campagnes de sensibilisation pour expliquer aux consommateurs ce que signifie le label bio et quels sont ses avantages.<br \/>\n<strong>\u2022 D\u00e9velopper l&rsquo;offre de produits bio<br \/>\n<\/strong>Il est important de diversifier l&rsquo;offre de produits bio, notamment pour les produits transform\u00e9s. Les pouvoirs publics peuvent soutenir les initiatives des acteurs du bio pour d\u00e9velopper de nouveaux produits.<br \/>\n<strong>\u2022 R\u00e9duire les co\u00fbts de production<br \/>\n<\/strong>Les co\u00fbts de production du bio sont encore plus \u00e9lev\u00e9s que ceux du conventionnel. Il est n\u00e9cessaire de trouver des solutions pour r\u00e9duire ces co\u00fbts, par exemple en promouvant les circuits courts et la production locale.<\/p>\n<p data-sourcepos=\"49:1-49:93\">Si ces pistes sont mises en \u0153uvre, le march\u00e9 du bio devrait retrouver une croissance durable.<\/p>\n","protected":false},"excerpt":{"rendered":"<p>Apr\u00e8s un d\u00e9marrage difficile, ces derni\u00e8res ann\u00e9es, le march\u00e9 du bio a connu une croissance exponentielle, passant de 2,4 milliards d&rsquo;euros en 2010 \u00e0 16,2 &hellip; <\/p>\n","protected":false},"author":1,"featured_media":488,"comment_status":"open","ping_status":"closed","sticky":false,"template":"","format":"standard","meta":{"_exactmetrics_skip_tracking":false,"_exactmetrics_sitenote_active":false,"_exactmetrics_sitenote_note":"","_exactmetrics_sitenote_category":0,"jetpack_post_was_ever_published":false,"_jetpack_newsletter_access":"","_jetpack_dont_email_post_to_subs":false,"_jetpack_newsletter_tier_id":0,"_jetpack_memberships_contains_paywalled_content":false,"_jetpack_memberships_contains_paid_content":false,"footnotes":"","jetpack_publicize_message":"","jetpack_publicize_feature_enabled":true,"jetpack_social_post_already_shared":true,"jetpack_social_options":{"image_generator_settings":{"template":"highway","default_image_id":0,"font":"","enabled":false},"version":2}},"categories":[1,7],"tags":[],"class_list":["post-4086","post","type-post","status-publish","format-standard","has-post-thumbnail","hentry","category-alimentation","category-coups-de-gueule"],"jetpack_publicize_connections":[],"jetpack_featured_media_url":"https:\/\/i0.wp.com\/www.stefaneguilbaud.com\/blog\/wp-content\/uploads\/2013\/12\/bio.jpg?fit=800%2C435&ssl=1","jetpack_sharing_enabled":true,"jetpack_shortlink":"https:\/\/wp.me\/p8a0UX-13U","jetpack-related-posts":[{"id":534,"url":"https:\/\/www.stefaneguilbaud.com\/blog\/?p=534","url_meta":{"origin":4086,"position":0},"title":"La bio-perversion !","author":"SG","date":"7 septembre 2009","format":false,"excerpt":"Les aliments bio ne rallongent pas la vie, mais ils ne la raccourcissent pas non plus !Un rapport s'\u00e9vertue \u00e0 nous mettre le doute, et bien que je ne sois pas un adepte de la mode du bio, il n'arrivera pas \u00e0 ses fins. Une r\u00e9cente \u00e9tude de la Food\u2026","rel":"","context":"Dans &quot;Soci\u00e9t\u00e9&quot;","block_context":{"text":"Soci\u00e9t\u00e9","link":"https:\/\/www.stefaneguilbaud.com\/blog\/?cat=3"},"img":{"alt_text":"","src":"https:\/\/i0.wp.com\/www.stefaneguilbaud.com\/blog\/wp-content\/uploads\/2013\/12\/panierbio.jpg?fit=800%2C435&ssl=1&resize=350%2C200","width":350,"height":200,"srcset":"https:\/\/i0.wp.com\/www.stefaneguilbaud.com\/blog\/wp-content\/uploads\/2013\/12\/panierbio.jpg?fit=800%2C435&ssl=1&resize=350%2C200 1x, https:\/\/i0.wp.com\/www.stefaneguilbaud.com\/blog\/wp-content\/uploads\/2013\/12\/panierbio.jpg?fit=800%2C435&ssl=1&resize=525%2C300 1.5x, https:\/\/i0.wp.com\/www.stefaneguilbaud.com\/blog\/wp-content\/uploads\/2013\/12\/panierbio.jpg?fit=800%2C435&ssl=1&resize=700%2C400 2x"},"classes":[]},{"id":2415,"url":"https:\/\/www.stefaneguilbaud.com\/blog\/?p=2415","url_meta":{"origin":4086,"position":1},"title":"Coco bio mais d\u00e9solant !","author":"SG","date":"16 janvier 2017","format":false,"excerpt":"11 f\u00e9vrier 2019. ATTENTION\u00a0 !! Depuis l'\u00e9criture de cet article le 16 janvier 2017, la recette du lait de coco de marque \"AROY D\" a chang\u00e9e. D\u00e9sormais, m\u00eame si elle contient 70% de coco, elle ajoute un \u00e9paississant, connu aussi sous les noms de \"Tween 60\", \"Monost\u00e9arate de sorbitane polyoxy\u00e9thyl\u00e8ne\u2026","rel":"","context":"Dans &quot;Alimentation&quot;","block_context":{"text":"Alimentation","link":"https:\/\/www.stefaneguilbaud.com\/blog\/?cat=1"},"img":{"alt_text":"","src":"https:\/\/i0.wp.com\/www.stefaneguilbaud.com\/blog\/wp-content\/uploads\/2017\/01\/coconutbio.jpg?fit=800%2C435&ssl=1&resize=350%2C200","width":350,"height":200,"srcset":"https:\/\/i0.wp.com\/www.stefaneguilbaud.com\/blog\/wp-content\/uploads\/2017\/01\/coconutbio.jpg?fit=800%2C435&ssl=1&resize=350%2C200 1x, https:\/\/i0.wp.com\/www.stefaneguilbaud.com\/blog\/wp-content\/uploads\/2017\/01\/coconutbio.jpg?fit=800%2C435&ssl=1&resize=525%2C300 1.5x, https:\/\/i0.wp.com\/www.stefaneguilbaud.com\/blog\/wp-content\/uploads\/2017\/01\/coconutbio.jpg?fit=800%2C435&ssl=1&resize=700%2C400 2x"},"classes":[]},{"id":487,"url":"https:\/\/www.stefaneguilbaud.com\/blog\/?p=487","url_meta":{"origin":4086,"position":2},"title":"Le bio en passe de devenir un vrai march\u00e9 de masse !","author":"SG","date":"19 d\u00e9cembre 2009","format":false,"excerpt":"Le march\u00e9 BIO, qu'il soit industriel ou artisanal est de plus en plus \u00e0 l'aise avec les standards du commerce conventionnel. L'innovation Bio est au service de la vente ! [ source LSA 2114 ] Des chiffres ! - U Bio (Marque Bio de Systeme U) : + 12,1 %\u2026","rel":"","context":"Dans &quot;Alimentation&quot;","block_context":{"text":"Alimentation","link":"https:\/\/www.stefaneguilbaud.com\/blog\/?cat=1"},"img":{"alt_text":"","src":"https:\/\/i0.wp.com\/www.stefaneguilbaud.com\/blog\/wp-content\/uploads\/2013\/12\/bio.jpg?fit=800%2C435&ssl=1&resize=350%2C200","width":350,"height":200,"srcset":"https:\/\/i0.wp.com\/www.stefaneguilbaud.com\/blog\/wp-content\/uploads\/2013\/12\/bio.jpg?fit=800%2C435&ssl=1&resize=350%2C200 1x, https:\/\/i0.wp.com\/www.stefaneguilbaud.com\/blog\/wp-content\/uploads\/2013\/12\/bio.jpg?fit=800%2C435&ssl=1&resize=525%2C300 1.5x, https:\/\/i0.wp.com\/www.stefaneguilbaud.com\/blog\/wp-content\/uploads\/2013\/12\/bio.jpg?fit=800%2C435&ssl=1&resize=700%2C400 2x"},"classes":[]},{"id":3923,"url":"https:\/\/www.stefaneguilbaud.com\/blog\/?p=3923","url_meta":{"origin":4086,"position":3},"title":"Les magasins bio luttent pour leur survie","author":"SG","date":"18 avril 2023","format":false,"excerpt":"Le march\u00e9 du bio est en plein essor. De plus en plus de consommateurs se tournent vers une alimentation saine, respectueuse de l'environnement et des animaux. Pourtant, tous les magasins ne se valent pas. Certains ont \u00e9t\u00e9 rachet\u00e9s par des multinationales de l'agroalimentaire, tandis que d'autres se battent pour pr\u00e9server\u2026","rel":"","context":"Dans &quot;Actualit\u00e9s&quot;","block_context":{"text":"Actualit\u00e9s","link":"https:\/\/www.stefaneguilbaud.com\/blog\/?cat=8"},"img":{"alt_text":"","src":"https:\/\/i0.wp.com\/www.stefaneguilbaud.com\/blog\/wp-content\/uploads\/2023\/04\/pexels-photo-5473030-studio.jpg?fit=800%2C435&ssl=1&resize=350%2C200","width":350,"height":200,"srcset":"https:\/\/i0.wp.com\/www.stefaneguilbaud.com\/blog\/wp-content\/uploads\/2023\/04\/pexels-photo-5473030-studio.jpg?fit=800%2C435&ssl=1&resize=350%2C200 1x, https:\/\/i0.wp.com\/www.stefaneguilbaud.com\/blog\/wp-content\/uploads\/2023\/04\/pexels-photo-5473030-studio.jpg?fit=800%2C435&ssl=1&resize=525%2C300 1.5x, https:\/\/i0.wp.com\/www.stefaneguilbaud.com\/blog\/wp-content\/uploads\/2023\/04\/pexels-photo-5473030-studio.jpg?fit=800%2C435&ssl=1&resize=700%2C400 2x"},"classes":[]},{"id":546,"url":"https:\/\/www.stefaneguilbaud.com\/blog\/?p=546","url_meta":{"origin":4086,"position":4},"title":"Nouveau r\u00e8glement bio europ\u00e9en : Ce qui est VRAI, ce qui est FAUX","author":"SG","date":"25 juin 2009","format":false,"excerpt":"Depuis le 1er janvier 2009, la r\u00e8glementation de l'agriculture Bio \u00e0 chang\u00e9. La FNAB (F\u00e9d\u00e9ration Nationale d'Agriculture Biologique) r\u00e9pond au vrai-faux qui se dit sur ce dispositif. [ Textes extraits de http:\/\/www.fnab.org - droits r\u00e9serv\u00e9s ] Les r\u00e8gles europ\u00e9ennes de la bio viennent de changer Depuis le 1er janvier 2009,\u2026","rel":"","context":"Dans &quot;Alimentation&quot;","block_context":{"text":"Alimentation","link":"https:\/\/www.stefaneguilbaud.com\/blog\/?cat=1"},"img":{"alt_text":"","src":"https:\/\/i0.wp.com\/www.stefaneguilbaud.com\/blog\/wp-content\/uploads\/2009\/06\/livre.jpg?fit=800%2C435&ssl=1&resize=350%2C200","width":350,"height":200,"srcset":"https:\/\/i0.wp.com\/www.stefaneguilbaud.com\/blog\/wp-content\/uploads\/2009\/06\/livre.jpg?fit=800%2C435&ssl=1&resize=350%2C200 1x, https:\/\/i0.wp.com\/www.stefaneguilbaud.com\/blog\/wp-content\/uploads\/2009\/06\/livre.jpg?fit=800%2C435&ssl=1&resize=525%2C300 1.5x, https:\/\/i0.wp.com\/www.stefaneguilbaud.com\/blog\/wp-content\/uploads\/2009\/06\/livre.jpg?fit=800%2C435&ssl=1&resize=700%2C400 2x"},"classes":[]},{"id":506,"url":"https:\/\/www.stefaneguilbaud.com\/blog\/?p=506","url_meta":{"origin":4086,"position":5},"title":"Saucisson BIO ou BIO ?","author":"SG","date":"29 d\u00e9cembre 2010","format":false,"excerpt":"Je ne le r\u00e9p\u00e9terais jamais assez. Dans chaque produit BIO, vous trouverez du bon et du mauvais.Les saucissons n'\u00e9chappent pas \u00e0 la r\u00e8gle. Bien que le saucisson ne soit pas un aliment quotidien, ce petit plaisir occasionnel doit respecter plusieurs r\u00e8gles, pour peu que l'on s'int\u00e9resse \u00e0 l'alimentation. Je pr\u00e9sume\u2026","rel":"","context":"Dans &quot;Alimentation&quot;","block_context":{"text":"Alimentation","link":"https:\/\/www.stefaneguilbaud.com\/blog\/?cat=1"},"img":{"alt_text":"","src":"https:\/\/i0.wp.com\/www.stefaneguilbaud.com\/blog\/wp-content\/uploads\/2010\/12\/saucisson.jpg?fit=800%2C435&ssl=1&resize=350%2C200","width":350,"height":200,"srcset":"https:\/\/i0.wp.com\/www.stefaneguilbaud.com\/blog\/wp-content\/uploads\/2010\/12\/saucisson.jpg?fit=800%2C435&ssl=1&resize=350%2C200 1x, https:\/\/i0.wp.com\/www.stefaneguilbaud.com\/blog\/wp-content\/uploads\/2010\/12\/saucisson.jpg?fit=800%2C435&ssl=1&resize=525%2C300 1.5x, https:\/\/i0.wp.com\/www.stefaneguilbaud.com\/blog\/wp-content\/uploads\/2010\/12\/saucisson.jpg?fit=800%2C435&ssl=1&resize=700%2C400 2x"},"classes":[]}],"jetpack_likes_enabled":true,"_links":{"self":[{"href":"https:\/\/www.stefaneguilbaud.com\/blog\/index.php?rest_route=\/wp\/v2\/posts\/4086","targetHints":{"allow":["GET"]}}],"collection":[{"href":"https:\/\/www.stefaneguilbaud.com\/blog\/index.php?rest_route=\/wp\/v2\/posts"}],"about":[{"href":"https:\/\/www.stefaneguilbaud.com\/blog\/index.php?rest_route=\/wp\/v2\/types\/post"}],"author":[{"embeddable":true,"href":"https:\/\/www.stefaneguilbaud.com\/blog\/index.php?rest_route=\/wp\/v2\/users\/1"}],"replies":[{"embeddable":true,"href":"https:\/\/www.stefaneguilbaud.com\/blog\/index.php?rest_route=%2Fwp%2Fv2%2Fcomments&post=4086"}],"version-history":[{"count":11,"href":"https:\/\/www.stefaneguilbaud.com\/blog\/index.php?rest_route=\/wp\/v2\/posts\/4086\/revisions"}],"predecessor-version":[{"id":4097,"href":"https:\/\/www.stefaneguilbaud.com\/blog\/index.php?rest_route=\/wp\/v2\/posts\/4086\/revisions\/4097"}],"wp:featuredmedia":[{"embeddable":true,"href":"https:\/\/www.stefaneguilbaud.com\/blog\/index.php?rest_route=\/wp\/v2\/media\/488"}],"wp:attachment":[{"href":"https:\/\/www.stefaneguilbaud.com\/blog\/index.php?rest_route=%2Fwp%2Fv2%2Fmedia&parent=4086"}],"wp:term":[{"taxonomy":"category","embeddable":true,"href":"https:\/\/www.stefaneguilbaud.com\/blog\/index.php?rest_route=%2Fwp%2Fv2%2Fcategories&post=4086"},{"taxonomy":"post_tag","embeddable":true,"href":"https:\/\/www.stefaneguilbaud.com\/blog\/index.php?rest_route=%2Fwp%2Fv2%2Ftags&post=4086"}],"curies":[{"name":"wp","href":"https:\/\/api.w.org\/{rel}","templated":true}]}}