{"id":408,"date":"2010-02-17T23:20:54","date_gmt":"2010-02-17T22:20:54","guid":{"rendered":"http:\/\/www.stefaneguilbaud.com\/journal\/?p=408"},"modified":"2013-12-06T19:09:20","modified_gmt":"2013-12-06T18:09:20","slug":"le-cochon","status":"publish","type":"post","link":"https:\/\/www.stefaneguilbaud.com\/blog\/?p=408","title":{"rendered":"Le cochon"},"content":{"rendered":"<p><a href=\"https:\/\/i0.wp.com\/www.stefaneguilbaud.com\/blog\/wp-content\/uploads\/2013\/11\/humanterre.jpg\"><img data-recalc-dims=\"1\" loading=\"lazy\" decoding=\"async\" class=\"alignleft\" alt=\"humanterre\" src=\"https:\/\/i0.wp.com\/www.stefaneguilbaud.com\/blog\/wp-content\/uploads\/2013\/11\/humanterre.jpg?resize=110%2C59\" width=\"110\" height=\"59\" \/><\/a>Chronique \u00e9crite pour<br \/>Human &amp; Terre<br \/>N\u00b0 30 \/ Janvier 2010<\/p>\n<p><em><strong>Le cochon :<\/strong><\/em><br \/>95 % de la production porcine est industrielle et intensive. Ces industries de la viande reproduisent les m\u00eames sch\u00e9mas barbares. Truies sangl\u00e9es, parcages sur caillebotis avec stress, violences et boiteries. Nourritures \u00e0 base de farines avec des traitements curatifs d&rsquo;anxiolytiques et d&rsquo;antibiotiques. Tous ces \u00e9levages intensifs donnent lieu \u00e0 des catastrophes \u00e9cologiques et sanitaires. Les d\u00e9jections finissent dans des lagons roses fluos o\u00f9 plus rien ne pousse dans une nature qui ne s&rsquo;en remet pas. Stop ! Fuyez les bas prix car la qualit\u00e9 ne se brade pas. Aujourd&rsquo;hui, des \u00e9leveurs courageux proposent une viande biologique exceptionnelle. Encourageons cette solution urgente et n\u00e9cessaire au bien-\u00eatre de tous. Mangez peu, mangez mieux.<\/p>\n","protected":false},"excerpt":{"rendered":"<p>Chronique \u00e9crite pourHuman &amp; TerreN\u00b0 30 \/ Janvier 2010 Le cochon :95 % de la production porcine est industrielle et intensive. Ces industries de la &hellip; <\/p>\n","protected":false},"author":1,"featured_media":173,"comment_status":"open","ping_status":"open","sticky":false,"template":"","format":"standard","meta":{"_exactmetrics_skip_tracking":false,"_exactmetrics_sitenote_active":false,"_exactmetrics_sitenote_note":"","_exactmetrics_sitenote_category":0,"jetpack_post_was_ever_published":false,"_jetpack_newsletter_access":"","_jetpack_dont_email_post_to_subs":false,"_jetpack_newsletter_tier_id":0,"_jetpack_memberships_contains_paywalled_content":false,"_jetpack_memberships_contains_paid_content":false,"footnotes":"","jetpack_publicize_message":"","jetpack_publicize_feature_enabled":true,"jetpack_social_post_already_shared":false,"jetpack_social_options":{"image_generator_settings":{"template":"highway","default_image_id":0,"font":"","enabled":false},"version":2}},"categories":[6],"tags":[],"class_list":["post-408","post","type-post","status-publish","format-standard","has-post-thumbnail","hentry","category-chroniques-parues"],"jetpack_publicize_connections":[],"jetpack_featured_media_url":"https:\/\/i0.wp.com\/www.stefaneguilbaud.com\/blog\/wp-content\/uploads\/2013\/11\/journaux.jpg?fit=800%2C435&ssl=1","jetpack_sharing_enabled":true,"jetpack_shortlink":"https:\/\/wp.me\/p8a0UX-6A","jetpack-related-posts":[{"id":240,"url":"https:\/\/www.stefaneguilbaud.com\/blog\/?p=240","url_meta":{"origin":408,"position":0},"title":"\u00catre ou ne pas \u00eatre v\u00e9g\u00e9tarien, telle est la nouvelle question ?","author":"SG","date":"28 novembre 2013","format":false,"excerpt":"INTERVIEW par Audrey Etner.28 novembre 2013 Je ne suis pas contre les v\u00e9g\u00e9tariens, mais contre ce nouveau v\u00e9g\u00e9tarisme ambiant. Le sujet fait trop souvent pol\u00e9mique alors il faut en parler. La libert\u00e9 c'est le choix, ne crions pas trop vite \"vive les carnivores\" ou \"vive les v\u00e9g\u00e9tariens\". L\u2019alimentation n\u2019a jamais\u2026","rel":"","context":"Dans &quot;Chroniques parues&quot;","block_context":{"text":"Chroniques parues","link":"https:\/\/www.stefaneguilbaud.com\/blog\/?cat=6"},"img":{"alt_text":"","src":"https:\/\/i0.wp.com\/www.stefaneguilbaud.com\/blog\/wp-content\/uploads\/2013\/11\/vege.jpg?fit=800%2C435&ssl=1&resize=350%2C200","width":350,"height":200,"srcset":"https:\/\/i0.wp.com\/www.stefaneguilbaud.com\/blog\/wp-content\/uploads\/2013\/11\/vege.jpg?fit=800%2C435&ssl=1&resize=350%2C200 1x, https:\/\/i0.wp.com\/www.stefaneguilbaud.com\/blog\/wp-content\/uploads\/2013\/11\/vege.jpg?fit=800%2C435&ssl=1&resize=525%2C300 1.5x, https:\/\/i0.wp.com\/www.stefaneguilbaud.com\/blog\/wp-content\/uploads\/2013\/11\/vege.jpg?fit=800%2C435&ssl=1&resize=700%2C400 2x"},"classes":[]},{"id":506,"url":"https:\/\/www.stefaneguilbaud.com\/blog\/?p=506","url_meta":{"origin":408,"position":1},"title":"Saucisson BIO ou BIO ?","author":"SG","date":"29 d\u00e9cembre 2010","format":false,"excerpt":"Je ne le r\u00e9p\u00e9terais jamais assez. Dans chaque produit BIO, vous trouverez du bon et du mauvais.Les saucissons n'\u00e9chappent pas \u00e0 la r\u00e8gle. Bien que le saucisson ne soit pas un aliment quotidien, ce petit plaisir occasionnel doit respecter plusieurs r\u00e8gles, pour peu que l'on s'int\u00e9resse \u00e0 l'alimentation. Je pr\u00e9sume\u2026","rel":"","context":"Dans &quot;Alimentation&quot;","block_context":{"text":"Alimentation","link":"https:\/\/www.stefaneguilbaud.com\/blog\/?cat=1"},"img":{"alt_text":"","src":"https:\/\/i0.wp.com\/www.stefaneguilbaud.com\/blog\/wp-content\/uploads\/2010\/12\/saucisson.jpg?fit=800%2C435&ssl=1&resize=350%2C200","width":350,"height":200,"srcset":"https:\/\/i0.wp.com\/www.stefaneguilbaud.com\/blog\/wp-content\/uploads\/2010\/12\/saucisson.jpg?fit=800%2C435&ssl=1&resize=350%2C200 1x, https:\/\/i0.wp.com\/www.stefaneguilbaud.com\/blog\/wp-content\/uploads\/2010\/12\/saucisson.jpg?fit=800%2C435&ssl=1&resize=525%2C300 1.5x, https:\/\/i0.wp.com\/www.stefaneguilbaud.com\/blog\/wp-content\/uploads\/2010\/12\/saucisson.jpg?fit=800%2C435&ssl=1&resize=700%2C400 2x"},"classes":[]},{"id":2435,"url":"https:\/\/www.stefaneguilbaud.com\/blog\/?p=2435","url_meta":{"origin":408,"position":2},"title":"V\u00e9g\u00e9tariens\u2026 en danger ?","author":"SG","date":"18 janvier 2017","format":false,"excerpt":"Choisir le combat On constate deux fa\u00e7ons de lutter contre les atrocit\u00e9s animales. Il y a : Ceux qui consid\u00e8rent que l\u2019homme ne devrait pas manger de viande. Ils arr\u00eatent d\u2019en manger pour lutter, de fa\u00e7on globale, contre l\u2019\u00e9levage et l\u2019abattage animal. Les \u00e9levages consistant \u00e0 \u00e9lever et tuer des\u2026","rel":"","context":"Dans &quot;Alimentation&quot;","block_context":{"text":"Alimentation","link":"https:\/\/www.stefaneguilbaud.com\/blog\/?cat=1"},"img":{"alt_text":"","src":"https:\/\/i0.wp.com\/www.stefaneguilbaud.com\/blog\/wp-content\/uploads\/2017\/01\/farmtoform.jpg?fit=800%2C435&ssl=1&resize=350%2C200","width":350,"height":200,"srcset":"https:\/\/i0.wp.com\/www.stefaneguilbaud.com\/blog\/wp-content\/uploads\/2017\/01\/farmtoform.jpg?fit=800%2C435&ssl=1&resize=350%2C200 1x, https:\/\/i0.wp.com\/www.stefaneguilbaud.com\/blog\/wp-content\/uploads\/2017\/01\/farmtoform.jpg?fit=800%2C435&ssl=1&resize=525%2C300 1.5x, https:\/\/i0.wp.com\/www.stefaneguilbaud.com\/blog\/wp-content\/uploads\/2017\/01\/farmtoform.jpg?fit=800%2C435&ssl=1&resize=700%2C400 2x"},"classes":[]},{"id":371,"url":"https:\/\/www.stefaneguilbaud.com\/blog\/?p=371","url_meta":{"origin":408,"position":3},"title":"L&rsquo;alimentation, vecteur social","author":"SG","date":"18 avril 2010","format":false,"excerpt":"Chronique \u00e9crite pour\u2022 N\u00b031 \/ Avril 2010 \u00a0 Les psychologues, aid\u00e9s par la c\u00e9l\u00e8bre citation du gastronome Brillat-Savarin, s'int\u00e9ressent au \u00ab\u00a0Dis-moi ce que tu manges, je te dirais ce que tu es\u00a0?\u00a0\u00bb.Les historiens sont plus sensibles au\u00ab\u00a0Dis-moi ce que tu as mang\u00e9 et je te dirais quand tu as v\u00e9cu\u00a0?\u00a0\u00bb.Les\u2026","rel":"","context":"Dans &quot;Chroniques parues&quot;","block_context":{"text":"Chroniques parues","link":"https:\/\/www.stefaneguilbaud.com\/blog\/?cat=6"},"img":{"alt_text":"","src":"https:\/\/i0.wp.com\/www.stefaneguilbaud.com\/blog\/wp-content\/uploads\/2013\/11\/journaux.jpg?fit=800%2C435&ssl=1&resize=350%2C200","width":350,"height":200,"srcset":"https:\/\/i0.wp.com\/www.stefaneguilbaud.com\/blog\/wp-content\/uploads\/2013\/11\/journaux.jpg?fit=800%2C435&ssl=1&resize=350%2C200 1x, https:\/\/i0.wp.com\/www.stefaneguilbaud.com\/blog\/wp-content\/uploads\/2013\/11\/journaux.jpg?fit=800%2C435&ssl=1&resize=525%2C300 1.5x, https:\/\/i0.wp.com\/www.stefaneguilbaud.com\/blog\/wp-content\/uploads\/2013\/11\/journaux.jpg?fit=800%2C435&ssl=1&resize=700%2C400 2x"},"classes":[]},{"id":759,"url":"https:\/\/www.stefaneguilbaud.com\/blog\/?p=759","url_meta":{"origin":408,"position":4},"title":"Les centenaires Abkhazes","author":"SG","date":"10 d\u00e9cembre 2013","format":false,"excerpt":"Long\u00e9vit\u00e9 \u2260 Sant\u00e9. Depuis plus de dix ans, je suis g\u00ean\u00e9 par les statistiques qui nous rassurent sur le fait que nous vivons de plus en plus vieux. Ils sont fiers de nous indiquer que les hommes qui naissent aujourd'hui ont une esp\u00e9rance de vie moyenne de 78,2\u00a0ann\u00e9es et les\u2026","rel":"","context":"Dans &quot;Dossiers&quot;","block_context":{"text":"Dossiers","link":"https:\/\/www.stefaneguilbaud.com\/blog\/?cat=9"},"img":{"alt_text":"","src":"https:\/\/i0.wp.com\/www.stefaneguilbaud.com\/blog\/wp-content\/uploads\/2013\/12\/abkaz.jpg?fit=800%2C435&ssl=1&resize=350%2C200","width":350,"height":200,"srcset":"https:\/\/i0.wp.com\/www.stefaneguilbaud.com\/blog\/wp-content\/uploads\/2013\/12\/abkaz.jpg?fit=800%2C435&ssl=1&resize=350%2C200 1x, https:\/\/i0.wp.com\/www.stefaneguilbaud.com\/blog\/wp-content\/uploads\/2013\/12\/abkaz.jpg?fit=800%2C435&ssl=1&resize=525%2C300 1.5x, https:\/\/i0.wp.com\/www.stefaneguilbaud.com\/blog\/wp-content\/uploads\/2013\/12\/abkaz.jpg?fit=800%2C435&ssl=1&resize=700%2C400 2x"},"classes":[]},{"id":282,"url":"https:\/\/www.stefaneguilbaud.com\/blog\/?p=282","url_meta":{"origin":408,"position":5},"title":"L&rsquo;agneau","author":"SG","date":"23 ao\u00fbt 2010","format":false,"excerpt":"Chronique \u00e9crite pourHuman & TerreN\u00b0 34 \/ Septembre 2010 Agnus Dei.L'agneau de Dieu est bien loin de sa fonction de sacrifice chr\u00e9tienne, vou\u00e9e \u00e0 expier les p\u00e9ch\u00e9s du monde.Rien n'arr\u00eatant le profit de certains producteurs, il n'y avait qu'un pas pour fournir aux consommateurs une viande r\u00e9pondant \u00e0 une id\u00e9ologie.Pour\u2026","rel":"","context":"Dans &quot;Chroniques parues&quot;","block_context":{"text":"Chroniques parues","link":"https:\/\/www.stefaneguilbaud.com\/blog\/?cat=6"},"img":{"alt_text":"","src":"https:\/\/i0.wp.com\/www.stefaneguilbaud.com\/blog\/wp-content\/uploads\/2013\/11\/journaux.jpg?fit=800%2C435&ssl=1&resize=350%2C200","width":350,"height":200,"srcset":"https:\/\/i0.wp.com\/www.stefaneguilbaud.com\/blog\/wp-content\/uploads\/2013\/11\/journaux.jpg?fit=800%2C435&ssl=1&resize=350%2C200 1x, https:\/\/i0.wp.com\/www.stefaneguilbaud.com\/blog\/wp-content\/uploads\/2013\/11\/journaux.jpg?fit=800%2C435&ssl=1&resize=525%2C300 1.5x, https:\/\/i0.wp.com\/www.stefaneguilbaud.com\/blog\/wp-content\/uploads\/2013\/11\/journaux.jpg?fit=800%2C435&ssl=1&resize=700%2C400 2x"},"classes":[]}],"jetpack_likes_enabled":true,"_links":{"self":[{"href":"https:\/\/www.stefaneguilbaud.com\/blog\/index.php?rest_route=\/wp\/v2\/posts\/408","targetHints":{"allow":["GET"]}}],"collection":[{"href":"https:\/\/www.stefaneguilbaud.com\/blog\/index.php?rest_route=\/wp\/v2\/posts"}],"about":[{"href":"https:\/\/www.stefaneguilbaud.com\/blog\/index.php?rest_route=\/wp\/v2\/types\/post"}],"author":[{"embeddable":true,"href":"https:\/\/www.stefaneguilbaud.com\/blog\/index.php?rest_route=\/wp\/v2\/users\/1"}],"replies":[{"embeddable":true,"href":"https:\/\/www.stefaneguilbaud.com\/blog\/index.php?rest_route=%2Fwp%2Fv2%2Fcomments&post=408"}],"version-history":[{"count":2,"href":"https:\/\/www.stefaneguilbaud.com\/blog\/index.php?rest_route=\/wp\/v2\/posts\/408\/revisions"}],"predecessor-version":[{"id":738,"href":"https:\/\/www.stefaneguilbaud.com\/blog\/index.php?rest_route=\/wp\/v2\/posts\/408\/revisions\/738"}],"wp:featuredmedia":[{"embeddable":true,"href":"https:\/\/www.stefaneguilbaud.com\/blog\/index.php?rest_route=\/wp\/v2\/media\/173"}],"wp:attachment":[{"href":"https:\/\/www.stefaneguilbaud.com\/blog\/index.php?rest_route=%2Fwp%2Fv2%2Fmedia&parent=408"}],"wp:term":[{"taxonomy":"category","embeddable":true,"href":"https:\/\/www.stefaneguilbaud.com\/blog\/index.php?rest_route=%2Fwp%2Fv2%2Fcategories&post=408"},{"taxonomy":"post_tag","embeddable":true,"href":"https:\/\/www.stefaneguilbaud.com\/blog\/index.php?rest_route=%2Fwp%2Fv2%2Ftags&post=408"}],"curies":[{"name":"wp","href":"https:\/\/api.w.org\/{rel}","templated":true}]}}