{"id":3995,"date":"2023-05-11T20:41:52","date_gmt":"2023-05-11T19:41:52","guid":{"rendered":"https:\/\/www.stefaneguilbaud.com\/blog\/?p=3995"},"modified":"2023-05-11T20:41:52","modified_gmt":"2023-05-11T19:41:52","slug":"les-pieges-de-la-mensualisation","status":"publish","type":"post","link":"https:\/\/www.stefaneguilbaud.com\/blog\/?p=3995","title":{"rendered":"Les pi\u00e8ges de la mensualisation ?"},"content":{"rendered":"<div class=\"group w-full text-gray-800 dark:text-gray-100 border-b border-black\/10 dark:border-gray-900\/50 bg-gray-50 dark:bg-[#444654]\">\n<div class=\"flex p-4 gap-4 text-base md:gap-6 md:max-w-2xl lg:max-w-xl xl:max-w-3xl md:py-6 lg:px-0 m-auto\">\n<div class=\"relative flex flex-col w-[calc(100%-50px)] gap-1 md:gap-3 lg:w-[calc(100%-115px)]\">\n<div class=\"flex flex-grow flex-col gap-3\">\n<div class=\"min-h-[20px] flex flex-col items-start gap-4 whitespace-pre-wrap break-words\">\n<div class=\"markdown prose w-full break-words dark:prose-invert light\">\n<p>Dans notre soci\u00e9t\u00e9 connect\u00e9e, la mensualisation est devenue la norme de nombreux services, applications et outils en ligne. Cependant, cette g\u00e9n\u00e9ralisation comporte des effets pervers qui peuvent nuire aux consommateurs. Dans cet article, nous allons explorer les inconv\u00e9nients de la mensualisation, notamment l&rsquo;accumulation de petites sommes qui deviennent rapidement importantes et la difficult\u00e9 de g\u00e9rer les abonnements avec des reconductions tacites. Nous aborderons \u00e9galement la question de savoir si une loi sur la protection des consommateurs pourrait imposer aux \u00e9diteurs d&rsquo;offrir des versions perp\u00e9tuelles en plus des options mensuelles.<\/p>\n<p><strong>L&rsquo;accumulation de petites sommes<\/strong><br \/>\nL&rsquo;un des probl\u00e8mes majeurs de la mensualisation est l&rsquo;accumulation de petites sommes qui finissent par peser lourd sur le budget des consommateurs. En mati\u00e8re d&rsquo;\u00e9ducation, le plus difficile \u00e0 expliquer aux enfants \u2014tent\u00e9s par toutes les offres\u2014 reste cette notion de services \u00ab\u00a0qui ne co\u00fbtent que\u00a0\u00bb 5 ou 6 euros mensuels ! Individuellement, ces frais peuvent sembler insignifiants, mais lorsqu&rsquo;ils sont cumul\u00e9s, ils repr\u00e9sentent une d\u00e9pense consid\u00e9rable. Les abonnements aux services de streaming, aux applications mobiles, aux logiciels de productivit\u00e9 et \u00e0 de nombreux autres outils en ligne peuvent rapidement s&rsquo;additionner. Nous devons \u00eatre conscients de cette r\u00e9alit\u00e9 financi\u00e8re et prendre des d\u00e9cisions \u00e9clair\u00e9es sur les abonnements auxquels on souhaite r\u00e9ellement souscrire.<\/p>\n<p><strong>La difficult\u00e9 de g\u00e9rer les abonnements<\/strong><br \/>\nUn autre probl\u00e8me avec la mensualisation est la gestion des abonnements. Les reconductions tacites sont courantes, ce qui signifie que les abonnements se renouvellent automatiquement \u00e0 moins que le consommateur ne prenne l&rsquo;initiative de les annuler. Cette pratique met souvent les consommateurs dans une situation inconfortable, car ils doivent passer du temps et de l&rsquo;\u00e9nergie \u00e0 rechercher et \u00e0 r\u00e9silier les abonnements dont ils ne souhaitent plus b\u00e9n\u00e9ficier. La complexit\u00e9 de ce processus peut entra\u00eener des oublis, des frais ind\u00e9sirables et une frustration g\u00e9n\u00e9rale.<\/p>\n<p><strong>Vers une meilleure protection des consommateurs<\/strong><br \/>\nFace \u00e0 ces inconv\u00e9nients, il est l\u00e9gitime de se demander si des mesures de protection des consommateurs devraient apparaitre. Une solution envisageable serait d&rsquo;imposer aux \u00e9diteurs l&rsquo;obligation de proposer des versions perp\u00e9tuelles en plus des options mensuelles (ce que certains font d\u00e9j\u00e0 d&rsquo;ailleurs). S&rsquo;il est difficilement envisageable d&rsquo;appliquer cette id\u00e9e \u00e0 un service de streaming, on doit se poser la question pour un logiciel PDF, graphique ou audio r\u00e9pondant \u00e0 une version donn\u00e9e. Une telle disposition l\u00e9gislative encouragerait les \u00e9diteurs \u00e0 offrir davantage de flexibilit\u00e9 aux consommateurs et \u00e0 reconsid\u00e9rer leur strat\u00e9gie de tarification.<br \/>\nDe plus, une r\u00e9glementation plus stricte pourrait exiger que les reconductions tacites soient explicitement indiqu\u00e9es et que les consommateurs soient r\u00e9guli\u00e8rement inform\u00e9s de la possibilit\u00e9 d&rsquo;annuler ou de modifier leurs abonnements. Cela permettrait d&rsquo;accro\u00eetre la transparence et de proposer un meilleur contr\u00f4le sur leurs d\u00e9penses mensuelles.<\/p>\n<p><strong>La tentation de mensualiser l&rsquo;alimentation ?<\/strong><br \/>\nD\u00e9j\u00e0, de grandes multinationales envisagent de mensualiser l&rsquo;alimentation. C&rsquo;est un concept qui soul\u00e8ve des questions int\u00e9ressantes et m\u00e9rite une r\u00e9flexion approfondie. Alors que nous voyons de plus en plus d&rsquo;entreprises proposer des abonnements mensuels pour la livraison de repas ou de paniers alimentaires, il est important de prendre en compte les avantages et les inconv\u00e9nients de cette pratique.<br \/>\nD&rsquo;un c\u00f4t\u00e9, la mensualisation de l&rsquo;alimentation peut offrir des avantages pratiques. Elle permet aux consommateurs de planifier leurs repas \u00e0 l&rsquo;avance et de recevoir des produits frais r\u00e9guli\u00e8rement sans avoir \u00e0 se rendre physiquement au supermarch\u00e9. Cela peut \u00eatre particuli\u00e8rement avantageux pour les personnes occup\u00e9es qui manquent de temps pour faire leurs courses. La mensualisation peut faciliter la gestion du budget alimentaire en fixant un montant fixe \u00e0 payer chaque mois.<br \/>\nCependant, il est important de prendre en compte certaines consid\u00e9rations. Tout d&rsquo;abord, la mensualisation de l&rsquo;alimentation peut entra\u00eener une perte de flexibilit\u00e9 dans les choix alimentaires et finalement ne laisser comme seul choix que des offres \u00ab\u00a0industrielles\u00a0\u00bb. Les abonnements mensuels sont g\u00e9n\u00e9ralement bas\u00e9s sur des menus ou des paniers pr\u00e9\u00e9tablis, ce qui limite la possibilit\u00e9 pour les consommateurs de choisir les produits qui correspondent le mieux \u00e0 leurs pr\u00e9f\u00e9rences et \u00e0 leurs besoins sp\u00e9cifiques. De plus, la qualit\u00e9 des produits peut \u00eatre un sujet de pr\u00e9occupation. Lorsque les aliments sont livr\u00e9s r\u00e9guli\u00e8rement sur une base mensuelle, il est essentiel de s&rsquo;assurer de la fra\u00eecheur et de la qualit\u00e9 des produits. Certains consommateurs pourraient craindre de recevoir des produits qui ne r\u00e9pondent pas \u00e0 leurs attentes en termes de fra\u00eecheur ou de provenance. Enfin, il est important de consid\u00e9rer la dimension \u00e9cologique de la mensualisation de l&rsquo;alimentation. Les livraisons fr\u00e9quentes peuvent entra\u00eener une augmentation de l&#8217;empreinte carbone due aux d\u00e9placements des v\u00e9hicules de livraison. De plus, les emballages individuels n\u00e9cessaires pour la livraison peuvent g\u00e9n\u00e9rer plus de d\u00e9chets.<br \/>\nIl est essentiel que les consommateurs \u00e9valuent attentivement leurs besoins, leurs pr\u00e9f\u00e9rences et leurs priorit\u00e9s avant de souscrire \u00e0 ce type de service. Il est \u00e9galement important que les entreprises proposant des abonnements alimentaires maintiennent des normes \u00e9lev\u00e9es en termes de qualit\u00e9 des produits, de flexibilit\u00e9 des choix et d&rsquo;impact environnemental.<\/p>\n<p><strong>Conclusion<\/strong><br \/>\nLa mensualisation g\u00e9n\u00e9ralis\u00e9e pr\u00e9sente finalement de nombreux inconv\u00e9nients, notamment l&rsquo;accumulation de petites sommes et la difficult\u00e9 de g\u00e9rer les abonnements avec des reconductions tacites. Ces probl\u00e8mes soul\u00e8vent la question de la n\u00e9cessit\u00e9 d&rsquo;une meilleure protection des consommateurs. <span style=\"font-family: Graphik, -apple-system, BlinkMacSystemFont, 'Segoe UI', Helvetica, Arial, sans-serif; font-size: 1.125rem;\">Pour rem\u00e9dier \u00e0 ces probl\u00e8mes, il serait envisageable d&rsquo;imposer aux \u00e9diteurs l&rsquo;obligation de proposer des versions perp\u00e9tuelles en plus des options mensuelles, offrant ainsi aux consommateurs une alternative plus flexible. De plus, une r\u00e9glementation plus stricte concernant les reconductions tacites et une plus grande transparence dans les politiques d&rsquo;abonnement pourraient \u00e9galement am\u00e9liorer la situation.<br \/>\n<\/span><span style=\"font-family: Graphik, -apple-system, BlinkMacSystemFont, 'Segoe UI', Helvetica, Arial, sans-serif; font-size: 1.125rem;\">Il est essentiel que les consommateurs soient conscients des implications financi\u00e8res de la mensualisation et qu&rsquo;ils prennent des d\u00e9cisions \u00e9clair\u00e9es quant aux abonnements auxquels ils souscrivent. En fin de compte, la protection des consommateurs, dans le contexte de la mensualisation, n\u00e9cessite un \u00e9quilibre entre la responsabilit\u00e9 individuelle et une r\u00e9glementation ad\u00e9quate pour garantir des pratiques \u00e9quitables et transparentes.<br \/>\n<\/span><span style=\"font-family: Graphik, -apple-system, BlinkMacSystemFont, 'Segoe UI', Helvetica, Arial, sans-serif; font-size: 1.125rem;\">Il est donc temps d&rsquo;engager un d\u00e9bat sur la n\u00e9cessit\u00e9 d&rsquo;une l\u00e9gislation visant \u00e0 prot\u00e9ger les consommateurs des pi\u00e8ges de la mensualisation, afin de garantir une utilisation plus \u00e9clair\u00e9e et responsable des services en ligne et de promouvoir une relation plus \u00e9quilibr\u00e9e entre les \u00e9diteurs et les consommateurs.<\/span><\/p>\n<\/div>\n<\/div>\n<\/div>\n<\/div>\n<\/div>\n<\/div>\n","protected":false},"excerpt":{"rendered":"<p>Dans notre soci\u00e9t\u00e9 connect\u00e9e, la mensualisation est devenue la norme de nombreux services, applications et outils en ligne. Cependant, cette g\u00e9n\u00e9ralisation comporte des effets pervers &hellip; <\/p>\n","protected":false},"author":1,"featured_media":4001,"comment_status":"open","ping_status":"closed","sticky":false,"template":"","format":"standard","meta":{"_exactmetrics_skip_tracking":false,"_exactmetrics_sitenote_active":false,"_exactmetrics_sitenote_note":"","_exactmetrics_sitenote_category":0,"jetpack_post_was_ever_published":false,"_jetpack_newsletter_access":"","_jetpack_dont_email_post_to_subs":false,"_jetpack_newsletter_tier_id":0,"_jetpack_memberships_contains_paywalled_content":false,"_jetpack_memberships_contains_paid_content":false,"footnotes":"","jetpack_publicize_message":"","jetpack_publicize_feature_enabled":true,"jetpack_social_post_already_shared":true,"jetpack_social_options":{"image_generator_settings":{"template":"highway","default_image_id":0,"font":"","enabled":false},"version":2}},"categories":[1,7],"tags":[],"class_list":["post-3995","post","type-post","status-publish","format-standard","has-post-thumbnail","hentry","category-alimentation","category-coups-de-gueule"],"jetpack_publicize_connections":[],"jetpack_featured_media_url":"https:\/\/i0.wp.com\/www.stefaneguilbaud.com\/blog\/wp-content\/uploads\/2023\/05\/savings-2789112_1280-studio.jpg?fit=800%2C435&ssl=1","jetpack_sharing_enabled":true,"jetpack_shortlink":"https:\/\/wp.me\/p8a0UX-12r","jetpack-related-posts":[{"id":246,"url":"https:\/\/www.stefaneguilbaud.com\/blog\/?p=246","url_meta":{"origin":3995,"position":0},"title":"Sushi \u00e0 la mode &#8230; aixoise","author":"SG","date":"28 janvier 2011","format":false,"excerpt":"Dans cet emballement m\u00e9diatique, je constate que le sushi s'est d\u00e9mocratis\u00e9 pour le pire et le meilleur. En 1993, quand j'apprenais \u00e0 les faire, les ingr\u00e9dients \u00e9taient alors introuvables et je devais les faire venir de Lyon, puis de Paris pour des sommes assez r\u00e9dhibitoires parfois. Par passion, j'ai toujours\u2026","rel":"","context":"Dans &quot;Actualit\u00e9s&quot;","block_context":{"text":"Actualit\u00e9s","link":"https:\/\/www.stefaneguilbaud.com\/blog\/?cat=8"},"img":{"alt_text":"","src":"https:\/\/i0.wp.com\/www.stefaneguilbaud.com\/blog\/wp-content\/uploads\/2011\/01\/sushi.jpg?fit=800%2C435&ssl=1&resize=350%2C200","width":350,"height":200,"srcset":"https:\/\/i0.wp.com\/www.stefaneguilbaud.com\/blog\/wp-content\/uploads\/2011\/01\/sushi.jpg?fit=800%2C435&ssl=1&resize=350%2C200 1x, https:\/\/i0.wp.com\/www.stefaneguilbaud.com\/blog\/wp-content\/uploads\/2011\/01\/sushi.jpg?fit=800%2C435&ssl=1&resize=525%2C300 1.5x, https:\/\/i0.wp.com\/www.stefaneguilbaud.com\/blog\/wp-content\/uploads\/2011\/01\/sushi.jpg?fit=800%2C435&ssl=1&resize=700%2C400 2x"},"classes":[]},{"id":468,"url":"https:\/\/www.stefaneguilbaud.com\/blog\/?p=468","url_meta":{"origin":3995,"position":1},"title":"Savez vous ce que \u00ab\u00a0huile de palme\u00a0\u00bb veut-dire ?","author":"SG","date":"4 janvier 2010","format":false,"excerpt":"Quand la demande en huile de palme augmente. Les stocks de carbone s'effondrent \u2026 [ source : greenpeace.org ] Chaque ann\u00e9e, les combustions des tourbi\u00e8res d'Indon\u00e9sie recrachent dans l'atmosph\u00e8re 1,8 milliard de tonnes de gaz \u00e0 effet de serre.La demande croissante d'huile de palme de la part des plus grandes\u2026","rel":"","context":"Dans &quot;Alimentation&quot;","block_context":{"text":"Alimentation","link":"https:\/\/www.stefaneguilbaud.com\/blog\/?cat=1"},"img":{"alt_text":"","src":"https:\/\/i0.wp.com\/www.stefaneguilbaud.com\/blog\/wp-content\/uploads\/2013\/11\/palmier.jpg?fit=800%2C435&ssl=1&resize=350%2C200","width":350,"height":200,"srcset":"https:\/\/i0.wp.com\/www.stefaneguilbaud.com\/blog\/wp-content\/uploads\/2013\/11\/palmier.jpg?fit=800%2C435&ssl=1&resize=350%2C200 1x, https:\/\/i0.wp.com\/www.stefaneguilbaud.com\/blog\/wp-content\/uploads\/2013\/11\/palmier.jpg?fit=800%2C435&ssl=1&resize=525%2C300 1.5x, https:\/\/i0.wp.com\/www.stefaneguilbaud.com\/blog\/wp-content\/uploads\/2013\/11\/palmier.jpg?fit=800%2C435&ssl=1&resize=700%2C400 2x"},"classes":[]},{"id":314,"url":"https:\/\/www.stefaneguilbaud.com\/blog\/?p=314","url_meta":{"origin":3995,"position":2},"title":"La s\u00e9curit\u00e9 sociale doit-elle rester sociale ?","author":"SG","date":"13 avril 2016","format":false,"excerpt":"Le \"trou de la s\u00e9cu\" fait d\u00e9bat. Il y a des avis partag\u00e9s sur les m\u00e9thodes \u00e0 appliquer pour faire des \u00e9conomies. Avec tout un lot de mesures et de r\u00e9visions, nous entendons parler de restrictions, de contr\u00f4les, de d\u00e9bordements et de gaspillages. Les principaux acteurs d'un syst\u00e8me m\u00e9dical, que\u2026","rel":"","context":"Dans &quot;Reportage&quot;","block_context":{"text":"Reportage","link":"https:\/\/www.stefaneguilbaud.com\/blog\/?cat=12"},"img":{"alt_text":"","src":"https:\/\/i0.wp.com\/www.stefaneguilbaud.com\/blog\/wp-content\/uploads\/2013\/11\/stethoscope.jpg?fit=800%2C435&ssl=1&resize=350%2C200","width":350,"height":200,"srcset":"https:\/\/i0.wp.com\/www.stefaneguilbaud.com\/blog\/wp-content\/uploads\/2013\/11\/stethoscope.jpg?fit=800%2C435&ssl=1&resize=350%2C200 1x, https:\/\/i0.wp.com\/www.stefaneguilbaud.com\/blog\/wp-content\/uploads\/2013\/11\/stethoscope.jpg?fit=800%2C435&ssl=1&resize=525%2C300 1.5x, https:\/\/i0.wp.com\/www.stefaneguilbaud.com\/blog\/wp-content\/uploads\/2013\/11\/stethoscope.jpg?fit=800%2C435&ssl=1&resize=700%2C400 2x"},"classes":[]},{"id":371,"url":"https:\/\/www.stefaneguilbaud.com\/blog\/?p=371","url_meta":{"origin":3995,"position":3},"title":"L&rsquo;alimentation, vecteur social","author":"SG","date":"18 avril 2010","format":false,"excerpt":"Chronique \u00e9crite pour\u2022 N\u00b031 \/ Avril 2010 \u00a0 Les psychologues, aid\u00e9s par la c\u00e9l\u00e8bre citation du gastronome Brillat-Savarin, s'int\u00e9ressent au \u00ab\u00a0Dis-moi ce que tu manges, je te dirais ce que tu es\u00a0?\u00a0\u00bb.Les historiens sont plus sensibles au\u00ab\u00a0Dis-moi ce que tu as mang\u00e9 et je te dirais quand tu as v\u00e9cu\u00a0?\u00a0\u00bb.Les\u2026","rel":"","context":"Dans &quot;Chroniques parues&quot;","block_context":{"text":"Chroniques parues","link":"https:\/\/www.stefaneguilbaud.com\/blog\/?cat=6"},"img":{"alt_text":"","src":"https:\/\/i0.wp.com\/www.stefaneguilbaud.com\/blog\/wp-content\/uploads\/2013\/11\/journaux.jpg?fit=800%2C435&ssl=1&resize=350%2C200","width":350,"height":200,"srcset":"https:\/\/i0.wp.com\/www.stefaneguilbaud.com\/blog\/wp-content\/uploads\/2013\/11\/journaux.jpg?fit=800%2C435&ssl=1&resize=350%2C200 1x, https:\/\/i0.wp.com\/www.stefaneguilbaud.com\/blog\/wp-content\/uploads\/2013\/11\/journaux.jpg?fit=800%2C435&ssl=1&resize=525%2C300 1.5x, https:\/\/i0.wp.com\/www.stefaneguilbaud.com\/blog\/wp-content\/uploads\/2013\/11\/journaux.jpg?fit=800%2C435&ssl=1&resize=700%2C400 2x"},"classes":[]},{"id":4174,"url":"https:\/\/www.stefaneguilbaud.com\/blog\/?p=4174","url_meta":{"origin":3995,"position":4},"title":"La cuisson des aliments : un tournant crucial dans l&rsquo;\u00e9volution humaine ?","author":"SG","date":"27 mai 2024","format":false,"excerpt":"Des N\u00e9andertaliens \u00e0 l'Homo Sapiens : le feu, un moteur de l'\u00e9volution Loin d'\u00eatre de simples opportunistes, les N\u00e9andertaliens s\u00e9lectionnaient minutieusement leurs proies en fonction de leur valeur nutritive, privil\u00e9giant celles les plus riches malgr\u00e9 les difficult\u00e9s de chasse. Cette strat\u00e9gie alimentaire sophistiqu\u00e9e, associ\u00e9e \u00e0 l'utilisation du feu pour la\u2026","rel":"","context":"Dans &quot;Alimentation&quot;","block_context":{"text":"Alimentation","link":"https:\/\/www.stefaneguilbaud.com\/blog\/?cat=1"},"img":{"alt_text":"","src":"https:\/\/i0.wp.com\/www.stefaneguilbaud.com\/blog\/wp-content\/uploads\/2024\/05\/neandertal.jpg?fit=800%2C435&ssl=1&resize=350%2C200","width":350,"height":200,"srcset":"https:\/\/i0.wp.com\/www.stefaneguilbaud.com\/blog\/wp-content\/uploads\/2024\/05\/neandertal.jpg?fit=800%2C435&ssl=1&resize=350%2C200 1x, https:\/\/i0.wp.com\/www.stefaneguilbaud.com\/blog\/wp-content\/uploads\/2024\/05\/neandertal.jpg?fit=800%2C435&ssl=1&resize=525%2C300 1.5x, https:\/\/i0.wp.com\/www.stefaneguilbaud.com\/blog\/wp-content\/uploads\/2024\/05\/neandertal.jpg?fit=800%2C435&ssl=1&resize=700%2C400 2x"},"classes":[]},{"id":544,"url":"https:\/\/www.stefaneguilbaud.com\/blog\/?p=544","url_meta":{"origin":3995,"position":5},"title":"Quelle est la diff\u00e9rence entre les fruits et les l\u00e9gumes ?","author":"SG","date":"1 mars 2023","format":false,"excerpt":"Une question qui m'est souvent pos\u00e9e. O\u00f9 se trouve la fronti\u00e8re s\u00e9mantique de ces deux termes : le fruit et le l\u00e9gume. Les fruits et les l\u00e9gumes appartiennent \u00e0 deux mondes diff\u00e9rents. Quand les fruits se retrouvent dans les ouvrages de botanique et se cueillent dans des vergers, les l\u00e9gumes\u2026","rel":"","context":"Dans &quot;Alimentation&quot;","block_context":{"text":"Alimentation","link":"https:\/\/www.stefaneguilbaud.com\/blog\/?cat=1"},"img":{"alt_text":"","src":"https:\/\/i0.wp.com\/www.stefaneguilbaud.com\/blog\/wp-content\/uploads\/2023\/03\/tomato-studio.webp?fit=800%2C435&ssl=1&resize=350%2C200","width":350,"height":200,"srcset":"https:\/\/i0.wp.com\/www.stefaneguilbaud.com\/blog\/wp-content\/uploads\/2023\/03\/tomato-studio.webp?fit=800%2C435&ssl=1&resize=350%2C200 1x, https:\/\/i0.wp.com\/www.stefaneguilbaud.com\/blog\/wp-content\/uploads\/2023\/03\/tomato-studio.webp?fit=800%2C435&ssl=1&resize=525%2C300 1.5x, https:\/\/i0.wp.com\/www.stefaneguilbaud.com\/blog\/wp-content\/uploads\/2023\/03\/tomato-studio.webp?fit=800%2C435&ssl=1&resize=700%2C400 2x"},"classes":[]}],"jetpack_likes_enabled":true,"_links":{"self":[{"href":"https:\/\/www.stefaneguilbaud.com\/blog\/index.php?rest_route=\/wp\/v2\/posts\/3995","targetHints":{"allow":["GET"]}}],"collection":[{"href":"https:\/\/www.stefaneguilbaud.com\/blog\/index.php?rest_route=\/wp\/v2\/posts"}],"about":[{"href":"https:\/\/www.stefaneguilbaud.com\/blog\/index.php?rest_route=\/wp\/v2\/types\/post"}],"author":[{"embeddable":true,"href":"https:\/\/www.stefaneguilbaud.com\/blog\/index.php?rest_route=\/wp\/v2\/users\/1"}],"replies":[{"embeddable":true,"href":"https:\/\/www.stefaneguilbaud.com\/blog\/index.php?rest_route=%2Fwp%2Fv2%2Fcomments&post=3995"}],"version-history":[{"count":7,"href":"https:\/\/www.stefaneguilbaud.com\/blog\/index.php?rest_route=\/wp\/v2\/posts\/3995\/revisions"}],"predecessor-version":[{"id":4004,"href":"https:\/\/www.stefaneguilbaud.com\/blog\/index.php?rest_route=\/wp\/v2\/posts\/3995\/revisions\/4004"}],"wp:featuredmedia":[{"embeddable":true,"href":"https:\/\/www.stefaneguilbaud.com\/blog\/index.php?rest_route=\/wp\/v2\/media\/4001"}],"wp:attachment":[{"href":"https:\/\/www.stefaneguilbaud.com\/blog\/index.php?rest_route=%2Fwp%2Fv2%2Fmedia&parent=3995"}],"wp:term":[{"taxonomy":"category","embeddable":true,"href":"https:\/\/www.stefaneguilbaud.com\/blog\/index.php?rest_route=%2Fwp%2Fv2%2Fcategories&post=3995"},{"taxonomy":"post_tag","embeddable":true,"href":"https:\/\/www.stefaneguilbaud.com\/blog\/index.php?rest_route=%2Fwp%2Fv2%2Ftags&post=3995"}],"curies":[{"name":"wp","href":"https:\/\/api.w.org\/{rel}","templated":true}]}}