{"id":385,"date":"2010-03-25T05:00:44","date_gmt":"2010-03-25T04:00:44","guid":{"rendered":"http:\/\/www.stefaneguilbaud.com\/journal\/?p=385"},"modified":"2013-11-29T11:36:19","modified_gmt":"2013-11-29T10:36:19","slug":"une-wok-attitude","status":"publish","type":"post","link":"https:\/\/www.stefaneguilbaud.com\/blog\/?p=385","title":{"rendered":"Une Wok&rsquo; Attitude"},"content":{"rendered":"<p>Cuisiner au Wok, pour plus de go\u00fbt et moins de gras. Les asiatiques ne se s\u00e9parent jamais de leur ustensile de cuisine, le wok qui, depuis 2000 ans ne cesse de rythmer leurs succulents repas. Mais derri\u00e8re cette tradition qui consiste \u00e0 saisir \u00e0 feu vif de petits l\u00e9gumes, nous d\u00e9couvrons une mani\u00e8re de conserver toute la saveur de l&rsquo;aliment.<\/p>\n<div>\n<p align=\"justify\">Une po\u00eale conique \u00e0 fond plat peut devenir magique pour tout mijoter, mariner, sauter ou frire. Avec ses deux anses ou sa large poign\u00e9e, le wok sera de toutes vos recettes si vous lui r\u00e9servez une petite place.<\/p>\n<p align=\"justify\">Les asiatiques ne s&rsquo;y trompent pas. Sa forme particuli\u00e8re permet une cuisson rapide et sans graisse inutile. Une simple goutte d&rsquo;huile d&rsquo;olive permet de saisir vos aliments et de les dorer pour vous donner une alimentation color\u00e9e et savoureuse tout en pr\u00e9servant les qualit\u00e9s nutritionnelles !<\/p>\n<p align=\"justify\">Dans le cadre d&rsquo;un changement de comportement alimentaire, il fait parti de l&rsquo;ustensile id\u00e9al, mais je vais aller plus loin dans la d\u00e9marche. Je pr\u00e9conise syst\u00e9matiquement cet achat !! Il permet \u00e0 une personne qui souhaite changer son alimentation de prendre plaisir \u00e0 cuisiner et reconsid\u00e9rer les aliments bruts. Il peut aussi aider dans certains cas \u00e0 oublier les plats cuisin\u00e9s ou pr\u00e9par\u00e9s.<\/p>\n<p align=\"justify\">Un geste simple : 1 poivron coup\u00e9 en lamelles, 1 goute d&rsquo;huile, des graines de lin ou de s\u00e9same &#8230; deviennent un d\u00e9lice quand il sont pr\u00e9par\u00e9s au wok.<\/p>\n<p align=\"justify\">Destination Sant\u00e9 nous conseille : \u00ab\u00a0<em>Autre raison de l\u2019adopter\u00a0: il est facile d\u2019entretien. Quand il est en acier par exemple, il suffit de l\u2019essuyer avec du papier absorbant. En fonte ou dot\u00e9 d\u2019un rev\u00eatement antiadh\u00e9sif, rincez-le simplement \u00e0 l\u2019eau chaude. Pratique\u00a0: certains sont parfois pourvus d\u2019un petit r\u00e9chaud et d\u2019une grille. Le Wok traditionnel en fonte et \u00e0 fond incurv\u00e9 quant \u00e0 lui, est r\u00e9serv\u00e9 \u00e0 la cuisson sur le gaz.\u00a0\u00bb<\/em><\/p>\n<p><span style=\"font-size: xx-small;\">Sources :<br \/><\/span><span style=\"font-size: xx-small;\">Destination sant\u00e9<br \/><\/span><span style=\"font-size: xx-small;\">Fran\u00e7oise Alby, Conna\u00eetre la cuisine au Wok, Couleur cuisine, Editions Sud-Ouest, 2006.<\/span><\/p>\n<\/div>\n","protected":false},"excerpt":{"rendered":"<p>Cuisiner au Wok, pour plus de go\u00fbt et moins de gras. Les asiatiques ne se s\u00e9parent jamais de leur ustensile de cuisine, le wok qui, &hellip; <\/p>\n","protected":false},"author":1,"featured_media":388,"comment_status":"open","ping_status":"open","sticky":false,"template":"","format":"standard","meta":{"_exactmetrics_skip_tracking":false,"_exactmetrics_sitenote_active":false,"_exactmetrics_sitenote_note":"","_exactmetrics_sitenote_category":0,"jetpack_post_was_ever_published":false,"_jetpack_newsletter_access":"","_jetpack_dont_email_post_to_subs":false,"_jetpack_newsletter_tier_id":0,"_jetpack_memberships_contains_paywalled_content":false,"_jetpack_memberships_contains_paid_content":false,"footnotes":"","jetpack_publicize_message":"","jetpack_publicize_feature_enabled":true,"jetpack_social_post_already_shared":false,"jetpack_social_options":{"image_generator_settings":{"template":"highway","default_image_id":0,"font":"","enabled":false},"version":2}},"categories":[1],"tags":[],"class_list":["post-385","post","type-post","status-publish","format-standard","has-post-thumbnail","hentry","category-alimentation"],"jetpack_publicize_connections":[],"jetpack_featured_media_url":"https:\/\/i0.wp.com\/www.stefaneguilbaud.com\/blog\/wp-content\/uploads\/2010\/03\/wok.jpg?fit=800%2C435&ssl=1","jetpack_sharing_enabled":true,"jetpack_shortlink":"https:\/\/wp.me\/p8a0UX-6d","jetpack-related-posts":[{"id":322,"url":"https:\/\/www.stefaneguilbaud.com\/blog\/?p=322","url_meta":{"origin":385,"position":0},"title":"Cot\u00e9 Sud, au sud. La Reine Sammut.","author":"SG","date":"15 juin 2010","format":false,"excerpt":"Chaque ann\u00e9e, le salon C\u00f4t\u00e9 Sud s'installe au parc Jourdan \u00e0 Aix-en-Provence. Il s'agit d'un salon de d\u00e9coration mais on y entend des infos alimentaires parfois surprenantes \u2026 Lors de chaque salon C\u00f4t\u00e9 Sud, nous pouvons assister, \u00e0 l'ombre du cagnard* proven\u00e7al, \u00e0 une d\u00e9monstration de cuisine simple, rapide et\u2026","rel":"","context":"Dans &quot;Soci\u00e9t\u00e9&quot;","block_context":{"text":"Soci\u00e9t\u00e9","link":"https:\/\/www.stefaneguilbaud.com\/blog\/?cat=3"},"img":{"alt_text":"","src":"https:\/\/i0.wp.com\/www.stefaneguilbaud.com\/blog\/wp-content\/uploads\/2010\/06\/cotesud.jpg?fit=800%2C435&ssl=1&resize=350%2C200","width":350,"height":200,"srcset":"https:\/\/i0.wp.com\/www.stefaneguilbaud.com\/blog\/wp-content\/uploads\/2010\/06\/cotesud.jpg?fit=800%2C435&ssl=1&resize=350%2C200 1x, https:\/\/i0.wp.com\/www.stefaneguilbaud.com\/blog\/wp-content\/uploads\/2010\/06\/cotesud.jpg?fit=800%2C435&ssl=1&resize=525%2C300 1.5x, https:\/\/i0.wp.com\/www.stefaneguilbaud.com\/blog\/wp-content\/uploads\/2010\/06\/cotesud.jpg?fit=800%2C435&ssl=1&resize=700%2C400 2x"},"classes":[]},{"id":836,"url":"https:\/\/www.stefaneguilbaud.com\/blog\/?p=836","url_meta":{"origin":385,"position":1},"title":"Meilleurs Voeux 2014","author":"SG","date":"7 janvier 2014","format":false,"excerpt":"Voil\u00e0 une nouvelle ann\u00e9e qui pointe le bout de son nez.Elle me permet de vous adresser tous mes voeux de bonheur et de sant\u00e9.En 2014, encore, je confirmerai ma lutte contre la malbouffe.En 2014, je continuerai ma d\u00e9sob\u00e9issance alimentaire pour ne pas accepter que notre alimentation soit r\u00e9duite \u00e0 une\u2026","rel":"","context":"Dans &quot;Actualit\u00e9s&quot;","block_context":{"text":"Actualit\u00e9s","link":"https:\/\/www.stefaneguilbaud.com\/blog\/?cat=8"},"img":{"alt_text":"","src":"https:\/\/i0.wp.com\/www.stefaneguilbaud.com\/blog\/wp-content\/uploads\/2014\/01\/voeux2014.jpg?fit=800%2C435&ssl=1&resize=350%2C200","width":350,"height":200,"srcset":"https:\/\/i0.wp.com\/www.stefaneguilbaud.com\/blog\/wp-content\/uploads\/2014\/01\/voeux2014.jpg?fit=800%2C435&ssl=1&resize=350%2C200 1x, https:\/\/i0.wp.com\/www.stefaneguilbaud.com\/blog\/wp-content\/uploads\/2014\/01\/voeux2014.jpg?fit=800%2C435&ssl=1&resize=525%2C300 1.5x, https:\/\/i0.wp.com\/www.stefaneguilbaud.com\/blog\/wp-content\/uploads\/2014\/01\/voeux2014.jpg?fit=800%2C435&ssl=1&resize=700%2C400 2x"},"classes":[]},{"id":1704,"url":"https:\/\/www.stefaneguilbaud.com\/blog\/?p=1704","url_meta":{"origin":385,"position":2},"title":"20 novembre 2015","author":"SG","date":"20 novembre 2015","format":false,"excerpt":"Et bien voil\u00e0. Apr\u00e8s, un immense plaisir, mais avec beaucoup de travail, la sortie de mon 3e livre. \"Je ne mange pas de produits industriels\". \u00c9ditions Eyrolles 2015. I \u2022 LA DERNI\u00c8RE DE COUVERTURE : Vive la d\u00e9sob\u00e9issance alimentaire\u00a0! Notre alimentation a profond\u00e9ment chang\u00e9 en quelques d\u00e9cennies et les produits\u2026","rel":"","context":"Dans &quot;Actualit\u00e9s&quot;","block_context":{"text":"Actualit\u00e9s","link":"https:\/\/www.stefaneguilbaud.com\/blog\/?cat=8"},"img":{"alt_text":"","src":"https:\/\/i0.wp.com\/www.stefaneguilbaud.com\/blog\/wp-content\/uploads\/2015\/11\/blog.jpg?fit=800%2C435&ssl=1&resize=350%2C200","width":350,"height":200,"srcset":"https:\/\/i0.wp.com\/www.stefaneguilbaud.com\/blog\/wp-content\/uploads\/2015\/11\/blog.jpg?fit=800%2C435&ssl=1&resize=350%2C200 1x, https:\/\/i0.wp.com\/www.stefaneguilbaud.com\/blog\/wp-content\/uploads\/2015\/11\/blog.jpg?fit=800%2C435&ssl=1&resize=525%2C300 1.5x, https:\/\/i0.wp.com\/www.stefaneguilbaud.com\/blog\/wp-content\/uploads\/2015\/11\/blog.jpg?fit=800%2C435&ssl=1&resize=700%2C400 2x"},"classes":[]},{"id":891,"url":"https:\/\/www.stefaneguilbaud.com\/blog\/?p=891","url_meta":{"origin":385,"position":3},"title":"Une induction pour une d\u00e9duction.","author":"SG","date":"14 janvier 2014","format":false,"excerpt":"La \"cr\u00e9ativit\u00e9\", mise au service des inductions alimentaires, afin de nous influencer dans nos choix. Bons ou mauvais ? La culture graphique Avant toute chose, il est important de rappeler que lorsque l'on est directeur de cr\u00e9ation, au sein d'une agence de communication, on connait le besoin n\u00e9cessaire d'\u00e9ducation graphique\u2026","rel":"","context":"Dans &quot;Alimentation&quot;","block_context":{"text":"Alimentation","link":"https:\/\/www.stefaneguilbaud.com\/blog\/?cat=1"},"img":{"alt_text":"","src":"https:\/\/i0.wp.com\/www.stefaneguilbaud.com\/blog\/wp-content\/uploads\/2013\/12\/couple-etiquette.jpg?fit=800%2C435&ssl=1&resize=350%2C200","width":350,"height":200,"srcset":"https:\/\/i0.wp.com\/www.stefaneguilbaud.com\/blog\/wp-content\/uploads\/2013\/12\/couple-etiquette.jpg?fit=800%2C435&ssl=1&resize=350%2C200 1x, https:\/\/i0.wp.com\/www.stefaneguilbaud.com\/blog\/wp-content\/uploads\/2013\/12\/couple-etiquette.jpg?fit=800%2C435&ssl=1&resize=525%2C300 1.5x, https:\/\/i0.wp.com\/www.stefaneguilbaud.com\/blog\/wp-content\/uploads\/2013\/12\/couple-etiquette.jpg?fit=800%2C435&ssl=1&resize=700%2C400 2x"},"classes":[]},{"id":4314,"url":"https:\/\/www.stefaneguilbaud.com\/blog\/?p=4314","url_meta":{"origin":385,"position":4},"title":"Probiotiques vs Pr\u00e9biotiques ?","author":"SG","date":"13 f\u00e9vrier 2026","format":false,"excerpt":"\u00catre un aficionado des probiotiques, c'est bien. Comprendre la symbiose, c'est mieux. On parle souvent des \"bonnes bact\u00e9ries\", mais on oublie trop souvent le carburant qui leur permet de coloniser r\u00e9ellement notre intestin : les pr\u00e9biotiques. Ne faites plus l'erreur classique du d\u00e9butant. D\u00e9couvrez comment transformer votre syst\u00e8me digestif en\u2026","rel":"","context":"Dans &quot;Alimentation&quot;","block_context":{"text":"Alimentation","link":"https:\/\/www.stefaneguilbaud.com\/blog\/?cat=1"},"img":{"alt_text":"","src":"https:\/\/i0.wp.com\/www.stefaneguilbaud.com\/blog\/wp-content\/uploads\/2026\/02\/probiotiques.jpg?fit=800%2C435&ssl=1&resize=350%2C200","width":350,"height":200,"srcset":"https:\/\/i0.wp.com\/www.stefaneguilbaud.com\/blog\/wp-content\/uploads\/2026\/02\/probiotiques.jpg?fit=800%2C435&ssl=1&resize=350%2C200 1x, https:\/\/i0.wp.com\/www.stefaneguilbaud.com\/blog\/wp-content\/uploads\/2026\/02\/probiotiques.jpg?fit=800%2C435&ssl=1&resize=525%2C300 1.5x, https:\/\/i0.wp.com\/www.stefaneguilbaud.com\/blog\/wp-content\/uploads\/2026\/02\/probiotiques.jpg?fit=800%2C435&ssl=1&resize=700%2C400 2x"},"classes":[]},{"id":337,"url":"https:\/\/www.stefaneguilbaud.com\/blog\/?p=337","url_meta":{"origin":385,"position":5},"title":"Le gluten est-il \u00e0 la mode ?","author":"SG","date":"14 mars 2012","format":false,"excerpt":"Pour ceux qui ont assist\u00e9 aux deux conf\u00e9rences sur Aix-en-Provence sur le gluten , les propos de ce mois-ci leurs seront familiers. Une confirmation en quelque sorte. Pour les autres, le sujet est d'autant plus important qu'il semble \u00eatre \u00e0 la mode et que cela engendre imm\u00e9diatement beaucoup d'informations, contradictoires\u2026","rel":"","context":"Dans &quot;Alimentation&quot;","block_context":{"text":"Alimentation","link":"https:\/\/www.stefaneguilbaud.com\/blog\/?cat=1"},"img":{"alt_text":"","src":"https:\/\/i0.wp.com\/www.stefaneguilbaud.com\/blog\/wp-content\/uploads\/2013\/11\/gluten.jpg?fit=800%2C435&ssl=1&resize=350%2C200","width":350,"height":200,"srcset":"https:\/\/i0.wp.com\/www.stefaneguilbaud.com\/blog\/wp-content\/uploads\/2013\/11\/gluten.jpg?fit=800%2C435&ssl=1&resize=350%2C200 1x, https:\/\/i0.wp.com\/www.stefaneguilbaud.com\/blog\/wp-content\/uploads\/2013\/11\/gluten.jpg?fit=800%2C435&ssl=1&resize=525%2C300 1.5x, https:\/\/i0.wp.com\/www.stefaneguilbaud.com\/blog\/wp-content\/uploads\/2013\/11\/gluten.jpg?fit=800%2C435&ssl=1&resize=700%2C400 2x"},"classes":[]}],"jetpack_likes_enabled":true,"_links":{"self":[{"href":"https:\/\/www.stefaneguilbaud.com\/blog\/index.php?rest_route=\/wp\/v2\/posts\/385","targetHints":{"allow":["GET"]}}],"collection":[{"href":"https:\/\/www.stefaneguilbaud.com\/blog\/index.php?rest_route=\/wp\/v2\/posts"}],"about":[{"href":"https:\/\/www.stefaneguilbaud.com\/blog\/index.php?rest_route=\/wp\/v2\/types\/post"}],"author":[{"embeddable":true,"href":"https:\/\/www.stefaneguilbaud.com\/blog\/index.php?rest_route=\/wp\/v2\/users\/1"}],"replies":[{"embeddable":true,"href":"https:\/\/www.stefaneguilbaud.com\/blog\/index.php?rest_route=%2Fwp%2Fv2%2Fcomments&post=385"}],"version-history":[{"count":2,"href":"https:\/\/www.stefaneguilbaud.com\/blog\/index.php?rest_route=\/wp\/v2\/posts\/385\/revisions"}],"predecessor-version":[{"id":387,"href":"https:\/\/www.stefaneguilbaud.com\/blog\/index.php?rest_route=\/wp\/v2\/posts\/385\/revisions\/387"}],"wp:featuredmedia":[{"embeddable":true,"href":"https:\/\/www.stefaneguilbaud.com\/blog\/index.php?rest_route=\/wp\/v2\/media\/388"}],"wp:attachment":[{"href":"https:\/\/www.stefaneguilbaud.com\/blog\/index.php?rest_route=%2Fwp%2Fv2%2Fmedia&parent=385"}],"wp:term":[{"taxonomy":"category","embeddable":true,"href":"https:\/\/www.stefaneguilbaud.com\/blog\/index.php?rest_route=%2Fwp%2Fv2%2Fcategories&post=385"},{"taxonomy":"post_tag","embeddable":true,"href":"https:\/\/www.stefaneguilbaud.com\/blog\/index.php?rest_route=%2Fwp%2Fv2%2Ftags&post=385"}],"curies":[{"name":"wp","href":"https:\/\/api.w.org\/{rel}","templated":true}]}}