{"id":371,"date":"2010-04-18T12:30:32","date_gmt":"2010-04-18T11:30:32","guid":{"rendered":"http:\/\/www.stefaneguilbaud.com\/journal\/?p=371"},"modified":"2013-12-06T19:08:53","modified_gmt":"2013-12-06T18:08:53","slug":"lalimentation-vecteur-social","status":"publish","type":"post","link":"https:\/\/www.stefaneguilbaud.com\/blog\/?p=371","title":{"rendered":"L&rsquo;alimentation, vecteur social"},"content":{"rendered":"<p><a href=\"https:\/\/i0.wp.com\/www.stefaneguilbaud.com\/blog\/wp-content\/uploads\/2013\/11\/humanterre.jpg\"><img data-recalc-dims=\"1\" loading=\"lazy\" decoding=\"async\" class=\"size-full wp-image-283 alignleft\" alt=\"humanterre\" src=\"https:\/\/i0.wp.com\/www.stefaneguilbaud.com\/blog\/wp-content\/uploads\/2013\/11\/humanterre.jpg?resize=119%2C64\" width=\"119\" height=\"64\" \/><\/a>Chronique \u00e9crite pour<br \/>\u2022 N\u00b031 \/ Avril 2010<\/p>\n<p>&nbsp;<\/p>\n<p>Les psychologues, aid\u00e9s par la c\u00e9l\u00e8bre citation du gastronome Brillat-Savarin, s&rsquo;int\u00e9ressent au <br \/><strong>\u00ab\u00a0Dis-moi ce que tu manges, je te dirais ce que tu es\u00a0?\u00a0\u00bb.<\/strong><br \/>Les historiens sont plus sensibles au<br \/><strong>\u00ab\u00a0Dis-moi ce que tu as mang\u00e9 et je te dirais quand tu as v\u00e9cu\u00a0?\u00a0\u00bb.<\/strong><br \/>Les g\u00e9ographes se concentreront sur<br \/><strong>\u00ab\u00a0Dis-moi ce que tu manges et je te dirais d&rsquo;o\u00f9 tu viens\u00a0?\u00a0\u00bb.<\/strong><br \/>L&rsquo;alimentation est en effet un excellent vecteur social, ethnique, d\u00e9mographique et de sant\u00e9 publique et l&rsquo;on oublie trop souvent que notre alimentation est notre premi\u00e8re m\u00e9decine. Dans un syst\u00e8me o\u00f9 l&rsquo;on nomme notre couverture sociale, \u00ab\u00a0l&rsquo;assurance maladie \u201cet non \u2018l&rsquo;assurance sant\u00e9\u2019, il est plus que jamais n\u00e9cessaire de prendre du recul et de r\u00e9int\u00e9grer les bons r\u00e9flexes alimentaires. Pourquoi le faire\u00a0? Comment le faire\u00a0?<\/p>\n<p><strong>Pourquoi le faire\u00a0? :<\/strong><br \/>Nous avons un recul historique qui nous d\u00e9montre que seules les famines ont eu raison de notre alimentation par le pass\u00e9. Aujourd&rsquo;hui nous mourons de trop manger dans une logique du \u2018toujours plus\u2019. Il est illusoire de penser que notre agriculture traditionnelle ne pourrait pas nous nourrir. Les multinationales ne peuvent rien changer, leurs croyances sont calqu\u00e9es sur leurs objectifs de ventes et le milliard d&rsquo;\u00eatres humains qui souffrent de famines chroniques dans le monde appuie cette th\u00e9orie. Nous devons nous efforcer de comprendre que l&rsquo;alimentation est une \u00e9ducation pr\u00e9ventive et non curative et imposer cette culture dans des cours impos\u00e9s \u00e0 l&rsquo;\u00e9cole, \u00e0 c\u00f4t\u00e9 des cours d&rsquo;\u00e9ducation civique. Le meilleur moyen de lutter contre la malbouffe reste l&rsquo;information. Apprendre \u00e0 cuisiner, \u00e0 choisir de fa\u00e7on objective ses aliments devient une force, tellement impressionnante, qu&rsquo;aucun \u2018lobby\u2019 n&rsquo;en veut. Imaginez un enfant qui grandirait en s&rsquo;\u00e9pargnant des graisses satur\u00e9es, des sucres faciles et des calories vides. Un enfant qui aurait pris go\u00fbt \u00e0 ne choisir que des produits bruts frais ou surgel\u00e9s afin de cuisiner, rapidement une recette r\u00e9alis\u00e9e par un assemblage fin et \u00e9quilibr\u00e9. Un enfant qui n&rsquo;aurait jamais go\u00fbt\u00e9 \u00e0 un plat cuisin\u00e9 industriel, un g\u00e2teau transform\u00e9 par des additifs, un morceau de viande issu d&rsquo;une industrie opaque et secr\u00e8te, loin derri\u00e8re des murs beaucoup trop \u00e9pais.<\/p>\n<p><strong>Comment le faire\u00a0?<\/strong><br \/>Changer de comportement alimentaire. Il ne s&rsquo;agit pas de faire un r\u00e9gime. Il ne s&rsquo;agit pas de se pencher sur les nutriments qui nous poussent vers la logique du nutritionnisme. Cette logique du bien pensant dict\u00e9e par des \u2018sp\u00e9cialistes\u2019 m\u00e9decins, nutritionnistes ou publicitaires qui vous expliquent quoi manger et o\u00f9 le trouver pour votre sant\u00e9. Non, rien de tout cela. Il suffit de se rappeler ce que mangeaient nos arri\u00e8res grands-parents. Faites vos courses avec un a\u00efeul virtuel qui vous \u00e9loignerait des produits qu&rsquo;il ne connaissait pas de son temps et revenez \u00e0 des gestes simples et utiles \u00e0 retenir :<br \/>Des fruits et l\u00e9gumes \u00e0 chaque repas, peu de viande (\u00e0 raison de 300 gr par personne\/semaine) et exclusivement de la race \u00e0 viande biologique. Peu de sucre, pas de glucose fructose, pas d&rsquo;huile de palme ou huiles hydrog\u00e9n\u00e9es. Aucun aliment transform\u00e9 contenant des noms barbares et une nourriture qui ne fustige aucun aliment de la nature.<\/p>\n","protected":false},"excerpt":{"rendered":"<p>Chronique \u00e9crite pour\u2022 N\u00b031 \/ Avril 2010 &nbsp; Les psychologues, aid\u00e9s par la c\u00e9l\u00e8bre citation du gastronome Brillat-Savarin, s&rsquo;int\u00e9ressent au \u00ab\u00a0Dis-moi ce que tu manges, &hellip; <\/p>\n","protected":false},"author":1,"featured_media":173,"comment_status":"open","ping_status":"open","sticky":false,"template":"","format":"standard","meta":{"_exactmetrics_skip_tracking":false,"_exactmetrics_sitenote_active":false,"_exactmetrics_sitenote_note":"","_exactmetrics_sitenote_category":0,"jetpack_post_was_ever_published":false,"_jetpack_newsletter_access":"","_jetpack_dont_email_post_to_subs":false,"_jetpack_newsletter_tier_id":0,"_jetpack_memberships_contains_paywalled_content":false,"_jetpack_memberships_contains_paid_content":false,"footnotes":"","jetpack_publicize_message":"","jetpack_publicize_feature_enabled":true,"jetpack_social_post_already_shared":false,"jetpack_social_options":{"image_generator_settings":{"template":"highway","default_image_id":0,"font":"","enabled":false},"version":2}},"categories":[6],"tags":[],"class_list":["post-371","post","type-post","status-publish","format-standard","has-post-thumbnail","hentry","category-chroniques-parues"],"jetpack_publicize_connections":[],"jetpack_featured_media_url":"https:\/\/i0.wp.com\/www.stefaneguilbaud.com\/blog\/wp-content\/uploads\/2013\/11\/journaux.jpg?fit=800%2C435&ssl=1","jetpack_sharing_enabled":true,"jetpack_shortlink":"https:\/\/wp.me\/p8a0UX-5Z","jetpack-related-posts":[{"id":437,"url":"https:\/\/www.stefaneguilbaud.com\/blog\/?p=437","url_meta":{"origin":371,"position":0},"title":"Hara Hachi Bu","author":"SG","date":"27 janvier 2010","format":false,"excerpt":"Les japonais appliquent, pour la plupart, le Hara Hachi Bu. \u00c9trange pratique ou au contraire pratique tr\u00e8s intelligente qui devrait \u00eatre appliqu\u00e9e en Occident ? [source : http:\/\/www.trek-japon.com] Le secret de la long\u00e9vit\u00e9 japonaise fait p\u00e2lir de jalousie l'Occident et plus particuli\u00e8rement les \u00c9tats-Unis. Il est vrai en effet que\u2026","rel":"","context":"Dans &quot;Alimentation&quot;","block_context":{"text":"Alimentation","link":"https:\/\/www.stefaneguilbaud.com\/blog\/?cat=1"},"img":{"alt_text":"","src":"https:\/\/i0.wp.com\/www.stefaneguilbaud.com\/blog\/wp-content\/uploads\/2010\/02\/kanji.jpg?fit=800%2C435&ssl=1&resize=350%2C200","width":350,"height":200,"srcset":"https:\/\/i0.wp.com\/www.stefaneguilbaud.com\/blog\/wp-content\/uploads\/2010\/02\/kanji.jpg?fit=800%2C435&ssl=1&resize=350%2C200 1x, https:\/\/i0.wp.com\/www.stefaneguilbaud.com\/blog\/wp-content\/uploads\/2010\/02\/kanji.jpg?fit=800%2C435&ssl=1&resize=525%2C300 1.5x, https:\/\/i0.wp.com\/www.stefaneguilbaud.com\/blog\/wp-content\/uploads\/2010\/02\/kanji.jpg?fit=800%2C435&ssl=1&resize=700%2C400 2x"},"classes":[]},{"id":2209,"url":"https:\/\/www.stefaneguilbaud.com\/blog\/?p=2209","url_meta":{"origin":371,"position":1},"title":"Lionel veut maigrir\u2026 son aventure sur Facebook.","author":"SG","date":"7 octobre 2016","format":false,"excerpt":"Lionel 7 juillet 2016 Je m\u2019appelle Lionel, j\u2019ai toujours \u00e9t\u00e9 mince jusqu\u2019\u00e0 l\u2019\u00e2ge de 30 ans ! Puis les al\u00e9as de la vie ont eu raison de ma silhouette.\u00a0 Dans ces cas-l\u00e0, on tente un peu tout, la privation, le sport intense, mais au final rien n\u2019y fait, car c\u2019est\u2026","rel":"","context":"Dans &quot;Alimentation&quot;","block_context":{"text":"Alimentation","link":"https:\/\/www.stefaneguilbaud.com\/blog\/?cat=1"},"img":{"alt_text":"","src":"https:\/\/i0.wp.com\/www.stefaneguilbaud.com\/blog\/wp-content\/uploads\/2016\/10\/LOP_Une.png?fit=800%2C435&ssl=1&resize=350%2C200","width":350,"height":200,"srcset":"https:\/\/i0.wp.com\/www.stefaneguilbaud.com\/blog\/wp-content\/uploads\/2016\/10\/LOP_Une.png?fit=800%2C435&ssl=1&resize=350%2C200 1x, https:\/\/i0.wp.com\/www.stefaneguilbaud.com\/blog\/wp-content\/uploads\/2016\/10\/LOP_Une.png?fit=800%2C435&ssl=1&resize=525%2C300 1.5x, https:\/\/i0.wp.com\/www.stefaneguilbaud.com\/blog\/wp-content\/uploads\/2016\/10\/LOP_Une.png?fit=800%2C435&ssl=1&resize=700%2C400 2x"},"classes":[]},{"id":575,"url":"https:\/\/www.stefaneguilbaud.com\/blog\/?p=575","url_meta":{"origin":371,"position":2},"title":"La nutrition et la science","author":"SG","date":"6 mai 2009","format":false,"excerpt":"En mati\u00e8re de sant\u00e9. Trop de curatif nuit au pr\u00e9ventif, mais c'est tellement humain comme comportement. Il suffit de voir ce que l'on fait en mati\u00e8re d'\u00e9cologie. Ce n'est que devant le gouffre que nous r\u00e9agissons. Je peux lire sur des sites internet et \u00e0 la radio \"La nutrition, nouvel\u2026","rel":"","context":"Dans &quot;Alimentation&quot;","block_context":{"text":"Alimentation","link":"https:\/\/www.stefaneguilbaud.com\/blog\/?cat=1"},"img":{"alt_text":"","src":"https:\/\/i0.wp.com\/www.stefaneguilbaud.com\/blog\/wp-content\/uploads\/2009\/05\/health.jpg?fit=800%2C435&ssl=1&resize=350%2C200","width":350,"height":200,"srcset":"https:\/\/i0.wp.com\/www.stefaneguilbaud.com\/blog\/wp-content\/uploads\/2009\/05\/health.jpg?fit=800%2C435&ssl=1&resize=350%2C200 1x, https:\/\/i0.wp.com\/www.stefaneguilbaud.com\/blog\/wp-content\/uploads\/2009\/05\/health.jpg?fit=800%2C435&ssl=1&resize=525%2C300 1.5x, https:\/\/i0.wp.com\/www.stefaneguilbaud.com\/blog\/wp-content\/uploads\/2009\/05\/health.jpg?fit=800%2C435&ssl=1&resize=700%2C400 2x"},"classes":[]},{"id":98,"url":"https:\/\/www.stefaneguilbaud.com\/blog\/?p=98","url_meta":{"origin":371,"position":3},"title":"Syst\u00e8me exog\u00e8ne et environnement","author":"SG","date":"22 mars 2011","format":false,"excerpt":"Nous avons du mal \u00e0 accepter le simple fait que notre alimentation puisse avoir une influence sur notre sant\u00e9 et, comme si cela ne suffisait pas, d'autres facteurs viennent s'ajouter. Le fait que notre alimentation puisse avoir une influence sur notre sant\u00e9 est de plus en plus int\u00e9gr\u00e9 par des\u2026","rel":"","context":"Dans &quot;Alimentation&quot;","block_context":{"text":"Alimentation","link":"https:\/\/www.stefaneguilbaud.com\/blog\/?cat=1"},"img":{"alt_text":"","src":"https:\/\/i0.wp.com\/www.stefaneguilbaud.com\/blog\/wp-content\/uploads\/2011\/03\/environnement.jpg?fit=800%2C435&ssl=1&resize=350%2C200","width":350,"height":200,"srcset":"https:\/\/i0.wp.com\/www.stefaneguilbaud.com\/blog\/wp-content\/uploads\/2011\/03\/environnement.jpg?fit=800%2C435&ssl=1&resize=350%2C200 1x, https:\/\/i0.wp.com\/www.stefaneguilbaud.com\/blog\/wp-content\/uploads\/2011\/03\/environnement.jpg?fit=800%2C435&ssl=1&resize=525%2C300 1.5x, https:\/\/i0.wp.com\/www.stefaneguilbaud.com\/blog\/wp-content\/uploads\/2011\/03\/environnement.jpg?fit=800%2C435&ssl=1&resize=700%2C400 2x"},"classes":[]},{"id":4264,"url":"https:\/\/www.stefaneguilbaud.com\/blog\/?p=4264","url_meta":{"origin":371,"position":4},"title":"Alimentation actuelle\u2026\u00a0un danger ?","author":"SG","date":"12 septembre 2025","format":false,"excerpt":"La nuit des temps Manger est un acte \u00e0 la fois social et sensoriel, et la faim a d\u00e9clench\u00e9 des guerres et des r\u00e9volutions. Avec la ma\u00eetrise du feu, notre alimentation a profond\u00e9ment modifi\u00e9 notre physionomie. La m\u00e2choire et le cerveau ont \u00e9volu\u00e9, nous permettant de d\u00e9velopper la parole autour\u2026","rel":"","context":"Dans &quot;Alimentation&quot;","block_context":{"text":"Alimentation","link":"https:\/\/www.stefaneguilbaud.com\/blog\/?cat=1"},"img":{"alt_text":"","src":"https:\/\/i0.wp.com\/www.stefaneguilbaud.com\/blog\/wp-content\/uploads\/2025\/09\/MIAM.webp?fit=1000%2C543&ssl=1&resize=350%2C200","width":350,"height":200,"srcset":"https:\/\/i0.wp.com\/www.stefaneguilbaud.com\/blog\/wp-content\/uploads\/2025\/09\/MIAM.webp?fit=1000%2C543&ssl=1&resize=350%2C200 1x, https:\/\/i0.wp.com\/www.stefaneguilbaud.com\/blog\/wp-content\/uploads\/2025\/09\/MIAM.webp?fit=1000%2C543&ssl=1&resize=525%2C300 1.5x, https:\/\/i0.wp.com\/www.stefaneguilbaud.com\/blog\/wp-content\/uploads\/2025\/09\/MIAM.webp?fit=1000%2C543&ssl=1&resize=700%2C400 2x"},"classes":[]},{"id":189,"url":"https:\/\/www.stefaneguilbaud.com\/blog\/?p=189","url_meta":{"origin":371,"position":5},"title":"Changez de comportement !","author":"SG","date":"2 d\u00e9cembre 2010","format":false,"excerpt":"Plus que jamais, nous devons changer de comportements alimentaires. Arr\u00eater les r\u00e9gimes, arr\u00eater de nourrir les id\u00e9aux marketing, arr\u00eater de d\u00e9truire notre capital sant\u00e9. Faisons-le point, gr\u00e2ce \u00e0 un rapport diffus\u00e9 ce jour.G\u00e9n\u00e9ration future nous informe : \u00ab\u00a0Aujourd\u2019hui, un homme sur 2 et une femme sur 3 est ou sera\u2026","rel":"","context":"Dans &quot;Alimentation&quot;","block_context":{"text":"Alimentation","link":"https:\/\/www.stefaneguilbaud.com\/blog\/?cat=1"},"img":{"alt_text":"","src":"https:\/\/i0.wp.com\/www.stefaneguilbaud.com\/blog\/wp-content\/uploads\/2010\/12\/miam.jpg?fit=800%2C435&ssl=1&resize=350%2C200","width":350,"height":200,"srcset":"https:\/\/i0.wp.com\/www.stefaneguilbaud.com\/blog\/wp-content\/uploads\/2010\/12\/miam.jpg?fit=800%2C435&ssl=1&resize=350%2C200 1x, https:\/\/i0.wp.com\/www.stefaneguilbaud.com\/blog\/wp-content\/uploads\/2010\/12\/miam.jpg?fit=800%2C435&ssl=1&resize=525%2C300 1.5x, https:\/\/i0.wp.com\/www.stefaneguilbaud.com\/blog\/wp-content\/uploads\/2010\/12\/miam.jpg?fit=800%2C435&ssl=1&resize=700%2C400 2x"},"classes":[]}],"jetpack_likes_enabled":true,"_links":{"self":[{"href":"https:\/\/www.stefaneguilbaud.com\/blog\/index.php?rest_route=\/wp\/v2\/posts\/371","targetHints":{"allow":["GET"]}}],"collection":[{"href":"https:\/\/www.stefaneguilbaud.com\/blog\/index.php?rest_route=\/wp\/v2\/posts"}],"about":[{"href":"https:\/\/www.stefaneguilbaud.com\/blog\/index.php?rest_route=\/wp\/v2\/types\/post"}],"author":[{"embeddable":true,"href":"https:\/\/www.stefaneguilbaud.com\/blog\/index.php?rest_route=\/wp\/v2\/users\/1"}],"replies":[{"embeddable":true,"href":"https:\/\/www.stefaneguilbaud.com\/blog\/index.php?rest_route=%2Fwp%2Fv2%2Fcomments&post=371"}],"version-history":[{"count":2,"href":"https:\/\/www.stefaneguilbaud.com\/blog\/index.php?rest_route=\/wp\/v2\/posts\/371\/revisions"}],"predecessor-version":[{"id":736,"href":"https:\/\/www.stefaneguilbaud.com\/blog\/index.php?rest_route=\/wp\/v2\/posts\/371\/revisions\/736"}],"wp:featuredmedia":[{"embeddable":true,"href":"https:\/\/www.stefaneguilbaud.com\/blog\/index.php?rest_route=\/wp\/v2\/media\/173"}],"wp:attachment":[{"href":"https:\/\/www.stefaneguilbaud.com\/blog\/index.php?rest_route=%2Fwp%2Fv2%2Fmedia&parent=371"}],"wp:term":[{"taxonomy":"category","embeddable":true,"href":"https:\/\/www.stefaneguilbaud.com\/blog\/index.php?rest_route=%2Fwp%2Fv2%2Fcategories&post=371"},{"taxonomy":"post_tag","embeddable":true,"href":"https:\/\/www.stefaneguilbaud.com\/blog\/index.php?rest_route=%2Fwp%2Fv2%2Ftags&post=371"}],"curies":[{"name":"wp","href":"https:\/\/api.w.org\/{rel}","templated":true}]}}