{"id":362,"date":"2010-04-20T10:35:45","date_gmt":"2010-04-20T09:35:45","guid":{"rendered":"http:\/\/www.stefaneguilbaud.com\/journal\/?p=362"},"modified":"2013-12-05T15:53:29","modified_gmt":"2013-12-05T14:53:29","slug":"le-livre-noir-des-allegations-sante","status":"publish","type":"post","link":"https:\/\/www.stefaneguilbaud.com\/blog\/?p=362","title":{"rendered":"Le livre noir des all\u00e9gations sant\u00e9"},"content":{"rendered":"<p>Le r\u00e8glement europ\u00e9en sur les all\u00e9gations \u00ab\u00a0nutrition sant\u00e9\u00a0\u00bb permettra-il d&rsquo;y voir plus clair sur nos \u00e9tiquettes ? En tout cas \u00ab\u00a0&#8230; le marketing agroalimentaire est aujourd&rsquo;hui sur la sellette\u00a0\u00bb se f\u00e9licite l&rsquo;association CLCV.<\/p>\n<div>\n<p align=\"justify\">La <a href=\"http:\/\/www.clcv.org\/\" target=\"_blank\" hreflang=\"fr\">CLCV<\/a> nous informe que depuis cette mise \u00e0 plat des preuves n\u00e9cessaires \u00e0 l&rsquo;affichage d&rsquo;une all\u00e9gation sant\u00e9 : \u00ab\u00a0Danone en a fait les frais, d\u00e9cidant de retirer ses dossiers d\u00e9pos\u00e9s devant l\u2019Agence europ\u00e9enne de S\u00e9curit\u00e9 alimentaire (EFSA) pour faire \u00e9valuer les bienfaits suppos\u00e9s de deux produits laitiers\u00a0: Actimel\u00ae et Activia\u00ae.\u00a0\u00bb<\/p>\n<p align=\"justify\">Le vent souffle sur les rayons de nos commerces et de nos \u00e9crans TV europ\u00e9ens. L&rsquo;EFSA a d\u00e9marr\u00e9 un chantier pharaonique, qui va durer jusqu&rsquo;en 2011, et s&rsquo;est donn\u00e9 pour mission d&rsquo;\u00e9valuer la cr\u00e9dibilit\u00e9 scientifique de plus de <strong>4 000 all\u00e9gations \u00ab\u00a0sant\u00e9\u00a0\u00bb<\/strong>. \u00c0 ce jour, plus de 900 ont d\u00e9j\u00e0 \u00e9t\u00e9 rendus.<\/p>\n<p align=\"justify\">Cela ne faisait plus de doutes, les rumeurs populaires et le Bureau europ\u00e9en des Unions de Consommateurs (BEUC), trouvaient ces informations parfois un peu trop fantaisistes.<br \/>Fabiola Flex, dans son livre \u00ab\u00a0N&rsquo;avalons pas n&rsquo;importe quoi\u00a0\u00bb avait d\u00e9j\u00e0 soulign\u00e9 que les fabricants n&rsquo;h\u00e9sitaient pas \u00e0 nous faire passer des vessies pour des lanternes, avec des messages farfelus, tout en nous expliquant que les consommateurs savaient \u00ab\u00a0d\u00e9crypter\u00a0\u00bb les messages. On croit r\u00eaver ?<\/p>\n<p>Le CLCV insiste : \u00ab\u00a0<em>Les premiers r\u00e9sultats sont sans appel\u00a0: 75\u00a0% des all\u00e9gations sont injustifi\u00e9es<\/em> [\u2026] <em>En ce qui concerne les promesses audacieuses, relatives \u00e0 la sant\u00e9 des enfants ou la pr\u00e9vention des maladies, ce sont m\u00eame 80\u00a0% d\u2019entre elles qui ont pour l\u2019instant \u00e9t\u00e9 retoqu\u00e9es\u00a0!<\/em>\u00a0\u00bb<\/p>\n<p align=\"justify\">Maintenant que les d\u00e9marches sont lanc\u00e9es, il faudrait au fur et \u00e0 mesure de la publication des avis de l\u2019EFSA que \u00ab\u00a0<em>les all\u00e9gations injustifi\u00e9es (soient) retir\u00e9es du march\u00e9 dans les meilleurs d\u00e9lais<\/em>\u00a0\u00bb. Destinationsante.com nous explique que le CLCV \u00ab\u00a0s\u2019inqui\u00e8te surtout du lobbying intense de l\u2019industrie agroalimentaire. Une pression de tous les instants sur les d\u00e9put\u00e9s europ\u00e9ens risque de mettre \u00e0 mal le travail de l\u2019Agence. \u00ab\u00a0<em>Une commission de parlementaires europ\u00e9ens a tout bonnement propos\u00e9 de supprimer les profils nutritionnels<\/em>\u00a0\u00bb. Or ce dispositif permet pr\u00e9cis\u00e9ment d\u2019\u00e9viter que les produits notoirement d\u00e9s\u00e9quilibr\u00e9s puissent recourir \u00e0 des all\u00e9gations sant\u00e9. C\u2019est ainsi que des barres chocolat\u00e9es peuvent \u00eatre pr\u00e9sent\u00e9es comme \u00ab\u00a0riches en calcium\u00a0\u00bb &#8211; parce qu\u2019il s\u2019agit de chocolat au lait \u2013 alors qu\u2019elles apportent essentiellement des lipides et des glucides fauteurs d\u2019ob\u00e9sit\u00e9 infantile\u2026\u00a0\u00bb<\/p>\n<p>Mais au fait qu&rsquo;est-ce qu&rsquo;une all\u00e9gation sant\u00e9\u00a0?<\/p>\n<div><a href=\"http:\/\/www.stefaneguilbaud.com\/blog\/wp-content\/uploads\/2010\/04\/2006-00174-01-F.pdf\" target=\"_blank\">Consultez ce livre noir, au format PDF.<\/a><\/p>\n<p><span style=\"font-size: xx-small;\">[ Source : CLCV &amp; Destination Sant\u00e9 ]<\/span><\/p>\n<\/div>\n<\/div>\n","protected":false},"excerpt":{"rendered":"<p>Le r\u00e8glement europ\u00e9en sur les all\u00e9gations \u00ab\u00a0nutrition sant\u00e9\u00a0\u00bb permettra-il d&rsquo;y voir plus clair sur nos \u00e9tiquettes ? En tout cas \u00ab\u00a0&#8230; le marketing agroalimentaire est &hellip; <\/p>\n","protected":false},"author":1,"featured_media":369,"comment_status":"open","ping_status":"open","sticky":false,"template":"","format":"standard","meta":{"_exactmetrics_skip_tracking":false,"_exactmetrics_sitenote_active":false,"_exactmetrics_sitenote_note":"","_exactmetrics_sitenote_category":0,"jetpack_post_was_ever_published":false,"_jetpack_newsletter_access":"","_jetpack_dont_email_post_to_subs":false,"_jetpack_newsletter_tier_id":0,"_jetpack_memberships_contains_paywalled_content":false,"_jetpack_memberships_contains_paid_content":false,"footnotes":"","jetpack_publicize_message":"","jetpack_publicize_feature_enabled":true,"jetpack_social_post_already_shared":false,"jetpack_social_options":{"image_generator_settings":{"template":"highway","default_image_id":0,"font":"","enabled":false},"version":2}},"categories":[1],"tags":[],"class_list":["post-362","post","type-post","status-publish","format-standard","has-post-thumbnail","hentry","category-alimentation"],"jetpack_publicize_connections":[],"jetpack_featured_media_url":"https:\/\/i0.wp.com\/www.stefaneguilbaud.com\/blog\/wp-content\/uploads\/2010\/04\/allegations.jpg?fit=800%2C435&ssl=1","jetpack_sharing_enabled":true,"jetpack_shortlink":"https:\/\/wp.me\/p8a0UX-5Q","jetpack-related-posts":[{"id":167,"url":"https:\/\/www.stefaneguilbaud.com\/blog\/?p=167","url_meta":{"origin":362,"position":0},"title":"40 propositions pour un 3e Programme National Nutrition Sant\u00e9","author":"SG","date":"15 d\u00e9cembre 2010","format":false,"excerpt":"Il aura fallu six mois \u00e0 pas moins de 31 instances, li\u00e9es \u00e0 la nutrition ou \u00e0 la sant\u00e9, pour enfin proposer dans le cadre du Programme National Nutrition Sant\u00e9 (PNNS) des prochaines ann\u00e9es une liste de 40 propositions fa\u00eetes pour construire un avenir serein \u00e0 nos enfants, le tout\u2026","rel":"","context":"Dans &quot;Alimentation&quot;","block_context":{"text":"Alimentation","link":"https:\/\/www.stefaneguilbaud.com\/blog\/?cat=1"},"img":{"alt_text":"","src":"https:\/\/i0.wp.com\/www.stefaneguilbaud.com\/blog\/wp-content\/uploads\/2013\/11\/pnns3.jpg?fit=800%2C435&ssl=1&resize=350%2C200","width":350,"height":200,"srcset":"https:\/\/i0.wp.com\/www.stefaneguilbaud.com\/blog\/wp-content\/uploads\/2013\/11\/pnns3.jpg?fit=800%2C435&ssl=1&resize=350%2C200 1x, https:\/\/i0.wp.com\/www.stefaneguilbaud.com\/blog\/wp-content\/uploads\/2013\/11\/pnns3.jpg?fit=800%2C435&ssl=1&resize=525%2C300 1.5x, https:\/\/i0.wp.com\/www.stefaneguilbaud.com\/blog\/wp-content\/uploads\/2013\/11\/pnns3.jpg?fit=800%2C435&ssl=1&resize=700%2C400 2x"},"classes":[]},{"id":464,"url":"https:\/\/www.stefaneguilbaud.com\/blog\/?p=464","url_meta":{"origin":362,"position":1},"title":"Fusion symbolique de nos institutions sanitaires","author":"SG","date":"9 janvier 2010","format":false,"excerpt":"Vous connaissiez l\u2019Afssa et l\u2019Afsset ? Elles vont fusionner ! Afssa\u00a0: L'afssa est un \u00e9tablissement public, ind\u00e9pendant, de veille, d'alerte, d'expertise, de recherche et d'impulsion de la recherche qui contribue \u00e0 la protection et \u00e0 l'am\u00e9lioration de la sant\u00e9 publique, de la sant\u00e9 et du bien-\u00eatre des animaux, de la\u2026","rel":"","context":"Dans &quot;Actualit\u00e9s&quot;","block_context":{"text":"Actualit\u00e9s","link":"https:\/\/www.stefaneguilbaud.com\/blog\/?cat=8"},"img":{"alt_text":"","src":"https:\/\/i0.wp.com\/www.stefaneguilbaud.com\/blog\/wp-content\/uploads\/2010\/01\/marianne.jpg?fit=800%2C435&ssl=1&resize=350%2C200","width":350,"height":200,"srcset":"https:\/\/i0.wp.com\/www.stefaneguilbaud.com\/blog\/wp-content\/uploads\/2010\/01\/marianne.jpg?fit=800%2C435&ssl=1&resize=350%2C200 1x, https:\/\/i0.wp.com\/www.stefaneguilbaud.com\/blog\/wp-content\/uploads\/2010\/01\/marianne.jpg?fit=800%2C435&ssl=1&resize=525%2C300 1.5x, https:\/\/i0.wp.com\/www.stefaneguilbaud.com\/blog\/wp-content\/uploads\/2010\/01\/marianne.jpg?fit=800%2C435&ssl=1&resize=700%2C400 2x"},"classes":[]},{"id":3526,"url":"https:\/\/www.stefaneguilbaud.com\/blog\/?p=3526","url_meta":{"origin":362,"position":2},"title":"Je ne sais plus quoi manger pour \u00eatre en bonne sant\u00e9 ?","author":"SG","date":"17 avril 2021","format":false,"excerpt":"Dans le \"Journal Des Bonnes Nouvelles\", chaque mois, je r\u00e9pond \u00e0 une question pos\u00e9e par les lecteurs, voici celle de Avril 2021. [Sommaire des articles parus]. Question : Je suis en flip total, je ne sais plus quoi manger pour \u00eatre en bonne sant\u00e9 ! Des solutions ? Une id\u00e9e\u2026","rel":"","context":"Dans &quot;Alimentation&quot;","block_context":{"text":"Alimentation","link":"https:\/\/www.stefaneguilbaud.com\/blog\/?cat=1"},"img":{"alt_text":"","src":"https:\/\/i0.wp.com\/www.stefaneguilbaud.com\/blog\/wp-content\/uploads\/2021\/08\/jdbnsucre.jpg?fit=800%2C435&ssl=1&resize=350%2C200","width":350,"height":200,"srcset":"https:\/\/i0.wp.com\/www.stefaneguilbaud.com\/blog\/wp-content\/uploads\/2021\/08\/jdbnsucre.jpg?fit=800%2C435&ssl=1&resize=350%2C200 1x, https:\/\/i0.wp.com\/www.stefaneguilbaud.com\/blog\/wp-content\/uploads\/2021\/08\/jdbnsucre.jpg?fit=800%2C435&ssl=1&resize=525%2C300 1.5x, https:\/\/i0.wp.com\/www.stefaneguilbaud.com\/blog\/wp-content\/uploads\/2021\/08\/jdbnsucre.jpg?fit=800%2C435&ssl=1&resize=700%2C400 2x"},"classes":[]},{"id":1353,"url":"https:\/\/www.stefaneguilbaud.com\/blog\/?p=1353","url_meta":{"origin":362,"position":3},"title":"L\u2019esp\u00e9rance de vie ou la rupture d\u2019un contrat avec le progr\u00e8s\u2009?","author":"SG","date":"7 mai 2015","format":false,"excerpt":"Nous vivons de plus en plus vieux. Mythe ou r\u00e9alit\u00e9\u2009? Je n\u2019ai pu \u00e9chapper \u00e0 cette phrase lors de mes formations ou conf\u00e9rences. Se rassurer sur le fait que nous vivons plus longtemps qu\u2019il y a 200 ans peut procurer une sorte de sensation de pl\u00e9nitude. Une forme de pouvoir\u2026","rel":"","context":"Dans &quot;Alimentation&quot;","block_context":{"text":"Alimentation","link":"https:\/\/www.stefaneguilbaud.com\/blog\/?cat=1"},"img":{"alt_text":"","src":"https:\/\/i0.wp.com\/www.stefaneguilbaud.com\/blog\/wp-content\/uploads\/2015\/05\/babyboomer.jpg?fit=800%2C435&ssl=1&resize=350%2C200","width":350,"height":200,"srcset":"https:\/\/i0.wp.com\/www.stefaneguilbaud.com\/blog\/wp-content\/uploads\/2015\/05\/babyboomer.jpg?fit=800%2C435&ssl=1&resize=350%2C200 1x, https:\/\/i0.wp.com\/www.stefaneguilbaud.com\/blog\/wp-content\/uploads\/2015\/05\/babyboomer.jpg?fit=800%2C435&ssl=1&resize=525%2C300 1.5x, https:\/\/i0.wp.com\/www.stefaneguilbaud.com\/blog\/wp-content\/uploads\/2015\/05\/babyboomer.jpg?fit=800%2C435&ssl=1&resize=700%2C400 2x"},"classes":[]},{"id":3643,"url":"https:\/\/www.stefaneguilbaud.com\/blog\/?p=3643","url_meta":{"origin":362,"position":4},"title":"Vivons-nous de plus en plus longtemps ?","author":"SG","date":"24 f\u00e9vrier 2022","format":false,"excerpt":"Dans le \"Journal Des Bonnes Nouvelles\", chaque mois, je r\u00e9pond \u00e0 une question pos\u00e9e par les lecteurs, voici celle de Janvier-F\u00e9vrier 2021. [Sommaire des articles parus]. Question : On entend que gr\u00e2ce \u00e0 l'alimentation et le confort moderne, on vit de plus en plus longtemps ? Qu'en pensez-vous ? Caroline.\u2026","rel":"","context":"Dans &quot;Alimentation&quot;","block_context":{"text":"Alimentation","link":"https:\/\/www.stefaneguilbaud.com\/blog\/?cat=1"},"img":{"alt_text":"","src":"https:\/\/i0.wp.com\/www.stefaneguilbaud.com\/blog\/wp-content\/uploads\/2022\/01\/longevite.jpg?fit=800%2C435&ssl=1&resize=350%2C200","width":350,"height":200,"srcset":"https:\/\/i0.wp.com\/www.stefaneguilbaud.com\/blog\/wp-content\/uploads\/2022\/01\/longevite.jpg?fit=800%2C435&ssl=1&resize=350%2C200 1x, https:\/\/i0.wp.com\/www.stefaneguilbaud.com\/blog\/wp-content\/uploads\/2022\/01\/longevite.jpg?fit=800%2C435&ssl=1&resize=525%2C300 1.5x, https:\/\/i0.wp.com\/www.stefaneguilbaud.com\/blog\/wp-content\/uploads\/2022\/01\/longevite.jpg?fit=800%2C435&ssl=1&resize=700%2C400 2x"},"classes":[]},{"id":759,"url":"https:\/\/www.stefaneguilbaud.com\/blog\/?p=759","url_meta":{"origin":362,"position":5},"title":"Les centenaires Abkhazes","author":"SG","date":"10 d\u00e9cembre 2013","format":false,"excerpt":"Long\u00e9vit\u00e9 \u2260 Sant\u00e9. Depuis plus de dix ans, je suis g\u00ean\u00e9 par les statistiques qui nous rassurent sur le fait que nous vivons de plus en plus vieux. Ils sont fiers de nous indiquer que les hommes qui naissent aujourd'hui ont une esp\u00e9rance de vie moyenne de 78,2\u00a0ann\u00e9es et les\u2026","rel":"","context":"Dans &quot;Dossiers&quot;","block_context":{"text":"Dossiers","link":"https:\/\/www.stefaneguilbaud.com\/blog\/?cat=9"},"img":{"alt_text":"","src":"https:\/\/i0.wp.com\/www.stefaneguilbaud.com\/blog\/wp-content\/uploads\/2013\/12\/abkaz.jpg?fit=800%2C435&ssl=1&resize=350%2C200","width":350,"height":200,"srcset":"https:\/\/i0.wp.com\/www.stefaneguilbaud.com\/blog\/wp-content\/uploads\/2013\/12\/abkaz.jpg?fit=800%2C435&ssl=1&resize=350%2C200 1x, https:\/\/i0.wp.com\/www.stefaneguilbaud.com\/blog\/wp-content\/uploads\/2013\/12\/abkaz.jpg?fit=800%2C435&ssl=1&resize=525%2C300 1.5x, https:\/\/i0.wp.com\/www.stefaneguilbaud.com\/blog\/wp-content\/uploads\/2013\/12\/abkaz.jpg?fit=800%2C435&ssl=1&resize=700%2C400 2x"},"classes":[]}],"jetpack_likes_enabled":true,"_links":{"self":[{"href":"https:\/\/www.stefaneguilbaud.com\/blog\/index.php?rest_route=\/wp\/v2\/posts\/362","targetHints":{"allow":["GET"]}}],"collection":[{"href":"https:\/\/www.stefaneguilbaud.com\/blog\/index.php?rest_route=\/wp\/v2\/posts"}],"about":[{"href":"https:\/\/www.stefaneguilbaud.com\/blog\/index.php?rest_route=\/wp\/v2\/types\/post"}],"author":[{"embeddable":true,"href":"https:\/\/www.stefaneguilbaud.com\/blog\/index.php?rest_route=\/wp\/v2\/users\/1"}],"replies":[{"embeddable":true,"href":"https:\/\/www.stefaneguilbaud.com\/blog\/index.php?rest_route=%2Fwp%2Fv2%2Fcomments&post=362"}],"version-history":[{"count":6,"href":"https:\/\/www.stefaneguilbaud.com\/blog\/index.php?rest_route=\/wp\/v2\/posts\/362\/revisions"}],"predecessor-version":[{"id":642,"href":"https:\/\/www.stefaneguilbaud.com\/blog\/index.php?rest_route=\/wp\/v2\/posts\/362\/revisions\/642"}],"wp:featuredmedia":[{"embeddable":true,"href":"https:\/\/www.stefaneguilbaud.com\/blog\/index.php?rest_route=\/wp\/v2\/media\/369"}],"wp:attachment":[{"href":"https:\/\/www.stefaneguilbaud.com\/blog\/index.php?rest_route=%2Fwp%2Fv2%2Fmedia&parent=362"}],"wp:term":[{"taxonomy":"category","embeddable":true,"href":"https:\/\/www.stefaneguilbaud.com\/blog\/index.php?rest_route=%2Fwp%2Fv2%2Fcategories&post=362"},{"taxonomy":"post_tag","embeddable":true,"href":"https:\/\/www.stefaneguilbaud.com\/blog\/index.php?rest_route=%2Fwp%2Fv2%2Ftags&post=362"}],"curies":[{"name":"wp","href":"https:\/\/api.w.org\/{rel}","templated":true}]}}