{"id":3497,"date":"2021-06-29T12:59:44","date_gmt":"2021-06-29T11:59:44","guid":{"rendered":"https:\/\/www.stefaneguilbaud.com\/blog\/?p=3497"},"modified":"2022-08-24T18:17:27","modified_gmt":"2022-08-24T17:17:27","slug":"sesame-revele-toi","status":"publish","type":"post","link":"https:\/\/www.stefaneguilbaud.com\/blog\/?p=3497","title":{"rendered":"S\u00e9same\u2026 r\u00e9v\u00e8le-toi !"},"content":{"rendered":"<p><span style=\"font-family: -apple-system, BlinkMacSystemFont, 'Segoe UI', Roboto, Oxygen-Sans, Ubuntu, Cantarell, 'Helvetica Neue', sans-serif;\" data-offset-key=\"csaqn-0-0\">La d\u00e9sob\u00e9issance alimentaire doit \u00eatre plus que jamais pr\u00e9sente sur la sc\u00e8ne <\/span><span style=\"font-family: -apple-system, BlinkMacSystemFont, 'Segoe UI', Roboto, Oxygen-Sans, Ubuntu, Cantarell, 'Helvetica Neue', sans-serif;\" data-offset-key=\"csaqn-1-0\">politique !<\/span><\/p>\n<blockquote>\n<div>CET ARTICLE VA \u00caTRE R\u00c9GULI\u00c8REMENT MIS \u00c0 JOUR EN FONCTION DE L\u2019ACTUALIT\u00c9<\/div>\n<\/blockquote>\n<div>Nos combats pour une meilleure transparence des usages agroalimentaires prennent cette semaine un sens inhabituel. De nombreux consommateurs n\u2019arrivent toujours pas \u00e0 imaginer que l\u2019on puisse tricher et \u00ab\u2009frelater\u2009\u00bb presque l\u2019ensemble de notre alimentation.<\/div>\n<div>Bien que nous ne soyons plus au XIXe\u00a0si\u00e8cle <em>[voir un excellent <a href=\"https:\/\/www.arte.tv\/fr\/videos\/098844-000-A\/la-brigade-des-empoisonnes-volontaires\/\">documentaire ici<\/a> jusqu\u2019au 22 juillet 2021]<\/em>, l\u2019alimentation et les profits continuent \u00e0 engendrer des convoitises. Nos l\u00e9gislations sont locales, disparates, contournables et trop peu contr\u00f4l\u00e9es. Elles n&rsquo;arrivent plus \u00e0 s&rsquo;adapter \u00e0 la mondialisation, certes, mais elles sont de surcro\u00eet na\u00efves face \u00e0 des r\u00e9seaux qui trichent sans vergogne et sans remords.<\/div>\n<div><\/div>\n<div><strong>Premi\u00e8rement,<\/strong> l\u2019oxyde d\u2019\u00e9thyl\u00e8ne, qui sert \u00e0 d\u00e9sinfecter les produits, est interdit en Europe depuis 2011, car class\u00e9 comme canc\u00e9rog\u00e8ne. Mais l\u2019importation d&rsquo;aliments en contenant n\u2019est pas assez contr\u00f4l\u00e9e.<\/div>\n<div><\/div>\n<div><strong>Deuxi\u00e8mement,<\/strong> l\u2019autor\u00e9gulation des industriels est une pratique qui ne doit plus exister sous aucune forme que cela soit. Pire encore, \u00e0 force de donner la part belle \u00e0 l&rsquo;autor\u00e9gulation, on a vu germer l\u2019id\u00e9e que toute l\u00e9gislation \u00e9tait un frein au commerce. Les multinationales n\u2019h\u00e9sitent plus \u00e0 saisir le tribunal \u00e0 la moindre contrari\u00e9t\u00e9. Yuka en a fait les frais<em> [<a href=\"https:\/\/www.lemonde.fr\/planete\/article\/2021\/06\/03\/additifs-nitrites-l-application-yuka-condamnee-en-premiere-instance-face-a-la-federation-des-charcutiers_6082587_3244.html\">Lire ici<\/a>]<\/em><\/div>\n<div><\/div>\n<div><strong>Troisi\u00e8mement,<\/strong> dans le cas de l\u2019oxyde d\u2019\u00e9thyl\u00e8ne, vous ne pouvez pas imaginer \u00e0 quel niveau d\u2019aberration nous sommes arriv\u00e9s. En effet, de nombreuses fili\u00e8res et lobbies ont eux-m\u00eames tir\u00e9 la sonnette d\u2019alarme plusieurs fois. Tout semble aujourd\u2019hui contamin\u00e9. Le s\u00e9same est la partie visible de l\u2019iceberg, mais les \u00e9pices, biscuits, fromages, bo\u00eetes de thon, glaces, sucres\u2026 sont tout autant impact\u00e9s (Selon la DGCCRF, \u00e0 ce jour, 7000 produits dont 60 glaces contenant du <em>s\u00e9same<\/em> contamin\u00e9 rappel\u00e9s : <a href=\"https:\/\/www.economie.gouv.fr\/dgccrf\/sesame-psyllium-epices-et-autres-produits-rappeles-comprenant-ces-ingredients\" target=\"_blank\" rel=\"noopener noreferrer\">liste \u00e0 jour ici<\/a>).<\/div>\n<div><a href=\"https:\/\/fr.wikipedia.org\/wiki\/Bruno_Le_Maire\">Bruno Lemaire<\/a> a \u00e9t\u00e9 alert\u00e9 tr\u00e8s t\u00f4t par une majorit\u00e9 d\u2019industriels vertueux\u2026 sans r\u00e9ponse \u00e0 ce jour. Au-del\u00e0 de la concurrence d\u00e9loyale qu\u2019entretient l\u2019Europe, nous sommes face \u00e0 une crise sanitaire grave, dangereuse, bas\u00e9e sur l\u2019utilisation d\u2019un produit dangereux sans valeurs limites.<\/div>\n<div><\/div>\n<div><strong>Pour rappel,\u00a0<\/strong>l\u2019oxyde d\u2019\u00e9thyl\u00e8ne est synth\u00e9tis\u00e9 pour la premi\u00e8re fois par Charles Adolphe Wurtz en 1859. Plus tard, durant la Premi\u00e8re Guerre mondiale, il sert \u00e0 fabriquer une arme chimique : le gaz moutarde ou Yp\u00e9rite.<br \/>\nL\u2019oxyde d\u2019\u00e9thyl\u00e8ne gazeux est utilis\u00e9 comme bact\u00e9ricide. C&rsquo;est un agent alkylant ; il a des effets irritants, sensibilisants et narcotiques. L\u2019exposition chronique \u00e0 l\u2019oxyde d\u2019\u00e9thyl\u00e8ne est \u00e9galement mutag\u00e8ne. Le Centre international de recherche sur le cancer classe l\u2019oxyde d\u2019\u00e9thyl\u00e8ne dans le groupe 1, ce qui signifie qu\u2019il est un canc\u00e9rig\u00e8ne prouv\u00e9.<\/div>\n<div>Selon France Info, dans le cadre de ce vaste rappel, <em>\u00ab\u00a0c<\/em><em>ertains lots de s\u00e9same pr\u00e9sentent des teneurs en oxyde d&rsquo;\u00e9thyl\u00e8ne allant jusqu&rsquo;\u00e0 186\u00a0mg\/kg, une valeur 3\u00a0500\u00a0fois plus \u00e9lev\u00e9e que la limite maximale de r\u00e9sidus\u00a0\u00bb,\u00a0<\/em>s&rsquo;inqui\u00e8te\u00a0<a class=\"ftvi-click--binded\" href=\"https:\/\/www.60millions-mag.com\/2020\/11\/07\/un-pesticide-cancerogene-dans-des-graines-de-sesame-17849\" target=\"_blank\" rel=\"noopener noreferrer\" data-click-value=\"content::link-in-content::article::https:\/\/www.60millions-mag.com\/2020\/11\/07\/un-pesticide-cancerogene-dans-des-graines-de-sesame-17849\">60\u00a0millions de consommateurs<\/a>.<br \/>\n<span style=\"font-family: -apple-system, BlinkMacSystemFont, 'Segoe UI', Roboto, Oxygen-Sans, Ubuntu, Cantarell, 'Helvetica Neue', sans-serif;\">En f\u00e9vrier, le\u00a0S\u00e9nat, dans son\u00a0<\/span><a class=\"ftvi-click--binded\" style=\"font-family: -apple-system, BlinkMacSystemFont, 'Segoe UI', Roboto, Oxygen-Sans, Ubuntu, Cantarell, 'Helvetica Neue', sans-serif;\" href=\"http:\/\/www.senat.fr\/rap\/r20-368\/r20-368_mono.html\" target=\"_blank\" rel=\"noopener noreferrer\" data-click-value=\"content::link-in-content::article::http:\/\/www.senat.fr\/rap\/r20-368\/r20-368_mono.html\">rapport d&rsquo;information<\/a><span style=\"font-family: -apple-system, BlinkMacSystemFont, 'Segoe UI', Roboto, Oxygen-Sans, Ubuntu, Cantarell, 'Helvetica Neue', sans-serif;\">\u00a0sur les retraits et les rappels de produits \u00e0 base de graines de s\u00e9same import\u00e9es d&rsquo;Inde,\u00a0faisait \u00e9tat de\u00a0<\/span><em style=\"font-family: -apple-system, BlinkMacSystemFont, 'Segoe UI', Roboto, Oxygen-Sans, Ubuntu, Cantarell, 'Helvetica Neue', sans-serif;\">\u00ab\u00a0pr\u00e9l\u00e8vements constatant des r\u00e9sidus \u00e0 50\u00a0mg\/kg, soit pr\u00e8s de\u00a01\u00a0000\u00a0fois plus que la LMR autoris\u00e9e et 5\u00a0000\u00a0fois plus que la LMR maximale pour les produits issus de l&rsquo;agriculture biologique\u00a0\u00bb<\/em><span style=\"font-family: -apple-system, BlinkMacSystemFont, 'Segoe UI', Roboto, Oxygen-Sans, Ubuntu, Cantarell, 'Helvetica Neue', sans-serif;\">.<\/span><\/div>\n","protected":false},"excerpt":{"rendered":"<p>La d\u00e9sob\u00e9issance alimentaire doit \u00eatre plus que jamais pr\u00e9sente sur la sc\u00e8ne politique ! CET ARTICLE VA \u00caTRE R\u00c9GULI\u00c8REMENT MIS \u00c0 JOUR EN FONCTION DE &hellip; <\/p>\n","protected":false},"author":1,"featured_media":3498,"comment_status":"open","ping_status":"closed","sticky":false,"template":"","format":"standard","meta":{"_exactmetrics_skip_tracking":false,"_exactmetrics_sitenote_active":false,"_exactmetrics_sitenote_note":"","_exactmetrics_sitenote_category":0,"jetpack_post_was_ever_published":false,"_jetpack_newsletter_access":"","_jetpack_dont_email_post_to_subs":false,"_jetpack_newsletter_tier_id":0,"_jetpack_memberships_contains_paywalled_content":false,"_jetpack_memberships_contains_paid_content":false,"footnotes":"","jetpack_publicize_message":"","jetpack_publicize_feature_enabled":true,"jetpack_social_post_already_shared":true,"jetpack_social_options":{"image_generator_settings":{"template":"highway","default_image_id":0,"font":"","enabled":false},"version":2}},"categories":[7,12],"tags":[],"class_list":["post-3497","post","type-post","status-publish","format-standard","has-post-thumbnail","hentry","category-coups-de-gueule","category-reportage"],"jetpack_publicize_connections":[],"jetpack_featured_media_url":"https:\/\/i0.wp.com\/www.stefaneguilbaud.com\/blog\/wp-content\/uploads\/2021\/06\/sesame.jpg?fit=800%2C435&ssl=1","jetpack_sharing_enabled":true,"jetpack_shortlink":"https:\/\/wp.me\/p8a0UX-Up","jetpack-related-posts":[{"id":3469,"url":"https:\/\/www.stefaneguilbaud.com\/blog\/?p=3469","url_meta":{"origin":3497,"position":0},"title":"Prospectus m\u00e9dicaux\u2026 information ou marketing ?","author":"SG","date":"12 mars 2021","format":false,"excerpt":"Ce blog a d\u00e9j\u00e0 trait\u00e9 \u00e0 trois reprises le probl\u00e8me persistant des prospectus m\u00e9dicaux. En septembre 2017, \"Sommes-nous inform\u00e9s par les prospectus sant\u00e9 ?\" En f\u00e9vrier 2010, \"Prospectus #1. La prospection pour votre sant\u00e9 ?\" En juin 2011, \"Prospectus #2. La prospection pour votre sant\u00e9 ?\" Ces feuillets remplis de\u2026","rel":"","context":"Dans &quot;Coups de gueule&quot;","block_context":{"text":"Coups de gueule","link":"https:\/\/www.stefaneguilbaud.com\/blog\/?cat=7"},"img":{"alt_text":"","src":"https:\/\/i0.wp.com\/www.stefaneguilbaud.com\/blog\/wp-content\/uploads\/2021\/03\/Waiting.jpg?fit=800%2C435&ssl=1&resize=350%2C200","width":350,"height":200,"srcset":"https:\/\/i0.wp.com\/www.stefaneguilbaud.com\/blog\/wp-content\/uploads\/2021\/03\/Waiting.jpg?fit=800%2C435&ssl=1&resize=350%2C200 1x, https:\/\/i0.wp.com\/www.stefaneguilbaud.com\/blog\/wp-content\/uploads\/2021\/03\/Waiting.jpg?fit=800%2C435&ssl=1&resize=525%2C300 1.5x, https:\/\/i0.wp.com\/www.stefaneguilbaud.com\/blog\/wp-content\/uploads\/2021\/03\/Waiting.jpg?fit=800%2C435&ssl=1&resize=700%2C400 2x"},"classes":[]},{"id":411,"url":"https:\/\/www.stefaneguilbaud.com\/blog\/?p=411","url_meta":{"origin":3497,"position":1},"title":"Les LOHAS en provenance du Japon","author":"SG","date":"17 f\u00e9vrier 2010","format":false,"excerpt":"La derni\u00e8re tendance de vie sociale se trouve dans une inspiration japonaise, les L.O.H.A.S. (Lifestyle Of Health And Sustainability - pour une vie saine et durable). Enfin pour une fois, il s'agit d'un r\u00e9el comportement et non d'un moyen de faire du fric. Ingr\u00e9dients indispensables : sensibilit\u00e9 \u00e0 l'\u00e9cologie, \u00e0\u2026","rel":"","context":"Dans &quot;Soci\u00e9t\u00e9&quot;","block_context":{"text":"Soci\u00e9t\u00e9","link":"https:\/\/www.stefaneguilbaud.com\/blog\/?cat=3"},"img":{"alt_text":"","src":"https:\/\/i0.wp.com\/www.stefaneguilbaud.com\/blog\/wp-content\/uploads\/2013\/11\/japon.jpg?fit=800%2C435&ssl=1&resize=350%2C200","width":350,"height":200,"srcset":"https:\/\/i0.wp.com\/www.stefaneguilbaud.com\/blog\/wp-content\/uploads\/2013\/11\/japon.jpg?fit=800%2C435&ssl=1&resize=350%2C200 1x, https:\/\/i0.wp.com\/www.stefaneguilbaud.com\/blog\/wp-content\/uploads\/2013\/11\/japon.jpg?fit=800%2C435&ssl=1&resize=525%2C300 1.5x, https:\/\/i0.wp.com\/www.stefaneguilbaud.com\/blog\/wp-content\/uploads\/2013\/11\/japon.jpg?fit=800%2C435&ssl=1&resize=700%2C400 2x"},"classes":[]},{"id":4272,"url":"https:\/\/www.stefaneguilbaud.com\/blog\/?p=4272","url_meta":{"origin":3497,"position":2},"title":"\u00c9V\u00c8NEMENT \u00ab\u00a0L&rsquo;OLIVE AU COEUR\u00a0\u00bb \u2022 MAROC, F\u00c8S","author":"SG","date":"26 novembre 2025","format":false,"excerpt":"Interview\u00e9 par les \u00e9coles des Arts Culinaires Shems\u2019y de Sal\u00e9 (Maroc) et des M\u00e9tiers d\u2019Art Shems\u2019y de F\u00e8s (Maroc) regroup\u00e9es sous le label AMESIP (Association Marocaine d'Aide aux Enfants en Situation Pr\u00e9caire). St\u00e9fane, comment avez-vous v\u00e9cu votre temps d'intervention au sein de l'AMESIP ? Alors je suis actuellement \u00e0 l'\u00e9cole\u2026","rel":"","context":"Dans &quot;Actualit\u00e9s&quot;","block_context":{"text":"Actualit\u00e9s","link":"https:\/\/www.stefaneguilbaud.com\/blog\/?cat=8"},"img":{"alt_text":"","src":"https:\/\/i0.wp.com\/www.stefaneguilbaud.com\/blog\/wp-content\/uploads\/2025\/11\/OliveBlog.jpg?fit=800%2C435&ssl=1&resize=350%2C200","width":350,"height":200,"srcset":"https:\/\/i0.wp.com\/www.stefaneguilbaud.com\/blog\/wp-content\/uploads\/2025\/11\/OliveBlog.jpg?fit=800%2C435&ssl=1&resize=350%2C200 1x, https:\/\/i0.wp.com\/www.stefaneguilbaud.com\/blog\/wp-content\/uploads\/2025\/11\/OliveBlog.jpg?fit=800%2C435&ssl=1&resize=525%2C300 1.5x, https:\/\/i0.wp.com\/www.stefaneguilbaud.com\/blog\/wp-content\/uploads\/2025\/11\/OliveBlog.jpg?fit=800%2C435&ssl=1&resize=700%2C400 2x"},"classes":[]},{"id":487,"url":"https:\/\/www.stefaneguilbaud.com\/blog\/?p=487","url_meta":{"origin":3497,"position":3},"title":"Le bio en passe de devenir un vrai march\u00e9 de masse !","author":"SG","date":"19 d\u00e9cembre 2009","format":false,"excerpt":"Le march\u00e9 BIO, qu'il soit industriel ou artisanal est de plus en plus \u00e0 l'aise avec les standards du commerce conventionnel. L'innovation Bio est au service de la vente ! [ source LSA 2114 ] Des chiffres ! - U Bio (Marque Bio de Systeme U) : + 12,1 %\u2026","rel":"","context":"Dans &quot;Alimentation&quot;","block_context":{"text":"Alimentation","link":"https:\/\/www.stefaneguilbaud.com\/blog\/?cat=1"},"img":{"alt_text":"","src":"https:\/\/i0.wp.com\/www.stefaneguilbaud.com\/blog\/wp-content\/uploads\/2013\/12\/bio.jpg?fit=800%2C435&ssl=1&resize=350%2C200","width":350,"height":200,"srcset":"https:\/\/i0.wp.com\/www.stefaneguilbaud.com\/blog\/wp-content\/uploads\/2013\/12\/bio.jpg?fit=800%2C435&ssl=1&resize=350%2C200 1x, https:\/\/i0.wp.com\/www.stefaneguilbaud.com\/blog\/wp-content\/uploads\/2013\/12\/bio.jpg?fit=800%2C435&ssl=1&resize=525%2C300 1.5x, https:\/\/i0.wp.com\/www.stefaneguilbaud.com\/blog\/wp-content\/uploads\/2013\/12\/bio.jpg?fit=800%2C435&ssl=1&resize=700%2C400 2x"},"classes":[]},{"id":3979,"url":"https:\/\/www.stefaneguilbaud.com\/blog\/?p=3979","url_meta":{"origin":3497,"position":4},"title":"Un mod\u00e8le publicitaire\u2026 obsol\u00e8te ?","author":"SG","date":"4 mai 2023","format":false,"excerpt":"IN SITU MEDIA AGACUS ! Dans notre soci\u00e9t\u00e9 moderne, la publicit\u00e9 est partout. Elle est pr\u00e9sente dans les rues, \u00e0 la t\u00e9l\u00e9vision, sur Internet et m\u00eame sur nos smartphones. Cette saturation m\u00e8ne \u00e0 un constat simple : de plus en plus de personnes en ont marre de cette omnipr\u00e9sence publicitaire.\u2026","rel":"","context":"Dans &quot;Coups de gueule&quot;","block_context":{"text":"Coups de gueule","link":"https:\/\/www.stefaneguilbaud.com\/blog\/?cat=7"},"img":{"alt_text":"","src":"https:\/\/i0.wp.com\/www.stefaneguilbaud.com\/blog\/wp-content\/uploads\/2023\/05\/pexels-ksenia-chernaya-4740522-studio.jpg?fit=800%2C435&ssl=1&resize=350%2C200","width":350,"height":200,"srcset":"https:\/\/i0.wp.com\/www.stefaneguilbaud.com\/blog\/wp-content\/uploads\/2023\/05\/pexels-ksenia-chernaya-4740522-studio.jpg?fit=800%2C435&ssl=1&resize=350%2C200 1x, https:\/\/i0.wp.com\/www.stefaneguilbaud.com\/blog\/wp-content\/uploads\/2023\/05\/pexels-ksenia-chernaya-4740522-studio.jpg?fit=800%2C435&ssl=1&resize=525%2C300 1.5x, https:\/\/i0.wp.com\/www.stefaneguilbaud.com\/blog\/wp-content\/uploads\/2023\/05\/pexels-ksenia-chernaya-4740522-studio.jpg?fit=800%2C435&ssl=1&resize=700%2C400 2x"},"classes":[]},{"id":408,"url":"https:\/\/www.stefaneguilbaud.com\/blog\/?p=408","url_meta":{"origin":3497,"position":5},"title":"Le cochon","author":"SG","date":"17 f\u00e9vrier 2010","format":false,"excerpt":"Chronique \u00e9crite pourHuman & TerreN\u00b0 30 \/ Janvier 2010 Le cochon :95 % de la production porcine est industrielle et intensive. Ces industries de la viande reproduisent les m\u00eames sch\u00e9mas barbares. Truies sangl\u00e9es, parcages sur caillebotis avec stress, violences et boiteries. Nourritures \u00e0 base de farines avec des traitements curatifs\u2026","rel":"","context":"Dans &quot;Chroniques parues&quot;","block_context":{"text":"Chroniques parues","link":"https:\/\/www.stefaneguilbaud.com\/blog\/?cat=6"},"img":{"alt_text":"","src":"https:\/\/i0.wp.com\/www.stefaneguilbaud.com\/blog\/wp-content\/uploads\/2013\/11\/journaux.jpg?fit=800%2C435&ssl=1&resize=350%2C200","width":350,"height":200,"srcset":"https:\/\/i0.wp.com\/www.stefaneguilbaud.com\/blog\/wp-content\/uploads\/2013\/11\/journaux.jpg?fit=800%2C435&ssl=1&resize=350%2C200 1x, https:\/\/i0.wp.com\/www.stefaneguilbaud.com\/blog\/wp-content\/uploads\/2013\/11\/journaux.jpg?fit=800%2C435&ssl=1&resize=525%2C300 1.5x, https:\/\/i0.wp.com\/www.stefaneguilbaud.com\/blog\/wp-content\/uploads\/2013\/11\/journaux.jpg?fit=800%2C435&ssl=1&resize=700%2C400 2x"},"classes":[]}],"jetpack_likes_enabled":true,"_links":{"self":[{"href":"https:\/\/www.stefaneguilbaud.com\/blog\/index.php?rest_route=\/wp\/v2\/posts\/3497","targetHints":{"allow":["GET"]}}],"collection":[{"href":"https:\/\/www.stefaneguilbaud.com\/blog\/index.php?rest_route=\/wp\/v2\/posts"}],"about":[{"href":"https:\/\/www.stefaneguilbaud.com\/blog\/index.php?rest_route=\/wp\/v2\/types\/post"}],"author":[{"embeddable":true,"href":"https:\/\/www.stefaneguilbaud.com\/blog\/index.php?rest_route=\/wp\/v2\/users\/1"}],"replies":[{"embeddable":true,"href":"https:\/\/www.stefaneguilbaud.com\/blog\/index.php?rest_route=%2Fwp%2Fv2%2Fcomments&post=3497"}],"version-history":[{"count":18,"href":"https:\/\/www.stefaneguilbaud.com\/blog\/index.php?rest_route=\/wp\/v2\/posts\/3497\/revisions"}],"predecessor-version":[{"id":3828,"href":"https:\/\/www.stefaneguilbaud.com\/blog\/index.php?rest_route=\/wp\/v2\/posts\/3497\/revisions\/3828"}],"wp:featuredmedia":[{"embeddable":true,"href":"https:\/\/www.stefaneguilbaud.com\/blog\/index.php?rest_route=\/wp\/v2\/media\/3498"}],"wp:attachment":[{"href":"https:\/\/www.stefaneguilbaud.com\/blog\/index.php?rest_route=%2Fwp%2Fv2%2Fmedia&parent=3497"}],"wp:term":[{"taxonomy":"category","embeddable":true,"href":"https:\/\/www.stefaneguilbaud.com\/blog\/index.php?rest_route=%2Fwp%2Fv2%2Fcategories&post=3497"},{"taxonomy":"post_tag","embeddable":true,"href":"https:\/\/www.stefaneguilbaud.com\/blog\/index.php?rest_route=%2Fwp%2Fv2%2Ftags&post=3497"}],"curies":[{"name":"wp","href":"https:\/\/api.w.org\/{rel}","templated":true}]}}