{"id":322,"date":"2010-06-15T05:00:20","date_gmt":"2010-06-15T04:00:20","guid":{"rendered":"http:\/\/www.stefaneguilbaud.com\/journal\/?p=322"},"modified":"2013-12-05T15:53:08","modified_gmt":"2013-12-05T14:53:08","slug":"cote-sud-au-sud-la-reine-sammut","status":"publish","type":"post","link":"https:\/\/www.stefaneguilbaud.com\/blog\/?p=322","title":{"rendered":"Cot\u00e9 Sud, au sud. La Reine Sammut."},"content":{"rendered":"<p>Chaque ann\u00e9e, le salon <a href=\"http:\/\/www.vivrecotesud.fr\/\" hreflang=\"fr\">C\u00f4t\u00e9 Sud<\/a> s&rsquo;installe au parc Jourdan \u00e0 Aix-en-Provence. Il s&rsquo;agit d&rsquo;un salon de d\u00e9coration mais on y entend des infos alimentaires parfois surprenantes \u2026<\/p>\n<div>\n<p><a href=\"https:\/\/i0.wp.com\/www.stefaneguilbaud.com\/blog\/wp-content\/uploads\/2010\/06\/reinesammut.jpg\"><img data-recalc-dims=\"1\" loading=\"lazy\" decoding=\"async\" class=\"size-full wp-image-328 alignleft\" alt=\"reinesammut\" src=\"https:\/\/i0.wp.com\/www.stefaneguilbaud.com\/blog\/wp-content\/uploads\/2010\/06\/reinesammut.jpg?resize=250%2C250\" width=\"250\" height=\"250\" srcset=\"https:\/\/i0.wp.com\/www.stefaneguilbaud.com\/blog\/wp-content\/uploads\/2010\/06\/reinesammut.jpg?w=250&amp;ssl=1 250w, https:\/\/i0.wp.com\/www.stefaneguilbaud.com\/blog\/wp-content\/uploads\/2010\/06\/reinesammut.jpg?resize=150%2C150&amp;ssl=1 150w\" sizes=\"auto, (max-width: 250px) 100vw, 250px\" \/><\/a>Lors de chaque salon C\u00f4t\u00e9 Sud, nous pouvons assister, \u00e0 l&rsquo;ombre du cagnard* proven\u00e7al, \u00e0 une d\u00e9monstration de cuisine simple, rapide et efficace de <a href=\"http:\/\/www.reinesammut.com\" hreflang=\"fr\">Reine Sammut<\/a>. C&rsquo;est un plaisir que de la retrouver. Une femme simple, sympathique avec un sourire permanent. Une femme-chef qui permet de rappeler que les femmes ont leurs mots \u00e0 dire en cuisine et que si les femmes-chefs y sont si rares, c&rsquo;est plus pour des raisons de vies sociales li\u00e9es aux mariages et aux enfants que pour leurs talents. Ce qui me pla\u00eet aussi chez Reine, c&rsquo;est son franc parler convivial et sans vocabulaire p\u00e9dant comme trop souvent ce genre de milieux nous r\u00e9serve. Une tomate reste une tomate et il est p\u00e9nible en effet de voir s&rsquo;\u00e9terniser certains passionn\u00e9s sur un vocabulaire emport\u00e9 et pr\u00e9cieux pour nous les faire passer pour des bijoux \u00e9lev\u00e9s au rang d&rsquo;une 8e merveille.<\/p>\n<p>Ceci \u00e9tant dit, \u00e9coutons l&rsquo;assembl\u00e9e. Les gens disent ou r\u00e9p\u00e8tent des choses qu&rsquo;ils entendent &#8230; parfois fausses.<\/p>\n<p>Reine Sammut, cuisine une petite fricass\u00e9e d&rsquo;aubergine, avec un peu d&rsquo;ail, de sel et d&rsquo;huile d&rsquo;olive et une fois froid, le tout sera m\u00e9lang\u00e9 \u00e0 un peu de yaourt \u00e0 la turque (\u00e0 la Grecque), achet\u00e9 en \u00e9picerie sp\u00e9cialis\u00e9e : [en l&rsquo;occurrence ici la <a href=\"http:\/\/www.cuisinedusud.fr\/2006\/02\/la_corbeille_do.html\" hreflang=\"fr\">corbeille d&rsquo;Orient<\/a> &#8211; Pertuis\/Aix-en-Provence].<\/p>\n<p>L&rsquo;instant de cuisine se passe dans une des petites cabanes show-room du salon, une cabane ouverte de tout c\u00f4t\u00e9, comme un comptoir de bar de paillote de bord de mer, pour y laisser voir une cuisine en expo. Loin de sa cuisine et de son mat\u00e9riel habituel, Reine utilise un wok sur plaque \u00e0 induction et l&rsquo;aubergine qui demande \u00e0 mijoter, ne se fera saisir qu&rsquo;a renfort d&rsquo;huile d&rsquo;olive pour ne pas accrocher.<\/p>\n<p>L&rsquo;assembl\u00e9e est gentiment outr\u00e9e de ce taux de lipides apport\u00e9s et commence les commentaires.<br \/>\u00ab\u00a0Oh non, ce n&rsquo;est plus diet\u00a0?\u00a0\u00bb ou bien encore \u00ab\u00a0Utilisez-vous une autre huile, car l&rsquo;huile d&rsquo;olive n&rsquo;est pas une huile stable\u00a0?\u00a0\u00bb.<br \/>Si l\u2019on se prend au jeu, on se surprend \u00e0 r\u00e9p\u00e9ter une fois de plus les m\u00eames choses. Le gras [le bon] est un \u00e9l\u00e9ment indispensable \u00e0 l&rsquo;\u00e9quilibre alimentaire. Sans en abuser, il faut arr\u00eater de le fustiger. La vitamine E est pr\u00e9sente dans les lipides et notre cerveau utilisera les lipides pour le bon fonctionnement de nos neurones. Le sucre fait grossir, pas le gras. En tous cas c&rsquo;est ce que pr\u00e9sentent les rapports et exp\u00e9riences d\u00e9non\u00e7ant les r\u00e9gimes lipidiques.<\/p>\n<p>Certes, je ne veux pas encourager la consommation de gras, il faut un \u00e9quilibre, et les nouveaux centres de r\u00e9gimes, am\u00e9ricains, bas\u00e9s sur les restrictions glucidiques et non lipidiques ont des r\u00e9sultats exemplaires, depuis 5 ans\u00a0! Mais stop \u00e0 la peur du gras et aux phrases toutes faites, il faut faire attention \u00e0 ce \u00ab\u00a0rab\u00e2chage\u00a0\u00bb permanent sur le mauvais gras et le bon sucre. Il faut se rappeler que les M\u00e9diterran\u00e9ens\/Cr\u00e9tois, ou les Japonais\/Okinawais, nous pr\u00e9sentent un juste \u00e9quilibre de fruits, de l\u00e9gumes, de poissons et d&rsquo;huiles b\u00e9n\u00e9fiques et de peu ou pas de sucres.<\/p>\n<p>Quant \u00e0 la question sur la stabilit\u00e9 de l&rsquo;huile, je rappelle que le point de fum\u00e9e d&rsquo;une huile d&rsquo;olive vierge extra (non raffin\u00e9e) est de 180\u00b0 et que cela suffit largement \u00e0 toute cuisson douce ou saut\u00e9e. Au-del\u00e0, bonne ou mauvaise huile c&rsquo;est un massacre.<\/p>\n<p>Plus tard, lors du deuxi\u00e8me passage d&rsquo;aubergines, pour r\u00e9galer toute l&rsquo;assembl\u00e9e, une voix s&rsquo;\u00e9l\u00e8ve pour dire \u00ab\u00a0Mais le wok, c&rsquo;est long, on devrait les faire pr\u00e9cuire avant.\u00a0\u00bb<br \/>La question semble coh\u00e9rente, mais la r\u00e9ponse est complexe. En effet, tout le principe du wok est la \u00ab\u00a0saisie\u00a0\u00bb de l&rsquo;aliment de fa\u00e7on br\u00e8ve, pour garder les nutriments et le croquant. Si l&rsquo;on pr\u00e9cuit, la deuxi\u00e8me cuisson rend l&rsquo;aliment mou. Dilemme pour les maisons sp\u00e9cialistes du Wok. Il faut beaucoup de WokMan pour r\u00e9pondre \u00e0 la demande rapide et cela co\u00fbte en main-d&rsquo;\u0153uvre. Trop de Bars \u00e0 Wok en ont fait les frais, pour ne pas avoir atteint leur seul de rentabilit\u00e9.<\/p>\n<p><a href=\"https:\/\/i0.wp.com\/www.stefaneguilbaud.com\/blog\/wp-content\/uploads\/2010\/06\/reine1.jpg\"><img data-recalc-dims=\"1\" loading=\"lazy\" decoding=\"async\" class=\"size-full wp-image-325 alignleft\" alt=\"reine1\" src=\"https:\/\/i0.wp.com\/www.stefaneguilbaud.com\/blog\/wp-content\/uploads\/2010\/06\/reine1.jpg?resize=183%2C73\" width=\"183\" height=\"73\" \/><\/a>Il est amusant de partager ces moments avec des passionn\u00e9s, des gourmands, des badauds et des bavards, c&rsquo;est toujours enrichissant. Pour info, Reine, cette recette est un sans faute pour ses ingr\u00e9dients de premi\u00e8re qualit\u00e9 &#8230; sauf peut-\u00eatre, en pinaillant : le sel\u00a0! Il aurait \u00e9t\u00e9 plus judicieux d&rsquo;utiliser un sel non iod\u00e9, non raffin\u00e9, plus authentique\u00a0!<\/p>\n<p><em>* Cagnard : En plein soleil. On dit en Provence, \u00ab\u00a0Ne reste pas en plein cagnard, tu vas t&rsquo;ensuquer\u00a0\u00bb<\/em><\/p>\n<\/div>\n","protected":false},"excerpt":{"rendered":"<p>Chaque ann\u00e9e, le salon C\u00f4t\u00e9 Sud s&rsquo;installe au parc Jourdan \u00e0 Aix-en-Provence. Il s&rsquo;agit d&rsquo;un salon de d\u00e9coration mais on y entend des infos alimentaires &hellip; <\/p>\n","protected":false},"author":1,"featured_media":341,"comment_status":"open","ping_status":"open","sticky":false,"template":"","format":"standard","meta":{"_exactmetrics_skip_tracking":false,"_exactmetrics_sitenote_active":false,"_exactmetrics_sitenote_note":"","_exactmetrics_sitenote_category":0,"jetpack_post_was_ever_published":false,"_jetpack_newsletter_access":"","_jetpack_dont_email_post_to_subs":false,"_jetpack_newsletter_tier_id":0,"_jetpack_memberships_contains_paywalled_content":false,"_jetpack_memberships_contains_paid_content":false,"footnotes":"","jetpack_publicize_message":"","jetpack_publicize_feature_enabled":true,"jetpack_social_post_already_shared":false,"jetpack_social_options":{"image_generator_settings":{"template":"highway","default_image_id":0,"font":"","enabled":false},"version":2}},"categories":[3],"tags":[],"class_list":["post-322","post","type-post","status-publish","format-standard","has-post-thumbnail","hentry","category-societe"],"jetpack_publicize_connections":[],"jetpack_featured_media_url":"https:\/\/i0.wp.com\/www.stefaneguilbaud.com\/blog\/wp-content\/uploads\/2010\/06\/cotesud.jpg?fit=800%2C435&ssl=1","jetpack_sharing_enabled":true,"jetpack_shortlink":"https:\/\/wp.me\/p8a0UX-5c","jetpack-related-posts":[{"id":2126,"url":"https:\/\/www.stefaneguilbaud.com\/blog\/?p=2126","url_meta":{"origin":322,"position":0},"title":"Vive la cuisine libre ! Un \u00e9v\u00e9nement.","author":"SG","date":"7 septembre 2016","format":false,"excerpt":"Ma rencontre avec Nadia Sammut a \u00e9t\u00e9 tr\u00e8s riche en \u00e9changes\u00a0et en partage d'exp\u00e9riences. Ainsi, je pousse mon micro de conf\u00e9rencier jusqu\u2019\u00e0 ses jardins de\u00a0la Feni\u00e8re \u00e0 Lourmarin. Ce\u00a024 septembre 2016, la cuisine libre de\u00a0Nadia sera mise \u00e0 l'honneur avec ses invit\u00e9s pour des conf\u00e9rences, des sc\u00e8nes culinaires, des ateliers,\u2026","rel":"","context":"Dans &quot;Actualit\u00e9s&quot;","block_context":{"text":"Actualit\u00e9s","link":"https:\/\/www.stefaneguilbaud.com\/blog\/?cat=8"},"img":{"alt_text":"","src":"https:\/\/i0.wp.com\/www.stefaneguilbaud.com\/blog\/wp-content\/uploads\/2016\/08\/uneblog.jpg?fit=800%2C435&ssl=1&resize=350%2C200","width":350,"height":200,"srcset":"https:\/\/i0.wp.com\/www.stefaneguilbaud.com\/blog\/wp-content\/uploads\/2016\/08\/uneblog.jpg?fit=800%2C435&ssl=1&resize=350%2C200 1x, https:\/\/i0.wp.com\/www.stefaneguilbaud.com\/blog\/wp-content\/uploads\/2016\/08\/uneblog.jpg?fit=800%2C435&ssl=1&resize=525%2C300 1.5x, https:\/\/i0.wp.com\/www.stefaneguilbaud.com\/blog\/wp-content\/uploads\/2016\/08\/uneblog.jpg?fit=800%2C435&ssl=1&resize=700%2C400 2x"},"classes":[]},{"id":4272,"url":"https:\/\/www.stefaneguilbaud.com\/blog\/?p=4272","url_meta":{"origin":322,"position":1},"title":"\u00c9V\u00c8NEMENT \u00ab\u00a0L&rsquo;OLIVE AU COEUR\u00a0\u00bb \u2022 MAROC, F\u00c8S","author":"SG","date":"26 novembre 2025","format":false,"excerpt":"Interview\u00e9 par les \u00e9coles des Arts Culinaires Shems\u2019y de Sal\u00e9 (Maroc) et des M\u00e9tiers d\u2019Art Shems\u2019y de F\u00e8s (Maroc) regroup\u00e9es sous le label AMESIP (Association Marocaine d'Aide aux Enfants en Situation Pr\u00e9caire). St\u00e9fane, comment avez-vous v\u00e9cu votre temps d'intervention au sein de l'AMESIP ? Alors je suis actuellement \u00e0 l'\u00e9cole\u2026","rel":"","context":"Dans &quot;Actualit\u00e9s&quot;","block_context":{"text":"Actualit\u00e9s","link":"https:\/\/www.stefaneguilbaud.com\/blog\/?cat=8"},"img":{"alt_text":"","src":"https:\/\/i0.wp.com\/www.stefaneguilbaud.com\/blog\/wp-content\/uploads\/2025\/11\/OliveBlog.jpg?fit=800%2C435&ssl=1&resize=350%2C200","width":350,"height":200,"srcset":"https:\/\/i0.wp.com\/www.stefaneguilbaud.com\/blog\/wp-content\/uploads\/2025\/11\/OliveBlog.jpg?fit=800%2C435&ssl=1&resize=350%2C200 1x, https:\/\/i0.wp.com\/www.stefaneguilbaud.com\/blog\/wp-content\/uploads\/2025\/11\/OliveBlog.jpg?fit=800%2C435&ssl=1&resize=525%2C300 1.5x, https:\/\/i0.wp.com\/www.stefaneguilbaud.com\/blog\/wp-content\/uploads\/2025\/11\/OliveBlog.jpg?fit=800%2C435&ssl=1&resize=700%2C400 2x"},"classes":[]},{"id":385,"url":"https:\/\/www.stefaneguilbaud.com\/blog\/?p=385","url_meta":{"origin":322,"position":2},"title":"Une Wok&rsquo; Attitude","author":"SG","date":"25 mars 2010","format":false,"excerpt":"Cuisiner au Wok, pour plus de go\u00fbt et moins de gras. Les asiatiques ne se s\u00e9parent jamais de leur ustensile de cuisine, le wok qui, depuis 2000 ans ne cesse de rythmer leurs succulents repas. Mais derri\u00e8re cette tradition qui consiste \u00e0 saisir \u00e0 feu vif de petits l\u00e9gumes, nous\u2026","rel":"","context":"Dans &quot;Alimentation&quot;","block_context":{"text":"Alimentation","link":"https:\/\/www.stefaneguilbaud.com\/blog\/?cat=1"},"img":{"alt_text":"","src":"https:\/\/i0.wp.com\/www.stefaneguilbaud.com\/blog\/wp-content\/uploads\/2010\/03\/wok.jpg?fit=800%2C435&ssl=1&resize=350%2C200","width":350,"height":200,"srcset":"https:\/\/i0.wp.com\/www.stefaneguilbaud.com\/blog\/wp-content\/uploads\/2010\/03\/wok.jpg?fit=800%2C435&ssl=1&resize=350%2C200 1x, https:\/\/i0.wp.com\/www.stefaneguilbaud.com\/blog\/wp-content\/uploads\/2010\/03\/wok.jpg?fit=800%2C435&ssl=1&resize=525%2C300 1.5x, https:\/\/i0.wp.com\/www.stefaneguilbaud.com\/blog\/wp-content\/uploads\/2010\/03\/wok.jpg?fit=800%2C435&ssl=1&resize=700%2C400 2x"},"classes":[]},{"id":497,"url":"https:\/\/www.stefaneguilbaud.com\/blog\/?p=497","url_meta":{"origin":322,"position":3},"title":"Quand les graines du salon bio s\u00e8ment le doute","author":"SG","date":"16 novembre 2009","format":false,"excerpt":"Comment semer les graines du doute ! Je fais les salons bio pour deux raisons.Parce que j'y trouve les produits n\u00e9cessaires \u00e0 ma consommation et parce que j'\u00e9coute les discours des clients dans les all\u00e9es et les discours des commer\u00e7ants. C'est un exercice que j'aime faire car tr\u00e8s enrichissant.On va\u2026","rel":"","context":"Dans &quot;Soci\u00e9t\u00e9&quot;","block_context":{"text":"Soci\u00e9t\u00e9","link":"https:\/\/www.stefaneguilbaud.com\/blog\/?cat=3"},"img":{"alt_text":"","src":"https:\/\/i0.wp.com\/www.stefaneguilbaud.com\/blog\/wp-content\/uploads\/2013\/12\/panierbio.jpg?fit=800%2C435&ssl=1&resize=350%2C200","width":350,"height":200,"srcset":"https:\/\/i0.wp.com\/www.stefaneguilbaud.com\/blog\/wp-content\/uploads\/2013\/12\/panierbio.jpg?fit=800%2C435&ssl=1&resize=350%2C200 1x, https:\/\/i0.wp.com\/www.stefaneguilbaud.com\/blog\/wp-content\/uploads\/2013\/12\/panierbio.jpg?fit=800%2C435&ssl=1&resize=525%2C300 1.5x, https:\/\/i0.wp.com\/www.stefaneguilbaud.com\/blog\/wp-content\/uploads\/2013\/12\/panierbio.jpg?fit=800%2C435&ssl=1&resize=700%2C400 2x"},"classes":[]},{"id":3519,"url":"https:\/\/www.stefaneguilbaud.com\/blog\/?p=3519","url_meta":{"origin":322,"position":4},"title":"Y a-t-il encore des produits sains dans les supermarch\u00e9s ?","author":"SG","date":"17 f\u00e9vrier 2021","format":false,"excerpt":"Dans le \"Journal Des Bonnes Nouvelles\", chaque mois, je r\u00e9pond \u00e0 une question pos\u00e9e par les lecteurs, voici celle de F\u00e9vrier 2021. [Sommaire des articles parus]. Question : Y a-t-il encore des produits sains dans les supermarch\u00e9s ? M\u00e9lanie, 57 ans, mari\u00e9e, grand-m\u00e8re. C\u2019est une question tr\u00e8s int\u00e9ressante, car elle\u2026","rel":"","context":"Dans &quot;Alimentation&quot;","block_context":{"text":"Alimentation","link":"https:\/\/www.stefaneguilbaud.com\/blog\/?cat=1"},"img":{"alt_text":"","src":"https:\/\/i0.wp.com\/www.stefaneguilbaud.com\/blog\/wp-content\/uploads\/2021\/08\/jdbn0221.jpg?fit=800%2C435&ssl=1&resize=350%2C200","width":350,"height":200,"srcset":"https:\/\/i0.wp.com\/www.stefaneguilbaud.com\/blog\/wp-content\/uploads\/2021\/08\/jdbn0221.jpg?fit=800%2C435&ssl=1&resize=350%2C200 1x, https:\/\/i0.wp.com\/www.stefaneguilbaud.com\/blog\/wp-content\/uploads\/2021\/08\/jdbn0221.jpg?fit=800%2C435&ssl=1&resize=525%2C300 1.5x, https:\/\/i0.wp.com\/www.stefaneguilbaud.com\/blog\/wp-content\/uploads\/2021\/08\/jdbn0221.jpg?fit=800%2C435&ssl=1&resize=700%2C400 2x"},"classes":[]},{"id":2005,"url":"https:\/\/www.stefaneguilbaud.com\/blog\/?p=2005","url_meta":{"origin":322,"position":5},"title":"Interview \u00ab\u00a0Stop aux produits industriels\u00a0\u00bb","author":"SG","date":"9 mai 2016","format":false,"excerpt":"Voici la reprise d'une interview paru sur femininbio.fr, le 15\u00a0 avril\u00a02016 Droits exclusifs www.femininbio.fr. Reproduction ou ping interdit\u00a0sans autorisation. INTERVIEW :\u00a0STOP AUX PRODUITS INDUSTRIELS ! RENCONTRE AVEC ST\u00c9FANE GUILBAUD Auteur du livre Je ne mange pas de produits industriels, St\u00e9fane Guilbaud revient pour FemininBio sur nos modes d'alimentation et les\u2026","rel":"","context":"Dans &quot;Alimentation&quot;","block_context":{"text":"Alimentation","link":"https:\/\/www.stefaneguilbaud.com\/blog\/?cat=1"},"img":{"alt_text":"","src":"https:\/\/i0.wp.com\/www.stefaneguilbaud.com\/blog\/wp-content\/uploads\/2016\/05\/cuisineenfants.jpg?fit=800%2C435&ssl=1&resize=350%2C200","width":350,"height":200,"srcset":"https:\/\/i0.wp.com\/www.stefaneguilbaud.com\/blog\/wp-content\/uploads\/2016\/05\/cuisineenfants.jpg?fit=800%2C435&ssl=1&resize=350%2C200 1x, https:\/\/i0.wp.com\/www.stefaneguilbaud.com\/blog\/wp-content\/uploads\/2016\/05\/cuisineenfants.jpg?fit=800%2C435&ssl=1&resize=525%2C300 1.5x, https:\/\/i0.wp.com\/www.stefaneguilbaud.com\/blog\/wp-content\/uploads\/2016\/05\/cuisineenfants.jpg?fit=800%2C435&ssl=1&resize=700%2C400 2x"},"classes":[]}],"jetpack_likes_enabled":true,"_links":{"self":[{"href":"https:\/\/www.stefaneguilbaud.com\/blog\/index.php?rest_route=\/wp\/v2\/posts\/322","targetHints":{"allow":["GET"]}}],"collection":[{"href":"https:\/\/www.stefaneguilbaud.com\/blog\/index.php?rest_route=\/wp\/v2\/posts"}],"about":[{"href":"https:\/\/www.stefaneguilbaud.com\/blog\/index.php?rest_route=\/wp\/v2\/types\/post"}],"author":[{"embeddable":true,"href":"https:\/\/www.stefaneguilbaud.com\/blog\/index.php?rest_route=\/wp\/v2\/users\/1"}],"replies":[{"embeddable":true,"href":"https:\/\/www.stefaneguilbaud.com\/blog\/index.php?rest_route=%2Fwp%2Fv2%2Fcomments&post=322"}],"version-history":[{"count":6,"href":"https:\/\/www.stefaneguilbaud.com\/blog\/index.php?rest_route=\/wp\/v2\/posts\/322\/revisions"}],"predecessor-version":[{"id":641,"href":"https:\/\/www.stefaneguilbaud.com\/blog\/index.php?rest_route=\/wp\/v2\/posts\/322\/revisions\/641"}],"wp:featuredmedia":[{"embeddable":true,"href":"https:\/\/www.stefaneguilbaud.com\/blog\/index.php?rest_route=\/wp\/v2\/media\/341"}],"wp:attachment":[{"href":"https:\/\/www.stefaneguilbaud.com\/blog\/index.php?rest_route=%2Fwp%2Fv2%2Fmedia&parent=322"}],"wp:term":[{"taxonomy":"category","embeddable":true,"href":"https:\/\/www.stefaneguilbaud.com\/blog\/index.php?rest_route=%2Fwp%2Fv2%2Fcategories&post=322"},{"taxonomy":"post_tag","embeddable":true,"href":"https:\/\/www.stefaneguilbaud.com\/blog\/index.php?rest_route=%2Fwp%2Fv2%2Ftags&post=322"}],"curies":[{"name":"wp","href":"https:\/\/api.w.org\/{rel}","templated":true}]}}