{"id":319,"date":"2010-06-16T22:22:11","date_gmt":"2010-06-16T21:22:11","guid":{"rendered":"http:\/\/www.stefaneguilbaud.com\/journal\/?p=319"},"modified":"2013-12-05T15:49:14","modified_gmt":"2013-12-05T14:49:14","slug":"obesite-quand-tu-nous-tiens","status":"publish","type":"post","link":"https:\/\/www.stefaneguilbaud.com\/blog\/?p=319","title":{"rendered":"Ob\u00e9sit\u00e9, quand tu nous tiens"},"content":{"rendered":"<p>Le Parlement europ\u00e9en vient de refuser un moyen efficace de lutter contre l&rsquo;ob\u00e9sit\u00e9. Ces presque 400 membres ont-il mesur\u00e9 les cons\u00e9quences de leurs choix ? Ce qui est s\u00fbr est que l&rsquo;industrie agro-alimentaire ne peut que les f\u00e9liciter de cet acte &#8230; Zoom sur ce choix grave !<\/p>\n<p>Stupeur \u00e0 l&rsquo;ESC (<a href=\"http:\/\/www.sfcardio.fr\/\" hreflang=\"fr\"><em>Soci\u00e9t\u00e9 Europ\u00e9enne de Cardiologie<\/em><\/a>), la d\u00e9cision du Parlement europ\u00e9en ne pourra que faciliter l&rsquo;ob\u00e9sit\u00e9 et \u00ab\u00a0<em>aggravera les in\u00e9galit\u00e9s sanitaires entre Europ\u00e9ens, selon leur statut socio-\u00e9conomique. Il est acquis aujourd&rsquo;hui que 80% des maladies cardiovasculaires sont directement imputables \u00e0 l\u2019alimentation, \u00e0 la s\u00e9dentarit\u00e9 et au tabagisme<\/em>\u00a0\u00bb.<\/p>\n<p align=\"justify\">Une fois de plus, est remise sur la table, l&rsquo;id\u00e9e que les d\u00e9put\u00e9s aient pu c\u00e9der aux pressions de l&rsquo;industrie agroalimentaire. Comment peut-on faire confiance alors a tout message nutritionnel \u00e9mane des autorit\u00e9s sanitaires apr\u00e8s ce genre d&rsquo;actualit\u00e9 ?<\/p>\n<p align=\"justify\">La BEUC (<em><a href=\"http:\/\/www.beuc.eu\/Content\/Default.asp?PageID=591&amp;LanguageCode=fr\" hreflang=\"fr\">Bureau europ\u00e9en des Unions de Consommateurs<\/a>) ou l&rsquo;ESC ont ce sentiment et cette m\u00eame ESC avait, selon destinationsante.com, <\/em>soulign\u00e9 en effet qu\u2019un vote n\u00e9gatif \u00ab\u00a0<em><strong>enverrait \u00e0 la soci\u00e9t\u00e9 le signal que les politiciens europ\u00e9ens sont dans la main de l\u2019<strong>industrie alimentaire<\/strong><\/strong><\/em>\u00a0\u00bb.<\/p>\n<h3>Mais de quoi parle-t-on ? Quel est donc le motif de cette col\u00e8re ?<\/h3>\n<p align=\"justify\">Rappelez vous lorsque j&rsquo;\u00e9crivais pr\u00e9c\u00e9demment \u00ab\u00a0Thierry Souccar et Isabelle Robard ont propos\u00e9 parmi un collectif, de modifier les \u00e9tiquettes afin de ne voir figurer que l&rsquo;indice glyc\u00e9rique d&rsquo;un aliment, comme c&rsquo;est d\u00e9j\u00e0 fait (sur la base du volontariat) dans certains pays. Mais <strong>personne ne veut de cette info<\/strong>, enfin du moins, pas les industriels. Ils y voient l\u00e0 une information terriblement efficace qui remettrait en doute le paquet que l&rsquo;on tient dans la main lors d&rsquo;un achat.\u00a0\u00bb<\/p>\n<p align=\"justify\">Et bien on recommence un peu le m\u00eame sc\u00e9nario, mais cette fois-ci, il s&rsquo;agit de repr\u00e9senter des feux tricolores ayant pour mission de nous informer avec simplicit\u00e9 et lisibilit\u00e9 sur le profil nutritionnel d&rsquo;un aliment, pour faire suite \u00e0 une attente des consommateurs europ\u00e9ens. Tout un chacun, un minimum alerte sur les informations \u00e0 lire en premier sur un emballage alimentaire, ne comprendrait pas comment l&rsquo;on peut refuser une telle d\u00e9cision d&rsquo;affichage&#8230; et pourtant, loin des consid\u00e9rations de sant\u00e9 (pourtant la pr\u00e9occupation de la S\u00e9cu), le choix a \u00e9t\u00e9 fait. REFUS\u00c9\u00a0!!!<\/p>\n<p align=\"justify\"><a href=\"https:\/\/i0.wp.com\/www.stefaneguilbaud.com\/blog\/wp-content\/uploads\/2013\/11\/Feu_tricoloreW.jpg\"><img data-recalc-dims=\"1\" loading=\"lazy\" decoding=\"async\" class=\"size-full wp-image-320 alignleft\" alt=\"Feu_tricoloreW\" src=\"https:\/\/i0.wp.com\/www.stefaneguilbaud.com\/blog\/wp-content\/uploads\/2013\/11\/Feu_tricoloreW.jpg?resize=103%2C129\" width=\"103\" height=\"129\" \/><\/a>Sachez que ce syst\u00e8me d\u2019\u00e9tiquetage nutritionnel existe d\u00e9j\u00e0 sur la base du volontariat au Royaume-Uni et plusieurs marques de distributeurs les ont fait figurer sur leurs produits.<\/p>\n<p align=\"justify\">1) <strong>Au d\u00e9but du si\u00e8cle, une loi aux \u00c9tats-Unis avait pour id\u00e9e de proposer un emballage violet pour tout aliment dit \u00ab\u00a0contrefait\u00a0\u00bb.<\/strong> Le premier du genre, \u00e9tait une margarine, car consid\u00e9r\u00e9e comme transform\u00e9e par l&rsquo;\u00eatre humain de fa\u00e7on inhabituelle ou non traditionnelle. Cette loi est devenue g\u00eanante lorsque les emballages violets ont commenc\u00e9 \u00e0 prendre de la place en rayon. R\u00e9sultat : Loi avort\u00e9e.<br \/>&gt;&gt; Pr\u00e9cautions pour l&rsquo;industriel ou le consommateur ?<\/p>\n<p align=\"justify\">2) <strong>L&rsquo;\u00e9tiquetage environnemental <\/strong>des produits ne sera pas obligatoire en France en 2011. Pr\u00e9vue dans le projet de loi <strong>Grenelle 2<\/strong>, cette mesure a \u00e9t\u00e9 annul\u00e9e le mercredi 24 mars 2010 apr\u00e8s l&rsquo;adoption d&rsquo;un amendement en commission du D\u00e9veloppement durable de l&rsquo;Assembl\u00e9e nationale.<br \/>&gt;&gt; Pr\u00e9cautions pour l&rsquo;industriel ou le consommateur ?<\/p>\n<p align=\"justify\">3) <strong>L&rsquo;affichage simplifi\u00e9 des indices glyc\u00e9miques<\/strong> (IG), propos\u00e9 et soutenu par Thierry Souccar et Isabele Robard, encore refus\u00e9 (je crois que c&rsquo;est la troisi\u00e8me fois \u2014 sous pr\u00e9texte que c&rsquo;est trop complexe \u00e0 comprendre\u00a0??)<br \/>&gt;&gt; Pr\u00e9cautions pour l&rsquo;industriel ou le consommateur ?<\/p>\n<p align=\"justify\">4) <strong>L&rsquo;affichage simplifi\u00e9 des informations nutritionnelles<\/strong> sous forme de feux tricolores, refus\u00e9.<br \/>&gt;&gt; Pr\u00e9cautions pour l&rsquo;industriel ou le consommateur ?<\/p>\n<p align=\"justify\">En r\u00e9sum\u00e9, je n&rsquo;aime pas le nutritionnisme ambiant qui nous dicte, nous pousse, nous formate vers leurs choix. Cette ing\u00e9rence permanente d&rsquo;un c\u00f4t\u00e9 et cette fuite des responsabilit\u00e9s de l&rsquo;autre nous rappellent, humblement, que la nature attend que l&rsquo;on s&rsquo;int\u00e9resse \u00e0 elle.<\/p>\n<p align=\"justify\">Souvenez vous qu&rsquo;il n&rsquo;y a pas d&rsquo;indication industrielle, euh. Nutritionnelle sur les produits bruts, sur les fruits, sur les l\u00e9gumes&#8230;<br \/>Comprenez alors que les choix NOUS appartiennent.<\/p>\n<div>Source : ESC, BEUC, 2010<\/div>\n","protected":false},"excerpt":{"rendered":"<p>Le Parlement europ\u00e9en vient de refuser un moyen efficace de lutter contre l&rsquo;ob\u00e9sit\u00e9. Ces presque 400 membres ont-il mesur\u00e9 les cons\u00e9quences de leurs choix ? &hellip; <\/p>\n","protected":false},"author":1,"featured_media":351,"comment_status":"open","ping_status":"open","sticky":false,"template":"","format":"standard","meta":{"_exactmetrics_skip_tracking":false,"_exactmetrics_sitenote_active":false,"_exactmetrics_sitenote_note":"","_exactmetrics_sitenote_category":0,"jetpack_post_was_ever_published":false,"_jetpack_newsletter_access":"","_jetpack_dont_email_post_to_subs":false,"_jetpack_newsletter_tier_id":0,"_jetpack_memberships_contains_paywalled_content":false,"_jetpack_memberships_contains_paid_content":false,"footnotes":"","jetpack_publicize_message":"","jetpack_publicize_feature_enabled":true,"jetpack_social_post_already_shared":false,"jetpack_social_options":{"image_generator_settings":{"template":"highway","default_image_id":0,"font":"","enabled":false},"version":2}},"categories":[1],"tags":[],"class_list":["post-319","post","type-post","status-publish","format-standard","has-post-thumbnail","hentry","category-alimentation"],"jetpack_publicize_connections":[],"jetpack_featured_media_url":"https:\/\/i0.wp.com\/www.stefaneguilbaud.com\/blog\/wp-content\/uploads\/2010\/06\/fat.jpg?fit=800%2C435&ssl=1","jetpack_sharing_enabled":true,"jetpack_shortlink":"https:\/\/wp.me\/p8a0UX-59","jetpack-related-posts":[{"id":3390,"url":"https:\/\/www.stefaneguilbaud.com\/blog\/?p=3390","url_meta":{"origin":319,"position":0},"title":"R\u00e9v\u00e9lation ! Les lobbies de l\u2019industrie agroalimentaire man\u0153uvrent en coulisses.","author":"SG","date":"12 novembre 2020","format":false,"excerpt":"En ces temps de confinement et de focalisation sur notre sant\u00e9 physique et mentale, il y a des acteurs de l'industrie agroalimentaire qui ne ch\u00f4ment pas et ne cessent de faire pression par tous les moyens, pour \u00eatre toujours plus pr\u00e9sents dans votre assiette ! R\u00c9V\u00c9LATION EXCEPTIONNELLE ! EXPLICATIONS. Foodwatch,\u2026","rel":"","context":"Dans &quot;Actualit\u00e9s&quot;","block_context":{"text":"Actualit\u00e9s","link":"https:\/\/www.stefaneguilbaud.com\/blog\/?cat=8"},"img":{"alt_text":"","src":"https:\/\/i0.wp.com\/www.stefaneguilbaud.com\/blog\/wp-content\/uploads\/2020\/11\/courses.jpg?fit=800%2C435&ssl=1&resize=350%2C200","width":350,"height":200,"srcset":"https:\/\/i0.wp.com\/www.stefaneguilbaud.com\/blog\/wp-content\/uploads\/2020\/11\/courses.jpg?fit=800%2C435&ssl=1&resize=350%2C200 1x, https:\/\/i0.wp.com\/www.stefaneguilbaud.com\/blog\/wp-content\/uploads\/2020\/11\/courses.jpg?fit=800%2C435&ssl=1&resize=525%2C300 1.5x, https:\/\/i0.wp.com\/www.stefaneguilbaud.com\/blog\/wp-content\/uploads\/2020\/11\/courses.jpg?fit=800%2C435&ssl=1&resize=700%2C400 2x"},"classes":[]},{"id":575,"url":"https:\/\/www.stefaneguilbaud.com\/blog\/?p=575","url_meta":{"origin":319,"position":1},"title":"La nutrition et la science","author":"SG","date":"6 mai 2009","format":false,"excerpt":"En mati\u00e8re de sant\u00e9. Trop de curatif nuit au pr\u00e9ventif, mais c'est tellement humain comme comportement. Il suffit de voir ce que l'on fait en mati\u00e8re d'\u00e9cologie. Ce n'est que devant le gouffre que nous r\u00e9agissons. Je peux lire sur des sites internet et \u00e0 la radio \"La nutrition, nouvel\u2026","rel":"","context":"Dans &quot;Alimentation&quot;","block_context":{"text":"Alimentation","link":"https:\/\/www.stefaneguilbaud.com\/blog\/?cat=1"},"img":{"alt_text":"","src":"https:\/\/i0.wp.com\/www.stefaneguilbaud.com\/blog\/wp-content\/uploads\/2009\/05\/health.jpg?fit=800%2C435&ssl=1&resize=350%2C200","width":350,"height":200,"srcset":"https:\/\/i0.wp.com\/www.stefaneguilbaud.com\/blog\/wp-content\/uploads\/2009\/05\/health.jpg?fit=800%2C435&ssl=1&resize=350%2C200 1x, https:\/\/i0.wp.com\/www.stefaneguilbaud.com\/blog\/wp-content\/uploads\/2009\/05\/health.jpg?fit=800%2C435&ssl=1&resize=525%2C300 1.5x, https:\/\/i0.wp.com\/www.stefaneguilbaud.com\/blog\/wp-content\/uploads\/2009\/05\/health.jpg?fit=800%2C435&ssl=1&resize=700%2C400 2x"},"classes":[]},{"id":546,"url":"https:\/\/www.stefaneguilbaud.com\/blog\/?p=546","url_meta":{"origin":319,"position":2},"title":"Nouveau r\u00e8glement bio europ\u00e9en : Ce qui est VRAI, ce qui est FAUX","author":"SG","date":"25 juin 2009","format":false,"excerpt":"Depuis le 1er janvier 2009, la r\u00e8glementation de l'agriculture Bio \u00e0 chang\u00e9. La FNAB (F\u00e9d\u00e9ration Nationale d'Agriculture Biologique) r\u00e9pond au vrai-faux qui se dit sur ce dispositif. [ Textes extraits de http:\/\/www.fnab.org - droits r\u00e9serv\u00e9s ] Les r\u00e8gles europ\u00e9ennes de la bio viennent de changer Depuis le 1er janvier 2009,\u2026","rel":"","context":"Dans &quot;Alimentation&quot;","block_context":{"text":"Alimentation","link":"https:\/\/www.stefaneguilbaud.com\/blog\/?cat=1"},"img":{"alt_text":"","src":"https:\/\/i0.wp.com\/www.stefaneguilbaud.com\/blog\/wp-content\/uploads\/2009\/06\/livre.jpg?fit=800%2C435&ssl=1&resize=350%2C200","width":350,"height":200,"srcset":"https:\/\/i0.wp.com\/www.stefaneguilbaud.com\/blog\/wp-content\/uploads\/2009\/06\/livre.jpg?fit=800%2C435&ssl=1&resize=350%2C200 1x, https:\/\/i0.wp.com\/www.stefaneguilbaud.com\/blog\/wp-content\/uploads\/2009\/06\/livre.jpg?fit=800%2C435&ssl=1&resize=525%2C300 1.5x, https:\/\/i0.wp.com\/www.stefaneguilbaud.com\/blog\/wp-content\/uploads\/2009\/06\/livre.jpg?fit=800%2C435&ssl=1&resize=700%2C400 2x"},"classes":[]},{"id":690,"url":"https:\/\/www.stefaneguilbaud.com\/blog\/?p=690","url_meta":{"origin":319,"position":3},"title":"Plat de pauvre\u2026","author":"SG","date":"5 d\u00e9cembre 2013","format":false,"excerpt":"En mati\u00e8re de sant\u00e9, trop de curatif nuirait-il au pr\u00e9ventif ? Il suffit de voir ce que l'on fait en mati\u00e8re d'\u00e9cologie pour s'effrayer de la r\u00e9ponse. Ce n'est que devant le gouffre que nous r\u00e9agissons. Nos a\u00efeuls consommaient les plats de pauvres. Ces plats traditionnels qui permettaient de finir\u2026","rel":"","context":"Dans &quot;Alimentation&quot;","block_context":{"text":"Alimentation","link":"https:\/\/www.stefaneguilbaud.com\/blog\/?cat=1"},"img":{"alt_text":"","src":"https:\/\/i0.wp.com\/www.stefaneguilbaud.com\/blog\/wp-content\/uploads\/2013\/12\/cuisineancienne.jpg?fit=800%2C435&ssl=1&resize=350%2C200","width":350,"height":200,"srcset":"https:\/\/i0.wp.com\/www.stefaneguilbaud.com\/blog\/wp-content\/uploads\/2013\/12\/cuisineancienne.jpg?fit=800%2C435&ssl=1&resize=350%2C200 1x, https:\/\/i0.wp.com\/www.stefaneguilbaud.com\/blog\/wp-content\/uploads\/2013\/12\/cuisineancienne.jpg?fit=800%2C435&ssl=1&resize=525%2C300 1.5x, https:\/\/i0.wp.com\/www.stefaneguilbaud.com\/blog\/wp-content\/uploads\/2013\/12\/cuisineancienne.jpg?fit=800%2C435&ssl=1&resize=700%2C400 2x"},"classes":[]},{"id":3979,"url":"https:\/\/www.stefaneguilbaud.com\/blog\/?p=3979","url_meta":{"origin":319,"position":4},"title":"Un mod\u00e8le publicitaire\u2026 obsol\u00e8te ?","author":"SG","date":"4 mai 2023","format":false,"excerpt":"IN SITU MEDIA AGACUS ! Dans notre soci\u00e9t\u00e9 moderne, la publicit\u00e9 est partout. Elle est pr\u00e9sente dans les rues, \u00e0 la t\u00e9l\u00e9vision, sur Internet et m\u00eame sur nos smartphones. Cette saturation m\u00e8ne \u00e0 un constat simple : de plus en plus de personnes en ont marre de cette omnipr\u00e9sence publicitaire.\u2026","rel":"","context":"Dans &quot;Coups de gueule&quot;","block_context":{"text":"Coups de gueule","link":"https:\/\/www.stefaneguilbaud.com\/blog\/?cat=7"},"img":{"alt_text":"","src":"https:\/\/i0.wp.com\/www.stefaneguilbaud.com\/blog\/wp-content\/uploads\/2023\/05\/pexels-ksenia-chernaya-4740522-studio.jpg?fit=800%2C435&ssl=1&resize=350%2C200","width":350,"height":200,"srcset":"https:\/\/i0.wp.com\/www.stefaneguilbaud.com\/blog\/wp-content\/uploads\/2023\/05\/pexels-ksenia-chernaya-4740522-studio.jpg?fit=800%2C435&ssl=1&resize=350%2C200 1x, https:\/\/i0.wp.com\/www.stefaneguilbaud.com\/blog\/wp-content\/uploads\/2023\/05\/pexels-ksenia-chernaya-4740522-studio.jpg?fit=800%2C435&ssl=1&resize=525%2C300 1.5x, https:\/\/i0.wp.com\/www.stefaneguilbaud.com\/blog\/wp-content\/uploads\/2023\/05\/pexels-ksenia-chernaya-4740522-studio.jpg?fit=800%2C435&ssl=1&resize=700%2C400 2x"},"classes":[]},{"id":1021,"url":"https:\/\/www.stefaneguilbaud.com\/blog\/?p=1021","url_meta":{"origin":319,"position":5},"title":"Aspartame, produit nocif ?","author":"SG","date":"4 avril 2014","format":false,"excerpt":"Les sujets sur l'aspartame ne manquent pas sur ce blog. Pour ou contre, voici une information compl\u00e9mentaire\u2026Personne n\u2019est insensible aux \u00e9ventuels effets de l\u2019aspartame, dont la toxicit\u00e9 neurologique semble bien connue des scientifiques.Cette substance intrigue et sa mise sur le march\u00e9, malgr\u00e9 l\u2019avis d\u00e9favorable de la FDA (Food and Drug\u2026","rel":"","context":"Dans &quot;Actualit\u00e9s&quot;","block_context":{"text":"Actualit\u00e9s","link":"https:\/\/www.stefaneguilbaud.com\/blog\/?cat=8"},"img":{"alt_text":"","src":"https:\/\/i0.wp.com\/www.stefaneguilbaud.com\/blog\/wp-content\/uploads\/2013\/11\/aspartam.jpg?fit=820%2C435&ssl=1&resize=350%2C200","width":350,"height":200,"srcset":"https:\/\/i0.wp.com\/www.stefaneguilbaud.com\/blog\/wp-content\/uploads\/2013\/11\/aspartam.jpg?fit=820%2C435&ssl=1&resize=350%2C200 1x, https:\/\/i0.wp.com\/www.stefaneguilbaud.com\/blog\/wp-content\/uploads\/2013\/11\/aspartam.jpg?fit=820%2C435&ssl=1&resize=525%2C300 1.5x, https:\/\/i0.wp.com\/www.stefaneguilbaud.com\/blog\/wp-content\/uploads\/2013\/11\/aspartam.jpg?fit=820%2C435&ssl=1&resize=700%2C400 2x"},"classes":[]}],"jetpack_likes_enabled":true,"_links":{"self":[{"href":"https:\/\/www.stefaneguilbaud.com\/blog\/index.php?rest_route=\/wp\/v2\/posts\/319","targetHints":{"allow":["GET"]}}],"collection":[{"href":"https:\/\/www.stefaneguilbaud.com\/blog\/index.php?rest_route=\/wp\/v2\/posts"}],"about":[{"href":"https:\/\/www.stefaneguilbaud.com\/blog\/index.php?rest_route=\/wp\/v2\/types\/post"}],"author":[{"embeddable":true,"href":"https:\/\/www.stefaneguilbaud.com\/blog\/index.php?rest_route=\/wp\/v2\/users\/1"}],"replies":[{"embeddable":true,"href":"https:\/\/www.stefaneguilbaud.com\/blog\/index.php?rest_route=%2Fwp%2Fv2%2Fcomments&post=319"}],"version-history":[{"count":4,"href":"https:\/\/www.stefaneguilbaud.com\/blog\/index.php?rest_route=\/wp\/v2\/posts\/319\/revisions"}],"predecessor-version":[{"id":636,"href":"https:\/\/www.stefaneguilbaud.com\/blog\/index.php?rest_route=\/wp\/v2\/posts\/319\/revisions\/636"}],"wp:featuredmedia":[{"embeddable":true,"href":"https:\/\/www.stefaneguilbaud.com\/blog\/index.php?rest_route=\/wp\/v2\/media\/351"}],"wp:attachment":[{"href":"https:\/\/www.stefaneguilbaud.com\/blog\/index.php?rest_route=%2Fwp%2Fv2%2Fmedia&parent=319"}],"wp:term":[{"taxonomy":"category","embeddable":true,"href":"https:\/\/www.stefaneguilbaud.com\/blog\/index.php?rest_route=%2Fwp%2Fv2%2Fcategories&post=319"},{"taxonomy":"post_tag","embeddable":true,"href":"https:\/\/www.stefaneguilbaud.com\/blog\/index.php?rest_route=%2Fwp%2Fv2%2Ftags&post=319"}],"curies":[{"name":"wp","href":"https:\/\/api.w.org\/{rel}","templated":true}]}}