{"id":314,"date":"2016-04-13T05:00:42","date_gmt":"2016-04-13T04:00:42","guid":{"rendered":"http:\/\/www.stefaneguilbaud.com\/journal\/?p=314"},"modified":"2016-04-13T08:06:59","modified_gmt":"2016-04-13T07:06:59","slug":"la-securite-sociale-doit-elle-rester-sociale","status":"publish","type":"post","link":"https:\/\/www.stefaneguilbaud.com\/blog\/?p=314","title":{"rendered":"La s\u00e9curit\u00e9 sociale doit-elle rester sociale ?"},"content":{"rendered":"<p>Le \u00ab\u00a0<strong>trou de la s\u00e9cu<\/strong>\u00a0\u00bb fait d\u00e9bat. Il y a des avis partag\u00e9s sur les m\u00e9thodes \u00e0 appliquer pour faire des \u00e9conomies. Avec tout un lot de mesures et de r\u00e9visions, nous entendons parler de restrictions, de contr\u00f4les, de d\u00e9bordements et de gaspillages. Les principaux acteurs d&rsquo;un syst\u00e8me m\u00e9dical, que sont les m\u00e9decins en France, sont-il concert\u00e9s ? Et que pensent ils de cette information r\u00e9currente sur ce d\u00e9ficit ? J&rsquo;ai pos\u00e9 la question \u00e0 <strong>Sylvie deBesombes, m\u00e9decin g\u00e9n\u00e9raliste, omnipraticien, CES de m\u00e9decine a\u00e9ronautique et spatiale.<\/strong><\/p>\n<div>\n<h3><strong>Que pensez-vous du syst\u00e8me de remboursement fran\u00e7ais ?<\/strong><\/h3>\n<p>Il n&rsquo;est pas mauvais, mais <strong>il pose, aujourd&rsquo;hui, soucis<\/strong>. Notre syst\u00e8me actuel est bas\u00e9 sur le remboursement apr\u00e8s r\u00e9colte de cotisations. \u00c0 sa cr\u00e9ation, il fallait avoir cotis\u00e9 pour pr\u00e9tendre \u00e0 un remboursement, mais aujourd&rsquo;hui, sans d\u00e9noncer les avanc\u00e9es sociales qui permettent de financer de fa\u00e7on \u00ab\u00a0solidaire\u00a0\u00bb des personnes en difficult\u00e9s, nous rencontrons un probl\u00e8me math\u00e9matique \u00e9vident. Trop de sorties d&rsquo;argent et pas assez de rentr\u00e9es. C&rsquo;est comme si, avec un parc automobile, un petit pourcentage d&rsquo;automobilistes assurait leurs voitures, mais que tout le monde soit rembours\u00e9 en cas d&rsquo;accident, assur\u00e9 ou non assur\u00e9. Le syst\u00e8me ne tiendrait pas longtemps. Ce que nous oublions, c&rsquo;est que le RMI est financ\u00e9 \u00e0 60 % par la s\u00e9curit\u00e9 sociale. Forc\u00e9ment cela fait gonfler les chiffres de fa\u00e7on catastrophique et puis il est simple de constater dans les r\u00e9sultats de la Cour des comptes que dans la balance de l&rsquo;assurance maladie, des allocations familiales et des assurances vieillesses, <strong>il y a toujours 30 % non expliqu\u00e9s<\/strong>.<\/p>\n<h3><strong>\u00ab\u00a0Assurance maladie\u00a0\u00bb, mais pourquoi pas \u00ab\u00a0Assurance sant\u00e9\u00a0\u00bb ?<\/strong><\/h3>\n<p><strong>Sur ce m\u00eame principe, le \u00ab\u00a0minist\u00e8re de la guerre\u00a0\u00bb est devenu le \u00ab\u00a0minist\u00e8re de la D\u00e9fense\u00a0\u00bb.<\/strong><br \/>\nBonne question. Je ne sais pas ? C&rsquo;est un terme qui nous vient de l&rsquo;apr\u00e8s guerre. Il est vrai que cela \u00ab\u00a0positiverait\u00a0\u00bb la d\u00e9marche chez le m\u00e9decin sans toutefois laisser imaginer que nous adopterions les m\u00e9thodes \u00e0 la chinoise. <strong>Les asiatiques entretiennent de fa\u00e7on g\u00e9n\u00e9rale, une relation avec leur m\u00e9decin plus pr\u00e9ventive<\/strong> et on pourrait en effet parler d&rsquo;assurance sant\u00e9. Il faut se rendre \u00e0 l&rsquo;\u00e9vidence que chaque pays s&rsquo;approprie une culture et nous ne sommes ni chinois ni am\u00e9ricains.<\/p>\n<h3><strong>Que pensez-vous de la m\u00e9decine en France ? Y-a-t-il un effet \u00ab\u00a0docteur House\u00a0\u00bb \u00e0 l&rsquo;am\u00e9ricaine ?<\/strong><\/h3>\n<p>L&rsquo;inconv\u00e9nient de cette s\u00e9rie est qu\u2019<strong>elle apporte une image erron\u00e9e de notre syst\u00e8me fran\u00e7ais.<\/strong> \u00c0 l&rsquo;image des s\u00e9ries polici\u00e8res am\u00e9ricaines o\u00f9 les mandats de perquisition sont \u00e9voqu\u00e9s, mais qui n&rsquo;existent pas en France, nous retrouvons des m\u00e9thodes m\u00e9dicales US sans \u00e9quivalent. Pour exemple, le diagnostic est (d&rsquo;autant plus qu&rsquo;il s&rsquo;agit dans la s\u00e9rie de m\u00e9decine interne) une analyse mise \u00e0 plat des sympt\u00f4mes et des rem\u00e8des en face. De l&rsquo;autre c\u00f4t\u00e9 de l&rsquo;atlantique, on part du postulat que ce n&rsquo;est pas une science exacte et on applique des sch\u00e9mas rationnels en relation, sans priorit\u00e9 alors qu&rsquo;en Europe, nous pr\u00e9conisons parmi le diagnostic, les rem\u00e8des prioritaires en fonction de la gravit\u00e9 dans la liste des sympt\u00f4mes. <strong>Il n&rsquo;y a pas de bonnes ou mauvaises m\u00e9thodes et elles peuvent tr\u00e8s bien s&rsquo;appliquer chez les uns et chez les autres,<\/strong> mais nous constatons que chaque m\u00e9thode correspond \u00e0 une culture. Et puis, l&rsquo;acte intellectuel n&rsquo;est pas r\u00e9mun\u00e9r\u00e9 en France, alors comment g\u00e9rer le temps quand un minimum de rentabilit\u00e9 est n\u00e9cessaire pour vivre, payer ses factures et ses frais.<br \/>\nPour revenir \u00e0 la s\u00e9rie t\u00e9l\u00e9vis\u00e9e, n&rsquo;oublions pas qu&rsquo;il s&rsquo;agit d&rsquo;une fiction. On peut s&rsquo;en persuader en voyant la <strong>liste impressionnante de cas tr\u00e8s rares et sp\u00e9cifiques se produire<\/strong> dans chaque \u00e9pisode \ud83d\ude42<\/p>\n<h3><strong>Qu&rsquo;en est-il de nos m\u00e9thodes ?<\/strong><\/h3>\n<p><strong>Trop souvent, les patients ne sont pas malades !<\/strong> Ils consomment de la m\u00e9decine. Je m&rsquo;explique. Il y a eu de toute \u00e9vidence, une augmentation de la demande. 70% des consultations ont comme socle fondamental, le mal-\u00eatre. Notre culture de la science exacte a fa\u00e7onn\u00e9 une demande digne d&rsquo;une pr\u00e9cision chirurgicale et associons notre m\u00e9decine \u00e0 un \u00e9l\u00e9ment curatif imm\u00e9diat. <strong>20 \u00e0 30 % de nos m\u00e9dicaments sont de type pr\u00e9ventif<\/strong> et on op\u00e8re dans 80 % des cas. Jadis, un grand-p\u00e8re de 80 ans passait \u00e0 c\u00f4t\u00e9 d&rsquo;une op\u00e9ration pour raison d&rsquo;\u00e2ge, aujourd&rsquo;hui, et c&rsquo;est tant mieux, nous consid\u00e9rons que ce s\u00e9nior actif \u00e0 besoin de cette op\u00e9ration pour retourner \u00e0 ses occupations. Vous comprenez que nous cumulons, un besoin n\u00e9cessaire de d\u00e9penses li\u00e9es \u00e0 notre esp\u00e9rance de vie et de lacunes sur la r\u00e9cup\u00e9ration d&rsquo;argent dues \u00e0 une \u00ab\u00a0suprasocialisation\u00a0\u00bb d&rsquo;un syst\u00e8me bas\u00e9 \u00e0 l&rsquo;origine sur la cotisation. Ce qui co\u00fbte le plus cher dans la vie d&rsquo;un \u00eatre humain reste le d\u00e9but et la fin\u2026 sa naissance et son d\u00e9c\u00e8s s\u2019il s&rsquo;agit de longue maladie.<\/p>\n<h3><strong>Mais la formation d&rsquo;un m\u00e9decin n&rsquo;est-elle pas une science que l&rsquo;on pourrait croire exacte ?<\/strong><\/h3>\n<p>J&rsquo;ai 23 ans de profession, et lorsque j&rsquo;ai fait mes \u00e9tudes, il \u00e9tait fr\u00e9quent de suivre une voie litt\u00e9raire, avec du latin, du grec, de la philosophie. Aujourd&rsquo;hui la tendance s&rsquo;est renvers\u00e9e et les parcours de<strong> nos m\u00e9decins sont essentiellement scientifiques.<\/strong> Ces jeunes g\u00e9n\u00e9rations ont une pression de plus \u00e0 g\u00e9rer d&rsquo;autant, que <strong>nous<\/strong> <strong>subissons une obligation de moyens qui n&rsquo;arrange pas les choses.<\/strong><\/p>\n<h3><strong>Obligation de moyens, cela a un co\u00fbt ?<\/strong><\/h3>\n<p>Oui, nous ne parlons <strong>pas d&rsquo;obligation de r\u00e9sultats, mais de moyens.<\/strong> Nous devons mettre les moyens n\u00e9cessaires pour ne pas passer \u00e0 c\u00f4t\u00e9 d&rsquo;une maladie. Allons nous prendre alors le risque d&rsquo;\u00e9conomiser un examen n\u00e9cessaire ? Non, c&rsquo;est humain &#8230; mais pas rentable si on ose encore parler de rentabilit\u00e9 en m\u00e9decine.<\/p>\n<h3><strong>Vous parliez des seniors actifs, sont-ils forc\u00e9ment en meilleure sant\u00e9 qu&rsquo;avant ?<\/strong><\/h3>\n<p><strong>La question r\u00e9v\u00e8le une r\u00e9ponse tr\u00e8s complexe.<\/strong><br \/>\n<strong> Oui et non<\/strong>. En effet, nous n&rsquo;avons plus l&rsquo;image des \u00ab\u00a0grabataires\u00a0\u00bb, grisonnants que pouvaient \u00eatre nos arri\u00e8res grands parents. Les seniors sont actifs, car il y a de plus en plus de personnes \u00e0 la retraite en bonne sant\u00e9. Mais attention aux effets de masque.<br \/>\nPremi\u00e8rement, s\u2019il y a une esp\u00e9rance de vie prolong\u00e9e, nous rencontrons alors des maladies auquel nous \u00e9tions peu confront\u00e9s. La maladie d&rsquo;Alzheimer est trop souvent cit\u00e9e dans les cas de s\u00e9nilit\u00e9. Elle peut \u00eatre consid\u00e9r\u00e9e comme telle quand on rencontre un sujet qui est \u00ab\u00a0jeune\u00a0\u00bb et qui manifeste une progression de perte de m\u00e9moire rapide, sinon il s&rsquo;agit d&rsquo;une d\u00e9g\u00e9n\u00e9rescence que l&rsquo;on appelle s\u00e9nilit\u00e9.<br \/>\nDeuxi\u00e8mement, nous accusons une esp\u00e9rance de vie plus importante qu&rsquo;avant, mais notre pourcentage de bonne sant\u00e9 dans une vie a chut\u00e9. Par comparaison extr\u00eame, vous me rappeliez qu&rsquo;un centenaire d&rsquo;Okinawa, est en bonne sant\u00e9 98 % de sa vie. Alors que nous \u00e9tions \u00e0 78 %, nous sommes en train de chuter vers les 65 % \u00e0 grande vitesse. Je peux ajouter le probl\u00e8me des maladies \u00ab\u00a0d&rsquo;adultes\u00a0\u00bb qu&rsquo;on retrouve de plus en plus chez des ados ou jeunes parents, comme le diab\u00e8te de type 2 ou les AVC.<\/p>\n<h3><strong>Les prospectus distribu\u00e9s renseignent-ils vos patients ?<\/strong><\/h3>\n<p>Ma g\u00e9n\u00e9ration a connu un syst\u00e8me de consommation tr\u00e8s faible, rarement sollicit\u00e9e, car pas encore mis \u00e0 l&rsquo;\u00e9preuve par des lobbys de tout genre. Nous n&rsquo;\u00e9tions pas les \u00ab\u00a0cibles\u00a0\u00bb de strat\u00e9gies aiguis\u00e9es, \u00e0 qui il est difficile d&rsquo;\u00e9chapper. Regardez dans une rue, aujourd&rsquo;hui le nombre de fois ou vous \u00eates sollicit\u00e9 par la nourriture \u00ab\u00a0sauvage\u00a0\u00bb inutile, par le grignotage, par les fringues derniers cris et r\u00e9cemment par les grandes marques qui proposent des produits orient\u00e9s vers votre &#8230; b\u00e9b\u00e9. Tout nous pousse \u00e0 la consommation.<br \/>\nSurconsommation de drogue, de musique \u00ab\u00a0forte\u00a0\u00bb, d&rsquo;alcool, de m\u00e9decine due et imm\u00e9diate. Une soci\u00e9t\u00e9 qui consomme s&rsquo;attend \u00e0 consommer et elle ne supporte plus le rel\u00e2chement. Il en est de m\u00eame pour les actes m\u00e9dicaux. J&rsquo;y ai droit, j&rsquo;en veux et j&rsquo;en aurais m\u00eame si je dois refuser un diagnostic qui ne me convient pas pour en solliciter un autre dans la m\u00eame journ\u00e9e.<br \/>\nForc\u00e9ment, pour en revenir \u00e0 votre question, <strong>les prospectus distribu\u00e9s en cabinet ou laboratoire sont orient\u00e9s par la publicit\u00e9.<\/strong> <strong>Pour ma part, j&rsquo;ai refus\u00e9 ces publi-informations<\/strong>, car je ne souhaite pas proposer \u00e0 mes patients un triptyque \u00e9voquent un sympt\u00f4me \u00e0 travers une marque publicitaire. Je s\u00e9lectionne depuis des ann\u00e9es ceux qui pourront rester sur le pr\u00e9sentoir et ne garde que ceux qui informent, sans arri\u00e8re-pens\u00e9e et sans produit \u00e0 vendre.<\/p>\n<h3><strong>Mais dans cette surconsommation, le circuit obligatoire chez le m\u00e9decin traitant n&rsquo;est-il pas un co\u00fbt suppl\u00e9mentaire ?<\/strong><\/h3>\n<p>Je dirais non. Aveugl\u00e9s par cette surconsommation, des comportements sont apparus. Le \u00ab\u00a0<strong>j&rsquo;y ai droit\u00a0<\/strong>\u00bb a fait penser \u00e0 certains patients qu&rsquo;ils pouvaient consommer du \u00ab\u00a0sp\u00e9cialiste\u00a0\u00bb \u00e0 tout va. Sans faire le pr\u00eache pour ma paroisse, je trouve cette r\u00e9solution int\u00e9ressante. Un sp\u00e9cialiste est un sp\u00e9cialiste, il a acquis un savoir tr\u00e8s fin dit \u00ab\u00a0sp\u00e9cialis\u00e9\u00a0\u00bb. Un g\u00e9n\u00e9raliste a une vision globale et pr\u00e9vient les pr\u00e9diagnostics ou auto-diagnostics erron\u00e9s. Par exemple, si vous avez des douleurs violentes au c\u0153ur, sans parler des d\u00e9lais d&rsquo;attente dans certaines villes et\/ou sp\u00e9cialit\u00e9s, vous serez tent\u00e9 d&rsquo;aller voir un cardiologue. Mais savez-vous que cela peut \u00eatre une simple poche \u00e0 air gastrique ? Vous vous \u00e9puisez alors \u00e0 chercher localement sur votre corps les maux alors que de fa\u00e7on plus syst\u00e9mique, votre g\u00e9n\u00e9raliste saura comprendre et interpr\u00e9ter tous vos sympt\u00f4mes. Aujourd&rsquo;hui, on peut aller voir directement un gyn\u00e9cologue, un psychiatre ou un p\u00e9diatre. Je pense qu&rsquo;il faudrait aussi ajouter les dermatologues, car on se retrouve parfois dans des situations de non-sens avec le circuit traditionnel du m\u00e9decin traitant.<\/p>\n<h3><strong>Les gens consomment de la m\u00e9decine tout en s&rsquo;essayant m\u00e9decin ?<\/strong><\/h3>\n<p>Il est vrai que parfois, <strong>on se demande si nous ne sommes pas stupides<\/strong>, nous les m\u00e9decins, de faire tant d&rsquo;ann\u00e9es d&rsquo;\u00e9tudes alors qu&rsquo;<strong>on nous explique que tout est sur internet.<\/strong><\/p>\n<h3><strong>On parle de la s\u00e9cu, mais qu&rsquo;est-ce-qui a chang\u00e9 chez vos patients ces 20 derni\u00e8res ann\u00e9es ?<\/strong><\/h3>\n<p><strong>La s\u00e9curit\u00e9 sociale sera sauv\u00e9e si nous r\u00e9int\u00e9grons une valorisation et une reconnaissance de la m\u00e9decine.<\/strong> Il y a une perte totale de confiance envers les m\u00e9decins et la m\u00e9decine. Un manque de respect et une perte de consid\u00e9ration profonde. Souvenez-vous des m\u00e9decins ou pompiers frapp\u00e9s alors qu&rsquo;ils tentent de porter secours. Est-ce encourageant et valorisant pour les g\u00e9n\u00e9rations de m\u00e9decins \u00e0 venir ? De fa\u00e7on g\u00e9n\u00e9rale, les patients sont perdus et commettent des gestes d&rsquo;auto-m\u00e9dications contre-productifs. Loin des peurs du m\u00e9decin du XVIe si\u00e8cle, la perte de confiance est diff\u00e9rente. Elle se caract\u00e9rise aujourd&rsquo;hui par une peur de ne pas avoir gain de cause, par un manque de ne pas avoir eu une consultation \u00e0 la hauteur de ce que la soci\u00e9t\u00e9 techno-science peut nous servir. Si nous parlons, habitudes, regardez gr\u00e2ce (ou \u00e0 cause) des t\u00e9l\u00e9phones portables, le comportement que nous avons adopt\u00e9. Nous ne supportons plus de ne pas avoir notre interlocuteur au t\u00e9l\u00e9phone et voyons nos futures g\u00e9n\u00e9rations garder le t\u00e9l\u00e9phone \u00e0 la main nuit et jour !!!<\/p>\n<h3><strong>Et qu&rsquo;est-ce qui a chang\u00e9 dans la nature des maladies ?<\/strong><\/h3>\n<p>Principalement les cas de thyro\u00efdes ont augment\u00e9 (Tchernobyl ?). Les cas de malbouffe se sont \u00e9largis aux probl\u00e8mes de nourriture : anorexie, boulimie, surpoids. La malbouffe est devenue le reflet d&rsquo;un comportement social, une sorte d&rsquo;indicateur de sant\u00e9 physique et mentale. Nous sommes aussi de plus en plus confront\u00e9s aux probl\u00e8mes d&rsquo;alcool et de cannabis chez les jeunes. Le \u00ab\u00a0mal-\u00eatre\u00a0\u00bb est partout et la tranche d&rsquo;\u00e2ge 20\/50 ans est sujette aux \u00e9tats d\u00e9pressifs comme jamais nous n&rsquo;en avons eu.<br \/>\nPour ma part, je suis oblig\u00e9 de constater que les cas de d\u00e9mences ne sont pas rares. Mais les deux faits les plus troublants sont les suivants :<br \/>\n<strong>Nous constatons des fins de vie de plus en plus lamentables et mis\u00e9rables.<\/strong><br \/>\n<strong>Nous constatons un refus de la vieillesse, qui traduit un malaise soci\u00e9tal tr\u00e8s profond o\u00f9 chacun refuse sa place.<\/strong><\/p>\n<p><strong>La m\u00e9decine n&rsquo;est pas pr\u00e9par\u00e9e \u00e0 ce genre de maladies \u00ab\u00a0invent\u00e9es\u00a0\u00bb par l&rsquo;homme.<\/strong><\/p>\n<\/div>\n","protected":false},"excerpt":{"rendered":"<p>Le \u00ab\u00a0trou de la s\u00e9cu\u00a0\u00bb fait d\u00e9bat. Il y a des avis partag\u00e9s sur les m\u00e9thodes \u00e0 appliquer pour faire des \u00e9conomies. Avec tout un &hellip; <\/p>\n","protected":false},"author":1,"featured_media":316,"comment_status":"open","ping_status":"open","sticky":false,"template":"","format":"standard","meta":{"_exactmetrics_skip_tracking":false,"_exactmetrics_sitenote_active":false,"_exactmetrics_sitenote_note":"","_exactmetrics_sitenote_category":0,"jetpack_post_was_ever_published":false,"_jetpack_newsletter_access":"","_jetpack_dont_email_post_to_subs":false,"_jetpack_newsletter_tier_id":0,"_jetpack_memberships_contains_paywalled_content":false,"_jetpack_memberships_contains_paid_content":false,"footnotes":"","jetpack_publicize_message":"","jetpack_publicize_feature_enabled":true,"jetpack_social_post_already_shared":false,"jetpack_social_options":{"image_generator_settings":{"template":"highway","default_image_id":0,"font":"","enabled":false},"version":2}},"categories":[12,3,5],"tags":[],"class_list":["post-314","post","type-post","status-publish","format-standard","has-post-thumbnail","hentry","category-reportage","category-societe","category-temoignages"],"jetpack_publicize_connections":[],"jetpack_featured_media_url":"https:\/\/i0.wp.com\/www.stefaneguilbaud.com\/blog\/wp-content\/uploads\/2013\/11\/stethoscope.jpg?fit=800%2C435&ssl=1","jetpack_sharing_enabled":true,"jetpack_shortlink":"https:\/\/wp.me\/p8a0UX-54","jetpack-related-posts":[{"id":107,"url":"https:\/\/www.stefaneguilbaud.com\/blog\/?p=107","url_meta":{"origin":314,"position":0},"title":"Le syst\u00e8me immunitaire","author":"SG","date":"4 mars 2011","format":false,"excerpt":"Les allergies, les rhumes et les infections sont directement li\u00e9s au combat quotidien, permanent, que m\u00e8ne notre syst\u00e8me immunitaire. Mais encore faut-il qu'il puisse travailler dans de bonnes conditions. Le syst\u00e8me immunitaire est tr\u00e8s abaiss\u00e9 apr\u00e8s un trop grand apport de sucre. C'est en tout cas ce que nous r\u00e9v\u00e8le\u2026","rel":"","context":"Dans &quot;Alimentation&quot;","block_context":{"text":"Alimentation","link":"https:\/\/www.stefaneguilbaud.com\/blog\/?cat=1"},"img":{"alt_text":"","src":"https:\/\/i0.wp.com\/www.stefaneguilbaud.com\/blog\/wp-content\/uploads\/2013\/11\/pollen.jpg?fit=800%2C435&ssl=1&resize=350%2C200","width":350,"height":200,"srcset":"https:\/\/i0.wp.com\/www.stefaneguilbaud.com\/blog\/wp-content\/uploads\/2013\/11\/pollen.jpg?fit=800%2C435&ssl=1&resize=350%2C200 1x, https:\/\/i0.wp.com\/www.stefaneguilbaud.com\/blog\/wp-content\/uploads\/2013\/11\/pollen.jpg?fit=800%2C435&ssl=1&resize=525%2C300 1.5x, https:\/\/i0.wp.com\/www.stefaneguilbaud.com\/blog\/wp-content\/uploads\/2013\/11\/pollen.jpg?fit=800%2C435&ssl=1&resize=700%2C400 2x"},"classes":[]},{"id":485,"url":"https:\/\/www.stefaneguilbaud.com\/blog\/?p=485","url_meta":{"origin":314,"position":1},"title":"Pomme d&rsquo;appui","author":"SG","date":"23 d\u00e9cembre 2009","format":false,"excerpt":"Pomme d'api ou pomme d'appui ... \u00e0 un syst\u00e8me profitant du syst\u00e8me bio ! Si il y a bien un fruit que j'essaye d'acheter bio, c'est la pomme. Elle est tr\u00e8s riche en polyph\u00e9nols (acides hydroxycinnamiques, flavonols, cat\u00e9chines, proanthocyanidines) et ces substances sont concentr\u00e9es dans la peau.Il est alors n\u00e9cessaire\u2026","rel":"","context":"Dans &quot;Alimentation&quot;","block_context":{"text":"Alimentation","link":"https:\/\/www.stefaneguilbaud.com\/blog\/?cat=1"},"img":{"alt_text":"","src":"https:\/\/i0.wp.com\/www.stefaneguilbaud.com\/blog\/wp-content\/uploads\/2010\/12\/croque-pomme.jpg?fit=800%2C435&ssl=1&resize=350%2C200","width":350,"height":200,"srcset":"https:\/\/i0.wp.com\/www.stefaneguilbaud.com\/blog\/wp-content\/uploads\/2010\/12\/croque-pomme.jpg?fit=800%2C435&ssl=1&resize=350%2C200 1x, https:\/\/i0.wp.com\/www.stefaneguilbaud.com\/blog\/wp-content\/uploads\/2010\/12\/croque-pomme.jpg?fit=800%2C435&ssl=1&resize=525%2C300 1.5x, https:\/\/i0.wp.com\/www.stefaneguilbaud.com\/blog\/wp-content\/uploads\/2010\/12\/croque-pomme.jpg?fit=800%2C435&ssl=1&resize=700%2C400 2x"},"classes":[]},{"id":504,"url":"https:\/\/www.stefaneguilbaud.com\/blog\/?p=504","url_meta":{"origin":314,"position":2},"title":"Le moratoire du ma\u00efs transg\u00e9nique MON810 est-il durable ?","author":"SG","date":"19 octobre 2009","format":false,"excerpt":"L'AFSSA nous affirme que le ma\u00efs transg\u00e9nique MON810 (fabriqu\u00e9 par la soci\u00e9t\u00e9 Monsanto* ) ne serait pas n\u00e9faste pour la sant\u00e9 mais ... Il semble que nous vivons un grand moment de doute sur cette question. En effet, l'AFSSA (Agence Fran\u00e7aise de S\u00e9curit\u00e9 Sanitaire des Aliments) est affirmative mais sans\u2026","rel":"","context":"Dans &quot;Alimentation&quot;","block_context":{"text":"Alimentation","link":"https:\/\/www.stefaneguilbaud.com\/blog\/?cat=1"},"img":{"alt_text":"","src":"https:\/\/i0.wp.com\/www.stefaneguilbaud.com\/blog\/wp-content\/uploads\/2013\/11\/pollen.jpg?fit=800%2C435&ssl=1&resize=350%2C200","width":350,"height":200,"srcset":"https:\/\/i0.wp.com\/www.stefaneguilbaud.com\/blog\/wp-content\/uploads\/2013\/11\/pollen.jpg?fit=800%2C435&ssl=1&resize=350%2C200 1x, https:\/\/i0.wp.com\/www.stefaneguilbaud.com\/blog\/wp-content\/uploads\/2013\/11\/pollen.jpg?fit=800%2C435&ssl=1&resize=525%2C300 1.5x, https:\/\/i0.wp.com\/www.stefaneguilbaud.com\/blog\/wp-content\/uploads\/2013\/11\/pollen.jpg?fit=800%2C435&ssl=1&resize=700%2C400 2x"},"classes":[]},{"id":2351,"url":"https:\/\/www.stefaneguilbaud.com\/blog\/?p=2351","url_meta":{"origin":314,"position":3},"title":"Vitamine D\u2026 comme D\u00e9solation ?","author":"SG","date":"24 novembre 2016","format":false,"excerpt":"Depuis que j\u2019encourage \u00e0 la d\u00e9sob\u00e9issance alimentaire, j\u2019ai toujours soutenu l\u2019id\u00e9e que la base m\u00eame de l\u2019alimentation apporte le socle fondamental \u00e0 l\u2019\u00e9quilibre. Le syst\u00e8me immunitaire \u00e0 besoin d\u2019\u00eatre en contact avec une nature vraie, non aseptis\u00e9e, afin de se confronter a cette exp\u00e9rience et n\u2019en sortir que plus fort.\u2026","rel":"","context":"Dans &quot;Alimentation&quot;","block_context":{"text":"Alimentation","link":"https:\/\/www.stefaneguilbaud.com\/blog\/?cat=1"},"img":{"alt_text":"","src":"https:\/\/i0.wp.com\/www.stefaneguilbaud.com\/blog\/wp-content\/uploads\/2016\/11\/poisson.jpg?fit=800%2C435&ssl=1&resize=350%2C200","width":350,"height":200,"srcset":"https:\/\/i0.wp.com\/www.stefaneguilbaud.com\/blog\/wp-content\/uploads\/2016\/11\/poisson.jpg?fit=800%2C435&ssl=1&resize=350%2C200 1x, https:\/\/i0.wp.com\/www.stefaneguilbaud.com\/blog\/wp-content\/uploads\/2016\/11\/poisson.jpg?fit=800%2C435&ssl=1&resize=525%2C300 1.5x, https:\/\/i0.wp.com\/www.stefaneguilbaud.com\/blog\/wp-content\/uploads\/2016\/11\/poisson.jpg?fit=800%2C435&ssl=1&resize=700%2C400 2x"},"classes":[]},{"id":3979,"url":"https:\/\/www.stefaneguilbaud.com\/blog\/?p=3979","url_meta":{"origin":314,"position":4},"title":"Un mod\u00e8le publicitaire\u2026 obsol\u00e8te ?","author":"SG","date":"4 mai 2023","format":false,"excerpt":"IN SITU MEDIA AGACUS ! Dans notre soci\u00e9t\u00e9 moderne, la publicit\u00e9 est partout. Elle est pr\u00e9sente dans les rues, \u00e0 la t\u00e9l\u00e9vision, sur Internet et m\u00eame sur nos smartphones. Cette saturation m\u00e8ne \u00e0 un constat simple : de plus en plus de personnes en ont marre de cette omnipr\u00e9sence publicitaire.\u2026","rel":"","context":"Dans &quot;Coups de gueule&quot;","block_context":{"text":"Coups de gueule","link":"https:\/\/www.stefaneguilbaud.com\/blog\/?cat=7"},"img":{"alt_text":"","src":"https:\/\/i0.wp.com\/www.stefaneguilbaud.com\/blog\/wp-content\/uploads\/2023\/05\/pexels-ksenia-chernaya-4740522-studio.jpg?fit=800%2C435&ssl=1&resize=350%2C200","width":350,"height":200,"srcset":"https:\/\/i0.wp.com\/www.stefaneguilbaud.com\/blog\/wp-content\/uploads\/2023\/05\/pexels-ksenia-chernaya-4740522-studio.jpg?fit=800%2C435&ssl=1&resize=350%2C200 1x, https:\/\/i0.wp.com\/www.stefaneguilbaud.com\/blog\/wp-content\/uploads\/2023\/05\/pexels-ksenia-chernaya-4740522-studio.jpg?fit=800%2C435&ssl=1&resize=525%2C300 1.5x, https:\/\/i0.wp.com\/www.stefaneguilbaud.com\/blog\/wp-content\/uploads\/2023\/05\/pexels-ksenia-chernaya-4740522-studio.jpg?fit=800%2C435&ssl=1&resize=700%2C400 2x"},"classes":[]},{"id":4053,"url":"https:\/\/www.stefaneguilbaud.com\/blog\/?p=4053","url_meta":{"origin":314,"position":5},"title":"L&rsquo;aspartame, un faux sucre canc\u00e9rig\u00e8ne ?","author":"SG","date":"7 septembre 2023","format":false,"excerpt":"L'aspartame, un \u00e9dulcorant artificiel pr\u00e9sent dans de nombreux aliments et boissons, a \u00e9t\u00e9 class\u00e9 comme \"possiblement canc\u00e9rog\u00e8ne pour l'homme\" par le Centre international de recherche sur le cancer (CIRC). Cette classification est bas\u00e9e sur des \u00e9tudes qui ont montr\u00e9 un lien possible entre l'exposition \u00e0 l'aspartame et le d\u00e9veloppement de\u2026","rel":"","context":"Dans &quot;Actualit\u00e9s&quot;","block_context":{"text":"Actualit\u00e9s","link":"https:\/\/www.stefaneguilbaud.com\/blog\/?cat=8"},"img":{"alt_text":"","src":"https:\/\/i0.wp.com\/www.stefaneguilbaud.com\/blog\/wp-content\/uploads\/2013\/11\/aspartam.jpg?fit=820%2C435&ssl=1&resize=350%2C200","width":350,"height":200,"srcset":"https:\/\/i0.wp.com\/www.stefaneguilbaud.com\/blog\/wp-content\/uploads\/2013\/11\/aspartam.jpg?fit=820%2C435&ssl=1&resize=350%2C200 1x, https:\/\/i0.wp.com\/www.stefaneguilbaud.com\/blog\/wp-content\/uploads\/2013\/11\/aspartam.jpg?fit=820%2C435&ssl=1&resize=525%2C300 1.5x, https:\/\/i0.wp.com\/www.stefaneguilbaud.com\/blog\/wp-content\/uploads\/2013\/11\/aspartam.jpg?fit=820%2C435&ssl=1&resize=700%2C400 2x"},"classes":[]}],"jetpack_likes_enabled":true,"_links":{"self":[{"href":"https:\/\/www.stefaneguilbaud.com\/blog\/index.php?rest_route=\/wp\/v2\/posts\/314","targetHints":{"allow":["GET"]}}],"collection":[{"href":"https:\/\/www.stefaneguilbaud.com\/blog\/index.php?rest_route=\/wp\/v2\/posts"}],"about":[{"href":"https:\/\/www.stefaneguilbaud.com\/blog\/index.php?rest_route=\/wp\/v2\/types\/post"}],"author":[{"embeddable":true,"href":"https:\/\/www.stefaneguilbaud.com\/blog\/index.php?rest_route=\/wp\/v2\/users\/1"}],"replies":[{"embeddable":true,"href":"https:\/\/www.stefaneguilbaud.com\/blog\/index.php?rest_route=%2Fwp%2Fv2%2Fcomments&post=314"}],"version-history":[{"count":5,"href":"https:\/\/www.stefaneguilbaud.com\/blog\/index.php?rest_route=\/wp\/v2\/posts\/314\/revisions"}],"predecessor-version":[{"id":1945,"href":"https:\/\/www.stefaneguilbaud.com\/blog\/index.php?rest_route=\/wp\/v2\/posts\/314\/revisions\/1945"}],"wp:featuredmedia":[{"embeddable":true,"href":"https:\/\/www.stefaneguilbaud.com\/blog\/index.php?rest_route=\/wp\/v2\/media\/316"}],"wp:attachment":[{"href":"https:\/\/www.stefaneguilbaud.com\/blog\/index.php?rest_route=%2Fwp%2Fv2%2Fmedia&parent=314"}],"wp:term":[{"taxonomy":"category","embeddable":true,"href":"https:\/\/www.stefaneguilbaud.com\/blog\/index.php?rest_route=%2Fwp%2Fv2%2Fcategories&post=314"},{"taxonomy":"post_tag","embeddable":true,"href":"https:\/\/www.stefaneguilbaud.com\/blog\/index.php?rest_route=%2Fwp%2Fv2%2Ftags&post=314"}],"curies":[{"name":"wp","href":"https:\/\/api.w.org\/{rel}","templated":true}]}}