{"id":310,"date":"2010-06-29T00:00:50","date_gmt":"2010-06-28T23:00:50","guid":{"rendered":"http:\/\/www.stefaneguilbaud.com\/journal\/?p=310"},"modified":"2013-11-28T15:51:08","modified_gmt":"2013-11-28T14:51:08","slug":"laile-ou-la-cuisse","status":"publish","type":"post","link":"https:\/\/www.stefaneguilbaud.com\/blog\/?p=310","title":{"rendered":"L&rsquo;aile ou la cuisse"},"content":{"rendered":"<p>Loin l&rsquo;id\u00e9e, dans nos assiettes, d&rsquo;une conspiration qui nous mettrait en danger au quotidien. Loin l&rsquo;id\u00e9e d&rsquo;une conspiration qui nous orienterait vers une alimentation digne des entreprises Tricatel, comme dans le film l&rsquo;aile ou la cuisse &#8230;<br \/>mais tr\u00e8s proche l&rsquo;id\u00e9e que le profit est bien plus puissant que la conspiration.<\/p>\n<div>\n<p>En 1976, Claude Zidi sortait son film \u00ab\u00a0L&rsquo;aile ou la cuisse\u00a0\u00bb, dont voici le synopsis pour ceux qui ne l&rsquo;auraient pas vu est d\u00e9crit par cinemovies.fr : \u00ab\u00a0<em>Le critique culinaire Charles Duchemin vient d&rsquo;\u00eatre \u00e9lu \u00e0 l&rsquo;Acad\u00e9mie fran\u00e7aise pour son ouvrage sur le go\u00fbt et la cuisine. Son pire ennemi est l&rsquo;inf\u00e2me Tricatel empereur de la cuisine toute faite, dont le slogan est : \u201cNe mangez plus&#8230; bouffez !\u201d.<\/em>\u00a0\u00bb<\/p>\n<p>Cette fresque satirique sur fond de comique, m&rsquo;avait marqu\u00e9 et j&rsquo;ai commenc\u00e9 tr\u00e8s jeune \u00e0 m&rsquo;int\u00e9resser \u00e0 la nourriture et au respect de celle-ci pour que cela n&rsquo;arrive jamais. Doux r\u00eaveur.<\/p>\n<p>D&rsquo;aucuns (il n&rsquo;y a pas si longtemps que cela encore) lan\u00e7aient en r\u00e9ponse \u00e0 mes campagnes d&rsquo;informations contre l&rsquo;industrialisation de l&rsquo;alimentation que je pouvais me fourvoyer en imaginant une sorte de complot contre l&rsquo;humanit\u00e9. Une machination diabolique qui proposerait \u00e0 l&rsquo;image des \u00ab\u00a0soleils verts\u00a0\u00bb d&rsquo;un c\u00e9l\u00e8bre film am\u00e9ricain, une logique imparable pour distribuer de fa\u00e7on massive le r\u00e9sultat d&rsquo;une machination alimentaire qui n&rsquo;existerait que dans ma t\u00eate.<\/p>\n<p>Pour tout formateur ou consultant en changements de comportements alimentaires, il est \u00e9vident que cela ne fonctionne pas comme cela, mais c&rsquo;est v\u00e9cu par la population comme un camouflet. Bien entendu, il est vrai qu&rsquo;aucun complot ne se trame, mais l&rsquo;effet \u00ab\u00a0conspiratoire\u00a0\u00bb est d\u00fb \u00e0 la notion de profit engendr\u00e9 par l&rsquo;alimentation et des pressions que cela peut repr\u00e9senter sur quiconque voudrait jouer au grain de sable.<\/p>\n<p><strong>Explication d&rsquo;un sc\u00e9nario qui ne cesse de s&rsquo;aggraver !<\/strong><\/p>\n<p>Le magazine t\u00e9l\u00e9vis\u00e9 <em>\u00ab\u00a0Pi\u00e8ces \u00e0 conviction, n\u00b078 \u00ab\u00a0<\/em>, anim\u00e9 par \u00c9lide Lucet, s&rsquo;est empar\u00e9 ce lundi 21 juin 2010 de sujets que nous d\u00e9non\u00e7ons r\u00e9guli\u00e8rement dans le changement de comportements alimentaires, dans cette lutte contre le nutritionnisme ambiant.<\/p>\n<p>Au menu,<strong><br \/><\/strong><\/p>\n<h3><strong>\u2022 Les fraises de Welba, en Espagne.<\/strong><\/h3>\n<p>Alors que le bromure de m\u00e9thyle est interdit depuis mars 1990 en Europe, une d\u00e9rogation a \u00e9t\u00e9 faites, pour l&rsquo;Espagne et cela l&rsquo;autorise \u00e0 utiliser cette substance chimique tr\u00e8s controvers\u00e9e.<br \/>Alors que les contr\u00f4les sanitaires interrog\u00e9s d\u00e9mentent toute utilisation de ces produits. Lors du reportage, deux barquettes analys\u00e9es contenaient 2,7 mg de bromure de m\u00e9thyle.<br \/>Alors qu&rsquo;il se dit encore que ce n&rsquo;est pas possible que l&rsquo;Espagne est pu avoir cette d\u00e9rogation, notre ministre de l&rsquo;Agriculture, Bruno Le Maire, en plus de ne pas d\u00e9mentir r\u00e9pond simplement \u00e0 \u00c9lise Lucet qu&rsquo;il ne sait pas pourquoi une telle autorisation a pu avoir lieu ?<\/p>\n<p><em><strong>Solution : <\/strong>Elle reste identique au message claironn\u00e9 sans cesse depuis toutes ces ann\u00e9es. Pas de produits hors saison et privil\u00e9gier les productions locales. \u00c0 propos des fraises. Si nous devions \u00e9tablir une liste des fruits \u00e0 consommer de pr\u00e9f\u00e9rences Bio (en raison de la p\u00e9n\u00e9tration des pesticides et l&rsquo;impossibilit\u00e9 de peler quoi que ce soit), la fraise serait en premier de celle-ci. <em>[Je proposerai une liste prochainement]<\/em><\/em><\/p>\n<h3><strong>\u2022 Le saumon<\/strong><\/h3>\n<p>Lorsque un produit devient \u00e0 la mode, il devient souvent dangereux. C&rsquo;est une sorte de boucle infernale qui s&rsquo;op\u00e8re syst\u00e9matiquement. Fraudes, vols, \u00e9tiquetages douteux, cultures intensives rentables &#8230; sont autant de sujets que la r\u00e9pression des fraudes [DGCCRF] attribue facilement aux produits phares, ses vedettes qui font exploser les portes-monnaies.<\/p>\n<p>Le saumon n&rsquo;\u00e9chappe pas \u00e0 cette r\u00e8gle. Je d\u00e9non\u00e7ais d\u00e9j\u00e0 les repas de f\u00eates \u00ab\u00a0annualis\u00e9s\u00a0\u00bb, avec le saumon fum\u00e9 que l&rsquo;on a voulu servir sur toutes les tables &#8230; toute l&rsquo;ann\u00e9e. Il faut comprendre que ce genre de besoins cr\u00e9ent vite une envie de se positionner sur un march\u00e9 dop\u00e9 \u00e0 la force de vente et que l&rsquo;achat marchandise est une cl\u00e9 de voute dans la rentabilit\u00e9 d&rsquo;une entreprise. Un march\u00e9 en hausse engendre des profits et les demandes engendrent des productions massives d\u00e9sastreuses pour la plan\u00e8te ou le bien-\u00eatre des animaux. La mode des sushis a multipli\u00e9 la demande en saumon. Je vous laisse imaginer.<br \/>Ces poissons parqu\u00e9s de plus en plus nombreux se retrouvent confront\u00e9s au m\u00eame probl\u00e8me de surpopulation que les poules ou les porcs. Cette concentration favorise les maladies \u00e0 grande \u00e9chelle. Les poux du saumon devenant de plus en plus un probl\u00e8me sanitaire et \u00e9conomique, les \u00e9leveurs Norv\u00e9giens font appel \u00e0 un pesticide le \u00ab\u00a0Diflubenzuron\u00a0\u00bb. Vous avez bien lu. Un pesticide donn\u00e9 avec la nourriture pour les saumons, car les \u00e9leveurs de saumons sont d\u00e9pass\u00e9s par ce parasite.<\/p>\n<p>Avec une consommation moyenne de 170 000 tonnes de saumon par an, la France en consomme presque 100 000 tonnes en provenance de Norv\u00e8ge.<br \/>Toute faune se situant aux alentours des filets de poisson, succombe \u00e0 cette potion mal\u00e9fique. Est-ce cens\u00e9 \u00eatre rassurant pour nos assiettes ?<\/p>\n<p><em><strong>Solution<\/strong> : Choisir pr\u00e9cautionneusement son poissonnier. Un vrai, qui reste amoureux de son m\u00e9tier !! Loin des \u00e9tals mercantiles de certaines enseignes. Revenez \u00e0 des poissons oubli\u00e9s, peu on\u00e9reux et oubli\u00e9s du \u00ab\u00a0star-system\u00a0\u00bb. Concernant le saumon, orientez-vous vers des labels rouges reconnus par les tests d&rsquo;associations de consommateurs et les labels biologiques. Tout n&rsquo;est pas rose au pays du saumon, mais le bio reste le moindre mal.<\/em><\/p>\n<h3>\u2022 Le cochon<\/h3>\n<p>Presque mon cheval de bataille ! Dans mon livre, dans mes conf\u00e9rences, mes passages t\u00e9l\u00e9, je dis \u00e0 qui veut l&rsquo;entendre que je suis un fils de boucher charcutier et je ne peux pas comprendre que l&rsquo;homme puisse faire subir cela \u00e0 un animal. Mon p\u00e8re, en 40 ans de carri\u00e8re, a toujours eu un profond respect pour la vie et la dignit\u00e9 animale et cela serait bien que cela continue.<\/p>\n<p>Mais o\u00f9 va l&rsquo;homme ? Il se tue \u00e0 petit feu en administrant des antibiotiques pour jouer les r\u00f4les de facteur de croissance. La machine infernale a commenc\u00e9 d\u00e8s 1940 avec les abattoirs de Chicago et cela ne s&rsquo;est jamais arr\u00eat\u00e9. L&rsquo;industrie de la viande industrielle est un sc\u00e9nario catastrophe qu&rsquo;il faut revoir compl\u00e8tement. Consommation de ressources excessive, maltraitances, maladies professionnelles cach\u00e9es, risques pand\u00e9miques permanents. Fabrice Nicolino propose 380 pages terrifiantes avec \u00ab\u00a0Bidoche, l&rsquo;industrie de la viande menace le monde\u00a0\u00bb aux \u00e9ditions \u00ab\u00a0Les liens qui lib\u00e8rent\u00a0\u00bb.<br \/>Nous consommons 4 fois plus de viandes qu&rsquo;il y a 20 ans.<\/p>\n<p><em><strong>Solution<\/strong> : Presque une rengaine &#8230; Mangez peu, mangez mieux. La solution est dans la viande biologique, en excluant les viandes de r\u00e9forme (y compris en bio).<\/em><\/p>\n<h3>\u2022 Les volailles<\/h3>\n<p>Un seul mot. La \u00ab\u00a0T\u00e9tracycline\u00a0\u00bb\u00a0 reste un antibiotique qui a \u00e9t\u00e9 rep\u00e9r\u00e9 comme dangereux, suite \u00e0 une \u00e9tude men\u00e9e sur des chiens de type Colley, dont les dents s&rsquo;abimaient en ing\u00e9rant des carcasses de poulets industriels. Des t\u00e9moignages accablants d\u00e9crivent la situation de ces animaux, <a href=\"http:\/\/biogassendi.perso.sfr.fr\/animaux.htm\" target=\"_blank\" hreflang=\"fr\">parcourez-les.<\/a><br \/>Nous consommons 10 fois plus de volailles qu&rsquo;il y a 20 ans.<\/p>\n<p><em><strong>Solution<\/strong> : Comme pour toutes les viandes, m\u00eame alternative. Privil\u00e9giez la qualit\u00e9 biologique \u00e0 la quantit\u00e9 industrielle.<\/em><\/p>\n<p>&#8211;<br \/>Bref. Tout cela n&rsquo;est rien \u00e0 c\u00f4t\u00e9 de la petite blague que \u00c9lise Lucet a souhait\u00e9 faire \u00e0 Bruno Lemaire, en lui tendant une assiette joliment d\u00e9cor\u00e9e de produits trait\u00e9s dans le sujet. Saumon, poulet, jambon. Autant de produits que notre ministre de l&rsquo;agriculture a refuser de consommer sur le plateau.<br \/>Mais il ne s&rsquo;est pas cach\u00e9 derri\u00e8re une excuse bidon, qui pourrait laisser croire qu&rsquo;il n&rsquo;\u00e9tait pas de bon ton de manger sur un plateau pour r\u00e9pondre \u00e0 une petite provocation journalistique .. non, non. Il propose comme motif, \u00e0 son refus de go\u00fbter aux aliments propos\u00e9s pour la deuxi\u00e8me fois \u00ab\u00a0<em>Sans fa\u00e7on, je vous proposerais mes produits la prochaine fois, cela sera s\u00fbrement meilleur !!<\/em>\u00ab\u00a0.<br \/>Tout est dit.<\/p>\n<p>Pour finir, lors de ce reportage, Romain, Jean-Pierre et Caroline se sont pr\u00eat\u00e9s au jeu de consommer un menu sp\u00e9cifique pendant 10 jours et je vous propose les r\u00e9sultats qui sonnent comme un constat \u00ab\u00a0anti nutritionnisme\u00a0\u00bb en faveur d&rsquo;un changement de comportements alimentaires, loin des r\u00e9gimes marketing amaigrissants, soit-disant \u00e9quilibr\u00e9s ou b\u00e9n\u00e9fiques pour votre sant\u00e9.<\/p>\n<p>Le test est sous un protocole mis au point par le Dr Patrice Halimi.<br \/><strong>Description de leurs achats et des r\u00e9sultats :<\/strong><\/p>\n<p><strong>1) Jean Pierre :<br \/><\/strong>&#8211; Produit Discount. Bons march\u00e9s et import\u00e9s hors saison.<br \/>&#8211; Le m\u00e9decin constate qu&rsquo;il a mang\u00e9 gras avec 7 fois plus de conservateurs et de colorants. Son urine d\u00e9voile un taux d&rsquo;acide hippurique 3 fois plus \u00e9lev\u00e9.<br \/>&#8211; Jean pierre se d\u00e9crit comme se sentant lourd. Il dit avoir la sensation d&rsquo;avoir toujours besoin de manger et ne jamais \u00eatre rassasi\u00e9.<br \/>&#8211; Il a pris environ +2 kg<\/p>\n<p><strong>2) Romain :<\/strong><br \/>&#8211; Produit \u00ab\u00a0Bio\u00a0\u00bb exclusivement.<br \/>&#8211; Le m\u00e9decin constate qu&rsquo;il a mang\u00e9 moins gras et que son urine d\u00e9voile un taux d&rsquo;acide hippurique divis\u00e9 par deux.<br \/>&#8211; Romain d\u00e9crit son aventure de la sorte. J&rsquo;ai mang\u00e9 des aliments qui avaient plus de go\u00fbt, mais plus cher. Par contre, il se sentait mieux (sans mesurer si il s&rsquo;agissait de l&rsquo;effet placebo), avec un sentiment de manger plus cher, mais mieux et du coup &#8230; moins. Dans les contraintes, il reconnait que la soci\u00e9t\u00e9 n&rsquo;est pas faite pour tout cela et que c&rsquo;est difficile \u00e0 appliquer.<br \/>&#8211; Il a perdu 2kg<\/p>\n<p><strong>3) Caroline :<\/strong><br \/>Rien n&rsquo;avait \u00e9t\u00e9 chang\u00e9 dans son alimentation vari\u00e9e et rien na chang\u00e9 dans ses analyses. Caroline a servi de test pour \u00e9talonner la notion de changement de Jean-Pierre et Romain.<\/p>\n<\/div>\n","protected":false},"excerpt":{"rendered":"<p>Loin l&rsquo;id\u00e9e, dans nos assiettes, d&rsquo;une conspiration qui nous mettrait en danger au quotidien. Loin l&rsquo;id\u00e9e d&rsquo;une conspiration qui nous orienterait vers une alimentation digne &hellip; <\/p>\n","protected":false},"author":1,"featured_media":312,"comment_status":"open","ping_status":"open","sticky":false,"template":"","format":"standard","meta":{"_exactmetrics_skip_tracking":false,"_exactmetrics_sitenote_active":false,"_exactmetrics_sitenote_note":"","_exactmetrics_sitenote_category":0,"jetpack_post_was_ever_published":false,"_jetpack_newsletter_access":"","_jetpack_dont_email_post_to_subs":false,"_jetpack_newsletter_tier_id":0,"_jetpack_memberships_contains_paywalled_content":false,"_jetpack_memberships_contains_paid_content":false,"footnotes":"","jetpack_publicize_message":"","jetpack_publicize_feature_enabled":true,"jetpack_social_post_already_shared":false,"jetpack_social_options":{"image_generator_settings":{"template":"highway","default_image_id":0,"font":"","enabled":false},"version":2}},"categories":[1],"tags":[],"class_list":["post-310","post","type-post","status-publish","format-standard","has-post-thumbnail","hentry","category-alimentation"],"jetpack_publicize_connections":[],"jetpack_featured_media_url":"https:\/\/i0.wp.com\/www.stefaneguilbaud.com\/blog\/wp-content\/uploads\/2013\/11\/tricatel.jpg?fit=800%2C435&ssl=1","jetpack_sharing_enabled":true,"jetpack_shortlink":"https:\/\/wp.me\/p8a0UX-50","jetpack-related-posts":[{"id":385,"url":"https:\/\/www.stefaneguilbaud.com\/blog\/?p=385","url_meta":{"origin":310,"position":0},"title":"Une Wok&rsquo; Attitude","author":"SG","date":"25 mars 2010","format":false,"excerpt":"Cuisiner au Wok, pour plus de go\u00fbt et moins de gras. Les asiatiques ne se s\u00e9parent jamais de leur ustensile de cuisine, le wok qui, depuis 2000 ans ne cesse de rythmer leurs succulents repas. Mais derri\u00e8re cette tradition qui consiste \u00e0 saisir \u00e0 feu vif de petits l\u00e9gumes, nous\u2026","rel":"","context":"Dans &quot;Alimentation&quot;","block_context":{"text":"Alimentation","link":"https:\/\/www.stefaneguilbaud.com\/blog\/?cat=1"},"img":{"alt_text":"","src":"https:\/\/i0.wp.com\/www.stefaneguilbaud.com\/blog\/wp-content\/uploads\/2010\/03\/wok.jpg?fit=800%2C435&ssl=1&resize=350%2C200","width":350,"height":200,"srcset":"https:\/\/i0.wp.com\/www.stefaneguilbaud.com\/blog\/wp-content\/uploads\/2010\/03\/wok.jpg?fit=800%2C435&ssl=1&resize=350%2C200 1x, https:\/\/i0.wp.com\/www.stefaneguilbaud.com\/blog\/wp-content\/uploads\/2010\/03\/wok.jpg?fit=800%2C435&ssl=1&resize=525%2C300 1.5x, https:\/\/i0.wp.com\/www.stefaneguilbaud.com\/blog\/wp-content\/uploads\/2010\/03\/wok.jpg?fit=800%2C435&ssl=1&resize=700%2C400 2x"},"classes":[]},{"id":3183,"url":"https:\/\/www.stefaneguilbaud.com\/blog\/?p=3183","url_meta":{"origin":310,"position":1},"title":"Se cache-t-il un complot derri\u00e8re l&rsquo;alimentation ?","author":"SG","date":"1 juillet 2019","format":false,"excerpt":"SE CACHE-T-IL UN COMPLOT DERRI\u00c8RE L\u2019ALIMENTATION\u00a0? Non ! ce que nous vivons depuis 60\/70 ans n\u2019est pas un complot. Aucune conspiration \u00e0 l\u2019horizon\u00a0! En d\u00e9plaise \u00e0 certains, il s\u2019agit tout simplement d\u2019une organisation g\u00e9n\u00e9rale bas\u00e9e sur le point faible d\u2019un syst\u00e8me l\u00e9gislatif. Pour un \u00e9tat : organiser un code alimentaire\u2026","rel":"","context":"Dans &quot;Alimentation&quot;","block_context":{"text":"Alimentation","link":"https:\/\/www.stefaneguilbaud.com\/blog\/?cat=1"},"img":{"alt_text":"","src":"https:\/\/i0.wp.com\/www.stefaneguilbaud.com\/blog\/wp-content\/uploads\/2019\/07\/Plan-de-travail-1.jpg?fit=800%2C435&ssl=1&resize=350%2C200","width":350,"height":200,"srcset":"https:\/\/i0.wp.com\/www.stefaneguilbaud.com\/blog\/wp-content\/uploads\/2019\/07\/Plan-de-travail-1.jpg?fit=800%2C435&ssl=1&resize=350%2C200 1x, https:\/\/i0.wp.com\/www.stefaneguilbaud.com\/blog\/wp-content\/uploads\/2019\/07\/Plan-de-travail-1.jpg?fit=800%2C435&ssl=1&resize=525%2C300 1.5x, https:\/\/i0.wp.com\/www.stefaneguilbaud.com\/blog\/wp-content\/uploads\/2019\/07\/Plan-de-travail-1.jpg?fit=800%2C435&ssl=1&resize=700%2C400 2x"},"classes":[]},{"id":2005,"url":"https:\/\/www.stefaneguilbaud.com\/blog\/?p=2005","url_meta":{"origin":310,"position":2},"title":"Interview \u00ab\u00a0Stop aux produits industriels\u00a0\u00bb","author":"SG","date":"9 mai 2016","format":false,"excerpt":"Voici la reprise d'une interview paru sur femininbio.fr, le 15\u00a0 avril\u00a02016 Droits exclusifs www.femininbio.fr. Reproduction ou ping interdit\u00a0sans autorisation. INTERVIEW :\u00a0STOP AUX PRODUITS INDUSTRIELS ! RENCONTRE AVEC ST\u00c9FANE GUILBAUD Auteur du livre Je ne mange pas de produits industriels, St\u00e9fane Guilbaud revient pour FemininBio sur nos modes d'alimentation et les\u2026","rel":"","context":"Dans &quot;Alimentation&quot;","block_context":{"text":"Alimentation","link":"https:\/\/www.stefaneguilbaud.com\/blog\/?cat=1"},"img":{"alt_text":"","src":"https:\/\/i0.wp.com\/www.stefaneguilbaud.com\/blog\/wp-content\/uploads\/2016\/05\/cuisineenfants.jpg?fit=800%2C435&ssl=1&resize=350%2C200","width":350,"height":200,"srcset":"https:\/\/i0.wp.com\/www.stefaneguilbaud.com\/blog\/wp-content\/uploads\/2016\/05\/cuisineenfants.jpg?fit=800%2C435&ssl=1&resize=350%2C200 1x, https:\/\/i0.wp.com\/www.stefaneguilbaud.com\/blog\/wp-content\/uploads\/2016\/05\/cuisineenfants.jpg?fit=800%2C435&ssl=1&resize=525%2C300 1.5x, https:\/\/i0.wp.com\/www.stefaneguilbaud.com\/blog\/wp-content\/uploads\/2016\/05\/cuisineenfants.jpg?fit=800%2C435&ssl=1&resize=700%2C400 2x"},"classes":[]},{"id":575,"url":"https:\/\/www.stefaneguilbaud.com\/blog\/?p=575","url_meta":{"origin":310,"position":3},"title":"La nutrition et la science","author":"SG","date":"6 mai 2009","format":false,"excerpt":"En mati\u00e8re de sant\u00e9. Trop de curatif nuit au pr\u00e9ventif, mais c'est tellement humain comme comportement. Il suffit de voir ce que l'on fait en mati\u00e8re d'\u00e9cologie. Ce n'est que devant le gouffre que nous r\u00e9agissons. Je peux lire sur des sites internet et \u00e0 la radio \"La nutrition, nouvel\u2026","rel":"","context":"Dans &quot;Alimentation&quot;","block_context":{"text":"Alimentation","link":"https:\/\/www.stefaneguilbaud.com\/blog\/?cat=1"},"img":{"alt_text":"","src":"https:\/\/i0.wp.com\/www.stefaneguilbaud.com\/blog\/wp-content\/uploads\/2009\/05\/health.jpg?fit=800%2C435&ssl=1&resize=350%2C200","width":350,"height":200,"srcset":"https:\/\/i0.wp.com\/www.stefaneguilbaud.com\/blog\/wp-content\/uploads\/2009\/05\/health.jpg?fit=800%2C435&ssl=1&resize=350%2C200 1x, https:\/\/i0.wp.com\/www.stefaneguilbaud.com\/blog\/wp-content\/uploads\/2009\/05\/health.jpg?fit=800%2C435&ssl=1&resize=525%2C300 1.5x, https:\/\/i0.wp.com\/www.stefaneguilbaud.com\/blog\/wp-content\/uploads\/2009\/05\/health.jpg?fit=800%2C435&ssl=1&resize=700%2C400 2x"},"classes":[]},{"id":541,"url":"https:\/\/www.stefaneguilbaud.com\/blog\/?p=541","url_meta":{"origin":310,"position":4},"title":"Qu&rsquo;est ce que le nutritionnisme ?","author":"SG","date":"13 juillet 2009","format":false,"excerpt":"Michael Pollan y r\u00e9pond sur plus de 200 pages dans \"nutrition, mensonges et propagande\". Explication de textes et extraits de son livre paru chez Thierry Souccar \u00c9ditions. Le nutritionnisme est elle une science, une \u00e9poque ou un mode de vie ?Il s'agirait d'une id\u00e9ologie qui cantonne l'alimentation \u00e0 une fonction\u2026","rel":"","context":"Dans &quot;Alimentation&quot;","block_context":{"text":"Alimentation","link":"https:\/\/www.stefaneguilbaud.com\/blog\/?cat=1"},"img":{"alt_text":"","src":"https:\/\/i0.wp.com\/www.stefaneguilbaud.com\/blog\/wp-content\/uploads\/2013\/12\/panurgisme.jpg?fit=800%2C435&ssl=1&resize=350%2C200","width":350,"height":200,"srcset":"https:\/\/i0.wp.com\/www.stefaneguilbaud.com\/blog\/wp-content\/uploads\/2013\/12\/panurgisme.jpg?fit=800%2C435&ssl=1&resize=350%2C200 1x, https:\/\/i0.wp.com\/www.stefaneguilbaud.com\/blog\/wp-content\/uploads\/2013\/12\/panurgisme.jpg?fit=800%2C435&ssl=1&resize=525%2C300 1.5x, https:\/\/i0.wp.com\/www.stefaneguilbaud.com\/blog\/wp-content\/uploads\/2013\/12\/panurgisme.jpg?fit=800%2C435&ssl=1&resize=700%2C400 2x"},"classes":[]},{"id":371,"url":"https:\/\/www.stefaneguilbaud.com\/blog\/?p=371","url_meta":{"origin":310,"position":5},"title":"L&rsquo;alimentation, vecteur social","author":"SG","date":"18 avril 2010","format":false,"excerpt":"Chronique \u00e9crite pour\u2022 N\u00b031 \/ Avril 2010 \u00a0 Les psychologues, aid\u00e9s par la c\u00e9l\u00e8bre citation du gastronome Brillat-Savarin, s'int\u00e9ressent au \u00ab\u00a0Dis-moi ce que tu manges, je te dirais ce que tu es\u00a0?\u00a0\u00bb.Les historiens sont plus sensibles au\u00ab\u00a0Dis-moi ce que tu as mang\u00e9 et je te dirais quand tu as v\u00e9cu\u00a0?\u00a0\u00bb.Les\u2026","rel":"","context":"Dans &quot;Chroniques parues&quot;","block_context":{"text":"Chroniques parues","link":"https:\/\/www.stefaneguilbaud.com\/blog\/?cat=6"},"img":{"alt_text":"","src":"https:\/\/i0.wp.com\/www.stefaneguilbaud.com\/blog\/wp-content\/uploads\/2013\/11\/journaux.jpg?fit=800%2C435&ssl=1&resize=350%2C200","width":350,"height":200,"srcset":"https:\/\/i0.wp.com\/www.stefaneguilbaud.com\/blog\/wp-content\/uploads\/2013\/11\/journaux.jpg?fit=800%2C435&ssl=1&resize=350%2C200 1x, https:\/\/i0.wp.com\/www.stefaneguilbaud.com\/blog\/wp-content\/uploads\/2013\/11\/journaux.jpg?fit=800%2C435&ssl=1&resize=525%2C300 1.5x, https:\/\/i0.wp.com\/www.stefaneguilbaud.com\/blog\/wp-content\/uploads\/2013\/11\/journaux.jpg?fit=800%2C435&ssl=1&resize=700%2C400 2x"},"classes":[]}],"jetpack_likes_enabled":true,"_links":{"self":[{"href":"https:\/\/www.stefaneguilbaud.com\/blog\/index.php?rest_route=\/wp\/v2\/posts\/310","targetHints":{"allow":["GET"]}}],"collection":[{"href":"https:\/\/www.stefaneguilbaud.com\/blog\/index.php?rest_route=\/wp\/v2\/posts"}],"about":[{"href":"https:\/\/www.stefaneguilbaud.com\/blog\/index.php?rest_route=\/wp\/v2\/types\/post"}],"author":[{"embeddable":true,"href":"https:\/\/www.stefaneguilbaud.com\/blog\/index.php?rest_route=\/wp\/v2\/users\/1"}],"replies":[{"embeddable":true,"href":"https:\/\/www.stefaneguilbaud.com\/blog\/index.php?rest_route=%2Fwp%2Fv2%2Fcomments&post=310"}],"version-history":[{"count":1,"href":"https:\/\/www.stefaneguilbaud.com\/blog\/index.php?rest_route=\/wp\/v2\/posts\/310\/revisions"}],"predecessor-version":[{"id":313,"href":"https:\/\/www.stefaneguilbaud.com\/blog\/index.php?rest_route=\/wp\/v2\/posts\/310\/revisions\/313"}],"wp:featuredmedia":[{"embeddable":true,"href":"https:\/\/www.stefaneguilbaud.com\/blog\/index.php?rest_route=\/wp\/v2\/media\/312"}],"wp:attachment":[{"href":"https:\/\/www.stefaneguilbaud.com\/blog\/index.php?rest_route=%2Fwp%2Fv2%2Fmedia&parent=310"}],"wp:term":[{"taxonomy":"category","embeddable":true,"href":"https:\/\/www.stefaneguilbaud.com\/blog\/index.php?rest_route=%2Fwp%2Fv2%2Fcategories&post=310"},{"taxonomy":"post_tag","embeddable":true,"href":"https:\/\/www.stefaneguilbaud.com\/blog\/index.php?rest_route=%2Fwp%2Fv2%2Ftags&post=310"}],"curies":[{"name":"wp","href":"https:\/\/api.w.org\/{rel}","templated":true}]}}