{"id":2679,"date":"2018-05-05T09:00:01","date_gmt":"2018-05-05T08:00:01","guid":{"rendered":"http:\/\/www.stefaneguilbaud.com\/blog\/?p=2679"},"modified":"2020-05-11T11:21:56","modified_gmt":"2020-05-11T10:21:56","slug":"manger-de-la-charcuterie-tue","status":"publish","type":"post","link":"https:\/\/www.stefaneguilbaud.com\/blog\/?p=2679","title":{"rendered":"Manger de la charcuterie tue ?"},"content":{"rendered":"<p>Mon exp\u00e9rience en termes d\u2019alimentation ne serait rien si elle n\u2019\u00e9tait pas li\u00e9e \u00e0 ma propre existence. Mon enfance, mon adolescence, mes exc\u00e8s, mes doutes, mes peurs, mes d\u00e9ceptions ou questionnements ont \u00e9t\u00e9 importants dans la construction de mon identit\u00e9 alimentaire. Mais le plus important message que j\u2019ai re\u00e7u vient de mes grands-parents et de mes parents. En l\u2019occurrence, dans le cas pr\u00e9sent, de mon p\u00e8re qui \u00e9tait alors boucher-charcutier.<br \/>\nVous savez, un boucher-charcutier de quartier, un homme qui se levait t\u00f4t pour produire ses propres charcuteries afin de nourrir sa famille. P\u00e2t\u00e9s, saucissons, jambons\u2026 \u00e9taient le fruit d\u2019un travail artisanal destin\u00e9 \u00e0 contenter la fid\u00e9lit\u00e9 de chacun de ses clients. Sa r\u00e9putation et son savoir-faire \u00e9taient en jeu.<\/p>\n<p><strong>AU TEMPS DES \u00c9LEVEURS-ARTISANS<br \/>\n<\/strong>D\u00e8s 1964, il avait son dipl\u00f4me en poche pour commencer une longue vie de travail. Accompagn\u00e9e d\u2019anciens, une transmission de savoir-faire se dessinait de jour en jour, d\u2019ann\u00e9e en ann\u00e9e.<\/p>\n<p>Son parcours et sa vie professionnelle ont \u00e9t\u00e9 les t\u00e9moins d\u2019un changement profond, d\u2019une mutation de m\u00e9tier sans pr\u00e9c\u00e9dent. Comprendre cette mutation permettra de comprendre la nature du danger et de r\u00e9pondre \u00e0 la question de cet article <em>\u201cManger de la charcuterie tue-t-il\u00a0?\u201d<\/em><\/p>\n<p>On peux comprendre le silencieux combat de mon p\u00e8re \u00e0 la lecture du livre de Guillaume Coudray\u00a0<em>\u00ab\u00a0<a href=\"http:\/\/www.editionsladecouverte.fr\/catalogue\/index-Cochonneries-9782707193582.html\">Cochonnerie<\/a>\u201d.\u00a0<\/em>Le travail sur le terrain de ce journaliste rejoint le travail de conviction et de d\u00e9fiance que je m\u00e8ne depuis 18 ans. Un combat de tous qui met la lumi\u00e8re sur des artisans devenus sceptiques, m\u00e9fiants, d\u00e9fiants\u2026 et finalement inexistants face \u00e0 l\u2019agroalimentaire.<br \/>\nAujourd\u2019hui \u00e0 la retraite, mon p\u00e8re b\u00e9n\u00e9ficie d\u2019une maigre r\u00e9compense pourtant bien m\u00e9rit\u00e9e. Ce post s\u2019adresse donc aux consommateurs et je l\u2019esp\u00e8re aux jeunes charcutiers.<\/p>\n<p>Dans les ann\u00e9es\u00a060, la recette du saucisson du petit carnet d\u2019apprenti de mon p\u00e8re \u00e9tait simple\u00a0:<br \/>\n<span class=\"s1\">Il fallait du jambon ou de l\u2019\u00e9paule. La premi\u00e8re op\u00e9ration \u00e9tait le \u201c4D\u201d\u00a0: D\u00e9couenner \u2014D\u00e9graisser \u2014D\u00e9sosser \u2014D\u00e9nerver.\u00a0<\/span><span class=\"s1\">Du lard d\u00e9coup\u00e9 en lardons. Du s<\/span><span class=\"s1\">el \u00e0 raison de 22\u00a0g\/kg <em>(il y a une \u00e9poque r\u00e9volue ou le salage \u00e9tait tout de m\u00eame de 40\u00a0g\/kg)<\/em>. Du\u00a0<\/span><span class=\"s1\">poivre, de l&rsquo;<\/span><span class=\"s1\">ail. De la\u00a0<\/span><span class=\"s1\">gniole <em>(eau-de-vie cors\u00e9e de sureau noir)<\/em> ou du rhum.<br \/>\n<\/span><span class=\"s1\">Le tout \u00e9tait p\u00e9tri 3 fois, et r\u00e9p\u00e9t\u00e9 3 fois avant de l<\/span><span class=\"s1\">aisser une premi\u00e8re maturation se cr\u00e9er pendant 2 \u00e0 3 jours, en temp\u00e9rature ambiante.\u00a0<\/span><span class=\"s1\">Le s\u00e9chage demandait au minimum un mois, c\u2019est alors qu\u2019apparaissait une fleur naturelle sur la peau <em>(faite de boyau naturel).<br \/>\n<\/em><\/span>Dans la m\u00eame veine, le jambon cuit \u00e9tait simplement frott\u00e9 avec du sel, cuit au bouillon de c\u00e9leri et mis au torchon pour une cuisson lente.<br \/>\nEt c\u2019est tout !<\/p>\n<p><strong>MATI\u00c8RE PREMI\u00c8RE<\/strong><br \/>\nLa qualit\u00e9 d\u2019une charcuterie \u00e9tait corr\u00e9l\u00e9e \u00e0 la qualit\u00e9 de la viande. Selon mon p\u00e8re, cela repr\u00e9sentait m\u00eame 90% de la qualit\u00e9 finale. Il aime dire <em>\u201cMes cochons n\u2019avaient pas autant d\u2019eau que maintenant. Aujourd\u2019hui il faut des conservateurs pour maintenir cette viande de merde !\u201d<\/em><\/p>\n<p>Et c\u2019est l\u00e0 le probl\u00e8me majeur de la charcuterie actuelle. L\u2019industrie, de fa\u00e7on g\u00e9n\u00e9rale, applique le <em>\u201cV-V\u201d<\/em> \u00e0 tout va : Vitesse-Volume. Il faut aller vite, pas cher, et produire toujours plus. Les viandes sont issues de fili\u00e8res industrielles sans commune mesure avec ce que l\u2019on aime imaginer d\u2019un \u00e9levage fermier. Tout s\u2019accumule. Les maladies animales de confinement, les d\u00e9coupes grossi\u00e8res \u00e0 la chaine et \u00e0 la tron\u00e7onneuse, les alimentations d\u2019engraissements massifs, les antibiotiques syst\u00e9matiques sont autant de probl\u00e8mes que l\u2019industrie charcuti\u00e8re industrielle ne souhaite pas remettre en cause. Trop d\u2019argent \u00e0 perdre, trop de contraintes que l\u2019agroalimentaire ne souhaite pas int\u00e9grer.<\/p>\n<p><strong>UN TUEUR ACQUITT\u00c9 ?<br \/>\n<\/strong>Si on s\u2019int\u00e9resse un tant soit peu au\u00a0nitrite de sodium<em> (E\u00a0250)<\/em> et au nitrate de potassium <em>(E 252 &#8211; salp\u00eatre),<\/em> on s\u2019aper\u00e7oit tr\u00e8s vite qu\u2019ils sont commun\u00e9ment accus\u00e9s d\u2019\u00eatre canc\u00e9rog\u00e8nes. Guillaume Coudray nous d\u00e9voile des chiffres. En 2015, le \u201cTimes\u201d de Londres titrait <em>\u201cLes charcuteries accus\u00e9es de plusieurs milliers de morts par cancer tous les ans\u201d<\/em> \u2014 on parle de 8\u00a0800 victimes par an. <em>\u201cThe Independent\u201d<\/em> insistait sur une Une d\u00e9clarant <em>\u201cc\u2019est officiel, les charcuteries augmentent le cancer du c\u00f4lon\u201d<\/em>. Le journal \u201cDie Welt\u201d s\u2019inqui\u00e9tait sur les habitudes alimentaires des Allemands avec une formule-choc <em>\u201cL\u2019OMS met les saucisses sur la liste cancer\u201d<\/em>. Dans le m\u00eame temps <em>\u201cFranfurter Allgemeine Zeitung\u201d<\/em> chiffre la nouvelle avec <em>\u201cle cancer du c\u00f4lon touche 63\u00a0000 Allemands\u201d<\/em>.<\/p>\n<p>En France, le cancer colorectal <em>(CCR)<\/em> frappe entre 115 et 120 personnes par jour. C\u2019est le deuxi\u00e8me en termes de mortalit\u00e9.\u00a0Le CIRC <em>(<\/em><span class=\"s1\"><em>Centre International de Recherche sur le Cancer)<\/em> stigmatise \u00e0 son tour les charcuteries et pr\u00e9cise qu\u2019une portion de\u00a0<\/span>50\u00a0g de charcuterie quotidienne augmente de 18\u00a0% le risque de CCR. D\u2019autres chiffres avancent m\u00eame 36\u00a0% de risques tous les 30\u00a0g par jour.<\/p>\n<p>Tout le monde a entendu ces annonces. Il a \u00e9t\u00e9 difficile d\u2019y \u00e9chapper. Il semble manifeste que la charcuterie est pr\u00e9sent\u00e9e comme un tueur en s\u00e9rie et pourtant les ventes n\u2019ont pas cess\u00e9 ! Pire encore, aucune l\u00e9gislation ne fut mise en place pour faire stopper les produits \u00e0 base de nitrites et nitrates. Cela m\u00eame si, depuis les ann\u00e9es cinquante, nous disposons de nombreuses \u00e9tudes sur la dangerosit\u00e9 et la\u00a0<span class=\"s1\">canc\u00e9rog\u00e9nicit\u00e9 de ces additifs.<br \/>\n<\/span><\/p>\n<p>Comment l\u2019industrie agroalimentaire peut-elle \u00eatre autoris\u00e9e \u00e0 vendre des produits <em>\u201cnitrosamin\u00e9s\u201d<\/em>\u00a0?<br \/>\nPour le comprendre, il faut expliquer \u2014 de fa\u00e7on g\u00e9n\u00e9rale \u2014 le marketing de crise\u00a0:<\/p>\n<p><strong>MARKETING DE CRISE<br \/>\n<\/strong>Chaque secteur d\u2019activit\u00e9 est soumis \u00e0 des opportunit\u00e9s et des menaces. Une opportunit\u00e9 peut faire gagner de l\u2019argent, une menace, en perdre. Une marque, une fili\u00e8re, un lobbying est alors toujours pr\u00eat \u00e0 d\u00e9fendre ses int\u00e9r\u00eats lorsque ceux-ci sont menac\u00e9s. Pour essuyer une crise, on utilise trois m\u00e9canismes\u00a0:<br \/>\n1 \u2022 Discr\u00e9diter les critiques, minimiser les preuves.<br \/>\n2 \u2022 Induire le doute, culpabiliser.<br \/>\n3 \u2022 Changer de sujet ou de niveau <em>(Rh\u00e9torique)<\/em>.<br \/>\nLa r\u00e9alit\u00e9 annonc\u00e9e est l\u2019information diffus\u00e9e par les m\u00e9dias, les crieurs d\u2019alertes\u2026<br \/>\nLa r\u00e9alit\u00e9 imagin\u00e9e est l\u2019information renvoy\u00e9e par ceux que l\u2019on attaque.<\/p>\n<p><a href=\"http:\/\/www.stefaneguilbaud.com\/blog\/?attachment_id=2699\" rel=\"attachment wp-att-2699\"><img data-recalc-dims=\"1\" loading=\"lazy\" decoding=\"async\" class=\"alignnone size-full wp-image-2699\" src=\"https:\/\/i0.wp.com\/www.stefaneguilbaud.com\/blog\/wp-content\/uploads\/2018\/05\/marketing-de-crise.jpg?resize=912%2C364\" alt=\"\" width=\"912\" height=\"364\" srcset=\"https:\/\/i0.wp.com\/www.stefaneguilbaud.com\/blog\/wp-content\/uploads\/2018\/05\/marketing-de-crise.jpg?w=912&amp;ssl=1 912w, https:\/\/i0.wp.com\/www.stefaneguilbaud.com\/blog\/wp-content\/uploads\/2018\/05\/marketing-de-crise.jpg?resize=300%2C120&amp;ssl=1 300w, https:\/\/i0.wp.com\/www.stefaneguilbaud.com\/blog\/wp-content\/uploads\/2018\/05\/marketing-de-crise.jpg?resize=768%2C307&amp;ssl=1 768w\" sizes=\"auto, (max-width: 912px) 100vw, 912px\" \/><\/a><\/p>\n<p>Appliquons les 3 actes du marketing de crise \u00e0 notre cas pr\u00e9sent.<br \/>\n<strong>1 \u2014 Discr\u00e9diter les critiques, minimiser les preuves\u00a0:<\/strong><br \/>\nLa r\u00e9alit\u00e9 annonc\u00e9e parle de danger pour les consommateurs, de chiffres alarmants, d\u2019\u00e9tudes de cas.<br \/>\nLa r\u00e9alit\u00e9 imagin\u00e9e minimise tout cela. On va communiquer pour rassurer la population. On va employer les exceptions locales, voire nationales pour figurer que le probl\u00e8me est chez les autres, et non chez nous <em>(cela me rappelle le nuage de Tchernobyl)<\/em>. On va remettre en cause les chiffres annonc\u00e9s, car trop ax\u00e9s sur des dangers th\u00e9oriques. La \u201cblouse blanche\u201d et les avis d\u2019experts, financ\u00e9s par l\u2019accus\u00e9, sont souvent suffisants pour rassurer une population qui a finalement d\u2019autres soucis quotidiens et ne demande que de se reposer sur la franchise et l\u2019expertise d\u2019articles \u201cscientifiques\u201d rassurants.<\/p>\n<p>Si cela ne suffit pas\u2026<br \/>\n<b> 2 \u2014 Induire le doute, culpabiliser\u00a0:<\/b><br \/>\nLa r\u00e9alit\u00e9 annonc\u00e9e sugg\u00e8re l\u2019arr\u00eat des charcuteries industrielles et des salaisons chimiques.<br \/>\nLa r\u00e9alit\u00e9 imagin\u00e9e induit le doute. \u00c0 coup de \u201cProuvez-le\u00a0?\u201d, ou de \u201cil faut de nouvelles \u00e9tudes pour d\u00e9montrer ce que vous annoncez\u201d <em>(cela me rappelle les campagnes contre les m\u00e9faits du sucre ou du tabac)<\/em>. La culpabilit\u00e9 trouve son apog\u00e9e dans l\u2019argument ind\u00e9tr\u00f4nable du <em>\u201cpouvoir d\u2019achat\u201d<\/em>. Une mani\u00e8re de proposer une all\u00e9gorie de la merde sous la forme d\u2019une aubaine. Plus simplement, si vous ne souhaitez pas acheter un produit de qualit\u00e9, mais souhaitez en avoir chez vous, il vous suffit d\u2019acheter des succ\u00e9dan\u00e9s de produit, des ersatz, de p\u00e2les copies affubl\u00e9es d\u2019additifs et autres am\u00e9liorants techniques. Pourquoi\u00a0? Parce que la force <em>(et le d\u00e9vouement)<\/em> d\u2019un industriel n\u2019est-il pas de proposer des denr\u00e9es \u00e0 des couts raisonnables\u00a0?<\/p>\n<p>Si cela ne suffit toujours pas\u2026<strong><br \/>\n3 \u2014 Changer de sujet ou de niveau (Rh\u00e9torique),\u00a0<b>insuffler une donn\u00e9e inattendue<\/b><\/strong><br \/>\nLa r\u00e9alit\u00e9 annonc\u00e9e constate que les charcuteries industrielles semblent canc\u00e9rog\u00e8nes.<br \/>\nLa r\u00e9alit\u00e9 imagin\u00e9e\u00a0<span style=\"font-family: -apple-system, BlinkMacSystemFont, 'Segoe UI', Roboto, Oxygen-Sans, Ubuntu, Cantarell, 'Helvetica Neue', sans-serif;\">consiste alors a retourner les questions et aborder le probl\u00e8me des nitrites\/nitrates, a un autre niveau, sur un plan sanitaire, en \u00e9voquant que les <em>\u201ccontr\u00f4les sanitaires sont r\u00e9currents et stricts\u201d<\/em>. Bien entendu, le d\u00e9bat est st\u00e9rile, puisque l\u2019on ne remet pas en question le c\u00f4t\u00e9 l\u00e9tal des produits nitr\u00e9s <em>\u2014 pr\u00e9sents \u00e0 faibles doses \u2014<\/em>, mais le c\u00f4t\u00e9 nocif des compos\u00e9s chimiques que cela va engendrer <em>(nitrosamines) \u2014 qui eux se manifestent \u00e0 tr\u00e8s faibles doses.<br \/>\n<\/em><\/span>La donn\u00e9e inattendue ne tarde pas \u00e0 sortir du bois. Dans le tabac, on parlait de droit \u00e0 se faire plaisir, d\u2019\u00eatre libre. Dans le sucre, on parle encore d\u2019\u00e9nergie vitale et n\u00e9cessaire <em>(parait-il que nous ne pouvons pas vivre sans sucre ! Belle foutaise)<\/em>. La charcuterie a trouv\u00e9 un argument qui fait peur. Le botulisme* ! Une maladie qui tombe \u00e0 pic. Un coupable id\u00e9al pour cr\u00e9diter la n\u00e9cessit\u00e9 de prot\u00e9ger la population en mettant des E 250 et E 252, un mal fantasque relay\u00e9 par\u00a0un ministre, rapport\u00e9 par Guillaume Coudray\u00a0: <em>\u00ab\u00a0<span class=\"s1\">L\u2019industrie charcuti\u00e8re b\u00e9n\u00e9ficie d\u2019un renfort essentiel\u00a0: les administrations agricoles sont terrifi\u00e9es par les cons\u00e9quences \u00e9conomiques qu\u2019aurait un effondrement des achats. Je ne veux pas qu\u2019un rapport comme celui-ci mette encore plus la panique chez les gens\u201d s\u2019exclame\u00a0<\/span><\/em><span class=\"s1\">[alors \u00e0 l\u2019\u00e9poque],\u00a0<\/span><em><span class=\"s1\">St\u00e9phane Le Foll, ministre fran\u00e7ais de l\u2019Agriculture, de l\u2019Agroalimentaire et de la For\u00eat\u201d.<\/span><\/em><\/p>\n<p><strong>T\u00c9MOIGNAGE<\/strong><\/p>\n<blockquote><p><strong>LES DANGERS DU BOTULISME<\/strong><br \/>\n<span class=\"s1\">Dans son ouvrage <em>\u201cCochonnerie\u201d- \u00c9ditions \u201cLa D\u00e9couverte\u201d<\/em>, Guillaume Coudray nous dresse un portrait <em>\u201cbotulique\u201d<\/em> extr\u00eamement enrichissant\u00a0: <em>\u201cL\u2019argument du botulisme est factice.<\/em><\/span><em><span class=\"s2\"> En r\u00e9alit\u00e9 les fabricants disposent de toute une palette de techniques pour \u00e9viter les contaminations bact\u00e9riennes. Depuis des d\u00e9cennies, article apr\u00e8s article, les sp\u00e9cialistes en microbiologie charcuti\u00e8re le r\u00e9p\u00e8tent\u00a0: en utilisant des techniques de fabrication adapt\u00e9e, les industriels peuvent obtenir des charcuteries parfaitement s\u00fbres, sans avoir recours aux additifs canc\u00e9rig\u00e8nes. Et que les amoureux du rose se rassurent\u00a0: il existe des proc\u00e9d\u00e9s de coloration alternatifs. [\u2026]\u00a0<\/span><span class=\"s2\">Pour pouvoir travailler sans additif canc\u00e9rog\u00e8ne\u00a0; ils fabriquent autrement\u00a0: ils ach\u00e8tent une viande de meilleure qualit\u00e9, ils appliquent les r\u00e8gles d\u2019hygi\u00e8ne strictes, ils ont recours \u00e0 de longues p\u00e9riodes de r\u00e9frig\u00e9ration et de maturation. [\u2026]\u00a0<\/span><\/em><span class=\"s2\"><em>Mais la plupart des leaders du march\u00e9 rechignent\u00a0: fabriquer sans additif nitr\u00e9 prend beaucoup plus de temps et demande plus de soin.\u201d<\/em><br \/>\n<\/span><\/p>\n<p><span style=\"font-family: -apple-system, BlinkMacSystemFont, 'Segoe UI', Roboto, Oxygen-Sans, Ubuntu, Cantarell, 'Helvetica Neue', sans-serif;\">Les industriels s\u2019empressent de ressortir leurs livres d\u2019Histoire afin de nous donner une le\u00e7on. Un truisme en quelque sorte, qui je le rappelle, en marketing est le fait de r\u00e9p\u00e9ter sans cesse, une v\u00e9rit\u00e9 non v\u00e9rifi\u00e9e et non v\u00e9rifiable, pour finir en id\u00e9e de v\u00e9rit\u00e9 absolue \u00e0 force de r\u00e9p\u00e9tition. Mais l\u00e0 aussi, l\u2019enqu\u00eate de Guillaume Coudray nous \u00e9claire.\u00a0<\/span><span style=\"font-family: -apple-system, BlinkMacSystemFont, 'Segoe UI', Roboto, Oxygen-Sans, Ubuntu, Cantarell, 'Helvetica Neue', sans-serif;\">Les industriels propagent une fable qui aurait 5\u00a0000 ans. En effet, les \u00c9gyptiens utiliseraient d\u00e9j\u00e0 les d\u00e9riv\u00e9s nitr\u00e9s dans la vall\u00e9e du Nil, certes pas pour les aliments comme sous-entendus, mais seulement pour fabriquer les momies\u00a0!!<\/span><\/p>\n<p><em><span class=\"s2\" style=\"font-family: -apple-system, BlinkMacSystemFont, 'Segoe UI', Roboto, Oxygen-Sans, Ubuntu, Cantarell, 'Helvetica Neue', sans-serif;\">\u00ab\u00a0Lucius Columelle, c\u00e9l\u00e8bre agronome romain du 1er si\u00e8cle apr. J.-C., aurait pr\u00e9cis\u00e9 que les \u201cjambons sont frott\u00e9s avec du sel et un peu de salp\u00eatre pendant neuf \u00e0 douze jours, puis rinc\u00e9s et mis \u00e0 s\u00e9cher\u201d [\u2026]\u00a0<\/span><\/em><span class=\"s2\" style=\"font-family: -apple-system, BlinkMacSystemFont, 'Segoe UI', Roboto, Oxygen-Sans, Ubuntu, Cantarell, 'Helvetica Neue', sans-serif;\"><em>En r\u00e9alit\u00e9, on ne trouve rien de tel dans les recettes de Columelle\u00a0: les pr\u00e9parations qu\u2019il d\u00e9crit font seulement appel au sel et on y chercherait en vain la moindre mention de salp\u00eatre\u00a0\u00bb.<\/em><br \/>\n<\/span><span style=\"font-family: -apple-system, BlinkMacSystemFont, 'Segoe UI', Roboto, Oxygen-Sans, Ubuntu, Cantarell, 'Helvetica Neue', sans-serif;\">De m\u00eame, contrairement aux \u00e9chos qui peuvent venir jusqu\u2019\u00e0 nos oreilles, les recettes de jambon laiss\u00e9es par Strabon et Caton l\u2019ancien ne contenaient aucune trace de salp\u00eatre, pas plus dans les salaisons gauloises.<\/span><\/p>\n<p class=\"p1\"><span class=\"s1\">Guillaume Coudray insiste <em>\u201cL\u2019industrie charcuti\u00e8re est la seule dont on accepte l\u2019affirmation trompeuse suivant laquelle \u201cil n\u2019y a pas d\u2019alternative.\u201d\u201d<\/em><\/span><\/p>\n<p>Et justement, une alternative fiable\u00a0?<br \/>\n<em><span class=\"s1\">\u00ab\u00a0\u00c0 Parme, <\/span><span class=\"s2\">les additifs nitr\u00e9s ont \u00e9t\u00e9 bannis des jambons depuis les ann\u00e9es\u00a090 ! Le consortium des jambons de Parme a choisi en 1993 de revenir \u00e0 sa recette ancienne, interdisant formellement nitrate et nitrite, pr\u00e9f\u00e9rant appliquer des r\u00e8gles strictes de fabrication et d\u2019hygi\u00e8ne, d\u00e8s l\u2019abattoir. <\/span><span class=\"s1\">En vingt-quatre ans, pas un seul cas de botulisme.\u201d<\/span><\/em><\/p><\/blockquote>\n<p><strong>RECETTE MODERNE<br \/>\n<\/strong>Revenons \u00e0 la recette des apprentis des ann\u00e9es\u00a060. Il faut admettre que certains charcutiers artisanaux ont succomb\u00e9 aux charmes d\u2019un produit pr\u00e9sent\u00e9 comme magique. Une poudre vendue pour redonner toute sa couleur aux charcuteries. Un rouge\/ros\u00e9 \u00e9clatant obtenu gr\u00e2ce au\u00a0<span class=\"s1\">Roseline\u00a066 <em>\u201cl\u2019inimitable conservateur rougisseur\u201d<\/em>. Mon p\u00e8re l\u2019a utilis\u00e9. Il \u00e9tait per\u00e7u comme <em>\u201cinoffensif\u201d<\/em> car pr\u00e9sent\u00e9 comme un simple colorant et non comme un conservateur nitr\u00e9. En tous les cas c\u2019est comme cela que les charcutiers que j\u2019avais interrog\u00e9s le percevaient. Il fallait en mettre, c\u2019\u00e9tait la recette, me disent-ils !<br \/>\nFort heureusement, d\u2019aucuns ont tr\u00e8s vite arr\u00eat\u00e9 toute intervention divine industrielle dans leur recette, mais la Roseline 66 est aujourd&rsquo;hui d\u00e9tr\u00f4n\u00e9e par le LACTISSEC II **, un sel rougisseur identique en somme !<\/span><\/p>\n<p><span class=\"s1\"> En cherchant a pr\u00e9server une recette traditionnelle, toute substance additive <em>\u201cmoderne\u201d<\/em> \u00e9tait bannie. Toute poudre <em>\u201canodine\u201d<\/em> propos\u00e9e aux charcutiers afin d\u2019am\u00e9liorer leur production \u00e9tait d\u00e9sormais \u00e9cart\u00e9e, mais il aura fallu attendre au moins 20 ans, pour que cela change. Et encore, que cela change\u2026 pour certains, car d\u2019autres n\u2019ont jamais arr\u00eat\u00e9.<br \/>\nAujourd\u2019hui, il est extr\u00eamement difficile de trouver de la charcuterie sans nitrate ni nitrite.<br \/>\nEn grande surface, il est impossible de trouver un saucisson \u00ab\u00a0sans\u00a0\u00bb que cela soit Label Rouge, Bio, IGP, de terroir ou autres faux artisans en contenaient.<br \/>\nChez les bouchers de quartier, grosse d\u00e9ception aussi, presque tous ne sont devenus que de fid\u00e8les revendeurs de produits nitr\u00e9s.<br \/>\nFinalement j\u2019ai pu trouver une charcuterie<em> \u201cdigne\u201d<\/em> de mes attentes dans des magasins bios militants et ind\u00e9pendants, ainsi que chez des \u00e9leveurs-artisans.<br \/>\n<\/span><\/p>\n<p>QU&rsquo;EN EST T-IL DU NITRITE NATUREL ?<br \/>\nLa mode des charcuteries sans nitrite, cache souvent un langage trompeur. Les jambons sans nitrite veux dire \u00ab\u00a0sans nitrite chimique\u00a0\u00bb &#8211; les additifs de E249 \u00e0 E252. Les bouillons de l\u00e9gumes contiennent des nitrites d&rsquo;origine v\u00e9g\u00e9tale qui\u00a0 n&#8217;emp\u00eachent\u00a0 pas la formation de compos\u00e9s N-nitros\u00e9s. \u00c7a se complique, lisez plut\u00f4t <a href=\"https:\/\/www.lexpress.fr\/styles\/saveurs\/nitrites-ajoutes-nitrites-naturels-doit-on-se-mefier-de-ces-conservateurs_1886992.html\">cet article tr\u00e8s bien \u00e9crit<\/a>.<\/p>\n<p>L\u2019illustration ci-dessous va vous pr\u00e9senter la diff\u00e9rence notable qu\u2019il peut y avoir entre la recette artisanale de mon p\u00e8re\u2026 et celle que l\u2019on peut trouver aujourd\u2019hui en rayon.<\/p>\n<p><a href=\"http:\/\/www.stefaneguilbaud.com\/blog\/?attachment_id=2689\" rel=\"attachment wp-att-2689\"><img data-recalc-dims=\"1\" loading=\"lazy\" decoding=\"async\" class=\"alignnone size-full wp-image-2689\" src=\"https:\/\/i0.wp.com\/www.stefaneguilbaud.com\/blog\/wp-content\/uploads\/2018\/05\/recette-100.jpg?resize=912%2C463\" alt=\"\" width=\"912\" height=\"463\" srcset=\"https:\/\/i0.wp.com\/www.stefaneguilbaud.com\/blog\/wp-content\/uploads\/2018\/05\/recette-100.jpg?w=912&amp;ssl=1 912w, https:\/\/i0.wp.com\/www.stefaneguilbaud.com\/blog\/wp-content\/uploads\/2018\/05\/recette-100.jpg?resize=300%2C152&amp;ssl=1 300w, https:\/\/i0.wp.com\/www.stefaneguilbaud.com\/blog\/wp-content\/uploads\/2018\/05\/recette-100.jpg?resize=768%2C390&amp;ssl=1 768w\" sizes=\"auto, (max-width: 912px) 100vw, 912px\" \/><\/a><\/p>\n<p><strong>MANGER TUE ?<br \/>\n<\/strong><span style=\"font-family: -apple-system, BlinkMacSystemFont, 'Segoe UI', Roboto, Oxygen-Sans, Ubuntu, Cantarell, 'Helvetica Neue', sans-serif;\">Apr\u00e8s la lecture ce cet article, votre connaissance en la mati\u00e8re vous permettra, je l&rsquo;esp\u00e8re, de vivre pleinement votre <a href=\"http:\/\/www.stefaneguilbaud.com\/blog\/?p=2607\">d\u00e9sob\u00e9issance alimentaire<\/a><\/span><span style=\"font-family: -apple-system, BlinkMacSystemFont, 'Segoe UI', Roboto, Oxygen-Sans, Ubuntu, Cantarell, 'Helvetica Neue', sans-serif;\">. Vous l&rsquo;avez bien compris, il existe sur le march\u00e9, deux formes de charcuterie. L&rsquo;une d\u00e9nonc\u00e9e comme canc\u00e9rog\u00e8ne\u00a0<em>-m\u00eame si excus\u00e9e &#8211;<\/em> l&rsquo;autre pr\u00e9sent\u00e9e comme sans danger <em>&#8211; m\u00eame si elle reste rare et difficile \u00e0 trouver.<\/em> \u00c0 vous de faire votre choix, les habitudes changent, la connaissance se propage et cela va bousculer la donne en notre faveur, nous les consommateurs !!!!!<\/span><\/p>\n<h6><span style=\"font-family: -apple-system, BlinkMacSystemFont, 'Segoe UI', Roboto, Oxygen-Sans, Ubuntu, Cantarell, 'Helvetica Neue', sans-serif;\">*\u00a0Le botulisme est une affection neurologique grave provoqu\u00e9e par une toxine tr\u00e8s puissante produite par la bact\u00e9rie\u00a0<\/span><em style=\"font-family: -apple-system, BlinkMacSystemFont, 'Segoe UI', Roboto, Oxygen-Sans, Ubuntu, Cantarell, 'Helvetica Neue', sans-serif;\">Clostridium botulinum<\/em><span style=\"font-family: -apple-system, BlinkMacSystemFont, 'Segoe UI', Roboto, Oxygen-Sans, Ubuntu, Cantarell, 'Helvetica Neue', sans-serif;\">. Celle-ci se d\u00e9veloppe notamment dans les aliments mal conserv\u00e9s, et la maladie r\u00e9sulte en g\u00e9n\u00e9ral d\u2019une intoxication alimentaire. Si le botulisme est rare, sa mortalit\u00e9 reste \u00e9lev\u00e9e quand le traitement n\u2019est pas imm\u00e9diat.<\/span><\/h6>\n<h6>**<a href=\"http:\/\/www.soussana.com\/produit\/lactissec-2-kg\/\">LACTISSEC II<\/a> : \u00ab\u00a0M\u00e9lange liant et<span style=\"color: #ff0000;\"> rougisseur<\/span> renforc\u00e9 pour saucisson sec, avec poudre de lait (s\u00e8che plus r\u00e9guli\u00e8re, go\u00fbt rond). Produit souple.\u00a0\u00bb<\/h6>\n","protected":false},"excerpt":{"rendered":"<p>Mon exp\u00e9rience en termes d\u2019alimentation ne serait rien si elle n\u2019\u00e9tait pas li\u00e9e \u00e0 ma propre existence. Mon enfance, mon adolescence, mes exc\u00e8s, mes doutes, &hellip; <\/p>\n","protected":false},"author":1,"featured_media":2696,"comment_status":"open","ping_status":"open","sticky":false,"template":"","format":"standard","meta":{"_exactmetrics_skip_tracking":false,"_exactmetrics_sitenote_active":false,"_exactmetrics_sitenote_note":"","_exactmetrics_sitenote_category":0,"jetpack_post_was_ever_published":false,"_jetpack_newsletter_access":"","_jetpack_dont_email_post_to_subs":false,"_jetpack_newsletter_tier_id":0,"_jetpack_memberships_contains_paywalled_content":false,"_jetpack_memberships_contains_paid_content":false,"footnotes":"","jetpack_publicize_message":"","jetpack_publicize_feature_enabled":true,"jetpack_social_post_already_shared":true,"jetpack_social_options":{"image_generator_settings":{"template":"highway","default_image_id":0,"font":"","enabled":false},"version":2}},"categories":[1,9,12],"tags":[],"class_list":["post-2679","post","type-post","status-publish","format-standard","has-post-thumbnail","hentry","category-alimentation","category-dossiers","category-reportage"],"jetpack_publicize_connections":[],"jetpack_featured_media_url":"https:\/\/i0.wp.com\/www.stefaneguilbaud.com\/blog\/wp-content\/uploads\/2018\/05\/saucissonillus.jpg?fit=800%2C435&ssl=1","jetpack_sharing_enabled":true,"jetpack_shortlink":"https:\/\/wp.me\/p8a0UX-Hd","jetpack-related-posts":[{"id":3357,"url":"https:\/\/www.stefaneguilbaud.com\/blog\/?p=3357","url_meta":{"origin":2679,"position":0},"title":"L\u2019intol\u00e9rable quotidien d\u2019une intol\u00e9rante au gluten et au lactose.","author":"SG","date":"25 ao\u00fbt 2020","format":false,"excerpt":"D\u00e9couvrez le parcours d'une intol\u00e9rante au gluten et lactose. Son auteure, L\u00e9a Guilbaud, nous livre un t\u00e9moignage accablant. Je le propose sur mon blog, pour informer certes, mais aussi rassurer celles et ceux qui sont aujourd'hui en proie \u00e0 des doutes sur leurs \u00e9tats de sant\u00e9. Que ce t\u00e9moignage leur\u2026","rel":"","context":"Dans &quot;Alimentation&quot;","block_context":{"text":"Alimentation","link":"https:\/\/www.stefaneguilbaud.com\/blog\/?cat=1"},"img":{"alt_text":"","src":"https:\/\/i0.wp.com\/www.stefaneguilbaud.com\/blog\/wp-content\/uploads\/2020\/08\/malauventre.jpg?fit=800%2C435&ssl=1&resize=350%2C200","width":350,"height":200,"srcset":"https:\/\/i0.wp.com\/www.stefaneguilbaud.com\/blog\/wp-content\/uploads\/2020\/08\/malauventre.jpg?fit=800%2C435&ssl=1&resize=350%2C200 1x, https:\/\/i0.wp.com\/www.stefaneguilbaud.com\/blog\/wp-content\/uploads\/2020\/08\/malauventre.jpg?fit=800%2C435&ssl=1&resize=525%2C300 1.5x, https:\/\/i0.wp.com\/www.stefaneguilbaud.com\/blog\/wp-content\/uploads\/2020\/08\/malauventre.jpg?fit=800%2C435&ssl=1&resize=700%2C400 2x"},"classes":[]},{"id":1775,"url":"https:\/\/www.stefaneguilbaud.com\/blog\/?p=1775","url_meta":{"origin":2679,"position":1},"title":"Meilleurs V\u0153ux 2016","author":"SG","date":"11 janvier 2016","format":false,"excerpt":"En cette ann\u00e9e 2016, plus que jamais, je vous souhaite de la joie, de la bonne humeur et une sant\u00e9 pour profiter pleinement de la vie\u2026 en toute d\u00e9sob\u00e9issance alimentaire. Merci encore \u00e0 vous tous, connus, inconnus, militants, amis, famille et sans oublier ma femme qui, quoi qu'il arrive, m'encourage\u2026","rel":"","context":"Dans &quot;Actualit\u00e9s&quot;","block_context":{"text":"Actualit\u00e9s","link":"https:\/\/www.stefaneguilbaud.com\/blog\/?cat=8"},"img":{"alt_text":"","src":"https:\/\/i0.wp.com\/www.stefaneguilbaud.com\/blog\/wp-content\/uploads\/2016\/01\/voeuximg.jpg?fit=800%2C435&ssl=1&resize=350%2C200","width":350,"height":200,"srcset":"https:\/\/i0.wp.com\/www.stefaneguilbaud.com\/blog\/wp-content\/uploads\/2016\/01\/voeuximg.jpg?fit=800%2C435&ssl=1&resize=350%2C200 1x, https:\/\/i0.wp.com\/www.stefaneguilbaud.com\/blog\/wp-content\/uploads\/2016\/01\/voeuximg.jpg?fit=800%2C435&ssl=1&resize=525%2C300 1.5x, https:\/\/i0.wp.com\/www.stefaneguilbaud.com\/blog\/wp-content\/uploads\/2016\/01\/voeuximg.jpg?fit=800%2C435&ssl=1&resize=700%2C400 2x"},"classes":[]},{"id":373,"url":"https:\/\/www.stefaneguilbaud.com\/blog\/?p=373","url_meta":{"origin":2679,"position":2},"title":"Des gaufres pour mon go\u00fbter","author":"SG","date":"11 avril 2010","format":false,"excerpt":"C'est les vacances de P\u00e2ques. Pour go\u00fbter ... les enfants je vous propose des petites gaufres au miel. Prenons-les au rayon Bio, c'est tellement mieux :) Voil\u00e0 comment pourrais commencer cet article. Mais non, ce n'\u00e9tait pas pour mes enfants. Ne souhaitant pas \u00eatre rattach\u00e9 \u00e0 une marque, j'ach\u00e8te moi\u2026","rel":"","context":"Dans &quot;Alimentation&quot;","block_context":{"text":"Alimentation","link":"https:\/\/www.stefaneguilbaud.com\/blog\/?cat=1"},"img":{"alt_text":"","src":"https:\/\/i0.wp.com\/www.stefaneguilbaud.com\/blog\/wp-content\/uploads\/2010\/04\/gaufre.jpg?fit=800%2C435&ssl=1&resize=350%2C200","width":350,"height":200,"srcset":"https:\/\/i0.wp.com\/www.stefaneguilbaud.com\/blog\/wp-content\/uploads\/2010\/04\/gaufre.jpg?fit=800%2C435&ssl=1&resize=350%2C200 1x, https:\/\/i0.wp.com\/www.stefaneguilbaud.com\/blog\/wp-content\/uploads\/2010\/04\/gaufre.jpg?fit=800%2C435&ssl=1&resize=525%2C300 1.5x, https:\/\/i0.wp.com\/www.stefaneguilbaud.com\/blog\/wp-content\/uploads\/2010\/04\/gaufre.jpg?fit=800%2C435&ssl=1&resize=700%2C400 2x"},"classes":[]},{"id":227,"url":"https:\/\/www.stefaneguilbaud.com\/blog\/?p=227","url_meta":{"origin":2679,"position":3},"title":"Le m\u00e9moire de nos di\u00e9t\u00e9tiques","author":"SG","date":"28 septembre 2010","format":false,"excerpt":"Paul Scheffer : R\u00e9flexion autour de l'esprit critique au sein de la communaut\u00e9 des di\u00e9t\u00e9ticiens. D\u00e9couvrez une nouvelle fa\u00e7on d'interpr\u00e9ter les conseils nutritionnels et mon pr\u00eache sur l'alimentation. Extrait de propos de Paul Scheffer pour lanutrition.fr : Paul Scheffer : \" Je voudrais ici exposer les apports du m\u00e9moire de\u2026","rel":"","context":"Dans &quot;Alimentation&quot;","block_context":{"text":"Alimentation","link":"https:\/\/www.stefaneguilbaud.com\/blog\/?cat=1"},"img":{"alt_text":"","src":"https:\/\/i0.wp.com\/www.stefaneguilbaud.com\/blog\/wp-content\/uploads\/2010\/09\/rapport.jpg?fit=800%2C435&ssl=1&resize=350%2C200","width":350,"height":200,"srcset":"https:\/\/i0.wp.com\/www.stefaneguilbaud.com\/blog\/wp-content\/uploads\/2010\/09\/rapport.jpg?fit=800%2C435&ssl=1&resize=350%2C200 1x, https:\/\/i0.wp.com\/www.stefaneguilbaud.com\/blog\/wp-content\/uploads\/2010\/09\/rapport.jpg?fit=800%2C435&ssl=1&resize=525%2C300 1.5x, https:\/\/i0.wp.com\/www.stefaneguilbaud.com\/blog\/wp-content\/uploads\/2010\/09\/rapport.jpg?fit=800%2C435&ssl=1&resize=700%2C400 2x"},"classes":[]},{"id":3759,"url":"https:\/\/www.stefaneguilbaud.com\/blog\/?p=3759","url_meta":{"origin":2679,"position":4},"title":"Buitoni : Communication dissonante ?","author":"SG","date":"15 juin 2022","format":false,"excerpt":"Pour ceux qui ont lu mes deux interviews sur ParisMatch BE et Novethic, vous avez pu d\u00e9couvrir mon avis sur des affaires comme Buitoni ou Kinder. Ces crises ne sont, \u00e0 mon sens, qu'une continuit\u00e9 exponentielle. Les faits sont syst\u00e9matiquement minimis\u00e9s pour mieux faire le dos rond et passer \u00e0\u2026","rel":"","context":"Dans &quot;Actualit\u00e9s&quot;","block_context":{"text":"Actualit\u00e9s","link":"https:\/\/www.stefaneguilbaud.com\/blog\/?cat=8"},"img":{"alt_text":"","src":"https:\/\/i0.wp.com\/www.stefaneguilbaud.com\/blog\/wp-content\/uploads\/2022\/06\/Buitoni.png?fit=800%2C435&ssl=1&resize=350%2C200","width":350,"height":200,"srcset":"https:\/\/i0.wp.com\/www.stefaneguilbaud.com\/blog\/wp-content\/uploads\/2022\/06\/Buitoni.png?fit=800%2C435&ssl=1&resize=350%2C200 1x, https:\/\/i0.wp.com\/www.stefaneguilbaud.com\/blog\/wp-content\/uploads\/2022\/06\/Buitoni.png?fit=800%2C435&ssl=1&resize=525%2C300 1.5x, https:\/\/i0.wp.com\/www.stefaneguilbaud.com\/blog\/wp-content\/uploads\/2022\/06\/Buitoni.png?fit=800%2C435&ssl=1&resize=700%2C400 2x"},"classes":[]},{"id":2985,"url":"https:\/\/www.stefaneguilbaud.com\/blog\/?p=2985","url_meta":{"origin":2679,"position":5},"title":"Monoprix, ne m&rsquo;a pas tout dit !","author":"SG","date":"13 novembre 2018","format":false,"excerpt":"Lorsque l\u2019on doit prendre le train pour quelques heures et passer l\u2019heure du repas \u00e0 bord, il y a plusieurs sc\u00e9narii pour passer \u00e0 table. a) Les mieux organis\u00e9s ont pr\u00e9par\u00e9 leur propre repas \u00e0 emporter, ou \u00e0 d\u00e9faut achet\u00e9 loin d\u2019une gare, un repas peu cher, sain et \u00e9quilibr\u00e9.\u2026","rel":"","context":"Dans &quot;Alimentation&quot;","block_context":{"text":"Alimentation","link":"https:\/\/www.stefaneguilbaud.com\/blog\/?cat=1"},"img":{"alt_text":"","src":"https:\/\/i0.wp.com\/www.stefaneguilbaud.com\/blog\/wp-content\/uploads\/2018\/11\/aaaaa.jpg?fit=800%2C435&ssl=1&resize=350%2C200","width":350,"height":200,"srcset":"https:\/\/i0.wp.com\/www.stefaneguilbaud.com\/blog\/wp-content\/uploads\/2018\/11\/aaaaa.jpg?fit=800%2C435&ssl=1&resize=350%2C200 1x, https:\/\/i0.wp.com\/www.stefaneguilbaud.com\/blog\/wp-content\/uploads\/2018\/11\/aaaaa.jpg?fit=800%2C435&ssl=1&resize=525%2C300 1.5x, https:\/\/i0.wp.com\/www.stefaneguilbaud.com\/blog\/wp-content\/uploads\/2018\/11\/aaaaa.jpg?fit=800%2C435&ssl=1&resize=700%2C400 2x"},"classes":[]}],"jetpack_likes_enabled":true,"_links":{"self":[{"href":"https:\/\/www.stefaneguilbaud.com\/blog\/index.php?rest_route=\/wp\/v2\/posts\/2679","targetHints":{"allow":["GET"]}}],"collection":[{"href":"https:\/\/www.stefaneguilbaud.com\/blog\/index.php?rest_route=\/wp\/v2\/posts"}],"about":[{"href":"https:\/\/www.stefaneguilbaud.com\/blog\/index.php?rest_route=\/wp\/v2\/types\/post"}],"author":[{"embeddable":true,"href":"https:\/\/www.stefaneguilbaud.com\/blog\/index.php?rest_route=\/wp\/v2\/users\/1"}],"replies":[{"embeddable":true,"href":"https:\/\/www.stefaneguilbaud.com\/blog\/index.php?rest_route=%2Fwp%2Fv2%2Fcomments&post=2679"}],"version-history":[{"count":30,"href":"https:\/\/www.stefaneguilbaud.com\/blog\/index.php?rest_route=\/wp\/v2\/posts\/2679\/revisions"}],"predecessor-version":[{"id":3240,"href":"https:\/\/www.stefaneguilbaud.com\/blog\/index.php?rest_route=\/wp\/v2\/posts\/2679\/revisions\/3240"}],"wp:featuredmedia":[{"embeddable":true,"href":"https:\/\/www.stefaneguilbaud.com\/blog\/index.php?rest_route=\/wp\/v2\/media\/2696"}],"wp:attachment":[{"href":"https:\/\/www.stefaneguilbaud.com\/blog\/index.php?rest_route=%2Fwp%2Fv2%2Fmedia&parent=2679"}],"wp:term":[{"taxonomy":"category","embeddable":true,"href":"https:\/\/www.stefaneguilbaud.com\/blog\/index.php?rest_route=%2Fwp%2Fv2%2Fcategories&post=2679"},{"taxonomy":"post_tag","embeddable":true,"href":"https:\/\/www.stefaneguilbaud.com\/blog\/index.php?rest_route=%2Fwp%2Fv2%2Ftags&post=2679"}],"curies":[{"name":"wp","href":"https:\/\/api.w.org\/{rel}","templated":true}]}}