{"id":2665,"date":"2018-05-18T15:59:01","date_gmt":"2018-05-18T14:59:01","guid":{"rendered":"http:\/\/www.stefaneguilbaud.com\/blog\/?p=2665"},"modified":"2018-05-18T15:59:01","modified_gmt":"2018-05-18T14:59:01","slug":"jarrete-le-sucre","status":"publish","type":"post","link":"https:\/\/www.stefaneguilbaud.com\/blog\/?p=2665","title":{"rendered":"J&rsquo;arr\u00eate le sucre ?"},"content":{"rendered":"<p>BFMTV a consacr\u00e9 un dossier complet sur le sucre. \u00c0 cette occasion, C\u00e9line Hussonnois-Alaya m&rsquo;a interview\u00e9 pour participer \u00e0 l&rsquo;analyse de cette grande bataille pour arr\u00eater le sucre. Avec mes 17 ans d&rsquo;exp\u00e9rience sans sucre, je contribue modestement \u00e0 son enqu\u00eate, une saga de 10 articles\u2026<\/p>\n<p>Pour des raisons \u00e9videntes de droits d&rsquo;auteurs, je ne vais pas reproduire l&rsquo;int\u00e9gralit\u00e9 du dossier mais seulement afficher les passages me citant et les liens vers chaque article.<\/p>\n<p><strong>J&rsquo;ARR\u00caTE LE SUCRE #1 :<\/strong> <a href=\"http:\/\/www.bfmtv.com\/sante\/notre-test-pourquoi-j-ai-decide-d-arreter-le-sucre-1389176.html\" target=\"_blank\" rel=\"noopener\">Pourquoi le sucre et moi, c&rsquo;est fini !<\/a><\/p>\n<blockquote><p><em>Car le sucre se glisse bien souvent l\u00e0 o\u00f9 on ne l&rsquo;attend pas. \u00ab\u00a0En \u00e9tant mauvaise langue, je dirai qu&rsquo;il y en a partout\u00a0\u00bb, d\u00e9nonce pour BFMTV St\u00e9fane Guilbaud, formateur en changement de comportements alimentaires et auteur de\u00a0Je ne mange pas de produits industriels.\u00a0\u00ab\u00a0Le sucre apporte du corps \u00e0 des mati\u00e8res premi\u00e8res non nobles. C&rsquo;est l&rsquo;\u00e9l\u00e9ment fondamental pour masquer un manque initial de qualit\u00e9, tout cela dans une logique de produits ultra-transform\u00e9s.\u00a0Il y a une surench\u00e8re permanente. On est endormi, ankylos\u00e9\u00a0par le sucre.\u00a0\u00bb<\/em><br \/>\n<em>[\u2026]<\/em><br \/>\n<em>\u00ab\u00a0Notre alimentation est compl\u00e8tement d\u00e9structur\u00e9e\u00a0\u00bb, rench\u00e9rit St\u00e9fane Guilbaud. Le sucre, \u00e0 l&rsquo;origine un condiment, fait d\u00e9sormais partie de nos habitudes. \u00ab\u00a0On ne se rend m\u00eame plus compte qu&rsquo;il est tout le temps dans notre assiette.\u00a0\u00bb<\/em><\/p><\/blockquote>\n<p><strong>J&rsquo;ARR\u00caTE LE SUCRE #2<\/strong> : <a href=\"http:\/\/www.bfmtv.com\/sante\/les-10-habitudes-alimentaires-a-changer-si-vous-souhaitez-reduire-votre-consommation-de-sucre-1389273.html\" target=\"_blank\" rel=\"noopener\">Les 10 habitudes \u00e0 changer si vous souhaitez r\u00e9duire le sucre<\/a><\/p>\n<blockquote><p><em>\u00ab\u00a0La plus grande escroquerie sur le sucre, c&rsquo;est le chocolat noir, d\u00e9nonce pour BFMTV St\u00e9fane Guilbaud, formateur en changement de comportements alimentaires et auteur de Je ne mange pas de produits industriels. La plupart du temps, c&rsquo;est une sucrerie chocolat\u00e9e.\u00a0\u00bb Il recommande ainsi du chocolat noir \u00e0 partir de 80% voire 90%. \u00ab\u00a0Si votre tablette ne contient que du chocolat noir, les 10% ou 20% restants sont du sucre.\u00a0\u00bb<\/em><br \/>\n<em> [\u2026]<\/em><br \/>\n<em> Ainsi, pour une tablette \u00e0 70%, cela repr\u00e9sente cinq morceaux. St\u00e9fane Guilbaud pr\u00e9conise \u00e9galement les tablettes de chocolat noir avec noix, amandes ou noisettes, mais non souffl\u00e9es et non caram\u00e9lis\u00e9es.<\/em><\/p><\/blockquote>\n<p><strong>J&rsquo;ARR\u00caTE LE SUCRE #3 :<\/strong> <a href=\"http:\/\/www.bfmtv.com\/sante\/que-manger-au-petit-dejeuner-lorsque-l-on-decide-de-limiter-le-sucre-1390451.html\" target=\"_blank\" rel=\"noopener\">Que manger au petit-d\u00e9jeuner lorsque l&rsquo;on d\u00e9cide de limiter le sucre ?<\/a><\/p>\n<blockquote><p><em>Pour St\u00e9fane Guilbaud, auteur de\u00a0Je ne mange pas de produits industriels,\u00a0un petit-d\u00e9jeuner trop sucr\u00e9 amorce un cercle vicieux qui perturbe le m\u00e9tabolisme de la glyc\u00e9mie, c&rsquo;est-\u00e0-dire le taux de glucose dans le sang.\u00a0\u00ab\u00a0Lorsque l&rsquo;on consomme du sucre, le pancr\u00e9as s\u00e9cr\u00e8te de l&rsquo;insuline afin de r\u00e9guler cette \u00e9l\u00e9vation rapide du niveau de glyc\u00e9mie dans le sang, explique-t-il \u00e0 BFMTV. Mais une fois que ce taux de sucre est r\u00e9gul\u00e9, cela entra\u00eene par cons\u00e9quent une chute de la glyc\u00e9mie. On se retrouve alors dans un \u00e9tat d&rsquo;hypoglyc\u00e9mie.\u00a0C&rsquo;est le coup de barre et la fringale de 11 heures. Et pour contrer cela, le corps demande de consommer \u00e0 nouveau du sucre.\u00a0\u00bb<\/em><br \/>\n<em>[\u2026]<\/em><br \/>\n<em>\u00ab\u00a0La premi\u00e8re \u00e9tape pour consommer moins de sucre, c&rsquo;est de transformer son petit d\u00e9jeuner\u00a0\u00bb, poursuit Val\u00e9rie Espinasse.\u00a0Et d&rsquo;opter pour davantage de prot\u00e9ines et de lipides que de glucides. St\u00e9fane Guilbaud est du m\u00eame avis. \u00ab\u00a0Culturellement, on a appris \u00e0 casser le je\u00fbne avec du sucre, mais cela ne se passe pas forc\u00e9ment comme \u00e7a ailleurs dans le monde.\u00a0\u00bb<\/em><br \/>\n<em>[\u2026]<\/em><br \/>\n<em>Vers un petit d\u00e9jeuner sal\u00e9 ?\u00a0\u00ab\u00a0On peut aussi envisager de finir les restes du d\u00eener de la veille, comme un wok de l\u00e9gumes, ou une portion de ratatouille, voire de la choucroute\u00a0\u00bb, recommande s\u00e9rieusement St\u00e9fane Guilbaud.<\/em><br \/>\n<em>[\u2026]<\/em><br \/>\n<em>\u00ab\u00a0Un peu de pain complet ou int\u00e9gral au petit d\u00e9jeuner, oui, pourquoi pas, mais on pourrait tout \u00e0 fait s&rsquo;en passer, estime St\u00e9fane Guilbaud. On s&rsquo;imagine qu&rsquo;on a besoin de c\u00e9r\u00e9ales pour commencer la journ\u00e9e, alors que ce n&rsquo;est pas une n\u00e9cessit\u00e9.\u00a0\u00bb<\/em><br \/>\n<em>[\u2026]<\/em><br \/>\n<em>\u00ab\u00a0Ces produits extrud\u00e9s, d\u00e9structur\u00e9s, deviennent hyper-glyc\u00e9miants, indique St\u00e9fane Guilbaud. C&rsquo;est la m\u00eame chose pour les galettes de riz.\u00a0On pr\u00e9sente \u00e7a comme un produit l\u00e9ger, mais je n&rsquo;ai jamais vu personne maigrir en en mangeant. Le riz blanc, \u00e0 l&rsquo;indice glyc\u00e9mique d\u00e9j\u00e0 \u00e9lev\u00e9, l&rsquo;est encore plus en \u00e9tant souffl\u00e9.\u00a0\u00bb<\/em><\/p><\/blockquote>\n<p><strong>J&rsquo;ARR\u00caTE LE SUCRE #4 :<\/strong> <a href=\"http:\/\/www.bfmtv.com\/sante\/sucres-caches-dans-votre-alimentation-comment-lire-les-etiquettes-1395698.html\" target=\"_blank\" rel=\"noopener\">Comment bien lire les \u00e9tiquettes pour \u00e9viter les \u00ab\u00a0sucres cach\u00e9s\u00a0\u00bb ?<\/a><\/p>\n<blockquote><p>Aucun extrait<\/p><\/blockquote>\n<p><strong>J&rsquo;ARR\u00caTE LE SUCRE #5 :<\/strong> <a href=\"http:\/\/www.bfmtv.com\/sante\/j-arrete-le-sucre-5-ma-premiere-semaine-de-desintoxication-1405496.html\" target=\"_blank\" rel=\"noopener\">Ma premi\u00e8re semaine de d\u00e9sintoxication<\/a><\/p>\n<blockquote><p><em>Mais encore faut-il passer par une op\u00e9ration de d\u00e9cryptage des \u00e9tiquettes. Pas toujours \u00e9vidente.\u00a0<span style=\"font-family: -apple-system, BlinkMacSystemFont, 'Segoe UI', Roboto, Oxygen-Sans, Ubuntu, Cantarell, 'Helvetica Neue', sans-serif;\">\u00ab\u00a0Il faut se m\u00e9fier des produits qui peuvent se pr\u00e9senter comme &lsquo;nature&rsquo;\u00a0ou &lsquo;sans sucres&rsquo;: s&rsquo;il est ajout\u00e9 du jus de raisin ou du jus d&rsquo;autre chose, c&rsquo;est en r\u00e9alit\u00e9 du sucre, met en garde St\u00e9fane Guilbaud, auteur de\u00a0<\/span>Je ne mange pas de produits industriels<span style=\"font-family: -apple-system, BlinkMacSystemFont, 'Segoe UI', Roboto, Oxygen-Sans, Ubuntu, Cantarell, 'Helvetica Neue', sans-serif;\">\u00a0et formateur en changement de comportements alimentaires. Attention \u00e9galement \u00e0 l&rsquo;amidon de ma\u00efs ou \u00e0 la farine de tapioca: si le ma\u00efs ou le tapioca bruts ne posent aucun souci, transform\u00e9s, ils ont un indice glyc\u00e9mique \u00e9lev\u00e9.\u00a0\u00bb<\/span><\/em><\/p><\/blockquote>\n<p><strong>J&rsquo;ARR\u00caTE LE SUCRE #6 :<\/strong> <a href=\"http:\/\/www.bfmtv.com\/sante\/sucres-pourquoi-il-faut-s-interesser-a-l-indice-glycemique-des-aliments-1395717.html\" target=\"_blank\" rel=\"noopener\">Pourquoi il faut s&rsquo;int\u00e9resser \u00e0 l&rsquo;indice glyc\u00e9mique des aliments<\/a><\/p>\n<blockquote><p>Aucun extrait<\/p><\/blockquote>\n<p><strong>J&rsquo;ARR\u00caTE LE SUCRE #7 :<\/strong> <a href=\"http:\/\/www.bfmtv.com\/sante\/j-arrete-le-sucre-7-deuxieme-semaine-comment-j-ai-craque-et-je-me-suis-reprise-1411749.html\" target=\"_blank\" rel=\"noopener\">Deuxi\u00e8me semaine: comment j&rsquo;ai craqu\u00e9 (et je me suis reprise)<\/a><\/p>\n<blockquote><p>Aucun extrait<\/p><\/blockquote>\n<p><strong>J&rsquo;ARR\u00caTE LE SUCRE #8 :<\/strong> <a href=\"http:\/\/www.bfmtv.com\/sante\/j-arrete-le-sucre-8-troisieme-semaine-pourquoi-j-ai-le-droit-de-m-accorder-une-seule-douceur-1416657.html\" target=\"_blank\" rel=\"noopener\">Troisi\u00e8me semaine: pourquoi j&rsquo;ai le droit de m&rsquo;accorder une (seule) douceur<\/a><\/p>\n<blockquote><p><em>Attention au sirop de glucose-fructose. St\u00e9fane Guilbaud, formateur en changement de comportements alimentaires et auteur de Je ne mange pas de produits industriels, se m\u00e9fie particuli\u00e8rement du sirop de glucose-fructose, \u00e9galement appel\u00e9 sirop de ma\u00efs, isoglucose ou sirop \u00e0 haute teneur en fructose (high fructose corn syrup, HFCS). Il est pr\u00e9sent dans de nombreux produits industriels, des glaces, aux g\u00e2teaux en passant par les cr\u00e8mes desserts. \u00ab\u00a0Si le fructose est naturellement pr\u00e9sent dans les fruits, ce produit n&rsquo;a rien de naturel, d\u00e9nonce-t-il pour BFMTV. C&rsquo;est une substance de synth\u00e8se \u00e0 l&rsquo;origine des st\u00e9atoses h\u00e9patiques et des syndromes m\u00e9taboliques. Le sirop de glucose-fructose d\u00e9passe tout entendement. Nous n&rsquo;avons pas les capteurs-r\u00e9cepteurs. On peut en boire des litres sans que le corps ne soit averti. On en trouve partout, m\u00eame dans les biscuits pour enfant, ce qui conditionne l&rsquo;addiction d\u00e8s le plus bas \u00e2ge.\u00a0\u00bb<\/em><\/p><\/blockquote>\n<p><strong>J&rsquo;ARR\u00caTE LE SUCRE #9 :<\/strong> <a href=\"http:\/\/www.bfmtv.com\/sante\/j-arrete-le-sucre-9-pourquoi-les-produits-light-ne-sont-pas-si-light-1423044.html\" target=\"_blank\" rel=\"noopener\">Pourquoi les produits light ne sont pas si light<\/a><\/p>\n<blockquote><p><em>Comme l&rsquo;explique pour BFMTV St\u00e9fane Guilbaud, formateur en changement de comportements alimentaires et auteur de\u00a0Je ne mange pas de produits industriels,\u00a0lorsque le gras est \u00e9limin\u00e9, le produit n&rsquo;a plus de tenue. \u00ab\u00a0Du coup, les industriels doivent ajouter du sucre. Un produit d\u00e9j\u00e0 naturellement sucr\u00e9 le devient encore plus.\u00a0\u00bb Sans compter que, pour Magali Walkowicz, di\u00e9t\u00e9ticienne et auteure du\u00a0Compteur de glucides,\u00a0\u00ab\u00a0se priver de gras, c&rsquo;est se priver d&rsquo;acides gras essentiels\u00a0\u00bb, assure-t-elle \u00e0 BFMTV.\u00a0<span style=\"font-family: -apple-system, BlinkMacSystemFont, 'Segoe UI', Roboto, Oxygen-Sans, Ubuntu, Cantarell, 'Helvetica Neue', sans-serif;\">\u00ab\u00a0Les produits all\u00e9g\u00e9s en gras n&rsquo;ont pas lieu d&rsquo;\u00eatre. En plus, ce qui est retir\u00e9 est remplac\u00e9 par du sucre, des \u00e9dulcorants ou des additifs afin de conserver une texture. Quand on all\u00e8ge d&rsquo;un c\u00f4t\u00e9, il faut bien ajouter de l&rsquo;autre.\u00a0\u00bb<\/span><\/em><\/p><\/blockquote>\n<p><strong>J&rsquo;ARR\u00caTE LE SUCRE #10 :\u00a0\u00a0<\/strong><a href=\"https:\/\/www.bfmtv.com\/sante\/j-arrete-le-sucre-10-pourquoi-il-n-est-pas-si-difficile-de-limiter-sa-consommation-de-sucres-ajoutes-1437543.html\" target=\"_blank\" rel=\"noopener\">Pourquoi il n&rsquo;est pas si difficile de limiter sa consommation de sucres ajout\u00e9s<\/a><\/p>\n<blockquote><p>Aucun extrait<\/p><\/blockquote>\n<p>Bonne lecture.<\/p>\n","protected":false},"excerpt":{"rendered":"<p>BFMTV a consacr\u00e9 un dossier complet sur le sucre. \u00c0 cette occasion, C\u00e9line Hussonnois-Alaya m&rsquo;a interview\u00e9 pour participer \u00e0 l&rsquo;analyse de cette grande bataille pour &hellip; <\/p>\n","protected":false},"author":1,"featured_media":2670,"comment_status":"open","ping_status":"open","sticky":false,"template":"","format":"standard","meta":{"_exactmetrics_skip_tracking":false,"_exactmetrics_sitenote_active":false,"_exactmetrics_sitenote_note":"","_exactmetrics_sitenote_category":0,"jetpack_post_was_ever_published":false,"_jetpack_newsletter_access":"","_jetpack_dont_email_post_to_subs":false,"_jetpack_newsletter_tier_id":0,"_jetpack_memberships_contains_paywalled_content":false,"_jetpack_memberships_contains_paid_content":false,"footnotes":"","jetpack_publicize_message":"","jetpack_publicize_feature_enabled":true,"jetpack_social_post_already_shared":true,"jetpack_social_options":{"image_generator_settings":{"template":"highway","default_image_id":0,"font":"","enabled":false},"version":2}},"categories":[1,6,9],"tags":[],"class_list":["post-2665","post","type-post","status-publish","format-standard","has-post-thumbnail","hentry","category-alimentation","category-chroniques-parues","category-dossiers"],"jetpack_publicize_connections":[],"jetpack_featured_media_url":"https:\/\/i0.wp.com\/www.stefaneguilbaud.com\/blog\/wp-content\/uploads\/2018\/04\/sucre.jpg?fit=800%2C435&ssl=1","jetpack_sharing_enabled":true,"jetpack_shortlink":"https:\/\/wp.me\/p8a0UX-GZ","jetpack-related-posts":[{"id":1497,"url":"https:\/\/www.stefaneguilbaud.com\/blog\/?p=1497","url_meta":{"origin":2665,"position":0},"title":"Une publication sur le sucre troublante ?","author":"SG","date":"28 ao\u00fbt 2015","format":false,"excerpt":"Incroyable information que cette brochure, trouv\u00e9e dans une petite brocante, \u00e0 Yvoire (Haute-Savoie), que j\u2019estime appartenir, d\u2019apr\u00e8s la mise en page, aux ann\u00e9es\u00a070. Elle est \u00ab\u00a0\u00e9dit\u00e9e sous les auspices du Centre d\u2019\u00c9tudes et de Documentation pour l\u2019Utilisation du Sucre.\u00a0\u00bb, c\u2019est-\u00e0-dire le CEDUS. J\u2019y apprends que pour vivre mieux, l\u00e9ger, en\u2026","rel":"","context":"Dans &quot;Alimentation&quot;","block_context":{"text":"Alimentation","link":"https:\/\/www.stefaneguilbaud.com\/blog\/?cat=1"},"img":{"alt_text":"","src":"https:\/\/i0.wp.com\/www.stefaneguilbaud.com\/blog\/wp-content\/uploads\/2015\/06\/sugar.png?fit=800%2C435&ssl=1&resize=350%2C200","width":350,"height":200,"srcset":"https:\/\/i0.wp.com\/www.stefaneguilbaud.com\/blog\/wp-content\/uploads\/2015\/06\/sugar.png?fit=800%2C435&ssl=1&resize=350%2C200 1x, https:\/\/i0.wp.com\/www.stefaneguilbaud.com\/blog\/wp-content\/uploads\/2015\/06\/sugar.png?fit=800%2C435&ssl=1&resize=525%2C300 1.5x, https:\/\/i0.wp.com\/www.stefaneguilbaud.com\/blog\/wp-content\/uploads\/2015\/06\/sugar.png?fit=800%2C435&ssl=1&resize=700%2C400 2x"},"classes":[]},{"id":2102,"url":"https:\/\/www.stefaneguilbaud.com\/blog\/?p=2102","url_meta":{"origin":2665,"position":1},"title":"P\u00e2tisserie ! Non coupable !","author":"SG","date":"16 ao\u00fbt 2016","format":false,"excerpt":"La culpabilit\u00e9 d'une majeure partie des consommateurs les emp\u00eache de p\u00e9n\u00e9trer sereinement dans une p\u00e2tisserie. Pour diff\u00e9rentes raisons. Les allergiques ou intol\u00e9rants au gluten qui vont devoir se passer des g\u00e2teaux \u00e0 base de farine de bl\u00e9 ou\u00a0les diab\u00e9tiques, sous r\u00e9gime ou avec une \u00e9thique sans sucre\/lait\/bl\u00e9\/produits industriels \u00e0 tout\u2026","rel":"","context":"Dans &quot;Alimentation&quot;","block_context":{"text":"Alimentation","link":"https:\/\/www.stefaneguilbaud.com\/blog\/?cat=1"},"img":{"alt_text":"","src":"https:\/\/i0.wp.com\/www.stefaneguilbaud.com\/blog\/wp-content\/uploads\/2016\/08\/gateaux.jpg?fit=800%2C435&ssl=1&resize=350%2C200","width":350,"height":200,"srcset":"https:\/\/i0.wp.com\/www.stefaneguilbaud.com\/blog\/wp-content\/uploads\/2016\/08\/gateaux.jpg?fit=800%2C435&ssl=1&resize=350%2C200 1x, https:\/\/i0.wp.com\/www.stefaneguilbaud.com\/blog\/wp-content\/uploads\/2016\/08\/gateaux.jpg?fit=800%2C435&ssl=1&resize=525%2C300 1.5x, https:\/\/i0.wp.com\/www.stefaneguilbaud.com\/blog\/wp-content\/uploads\/2016\/08\/gateaux.jpg?fit=800%2C435&ssl=1&resize=700%2C400 2x"},"classes":[]},{"id":2092,"url":"https:\/\/www.stefaneguilbaud.com\/blog\/?p=2092","url_meta":{"origin":2665,"position":2},"title":"L&rsquo;\u00e9t\u00e9 tout est permis ?","author":"SG","date":"8 juillet 2016","format":false,"excerpt":"\u00a0Voil\u00e0 ce que l'on peut lire avec l'arriv\u00e9e de l'\u00e9t\u00e9, lorsque l'on se\u00a0prom\u00e8ne et que l'on profite du soleil\u2026 \"FROZEN YOGURT ! D\u00e9gustez la sans complexe. Yaourt 0%. Elle est l\u00e0\u2026 Humm.\" Cette phrase est\u00a0extraordinaire parce qu'elle engendre 5\u00a0r\u00e9flexions qui ne sont pas sans m'\u00e9nerver. 1\u2022 D\u00e9guster\u00a0sans complexe. Dans une\u2026","rel":"","context":"Dans &quot;Actualit\u00e9s&quot;","block_context":{"text":"Actualit\u00e9s","link":"https:\/\/www.stefaneguilbaud.com\/blog\/?cat=8"},"img":{"alt_text":"","src":"https:\/\/i0.wp.com\/www.stefaneguilbaud.com\/blog\/wp-content\/uploads\/2016\/07\/frozen.jpg?fit=800%2C435&ssl=1&resize=350%2C200","width":350,"height":200,"srcset":"https:\/\/i0.wp.com\/www.stefaneguilbaud.com\/blog\/wp-content\/uploads\/2016\/07\/frozen.jpg?fit=800%2C435&ssl=1&resize=350%2C200 1x, https:\/\/i0.wp.com\/www.stefaneguilbaud.com\/blog\/wp-content\/uploads\/2016\/07\/frozen.jpg?fit=800%2C435&ssl=1&resize=525%2C300 1.5x, https:\/\/i0.wp.com\/www.stefaneguilbaud.com\/blog\/wp-content\/uploads\/2016\/07\/frozen.jpg?fit=800%2C435&ssl=1&resize=700%2C400 2x"},"classes":[]},{"id":429,"url":"https:\/\/www.stefaneguilbaud.com\/blog\/?p=429","url_meta":{"origin":2665,"position":3},"title":"8 Fran\u00e7ais sur 10 mangent du sucre 1 fois par semaine","author":"SG","date":"8 f\u00e9vrier 2010","format":false,"excerpt":"Le Centre d'\u00c9tudes et de Documentation du Sucre (Cedus) \u00e0 publi\u00e9, le 29 septembre 2009, une \u00e9tude qui r\u00e9v\u00e8le que pr\u00e8s de 8 Fran\u00e7ais sur 10 consomment du sucre au moins une fois par semaine. Gr\u00e2ce aux travaux d'enqu\u00eate de l'Individuelle Nationale des Consommations Alimentaires (Inca), de l'Agence Fran\u00e7aise de\u2026","rel":"","context":"Dans &quot;Actualit\u00e9s&quot;","block_context":{"text":"Actualit\u00e9s","link":"https:\/\/www.stefaneguilbaud.com\/blog\/?cat=8"},"img":{"alt_text":"","src":"https:\/\/i0.wp.com\/www.stefaneguilbaud.com\/blog\/wp-content\/uploads\/2013\/11\/sucre.jpg?fit=800%2C435&ssl=1&resize=350%2C200","width":350,"height":200,"srcset":"https:\/\/i0.wp.com\/www.stefaneguilbaud.com\/blog\/wp-content\/uploads\/2013\/11\/sucre.jpg?fit=800%2C435&ssl=1&resize=350%2C200 1x, https:\/\/i0.wp.com\/www.stefaneguilbaud.com\/blog\/wp-content\/uploads\/2013\/11\/sucre.jpg?fit=800%2C435&ssl=1&resize=525%2C300 1.5x, https:\/\/i0.wp.com\/www.stefaneguilbaud.com\/blog\/wp-content\/uploads\/2013\/11\/sucre.jpg?fit=800%2C435&ssl=1&resize=700%2C400 2x"},"classes":[]},{"id":1602,"url":"https:\/\/www.stefaneguilbaud.com\/blog\/?p=1602","url_meta":{"origin":2665,"position":4},"title":"Petit prix, mais \u00e0 quel prix ?","author":"SG","date":"27 ao\u00fbt 2015","format":false,"excerpt":"Les grandes surfaces ont depuis longtemps lanc\u00e9 leurs propres gammes de produits. On appelle cela les \u00ab\u00a0marques distributeurs\u00a0\u00bb. Ainsi, chaque enseigne propose des gammes de produits allant du premier prix en passant par les enfants, le bio, le sans gluten, le terroir\u2026 De plus en plus, nous voyons se d\u00e9velopper\u2026","rel":"","context":"Dans &quot;Alimentation&quot;","block_context":{"text":"Alimentation","link":"https:\/\/www.stefaneguilbaud.com\/blog\/?cat=1"},"img":{"alt_text":"","src":"https:\/\/i0.wp.com\/www.stefaneguilbaud.com\/blog\/wp-content\/uploads\/2015\/08\/chimie.jpg?fit=800%2C435&ssl=1&resize=350%2C200","width":350,"height":200,"srcset":"https:\/\/i0.wp.com\/www.stefaneguilbaud.com\/blog\/wp-content\/uploads\/2015\/08\/chimie.jpg?fit=800%2C435&ssl=1&resize=350%2C200 1x, https:\/\/i0.wp.com\/www.stefaneguilbaud.com\/blog\/wp-content\/uploads\/2015\/08\/chimie.jpg?fit=800%2C435&ssl=1&resize=525%2C300 1.5x, https:\/\/i0.wp.com\/www.stefaneguilbaud.com\/blog\/wp-content\/uploads\/2015\/08\/chimie.jpg?fit=800%2C435&ssl=1&resize=700%2C400 2x"},"classes":[]},{"id":3195,"url":"https:\/\/www.stefaneguilbaud.com\/blog\/?p=3195","url_meta":{"origin":2665,"position":5},"title":"Un sucre inverti en vaut deux !","author":"BG","date":"10 septembre 2019","format":false,"excerpt":"S\u00e9mantique bien soign\u00e9e. Un aliment industriel n\u2019aime pas se d\u00e9voiler aussi facilement, il pr\u00e9f\u00e8re se cacher derri\u00e8re un vocabulaire technique emprunt\u00e9 au chimiste. Il n\u2019est pas rare en effet que les firmes multinationales usent et abusent de termes ressemblant \u00e0 s\u2019y m\u00e9prendre \u00e0 une forme d\u2019outil obscurantiste. Chaque mot de\u2026","rel":"","context":"Dans &quot;Alimentation&quot;","block_context":{"text":"Alimentation","link":"https:\/\/www.stefaneguilbaud.com\/blog\/?cat=1"},"img":{"alt_text":"","src":"https:\/\/i0.wp.com\/www.stefaneguilbaud.com\/blog\/wp-content\/uploads\/2019\/09\/pexels-photo-808941.jpg?fit=800%2C435&ssl=1&resize=350%2C200","width":350,"height":200,"srcset":"https:\/\/i0.wp.com\/www.stefaneguilbaud.com\/blog\/wp-content\/uploads\/2019\/09\/pexels-photo-808941.jpg?fit=800%2C435&ssl=1&resize=350%2C200 1x, https:\/\/i0.wp.com\/www.stefaneguilbaud.com\/blog\/wp-content\/uploads\/2019\/09\/pexels-photo-808941.jpg?fit=800%2C435&ssl=1&resize=525%2C300 1.5x, https:\/\/i0.wp.com\/www.stefaneguilbaud.com\/blog\/wp-content\/uploads\/2019\/09\/pexels-photo-808941.jpg?fit=800%2C435&ssl=1&resize=700%2C400 2x"},"classes":[]}],"jetpack_likes_enabled":true,"_links":{"self":[{"href":"https:\/\/www.stefaneguilbaud.com\/blog\/index.php?rest_route=\/wp\/v2\/posts\/2665","targetHints":{"allow":["GET"]}}],"collection":[{"href":"https:\/\/www.stefaneguilbaud.com\/blog\/index.php?rest_route=\/wp\/v2\/posts"}],"about":[{"href":"https:\/\/www.stefaneguilbaud.com\/blog\/index.php?rest_route=\/wp\/v2\/types\/post"}],"author":[{"embeddable":true,"href":"https:\/\/www.stefaneguilbaud.com\/blog\/index.php?rest_route=\/wp\/v2\/users\/1"}],"replies":[{"embeddable":true,"href":"https:\/\/www.stefaneguilbaud.com\/blog\/index.php?rest_route=%2Fwp%2Fv2%2Fcomments&post=2665"}],"version-history":[{"count":13,"href":"https:\/\/www.stefaneguilbaud.com\/blog\/index.php?rest_route=\/wp\/v2\/posts\/2665\/revisions"}],"predecessor-version":[{"id":2733,"href":"https:\/\/www.stefaneguilbaud.com\/blog\/index.php?rest_route=\/wp\/v2\/posts\/2665\/revisions\/2733"}],"wp:featuredmedia":[{"embeddable":true,"href":"https:\/\/www.stefaneguilbaud.com\/blog\/index.php?rest_route=\/wp\/v2\/media\/2670"}],"wp:attachment":[{"href":"https:\/\/www.stefaneguilbaud.com\/blog\/index.php?rest_route=%2Fwp%2Fv2%2Fmedia&parent=2665"}],"wp:term":[{"taxonomy":"category","embeddable":true,"href":"https:\/\/www.stefaneguilbaud.com\/blog\/index.php?rest_route=%2Fwp%2Fv2%2Fcategories&post=2665"},{"taxonomy":"post_tag","embeddable":true,"href":"https:\/\/www.stefaneguilbaud.com\/blog\/index.php?rest_route=%2Fwp%2Fv2%2Ftags&post=2665"}],"curies":[{"name":"wp","href":"https:\/\/api.w.org\/{rel}","templated":true}]}}