{"id":2635,"date":"2018-03-05T18:00:33","date_gmt":"2018-03-05T17:00:33","guid":{"rendered":"http:\/\/www.stefaneguilbaud.com\/blog\/?p=2635"},"modified":"2020-08-25T14:01:47","modified_gmt":"2020-08-25T13:01:47","slug":"la-teff-ou-la-bienveillance-du-sans-gluten","status":"publish","type":"post","link":"https:\/\/www.stefaneguilbaud.com\/blog\/?p=2635","title":{"rendered":"La Teff ou la bienveillance du sans gluten !"},"content":{"rendered":"<p>Je n&rsquo;ai jamais \u00e9t\u00e9 un adepte de l&rsquo;innovation. Je l&rsquo;ai plusieurs fois expliqu\u00e9 soit dans mes livres, soit dans des \u00e9missions.<br \/>\nEn effet je vois dans l&rsquo;innovation, un pas de plus vers une alimentation d\u00e9structur\u00e9e. Fer de lance d&rsquo;une pauvret\u00e9 alimentaire, l&rsquo;art de refaire ce qui existe d\u00e9j\u00e0 reste l&rsquo;aspect empanach\u00e9 de l&rsquo;industrie agroalimentaire. Le fromage qui s&rsquo;effiloche, le biscuit emball\u00e9 individuellement, la compote en gourde\u2026 bref, depuis 20 ans, toute une flop\u00e9e de succ\u00e9dan\u00e9s d&rsquo;aliments fleurissent. Il existe m\u00eame un salon d\u00e9di\u00e9 \u00e0 cela, ou ne trouvons au fil des all\u00e9es qu&rsquo;une armada d&rsquo;industriels pr\u00eats \u00e0 tout pour s&rsquo;imposer sur un march\u00e9 concurrentiel.<\/p>\n<p><strong>Non. L&rsquo;alimentation est le reflet d&rsquo;un savoir-faire ancestral, mais aussi la construction d&rsquo;une identit\u00e9.<\/strong><\/p>\n<p>Cuisiner, ce n&rsquo;est pas innover <em>-au sens industriel du terme-<\/em>, mais c&rsquo;est assembler, imaginer, s&rsquo;approprier une recette pour l&rsquo;adapter \u00e0 sa r\u00e9gion et son biotope. Tous les pays du monde font du ragout, des bouillis et des couscous\u2026 Il n&rsquo;y a que le nom et les ingr\u00e9dients qui changent.<\/p>\n<p>Alors \u00e0 l&rsquo;heure du sans gluten, si l&rsquo;on ne souhaite pas tomber dans le pi\u00e8ge industriel tout collant du<em> \u201cno glu\u201d<\/em>, il est plus que jamais utile de revoir ses basiques\u2026 traditionnels. Alors m\u00eame que la cuisine gastronomique, devenue libre entre les mains de <a href=\"http:\/\/madame.lefigaro.fr\/cuisine\/auberge-la-feniere-premier-restaurant-gastronomique-sans-gluten-100316-113368\">Nadia Sammut<\/a> et\u00a0Ernest\u00a0Hung Do, s&rsquo;att\u00e8le \u00e0 nous apporter une alternative aux glut\u00e9niques bl\u00e9s, orges, avoines et seigles. Alors m\u00eame que dans leur \u00e9tablissement, la <a href=\"http:\/\/www.aubergelafeniere.com\/le-restaurant\">F\u00e9ni\u00e8re<\/a> \u00e0 Lourmarin, la premi\u00e8re chef \u00e9toil\u00e9e sans gluten, met \u00e0 l&rsquo;honneur une exp\u00e9rience autour du pois chiche avec une passion et un savoir-faire me semble-t-il jamais \u00e9gal\u00e9, il est rassurant de d\u00e9couvrir que comme tous ces passionn\u00e9s, le mouvement des \u201ctraditions du futur\u201d est en marche. Un mouvement intellectuel bas\u00e9 sur une motivation d&rsquo;authenticit\u00e9, de partage et de militantisme pour prot\u00e9ger le consommateur d&rsquo;un syst\u00e8me bas\u00e9 sur le profit absolu. Alors, d\u00e9couvrons autour de nous tout ce qu&rsquo;il est possible de voir\u2026 et parfois cela vient de tr\u00e8s loin.<\/p>\n<p><strong>Le monde est un grenier d&rsquo;id\u00e9e, et cet article mettra \u00e0 l&rsquo;honneur\u00a0<a href=\"https:\/\/fr.wikipedia.org\/wiki\/%C3%89thiopie\">l&rsquo;\u00c9thiopie<\/a>, une r\u00e9gion d&rsquo;Afrique o\u00f9 la cuisine est rest\u00e9e pench\u00e9e sur le berceau de l&rsquo;humanit\u00e9.<\/strong><\/p>\n<p>En \u00c9thiopie, on se r\u00e9gale souvent d&rsquo;injera (endj\u00e4ra). Ce plat traditionnel est une sorte de cr\u00eape ferment\u00e9e \u00e0 partir d&rsquo;une farine, naturellement sans gluten, avec un index glyc\u00e9mique mod\u00e9r\u00e9 : la<strong> <a href=\"https:\/\/www.sciencesetavenir.fr\/nutrition\/le-teff-nouvelle-super-cereale-venue-d-ethiopie_101534\">Teff<\/a>.<\/strong> Cette c\u00e9r\u00e9ale locale, blanche, rouge ou noire, ressemble un peu \u00e0 l&rsquo;amarante ou le fonio et reste l&#8217;embl\u00e8me de l&rsquo;\u00c9thiopie. Alors que ses pays voisins, comme l&rsquo;\u00c9rythr\u00e9e, la Somalie (appel\u00e9e\u00a0<i>laxoox<\/i>\u00a0ou\u00a0<i>canjeero<\/i>), le Kenya ou le Soudan ont adopt\u00e9 le, mais, le millet ou le riz, ce pays au coeur de la corne de l&rsquo;Afrique \u00e0 choisi la tradition et le savoir-faire en utilisant la Teff.<\/p>\n<p>La garniture de l&rsquo;injera, est un assemblage unique de l\u00e9gumes (\u00e9pinards, oignons, choux, haricots\u2026) pour sa version v\u00e9g\u00e9tarienne, avec un ajout possible de viandes longtemps mijot\u00e9es pour les autres d\u00e9clinaisons (boeuf, poulet\u2026).<\/p>\n<p>Certes on ne peut pas r\u00e9duire la cuisine \u00e9thiopienne \u00e0 l&rsquo;injera, et le reste est d&rsquo;ailleurs tout aussi bon, mais on se doit de relever la particularit\u00e9 de ce plat sans gluten avec un IG mod\u00e9r\u00e9. Cela fait quelques ann\u00e9es que l&rsquo;on retrouve cette farine en magasin bio. Je l&rsquo;ai d\u00e9j\u00e0 utilis\u00e9, car j&rsquo;ai essay\u00e9 tout ce qui \u00e9tait \u00e0 ma disposition en mati\u00e8re de farine. Par curiosit\u00e9 certes, mais aussi par n\u00e9cessit\u00e9 de m&rsquo;\u00e9chapper hors d&rsquo;un syst\u00e8me enclav\u00e9 dans le lait, le bl\u00e9, le sucre.<\/p>\n<p><a href=\"http:\/\/www.stefaneguilbaud.com\/blog\/?attachment_id=2649\" rel=\"attachment wp-att-2649\"><img data-recalc-dims=\"1\" loading=\"lazy\" decoding=\"async\" class=\"alignleft wp-image-2649\" src=\"https:\/\/i0.wp.com\/www.stefaneguilbaud.com\/blog\/wp-content\/uploads\/2018\/03\/chezama-1024x768.jpg?resize=290%2C218\" alt=\"\" width=\"290\" height=\"218\" srcset=\"https:\/\/i0.wp.com\/www.stefaneguilbaud.com\/blog\/wp-content\/uploads\/2018\/03\/chezama.jpg?w=1024&amp;ssl=1 1024w, https:\/\/i0.wp.com\/www.stefaneguilbaud.com\/blog\/wp-content\/uploads\/2018\/03\/chezama.jpg?resize=300%2C225&amp;ssl=1 300w, https:\/\/i0.wp.com\/www.stefaneguilbaud.com\/blog\/wp-content\/uploads\/2018\/03\/chezama.jpg?resize=768%2C576&amp;ssl=1 768w\" sizes=\"auto, (max-width: 290px) 100vw, 290px\" \/><\/a>Si l&rsquo;aventure \u00e9thiopienne vous tente, d\u00e9couvrez un restaurant pr\u00e8s de chez vous, il en existe \u00e0 Paris, Nice, Strasbourg\u2026 mais attention, l&rsquo;injera traditionnellement se fait \u00e0 la Teff, et ce n&rsquo;est pas toujours le cas en France !<\/p>\n<p>J&rsquo;ai eu le privil\u00e8ge de tester \u201c<a href=\"https:\/\/www.facebook.com\/chezamaaix\">Chez AMA<\/a>\u201d \u00e0 Aix-en-Provence, une injera 100 % farine de Teff.<br \/>\nJ&rsquo;attends vos commentaires de confirmation pour d&rsquo;autres adresses n&rsquo;utilisant QUE le Teff.<\/p>\n","protected":false},"excerpt":{"rendered":"<p>Je n&rsquo;ai jamais \u00e9t\u00e9 un adepte de l&rsquo;innovation. Je l&rsquo;ai plusieurs fois expliqu\u00e9 soit dans mes livres, soit dans des \u00e9missions. En effet je vois &hellip; <\/p>\n","protected":false},"author":1,"featured_media":2638,"comment_status":"open","ping_status":"open","sticky":false,"template":"","format":"standard","meta":{"_exactmetrics_skip_tracking":false,"_exactmetrics_sitenote_active":false,"_exactmetrics_sitenote_note":"","_exactmetrics_sitenote_category":0,"jetpack_post_was_ever_published":false,"_jetpack_newsletter_access":"","_jetpack_dont_email_post_to_subs":false,"_jetpack_newsletter_tier_id":0,"_jetpack_memberships_contains_paywalled_content":false,"_jetpack_memberships_contains_paid_content":false,"footnotes":"","jetpack_publicize_message":"","jetpack_publicize_feature_enabled":true,"jetpack_social_post_already_shared":true,"jetpack_social_options":{"image_generator_settings":{"template":"highway","default_image_id":0,"font":"","enabled":false},"version":2}},"categories":[1,9,12],"tags":[],"class_list":["post-2635","post","type-post","status-publish","format-standard","has-post-thumbnail","hentry","category-alimentation","category-dossiers","category-reportage"],"jetpack_publicize_connections":[],"jetpack_featured_media_url":"https:\/\/i0.wp.com\/www.stefaneguilbaud.com\/blog\/wp-content\/uploads\/2018\/03\/drapeauethiopie.jpg?fit=800%2C435&ssl=1","jetpack_sharing_enabled":true,"jetpack_shortlink":"https:\/\/wp.me\/p8a0UX-Gv","jetpack-related-posts":[{"id":1807,"url":"https:\/\/www.stefaneguilbaud.com\/blog\/?p=1807","url_meta":{"origin":2635,"position":0},"title":"\u00ab\u00a0Sans gluten\u00a0\u00bb accus\u00e9\u2026 \u00e0 tort.","author":"SG","date":"27 janvier 2016","format":false,"excerpt":"L\u2019article de 60 millions de consommateurs, sur le \u00ab\u00a0sans gluten\u00a0\u00bb va faire des vagues, mais pas du c\u00f4t\u00e9 souhait\u00e9, je le crains. Cet article fait un point sur l\u2019offre sans gluten en rayon et ne se prive pas, \u00e0 juste titre, de d\u00e9monter les produits industriels r\u00e9pondants \u00e0 l\u2019offre du\u2026","rel":"","context":"Dans &quot;Actualit\u00e9s&quot;","block_context":{"text":"Actualit\u00e9s","link":"https:\/\/www.stefaneguilbaud.com\/blog\/?cat=8"},"img":{"alt_text":"","src":"https:\/\/i0.wp.com\/www.stefaneguilbaud.com\/blog\/wp-content\/uploads\/2016\/01\/glutenfree.jpg?fit=800%2C435&ssl=1&resize=350%2C200","width":350,"height":200,"srcset":"https:\/\/i0.wp.com\/www.stefaneguilbaud.com\/blog\/wp-content\/uploads\/2016\/01\/glutenfree.jpg?fit=800%2C435&ssl=1&resize=350%2C200 1x, https:\/\/i0.wp.com\/www.stefaneguilbaud.com\/blog\/wp-content\/uploads\/2016\/01\/glutenfree.jpg?fit=800%2C435&ssl=1&resize=525%2C300 1.5x, https:\/\/i0.wp.com\/www.stefaneguilbaud.com\/blog\/wp-content\/uploads\/2016\/01\/glutenfree.jpg?fit=800%2C435&ssl=1&resize=700%2C400 2x"},"classes":[]},{"id":1584,"url":"https:\/\/www.stefaneguilbaud.com\/blog\/?p=1584","url_meta":{"origin":2635,"position":1},"title":"Nos vies discount ?","author":"SG","date":"4 ao\u00fbt 2015","format":false,"excerpt":"Ceux qui me connaissent savent tout l'amour que je porte \u00e0 la grande distribution et aux discounts. Le mod\u00e8le \u00e9conomique de la grande surface des ann\u00e9es 60 \u00e0 nos jours n'a fait qu'\u00e9loigner le consommateur de son alimentation et de ses r\u00e9alit\u00e9s. Vecteurs d'un ph\u00e9nom\u00e8ne de masse sous perfusions de\u2026","rel":"","context":"Dans &quot;Actualit\u00e9s&quot;","block_context":{"text":"Actualit\u00e9s","link":"https:\/\/www.stefaneguilbaud.com\/blog\/?cat=8"},"img":{"alt_text":"","src":"https:\/\/i0.wp.com\/www.stefaneguilbaud.com\/blog\/wp-content\/uploads\/2015\/08\/discount.jpg?fit=800%2C435&ssl=1&resize=350%2C200","width":350,"height":200,"srcset":"https:\/\/i0.wp.com\/www.stefaneguilbaud.com\/blog\/wp-content\/uploads\/2015\/08\/discount.jpg?fit=800%2C435&ssl=1&resize=350%2C200 1x, https:\/\/i0.wp.com\/www.stefaneguilbaud.com\/blog\/wp-content\/uploads\/2015\/08\/discount.jpg?fit=800%2C435&ssl=1&resize=525%2C300 1.5x, https:\/\/i0.wp.com\/www.stefaneguilbaud.com\/blog\/wp-content\/uploads\/2015\/08\/discount.jpg?fit=800%2C435&ssl=1&resize=700%2C400 2x"},"classes":[]},{"id":3357,"url":"https:\/\/www.stefaneguilbaud.com\/blog\/?p=3357","url_meta":{"origin":2635,"position":2},"title":"L\u2019intol\u00e9rable quotidien d\u2019une intol\u00e9rante au gluten et au lactose.","author":"SG","date":"25 ao\u00fbt 2020","format":false,"excerpt":"D\u00e9couvrez le parcours d'une intol\u00e9rante au gluten et lactose. Son auteure, L\u00e9a Guilbaud, nous livre un t\u00e9moignage accablant. Je le propose sur mon blog, pour informer certes, mais aussi rassurer celles et ceux qui sont aujourd'hui en proie \u00e0 des doutes sur leurs \u00e9tats de sant\u00e9. Que ce t\u00e9moignage leur\u2026","rel":"","context":"Dans &quot;Alimentation&quot;","block_context":{"text":"Alimentation","link":"https:\/\/www.stefaneguilbaud.com\/blog\/?cat=1"},"img":{"alt_text":"","src":"https:\/\/i0.wp.com\/www.stefaneguilbaud.com\/blog\/wp-content\/uploads\/2020\/08\/malauventre.jpg?fit=800%2C435&ssl=1&resize=350%2C200","width":350,"height":200,"srcset":"https:\/\/i0.wp.com\/www.stefaneguilbaud.com\/blog\/wp-content\/uploads\/2020\/08\/malauventre.jpg?fit=800%2C435&ssl=1&resize=350%2C200 1x, https:\/\/i0.wp.com\/www.stefaneguilbaud.com\/blog\/wp-content\/uploads\/2020\/08\/malauventre.jpg?fit=800%2C435&ssl=1&resize=525%2C300 1.5x, https:\/\/i0.wp.com\/www.stefaneguilbaud.com\/blog\/wp-content\/uploads\/2020\/08\/malauventre.jpg?fit=800%2C435&ssl=1&resize=700%2C400 2x"},"classes":[]},{"id":511,"url":"https:\/\/www.stefaneguilbaud.com\/blog\/?p=511","url_meta":{"origin":2635,"position":3},"title":"Don de soi, don de sang","author":"SG","date":"5 octobre 2009","format":false,"excerpt":"Je donne, le plus r\u00e9guli\u00e8rement possible, mon sang et mon plasma \u00e0 l'EFS, mais en contre-partie leur petite collation n'est pas la bienvenue. La moindre des choses que l'on pourrait attendre de l'EFS [\u00c9tablissement Fran\u00e7ais du Sang], serait une attention particuli\u00e8re \u00e0 ce que l'on sert aux b\u00e9n\u00e9voles.Pour des raisons\u2026","rel":"","context":"Dans &quot;Alimentation&quot;","block_context":{"text":"Alimentation","link":"https:\/\/www.stefaneguilbaud.com\/blog\/?cat=1"},"img":{"alt_text":"","src":"https:\/\/i0.wp.com\/www.stefaneguilbaud.com\/blog\/wp-content\/uploads\/2009\/12\/eprouvettes.jpg?fit=800%2C435&ssl=1&resize=350%2C200","width":350,"height":200,"srcset":"https:\/\/i0.wp.com\/www.stefaneguilbaud.com\/blog\/wp-content\/uploads\/2009\/12\/eprouvettes.jpg?fit=800%2C435&ssl=1&resize=350%2C200 1x, https:\/\/i0.wp.com\/www.stefaneguilbaud.com\/blog\/wp-content\/uploads\/2009\/12\/eprouvettes.jpg?fit=800%2C435&ssl=1&resize=525%2C300 1.5x, https:\/\/i0.wp.com\/www.stefaneguilbaud.com\/blog\/wp-content\/uploads\/2009\/12\/eprouvettes.jpg?fit=800%2C435&ssl=1&resize=700%2C400 2x"},"classes":[]},{"id":2102,"url":"https:\/\/www.stefaneguilbaud.com\/blog\/?p=2102","url_meta":{"origin":2635,"position":4},"title":"P\u00e2tisserie ! Non coupable !","author":"SG","date":"16 ao\u00fbt 2016","format":false,"excerpt":"La culpabilit\u00e9 d'une majeure partie des consommateurs les emp\u00eache de p\u00e9n\u00e9trer sereinement dans une p\u00e2tisserie. Pour diff\u00e9rentes raisons. Les allergiques ou intol\u00e9rants au gluten qui vont devoir se passer des g\u00e2teaux \u00e0 base de farine de bl\u00e9 ou\u00a0les diab\u00e9tiques, sous r\u00e9gime ou avec une \u00e9thique sans sucre\/lait\/bl\u00e9\/produits industriels \u00e0 tout\u2026","rel":"","context":"Dans &quot;Alimentation&quot;","block_context":{"text":"Alimentation","link":"https:\/\/www.stefaneguilbaud.com\/blog\/?cat=1"},"img":{"alt_text":"","src":"https:\/\/i0.wp.com\/www.stefaneguilbaud.com\/blog\/wp-content\/uploads\/2016\/08\/gateaux.jpg?fit=800%2C435&ssl=1&resize=350%2C200","width":350,"height":200,"srcset":"https:\/\/i0.wp.com\/www.stefaneguilbaud.com\/blog\/wp-content\/uploads\/2016\/08\/gateaux.jpg?fit=800%2C435&ssl=1&resize=350%2C200 1x, https:\/\/i0.wp.com\/www.stefaneguilbaud.com\/blog\/wp-content\/uploads\/2016\/08\/gateaux.jpg?fit=800%2C435&ssl=1&resize=525%2C300 1.5x, https:\/\/i0.wp.com\/www.stefaneguilbaud.com\/blog\/wp-content\/uploads\/2016\/08\/gateaux.jpg?fit=800%2C435&ssl=1&resize=700%2C400 2x"},"classes":[]},{"id":487,"url":"https:\/\/www.stefaneguilbaud.com\/blog\/?p=487","url_meta":{"origin":2635,"position":5},"title":"Le bio en passe de devenir un vrai march\u00e9 de masse !","author":"SG","date":"19 d\u00e9cembre 2009","format":false,"excerpt":"Le march\u00e9 BIO, qu'il soit industriel ou artisanal est de plus en plus \u00e0 l'aise avec les standards du commerce conventionnel. L'innovation Bio est au service de la vente ! [ source LSA 2114 ] Des chiffres ! - U Bio (Marque Bio de Systeme U) : + 12,1 %\u2026","rel":"","context":"Dans &quot;Alimentation&quot;","block_context":{"text":"Alimentation","link":"https:\/\/www.stefaneguilbaud.com\/blog\/?cat=1"},"img":{"alt_text":"","src":"https:\/\/i0.wp.com\/www.stefaneguilbaud.com\/blog\/wp-content\/uploads\/2013\/12\/bio.jpg?fit=800%2C435&ssl=1&resize=350%2C200","width":350,"height":200,"srcset":"https:\/\/i0.wp.com\/www.stefaneguilbaud.com\/blog\/wp-content\/uploads\/2013\/12\/bio.jpg?fit=800%2C435&ssl=1&resize=350%2C200 1x, https:\/\/i0.wp.com\/www.stefaneguilbaud.com\/blog\/wp-content\/uploads\/2013\/12\/bio.jpg?fit=800%2C435&ssl=1&resize=525%2C300 1.5x, https:\/\/i0.wp.com\/www.stefaneguilbaud.com\/blog\/wp-content\/uploads\/2013\/12\/bio.jpg?fit=800%2C435&ssl=1&resize=700%2C400 2x"},"classes":[]}],"jetpack_likes_enabled":true,"_links":{"self":[{"href":"https:\/\/www.stefaneguilbaud.com\/blog\/index.php?rest_route=\/wp\/v2\/posts\/2635","targetHints":{"allow":["GET"]}}],"collection":[{"href":"https:\/\/www.stefaneguilbaud.com\/blog\/index.php?rest_route=\/wp\/v2\/posts"}],"about":[{"href":"https:\/\/www.stefaneguilbaud.com\/blog\/index.php?rest_route=\/wp\/v2\/types\/post"}],"author":[{"embeddable":true,"href":"https:\/\/www.stefaneguilbaud.com\/blog\/index.php?rest_route=\/wp\/v2\/users\/1"}],"replies":[{"embeddable":true,"href":"https:\/\/www.stefaneguilbaud.com\/blog\/index.php?rest_route=%2Fwp%2Fv2%2Fcomments&post=2635"}],"version-history":[{"count":21,"href":"https:\/\/www.stefaneguilbaud.com\/blog\/index.php?rest_route=\/wp\/v2\/posts\/2635\/revisions"}],"predecessor-version":[{"id":3370,"href":"https:\/\/www.stefaneguilbaud.com\/blog\/index.php?rest_route=\/wp\/v2\/posts\/2635\/revisions\/3370"}],"wp:featuredmedia":[{"embeddable":true,"href":"https:\/\/www.stefaneguilbaud.com\/blog\/index.php?rest_route=\/wp\/v2\/media\/2638"}],"wp:attachment":[{"href":"https:\/\/www.stefaneguilbaud.com\/blog\/index.php?rest_route=%2Fwp%2Fv2%2Fmedia&parent=2635"}],"wp:term":[{"taxonomy":"category","embeddable":true,"href":"https:\/\/www.stefaneguilbaud.com\/blog\/index.php?rest_route=%2Fwp%2Fv2%2Fcategories&post=2635"},{"taxonomy":"post_tag","embeddable":true,"href":"https:\/\/www.stefaneguilbaud.com\/blog\/index.php?rest_route=%2Fwp%2Fv2%2Ftags&post=2635"}],"curies":[{"name":"wp","href":"https:\/\/api.w.org\/{rel}","templated":true}]}}