{"id":2540,"date":"2017-08-26T10:09:05","date_gmt":"2017-08-26T09:09:05","guid":{"rendered":"http:\/\/www.stefaneguilbaud.com\/blog\/?p=2540"},"modified":"2017-08-26T10:16:41","modified_gmt":"2017-08-26T09:16:41","slug":"prix-cest-pas-un-peu-gonfle","status":"publish","type":"post","link":"https:\/\/www.stefaneguilbaud.com\/blog\/?p=2540","title":{"rendered":"Prix ! C&rsquo;est pas un peu gonfl\u00e9 ?"},"content":{"rendered":"<p>Cette image a \u00e9t\u00e9 prise en grande surface. Il s&rsquo;agit de trois paquets de poudre d&rsquo;amande d&rsquo;une marque industrielle.\u00a0La marque n&rsquo;a pas d&rsquo;importance en soi, puisque la\u00a0constatation suivante est une g\u00e9n\u00e9ralit\u00e9 en grande surface. Cette\u00a0photo me permet juste d&rsquo;illustrer un cours en \u00ab\u00a0changement de comportement alimentaire\u00a0\u00bb \u00e0 elle seule.<\/p>\n<p><a href=\"http:\/\/www.stefaneguilbaud.com\/blog\/?attachment_id=2545\" rel=\"attachment wp-att-2545\"><img data-recalc-dims=\"1\" loading=\"lazy\" decoding=\"async\" class=\"alignnone wp-image-2545\" src=\"https:\/\/i0.wp.com\/www.stefaneguilbaud.com\/blog\/wp-content\/uploads\/2017\/08\/vahine.jpg?resize=840%2C491\" alt=\"paquets amandes\" width=\"840\" height=\"491\" srcset=\"https:\/\/i0.wp.com\/www.stefaneguilbaud.com\/blog\/wp-content\/uploads\/2017\/08\/vahine.jpg?w=999&amp;ssl=1 999w, https:\/\/i0.wp.com\/www.stefaneguilbaud.com\/blog\/wp-content\/uploads\/2017\/08\/vahine.jpg?resize=300%2C175&amp;ssl=1 300w, https:\/\/i0.wp.com\/www.stefaneguilbaud.com\/blog\/wp-content\/uploads\/2017\/08\/vahine.jpg?resize=768%2C449&amp;ssl=1 768w\" sizes=\"auto, (max-width: 840px) 100vw, 840px\" \/><\/a><\/p>\n<p><strong>DESCRIPTION<\/strong><br \/>\nCette enseigne\u00a0propose trois paquets de poudre d\u2019amande.<\/p>\n<ol>\n<li>Un paquet de poudre d\u2019amande fait \u00e0 partir d\u2019ol\u00e9agineux complets (amande avec la peau)<br \/>\n100 g d\u2019AMANDE POUDRE \u201cCOMPL\u00c8TE\u201d 3,72\u20ac soit 37,72 \u20ac le kilo.<\/li>\n<li>Un paquet de poudre d\u2019amande fait \u00e0 partir d\u2019amande blanche (amande sans la peau)<br \/>\n125 g d\u2019AMANDE POUDRE \u201cCLASSIQUE\u201d 3,42 \u20ac soit\u00a027\u20ac le kilo.<\/li>\n<li>Un paquet de poudre d\u2019amande fait \u00e0 partir d\u2019amande blanche (amande sans la peau), mais en \u00ab\u00a0Pack Familial\u00a0\u00bb,<br \/>\nc\u2019est \u00e0 dire plus avantageux quant au rapport quantit\u00e9\/prix.<br \/>\n180 g d\u2019AMANDE POUDRE \u201cCLASSIQUE\u201d 6,11 \u20ac soit\u00a033,94 \u20ac le kilo.<\/li>\n<\/ol>\n<p><strong>CONSTATATION<\/strong><\/p>\n<p><strong>a)\u00a0S\u00c9MANTIQUE MARKETING ?<\/strong><br \/>\nL&rsquo;enseigne parle d\u2019amande compl\u00e8te pour sa version compl\u00e8te, mais pr\u00e9f\u00e8re parler de <em>\u201cclassique\u201d<\/em> pour la version <em>\u201cblanche\u201d<\/em>. Il est vrai que les termes <em>\u201cblanche, \u00e9mond\u00e9e, raffin\u00e9e<em>\u201d<\/em><\/em>, peuvent faire peur, et que le terme <em>\u201cclassiqu<\/em>e<em>\u201d<\/em>\u00a0est un peu plus marketing. Toutefois, pour moi une amande classique est avec sa peau ! Le reste n\u2019est que transformation. Je comprends bien ce que le terme\u00a0<em>\u00ab\u00a0classique\u00a0\u00bb<\/em> signifie pour l\u2019industriel, peut \u00eatre un <em>\u201cclassique\u201d<\/em> dans leurs habitudes de ventes !<\/p>\n<p><strong>b) LE LABEUR SANS VALEUR ?<\/strong><br \/>\nL&rsquo;enseigne\u00a0vend de la poudre d\u2019amande \u201cblanche\u201d &#8211; ou classique si vous pr\u00e9f\u00e9rez, \u00e0 27 \u20ac le kilo.<br \/>\nCela met le paquet de 125 g \u00e0 3,42 \u20ac. Mais chose \u00e9trange, le paquet en version <em>\u201ccompl\u00e8te\u201d<\/em> &#8211; ou brute prend 10 \u20ac de plus au kilo pour se situer \u00e0 37,72 \u20ac le kilo. Incoh\u00e9rent quand on sait que la poudre d\u2019amande blanche demande un \u00e9mondage<em> (enlever la peau)<\/em>. Plus d\u2019eau, plus de travail, plus de p\u00e9trole et d\u2019\u00e9nergie, plus de manipulations pour se retrouver au final avec un prix inf\u00e9rieur.<br \/>\n<em>Comme pour la farine, le sucre\u2026 l\u2019argument industriel r\u00e9side dans la quantit\u00e9 et les volumes trait\u00e9s. Incoh\u00e9rente\u00a0soci\u00e9t\u00e9 de consommation. [Par exemple, un sucre blanc bio peut \u00eatre vendu 2 \u20ac le kilo, quand un autre sera \u00e0 5,40 \u20ac en version brute, non raffin\u00e9.]<\/em><\/p>\n<p><strong>c) PRESQUE AUSSI BIEN QUE LA VOISINE ?<\/strong><br \/>\nMais ce qui fait le plus sourire, c\u2019est le petit tour de pass-pass. Dans notre cas pr\u00e9c\u00e9dent, la version la plus ch\u00e8re au kilo <em>(compl\u00e8te)<\/em> n\u2019est pas conditionn\u00e9e \u00e0 125 g, mais \u00e0 seulement 100 g. Pourquoi ? Pour que le prix du paquet reste coh\u00e9rent par rapport \u00e0 sa version blanche<em> (sa voisine de rayon)<\/em>. En effet les deux paquets font 3,42 \u20ac <em>(125 g classique)<\/em> et 3,72 \u20ac\u00a0<em>(100 g compl\u00e8te)<\/em>. Ce dernier serait \u00e0 4,65 \u20ac si son conditionnement \u00e9tait de 125 g. Moins flatteur ! Non ?<\/p>\n<p><strong>d) G\u00c9N\u00c9ROSIT\u00c9 MAL ORDONN\u00c9E ?<\/strong><br \/>\nEt le meilleur pour la fin. Vahin\u00e9 a pens\u00e9 \u00e0 un pack familial, que l\u2019on associe facilement \u00e0 une notion <em>\u201c\u00e9conomique\u201d<\/em>. En effet, si j\u2019ach\u00e8te 125 g de poudre classique \u00e0 27 euros le kilo, j\u2019ai l\u2019opportunit\u00e9 de m\u2019emparer de sa version conditionn\u00e9e en 180 g pour moins chers \u2026 Eh bien non, c\u2019est plus cher, au kilo, d\u2019acheter un paquet de 180 g qu\u2019un de 125 g ?! Allez comprendre. La vie est mal faite au pays de l\u2019indus !<\/p>\n<p><strong>CONCLUSION<\/strong><br \/>\nBref, cherchez bien. Moi qui suit grand consommateur de poudre d\u2019amande. Je vis dans un monde bien moins cher, apparemment moins\u00a0complexe pour mes modestes connaissances math\u00e9matiques. En bio, en local, je me d\u00e9brouille\u2026 avec une version non industrielle, souvent au m\u00eame prix voire\u00a0moins ch\u00e8re.<\/p>\n","protected":false},"excerpt":{"rendered":"<p>Cette image a \u00e9t\u00e9 prise en grande surface. Il s&rsquo;agit de trois paquets de poudre d&rsquo;amande d&rsquo;une marque industrielle.\u00a0La marque n&rsquo;a pas d&rsquo;importance en soi, &hellip; <\/p>\n","protected":false},"author":1,"featured_media":2542,"comment_status":"open","ping_status":"open","sticky":false,"template":"","format":"standard","meta":{"_exactmetrics_skip_tracking":false,"_exactmetrics_sitenote_active":false,"_exactmetrics_sitenote_note":"","_exactmetrics_sitenote_category":0,"jetpack_post_was_ever_published":false,"_jetpack_newsletter_access":"","_jetpack_dont_email_post_to_subs":true,"_jetpack_newsletter_tier_id":0,"_jetpack_memberships_contains_paywalled_content":false,"_jetpack_memberships_contains_paid_content":false,"footnotes":"","jetpack_publicize_message":"","jetpack_publicize_feature_enabled":true,"jetpack_social_post_already_shared":true,"jetpack_social_options":{"image_generator_settings":{"template":"highway","default_image_id":0,"font":"","enabled":false},"version":2}},"categories":[1],"tags":[],"class_list":["post-2540","post","type-post","status-publish","format-standard","has-post-thumbnail","hentry","category-alimentation"],"jetpack_publicize_connections":[],"jetpack_featured_media_url":"https:\/\/i0.wp.com\/www.stefaneguilbaud.com\/blog\/wp-content\/uploads\/2017\/08\/amandepowder.jpg?fit=800%2C435&ssl=1","jetpack_sharing_enabled":true,"jetpack_shortlink":"https:\/\/wp.me\/p8a0UX-EY","jetpack-related-posts":[{"id":448,"url":"https:\/\/www.stefaneguilbaud.com\/blog\/?p=448","url_meta":{"origin":2540,"position":0},"title":"La recette de ma grand-m\u00e8re a bon dos","author":"SG","date":"23 janvier 2010","format":false,"excerpt":"Je suis tr\u00e8s sensible aux d\u00e9corations, jolies phrases et graphismes mentionn\u00e9s sur nos paquets alimentaires ... surtout quand ils sont sujets \u00e0 confusion. \u00a0 Prenons un cas de figure, trouv\u00e9 ce jour en rayon.Un paquet de biscuit \"Sabl\u00e9s pur beurre aux pommes de Normandie, et \u00e0 la cr\u00e8me fra\u00eeche d'Isigny\u2026","rel":"","context":"Dans &quot;Alimentation&quot;","block_context":{"text":"Alimentation","link":"https:\/\/www.stefaneguilbaud.com\/blog\/?cat=1"},"img":{"alt_text":"","src":"https:\/\/i0.wp.com\/www.stefaneguilbaud.com\/blog\/wp-content\/uploads\/2013\/12\/patisserie.jpg?fit=800%2C435&ssl=1&resize=350%2C200","width":350,"height":200,"srcset":"https:\/\/i0.wp.com\/www.stefaneguilbaud.com\/blog\/wp-content\/uploads\/2013\/12\/patisserie.jpg?fit=800%2C435&ssl=1&resize=350%2C200 1x, https:\/\/i0.wp.com\/www.stefaneguilbaud.com\/blog\/wp-content\/uploads\/2013\/12\/patisserie.jpg?fit=800%2C435&ssl=1&resize=525%2C300 1.5x, https:\/\/i0.wp.com\/www.stefaneguilbaud.com\/blog\/wp-content\/uploads\/2013\/12\/patisserie.jpg?fit=800%2C435&ssl=1&resize=700%2C400 2x"},"classes":[]},{"id":2885,"url":"https:\/\/www.stefaneguilbaud.com\/blog\/?p=2885","url_meta":{"origin":2540,"position":1},"title":"Nous part\u00eemes \u00ab\u00a0Cinq Sans\u00a0\u00bb  !","author":"SG","date":"15 septembre 2018","format":false,"excerpt":"Mais par un prompt renfort de gourmands, nous nous v\u00eemes 3000 en arrivant au port :) Par cette tirade c\u00e9l\u00e8bre du Cid*, quelque peu modifi\u00e9e, je vais vous pr\u00e9senter une nouveaut\u00e9 qui m\u2019a interpell\u00e9. C\u00f4t\u00e9 biscuit, il faut reconna\u00eetre que d\u2019habitude, le choix en bio est plut\u00f4t d\u00e9cevant. En tous\u2026","rel":"","context":"Dans &quot;Actualit\u00e9s&quot;","block_context":{"text":"Actualit\u00e9s","link":"https:\/\/www.stefaneguilbaud.com\/blog\/?cat=8"},"img":{"alt_text":"","src":"https:\/\/i0.wp.com\/www.stefaneguilbaud.com\/blog\/wp-content\/uploads\/2018\/09\/Cookiesheader.jpg?fit=800%2C400&ssl=1&resize=350%2C200","width":350,"height":200,"srcset":"https:\/\/i0.wp.com\/www.stefaneguilbaud.com\/blog\/wp-content\/uploads\/2018\/09\/Cookiesheader.jpg?fit=800%2C400&ssl=1&resize=350%2C200 1x, https:\/\/i0.wp.com\/www.stefaneguilbaud.com\/blog\/wp-content\/uploads\/2018\/09\/Cookiesheader.jpg?fit=800%2C400&ssl=1&resize=525%2C300 1.5x, https:\/\/i0.wp.com\/www.stefaneguilbaud.com\/blog\/wp-content\/uploads\/2018\/09\/Cookiesheader.jpg?fit=800%2C400&ssl=1&resize=700%2C400 2x"},"classes":[]},{"id":919,"url":"https:\/\/www.stefaneguilbaud.com\/blog\/?p=919","url_meta":{"origin":2540,"position":2},"title":"Tu veux un chocolat chaud ? Non !","author":"SG","date":"8 f\u00e9vrier 2014","format":false,"excerpt":"Tu veux un chocolat chaud ? Euh, Non merci, enfin\u2026 pas celui-ci ! L'accroche du site de Sens\u00e9o ChocoBreak aurait pu me s\u00e9duire\"Pour des moments de pure gourmandise\",mais lorsque j'ai lu les ingr\u00e9dients, une partie de la magie s'est envol\u00e9e.Pour moi un chocolat chaud \u2026 \"de pure gourmandise\",c'est du chocolat,\u2026","rel":"","context":"Dans &quot;Alimentation&quot;","block_context":{"text":"Alimentation","link":"https:\/\/www.stefaneguilbaud.com\/blog\/?cat=1"},"img":{"alt_text":"","src":"https:\/\/i0.wp.com\/www.stefaneguilbaud.com\/blog\/wp-content\/uploads\/2014\/02\/chaudcolat.jpg?fit=800%2C435&ssl=1&resize=350%2C200","width":350,"height":200,"srcset":"https:\/\/i0.wp.com\/www.stefaneguilbaud.com\/blog\/wp-content\/uploads\/2014\/02\/chaudcolat.jpg?fit=800%2C435&ssl=1&resize=350%2C200 1x, https:\/\/i0.wp.com\/www.stefaneguilbaud.com\/blog\/wp-content\/uploads\/2014\/02\/chaudcolat.jpg?fit=800%2C435&ssl=1&resize=525%2C300 1.5x, https:\/\/i0.wp.com\/www.stefaneguilbaud.com\/blog\/wp-content\/uploads\/2014\/02\/chaudcolat.jpg?fit=800%2C435&ssl=1&resize=700%2C400 2x"},"classes":[]},{"id":276,"url":"https:\/\/www.stefaneguilbaud.com\/blog\/?p=276","url_meta":{"origin":2540,"position":3},"title":"Le coup de gueule chez Sushi Shop \u00ae","author":"SG","date":"6 janvier 2011","format":false,"excerpt":"ARR\u00caT CHEZ SUSHI SHOP, ET LECTURE DE CERTAINS INGR\u00c9DIENTS. \u00ab Un sushi, par d\u00e9finition, est une combinaison plus ou moins simple d\u2019ingr\u00e9dients de qualit\u00e9. En cuisine, moins il y a d\u2019ingr\u00e9dients, plus il est important de choisir des produits frais et savoureux. \u00bb Source : http:\/\/sushishop.com\/fr\/menu\/discover 1# MOUTARDE WASABI -\u2026","rel":"","context":"Dans &quot;Coups de gueule&quot;","block_context":{"text":"Coups de gueule","link":"https:\/\/www.stefaneguilbaud.com\/blog\/?cat=7"},"img":{"alt_text":"","src":"https:\/\/i0.wp.com\/www.stefaneguilbaud.com\/blog\/wp-content\/uploads\/2013\/11\/coupdegueule.jpg?fit=800%2C435&ssl=1&resize=350%2C200","width":350,"height":200,"srcset":"https:\/\/i0.wp.com\/www.stefaneguilbaud.com\/blog\/wp-content\/uploads\/2013\/11\/coupdegueule.jpg?fit=800%2C435&ssl=1&resize=350%2C200 1x, https:\/\/i0.wp.com\/www.stefaneguilbaud.com\/blog\/wp-content\/uploads\/2013\/11\/coupdegueule.jpg?fit=800%2C435&ssl=1&resize=525%2C300 1.5x, https:\/\/i0.wp.com\/www.stefaneguilbaud.com\/blog\/wp-content\/uploads\/2013\/11\/coupdegueule.jpg?fit=800%2C435&ssl=1&resize=700%2C400 2x"},"classes":[]},{"id":2776,"url":"https:\/\/www.stefaneguilbaud.com\/blog\/?p=2776","url_meta":{"origin":2540,"position":4},"title":"Biscuits pour enfants\u2026 pas si craquants !","author":"SG","date":"2 juin 2018","format":false,"excerpt":"PROFITS vs SANT\u00c9 En mati\u00e8re d\u2019alimentation, il est devenu courant de transformer les mati\u00e8res premi\u00e8res d'un aliment \u00e0 outrance. Ces produits \u201cultra-transform\u00e9s\u201d sont issus d\u2019une industrie agroalimentaire qui pratique le \u201ccracking\u201d sans forc\u00e9ment le mentionner \u00e0 ses clients : les consommateurs. Le cracking est une fa\u00e7on de faire encore plus\u2026","rel":"","context":"Dans &quot;Alimentation&quot;","block_context":{"text":"Alimentation","link":"https:\/\/www.stefaneguilbaud.com\/blog\/?cat=1"},"img":{"alt_text":"","src":"https:\/\/i0.wp.com\/www.stefaneguilbaud.com\/blog\/wp-content\/uploads\/2019\/04\/biscuit-studio.jpg?fit=800%2C435&ssl=1&resize=350%2C200","width":350,"height":200,"srcset":"https:\/\/i0.wp.com\/www.stefaneguilbaud.com\/blog\/wp-content\/uploads\/2019\/04\/biscuit-studio.jpg?fit=800%2C435&ssl=1&resize=350%2C200 1x, https:\/\/i0.wp.com\/www.stefaneguilbaud.com\/blog\/wp-content\/uploads\/2019\/04\/biscuit-studio.jpg?fit=800%2C435&ssl=1&resize=525%2C300 1.5x, https:\/\/i0.wp.com\/www.stefaneguilbaud.com\/blog\/wp-content\/uploads\/2019\/04\/biscuit-studio.jpg?fit=800%2C435&ssl=1&resize=700%2C400 2x"},"classes":[]},{"id":23,"url":"https:\/\/www.stefaneguilbaud.com\/blog\/?p=23","url_meta":{"origin":2540,"position":5},"title":"Aspartam","author":"SG","date":"13 octobre 2011","format":false,"excerpt":"Le groupement de distribution Syst\u00e8me U va abandonner l'utilisation de l'aspartame dans tous les sodas vendus sous sa marque, \u00e0 partir de janvier, a annonc\u00e9 mercredi son pr\u00e9sident Serge Papin. Cette d\u00e9cision fait suite aux inqui\u00e9tudes de l'Autorit\u00e9 europ\u00e9enne de s\u00e9curit\u00e9 des aliments (EFSA) sur les effets de cet \u00e9dulcorant\u2026","rel":"","context":"Dans &quot;Alimentation&quot;","block_context":{"text":"Alimentation","link":"https:\/\/www.stefaneguilbaud.com\/blog\/?cat=1"},"img":{"alt_text":"","src":"https:\/\/i0.wp.com\/www.stefaneguilbaud.com\/blog\/wp-content\/uploads\/2013\/11\/aspartam.jpg?fit=820%2C435&ssl=1&resize=350%2C200","width":350,"height":200,"srcset":"https:\/\/i0.wp.com\/www.stefaneguilbaud.com\/blog\/wp-content\/uploads\/2013\/11\/aspartam.jpg?fit=820%2C435&ssl=1&resize=350%2C200 1x, https:\/\/i0.wp.com\/www.stefaneguilbaud.com\/blog\/wp-content\/uploads\/2013\/11\/aspartam.jpg?fit=820%2C435&ssl=1&resize=525%2C300 1.5x, https:\/\/i0.wp.com\/www.stefaneguilbaud.com\/blog\/wp-content\/uploads\/2013\/11\/aspartam.jpg?fit=820%2C435&ssl=1&resize=700%2C400 2x"},"classes":[]}],"jetpack_likes_enabled":true,"_links":{"self":[{"href":"https:\/\/www.stefaneguilbaud.com\/blog\/index.php?rest_route=\/wp\/v2\/posts\/2540","targetHints":{"allow":["GET"]}}],"collection":[{"href":"https:\/\/www.stefaneguilbaud.com\/blog\/index.php?rest_route=\/wp\/v2\/posts"}],"about":[{"href":"https:\/\/www.stefaneguilbaud.com\/blog\/index.php?rest_route=\/wp\/v2\/types\/post"}],"author":[{"embeddable":true,"href":"https:\/\/www.stefaneguilbaud.com\/blog\/index.php?rest_route=\/wp\/v2\/users\/1"}],"replies":[{"embeddable":true,"href":"https:\/\/www.stefaneguilbaud.com\/blog\/index.php?rest_route=%2Fwp%2Fv2%2Fcomments&post=2540"}],"version-history":[{"count":13,"href":"https:\/\/www.stefaneguilbaud.com\/blog\/index.php?rest_route=\/wp\/v2\/posts\/2540\/revisions"}],"predecessor-version":[{"id":2556,"href":"https:\/\/www.stefaneguilbaud.com\/blog\/index.php?rest_route=\/wp\/v2\/posts\/2540\/revisions\/2556"}],"wp:featuredmedia":[{"embeddable":true,"href":"https:\/\/www.stefaneguilbaud.com\/blog\/index.php?rest_route=\/wp\/v2\/media\/2542"}],"wp:attachment":[{"href":"https:\/\/www.stefaneguilbaud.com\/blog\/index.php?rest_route=%2Fwp%2Fv2%2Fmedia&parent=2540"}],"wp:term":[{"taxonomy":"category","embeddable":true,"href":"https:\/\/www.stefaneguilbaud.com\/blog\/index.php?rest_route=%2Fwp%2Fv2%2Fcategories&post=2540"},{"taxonomy":"post_tag","embeddable":true,"href":"https:\/\/www.stefaneguilbaud.com\/blog\/index.php?rest_route=%2Fwp%2Fv2%2Ftags&post=2540"}],"curies":[{"name":"wp","href":"https:\/\/api.w.org\/{rel}","templated":true}]}}