{"id":234,"date":"2010-09-22T05:00:40","date_gmt":"2010-09-22T04:00:40","guid":{"rendered":"http:\/\/www.stefaneguilbaud.com\/journal\/?p=234"},"modified":"2013-11-28T13:38:01","modified_gmt":"2013-11-28T12:38:01","slug":"huile-de-palme-denoncee","status":"publish","type":"post","link":"https:\/\/www.stefaneguilbaud.com\/blog\/?p=234","title":{"rendered":"Huile de palme d\u00e9nonc\u00e9e"},"content":{"rendered":"<p>Je ne souhaitais pas r\u00e9agir \u00e0 cette actualit\u00e9 matinale, mais plusieurs lecteurs de ce blog et des amis m&rsquo;ont tous envoy\u00e9 cette info.<br \/>Je vais donc m&rsquo;exprimer &#8230;<\/p>\n<div>\n<h3>Je cite l&rsquo;article :<\/h3>\n<p><em>Le nutritionniste Jean-Michel Cohen met en garde contre l&rsquo;utilisation abusive du terme \u00ab\u00a0huile v\u00e9g\u00e9tale\u00a0\u00bb, qui trompe les consommateurs.<br \/>Findus en remet une couche sur son \u00e9thique \u00e9co-responsable. Apr\u00e8s avoir abandonn\u00e9 l&rsquo;huile de palme en 2009, le g\u00e9ant de l&rsquo;alimentation, en partenariat avec le c\u00e9l\u00e8bre nutritionniste Jean-Michel Cohen, a pr\u00e9sent\u00e9 les r\u00e9sultats d&rsquo;une \u00e9tude sur la consommation r\u00e9elle de ce lipide.<br \/>R\u00e9alis\u00e9e sur dix foyers, elle vise \u00e0 mesurer le d\u00e9calage entre ce que ces familles consomment r\u00e9ellement et ce qu&rsquo;elles pensent consommer. Les conclusions, pr\u00e9sent\u00e9es \u00e0 la presse par Jean-Michel Cohen, font notamment \u00e9tat d&rsquo;une trop grande utilisation du terme \u00ab\u00a0huile v\u00e9g\u00e9tale\u00a0\u00bb par les industries agroalimentaires pour \u00ab\u00a0masquer\u00a0\u00bb l&rsquo;utilisation d&rsquo;huile de palme. Un camouflage qui emp\u00eache les familles d&rsquo;\u00e9carter ce lipide de leur alimentation.Ces foyers volontaires avaient \u00e9t\u00e9 choisis via le site confidentielles.com et \u00e9taient donc d\u00e9j\u00e0 sensibilis\u00e9s aux questions de nutrition. \u00ab\u00a0Et au d\u00e9part, toutes ces familles sont absolument persuad\u00e9es qu&rsquo;elles ne mangent pas d&rsquo;huile de palme\u00a0\u00bb, souligne-t-il.<strong><br \/>\u00ab\u00a0Alt\u00e9ration de sant\u00e9\u00a0\u00bb<\/strong><br \/>Pourtant, selon cette \u00e9tude, chaque personne consomme en moyenne 57g d&rsquo;huile de palme par mois.<br \/>La consommation, qui varie de 0 \u00e0 190g\/mois, est plus basse chez les personnes attentives \u00e0 ne pas grignoter (l&rsquo;huile de palme est particuli\u00e8rement utilis\u00e9e dans les g\u00e2teaux sucr\u00e9s et sal\u00e9s) et \u00e0 cuisiner maison.<br \/>\u00ab\u00a0Sans le savoir\u00a0\u00bb, insiste le nutritionniste, chacun a consomm\u00e9 de 5 \u00e0 12% des apports maximum en acide gras satur\u00e9s.<br \/>Ces quantit\u00e9s \u00ab\u00a0ne vont pas faire mourir\u00a0\u00bb les consommateurs, temp\u00e8re-t-il, mais ils auront \u00ab\u00a0une alt\u00e9ration de sant\u00e9 suffisamment importante pour \u00eatre soulign\u00e9e\u00a0\u00bb.<br \/>Consomm\u00e9e en trop grande quantit\u00e9, l&rsquo;huile de palme est dangereuse pour la sant\u00e9 car elle est riche en acides gras satur\u00e9s, ceux qui \u00ab\u00a0s&rsquo;accrochent\u00a0\u00bb le plus aux art\u00e8res, a r\u00e9sum\u00e9 le nutritionniste.<\/em><\/p>\n<p>Source : LEXPRESS.fr<\/p>\n<h3><strong>Oui mais alors &#8230; est-ce bien ?<\/strong><\/h3>\n<p>Voici ce qui m&rsquo;a imm\u00e9diatement d\u00e9rang\u00e9 : \u00ab\u00a0<em><strong>Findus en remet une couche<\/strong> sur son \u00e9thique \u00e9co-responsable. A<strong>pr\u00e8s avoir abandonn\u00e9 l&rsquo;huile de palme en 2009<\/strong>, le g\u00e9ant de l&rsquo;alimentation, <strong>en partenariat avec le c\u00e9l\u00e8bre<\/strong> nutritionniste Jean-Michel Cohen\u00a0\u00bb.<\/em><\/p>\n<p>1 \u2022 Findus communique sur les m\u00e9faits de l&rsquo;huile de palme ! On croit r\u00eaver !! Ils se mettent \u00e0 d\u00e9noncer lorsque qu&rsquo;ils ne sont plus concern\u00e9s.<\/p>\n<p>2 \u2022 Findus a abandonn\u00e9 l&rsquo;huile de palme .. oui mais pour y mettre quoi \u00e0 la place [<a href=\"http:\/\/ymlp.com\/zVrFyu\" hreflang=\"fr\">Lire cet article explicatif<\/a>]<\/p>\n<p>3 \u2022 \u00ab\u00a0En partenariat\u00a0\u00bb. Trop fort, on choisi un personnage m\u00e9diatique. On utilise son combat \u00e0 des fins commerciales, car il est \u00e9vident que la parole de JM Cohen aura plus d&rsquo;impact que le porte parole de Findus.<\/p>\n<p>et voil\u00e0 comment une ing\u00e9rence marketing, p\u00e9n\u00e8tre une fois de plus notre quotidien, sous couverts d&rsquo;informations nutritionnelles.<\/p>\n<\/div>\n","protected":false},"excerpt":{"rendered":"<p>Je ne souhaitais pas r\u00e9agir \u00e0 cette actualit\u00e9 matinale, mais plusieurs lecteurs de ce blog et des amis m&rsquo;ont tous envoy\u00e9 cette info.Je vais donc &hellip; <\/p>\n","protected":false},"author":1,"featured_media":238,"comment_status":"open","ping_status":"open","sticky":false,"template":"","format":"standard","meta":{"_exactmetrics_skip_tracking":false,"_exactmetrics_sitenote_active":false,"_exactmetrics_sitenote_note":"","_exactmetrics_sitenote_category":0,"jetpack_post_was_ever_published":false,"_jetpack_newsletter_access":"","_jetpack_dont_email_post_to_subs":false,"_jetpack_newsletter_tier_id":0,"_jetpack_memberships_contains_paywalled_content":false,"_jetpack_memberships_contains_paid_content":false,"footnotes":"","jetpack_publicize_message":"","jetpack_publicize_feature_enabled":true,"jetpack_social_post_already_shared":false,"jetpack_social_options":{"image_generator_settings":{"template":"highway","default_image_id":0,"font":"","enabled":false},"version":2}},"categories":[1],"tags":[],"class_list":["post-234","post","type-post","status-publish","format-standard","has-post-thumbnail","hentry","category-alimentation"],"jetpack_publicize_connections":[],"jetpack_featured_media_url":"https:\/\/i0.wp.com\/www.stefaneguilbaud.com\/blog\/wp-content\/uploads\/2013\/11\/palmier.jpg?fit=800%2C435&ssl=1","jetpack_sharing_enabled":true,"jetpack_shortlink":"https:\/\/wp.me\/p8a0UX-3M","jetpack-related-posts":[{"id":417,"url":"https:\/\/www.stefaneguilbaud.com\/blog\/?p=417","url_meta":{"origin":234,"position":0},"title":"BIO ne veut pas dire \u00e9cologique et\/ou di\u00e9t\u00e9tique","author":"SG","date":"11 f\u00e9vrier 2010","format":false,"excerpt":"Trop souvent, nous assistons, impuissants \u00e0 une rang\u00e9e de biscuits BIO chez nos commer\u00e7ants r\u00e9alis\u00e9s, concoct\u00e9s ou cuisin\u00e9s avec ... de l'huile de palme. Il faut que cela change. Gilles H\u00e9luin, dans \"cent pour cent naturel\" nous apprend : \"L\u2019huile de palme poss\u00e8de le rendement \u00e0 l\u2019hectare le plus \u00e9lev\u00e9\u2026","rel":"","context":"Dans &quot;Soci\u00e9t\u00e9&quot;","block_context":{"text":"Soci\u00e9t\u00e9","link":"https:\/\/www.stefaneguilbaud.com\/blog\/?cat=3"},"img":{"alt_text":"","src":"https:\/\/i0.wp.com\/www.stefaneguilbaud.com\/blog\/wp-content\/uploads\/2013\/11\/palmier.jpg?fit=800%2C435&ssl=1&resize=350%2C200","width":350,"height":200,"srcset":"https:\/\/i0.wp.com\/www.stefaneguilbaud.com\/blog\/wp-content\/uploads\/2013\/11\/palmier.jpg?fit=800%2C435&ssl=1&resize=350%2C200 1x, https:\/\/i0.wp.com\/www.stefaneguilbaud.com\/blog\/wp-content\/uploads\/2013\/11\/palmier.jpg?fit=800%2C435&ssl=1&resize=525%2C300 1.5x, https:\/\/i0.wp.com\/www.stefaneguilbaud.com\/blog\/wp-content\/uploads\/2013\/11\/palmier.jpg?fit=800%2C435&ssl=1&resize=700%2C400 2x"},"classes":[]},{"id":1072,"url":"https:\/\/www.stefaneguilbaud.com\/blog\/?p=1072","url_meta":{"origin":234,"position":1},"title":"Huile de palme durable ?","author":"SG","date":"30 mai 2014","format":false,"excerpt":"Actualit\u00e9 pour FemininBio. Paru le 12 mai 2014 [ Article sur FemininBio disponible ici ] R\u00e9tablir la v\u00e9rit\u00e9 sur l'huile de palme durable, parler du fruit du palmier et des qualit\u00e9s \"\u00e9tonnantes\" pour expliquer pourquoi cette huile et ses d\u00e9riv\u00e9s est utilis\u00e9e en masse dans \"les produits que vous aimez\".\u2026","rel":"","context":"Dans &quot;Actualit\u00e9s&quot;","block_context":{"text":"Actualit\u00e9s","link":"https:\/\/www.stefaneguilbaud.com\/blog\/?cat=8"},"img":{"alt_text":"","src":"https:\/\/i0.wp.com\/www.stefaneguilbaud.com\/blog\/wp-content\/uploads\/2013\/11\/palmier.jpg?fit=800%2C435&ssl=1&resize=350%2C200","width":350,"height":200,"srcset":"https:\/\/i0.wp.com\/www.stefaneguilbaud.com\/blog\/wp-content\/uploads\/2013\/11\/palmier.jpg?fit=800%2C435&ssl=1&resize=350%2C200 1x, https:\/\/i0.wp.com\/www.stefaneguilbaud.com\/blog\/wp-content\/uploads\/2013\/11\/palmier.jpg?fit=800%2C435&ssl=1&resize=525%2C300 1.5x, https:\/\/i0.wp.com\/www.stefaneguilbaud.com\/blog\/wp-content\/uploads\/2013\/11\/palmier.jpg?fit=800%2C435&ssl=1&resize=700%2C400 2x"},"classes":[]},{"id":468,"url":"https:\/\/www.stefaneguilbaud.com\/blog\/?p=468","url_meta":{"origin":234,"position":2},"title":"Savez vous ce que \u00ab\u00a0huile de palme\u00a0\u00bb veut-dire ?","author":"SG","date":"4 janvier 2010","format":false,"excerpt":"Quand la demande en huile de palme augmente. Les stocks de carbone s'effondrent \u2026 [ source : greenpeace.org ] Chaque ann\u00e9e, les combustions des tourbi\u00e8res d'Indon\u00e9sie recrachent dans l'atmosph\u00e8re 1,8 milliard de tonnes de gaz \u00e0 effet de serre.La demande croissante d'huile de palme de la part des plus grandes\u2026","rel":"","context":"Dans &quot;Alimentation&quot;","block_context":{"text":"Alimentation","link":"https:\/\/www.stefaneguilbaud.com\/blog\/?cat=1"},"img":{"alt_text":"","src":"https:\/\/i0.wp.com\/www.stefaneguilbaud.com\/blog\/wp-content\/uploads\/2013\/11\/palmier.jpg?fit=800%2C435&ssl=1&resize=350%2C200","width":350,"height":200,"srcset":"https:\/\/i0.wp.com\/www.stefaneguilbaud.com\/blog\/wp-content\/uploads\/2013\/11\/palmier.jpg?fit=800%2C435&ssl=1&resize=350%2C200 1x, https:\/\/i0.wp.com\/www.stefaneguilbaud.com\/blog\/wp-content\/uploads\/2013\/11\/palmier.jpg?fit=800%2C435&ssl=1&resize=525%2C300 1.5x, https:\/\/i0.wp.com\/www.stefaneguilbaud.com\/blog\/wp-content\/uploads\/2013\/11\/palmier.jpg?fit=800%2C435&ssl=1&resize=700%2C400 2x"},"classes":[]},{"id":143,"url":"https:\/\/www.stefaneguilbaud.com\/blog\/?p=143","url_meta":{"origin":234,"position":3},"title":"La transparence de McDo \u2026 Canada","author":"SG","date":"4 janvier 2011","format":false,"excerpt":"Essayez de trouver une liste d'ingr\u00e9dients dans les produits de la cha\u00eene de restauration fran\u00e7aise Mc Donald's \u2026 \u2026 vous allez avoir du mal. En effet, ils communiquent ais\u00e9ment sur les valeurs nutritionnelles de leurs aliments, et il faut s'avouer que la lecture de ces param\u00e8tres est quelque peu indigeste.\u2026","rel":"","context":"Dans &quot;Alimentation&quot;","block_context":{"text":"Alimentation","link":"https:\/\/www.stefaneguilbaud.com\/blog\/?cat=1"},"img":{"alt_text":"","src":"https:\/\/i0.wp.com\/www.stefaneguilbaud.com\/blog\/wp-content\/uploads\/2013\/11\/cheese.jpg?fit=800%2C435&ssl=1&resize=350%2C200","width":350,"height":200,"srcset":"https:\/\/i0.wp.com\/www.stefaneguilbaud.com\/blog\/wp-content\/uploads\/2013\/11\/cheese.jpg?fit=800%2C435&ssl=1&resize=350%2C200 1x, https:\/\/i0.wp.com\/www.stefaneguilbaud.com\/blog\/wp-content\/uploads\/2013\/11\/cheese.jpg?fit=800%2C435&ssl=1&resize=525%2C300 1.5x, https:\/\/i0.wp.com\/www.stefaneguilbaud.com\/blog\/wp-content\/uploads\/2013\/11\/cheese.jpg?fit=800%2C435&ssl=1&resize=700%2C400 2x"},"classes":[]},{"id":373,"url":"https:\/\/www.stefaneguilbaud.com\/blog\/?p=373","url_meta":{"origin":234,"position":4},"title":"Des gaufres pour mon go\u00fbter","author":"SG","date":"11 avril 2010","format":false,"excerpt":"C'est les vacances de P\u00e2ques. Pour go\u00fbter ... les enfants je vous propose des petites gaufres au miel. Prenons-les au rayon Bio, c'est tellement mieux :) Voil\u00e0 comment pourrais commencer cet article. Mais non, ce n'\u00e9tait pas pour mes enfants. Ne souhaitant pas \u00eatre rattach\u00e9 \u00e0 une marque, j'ach\u00e8te moi\u2026","rel":"","context":"Dans &quot;Alimentation&quot;","block_context":{"text":"Alimentation","link":"https:\/\/www.stefaneguilbaud.com\/blog\/?cat=1"},"img":{"alt_text":"","src":"https:\/\/i0.wp.com\/www.stefaneguilbaud.com\/blog\/wp-content\/uploads\/2010\/04\/gaufre.jpg?fit=800%2C435&ssl=1&resize=350%2C200","width":350,"height":200,"srcset":"https:\/\/i0.wp.com\/www.stefaneguilbaud.com\/blog\/wp-content\/uploads\/2010\/04\/gaufre.jpg?fit=800%2C435&ssl=1&resize=350%2C200 1x, https:\/\/i0.wp.com\/www.stefaneguilbaud.com\/blog\/wp-content\/uploads\/2010\/04\/gaufre.jpg?fit=800%2C435&ssl=1&resize=525%2C300 1.5x, https:\/\/i0.wp.com\/www.stefaneguilbaud.com\/blog\/wp-content\/uploads\/2010\/04\/gaufre.jpg?fit=800%2C435&ssl=1&resize=700%2C400 2x"},"classes":[]},{"id":1285,"url":"https:\/\/www.stefaneguilbaud.com\/blog\/?p=1285","url_meta":{"origin":234,"position":5},"title":"Biscotti-Bisco-pas !","author":"SG","date":"23 avril 2015","format":false,"excerpt":"J'ai d\u00e9couvert ce matin, une boite de biscotte. Cela fait bien longtemps que je n'en avais pas vu. Je ne mange pas de biscotte et de surcro\u00eet, pas achet\u00e9e en grande surface si je devais le faire. Pos\u00e9e sur la table, cette bo\u00eete m'a servi, pendant la prise de mon\u2026","rel":"","context":"Dans &quot;Alimentation&quot;","block_context":{"text":"Alimentation","link":"https:\/\/www.stefaneguilbaud.com\/blog\/?cat=1"},"img":{"alt_text":"","src":"https:\/\/i0.wp.com\/www.stefaneguilbaud.com\/blog\/wp-content\/uploads\/2015\/04\/biscotte.jpg?fit=800%2C435&ssl=1&resize=350%2C200","width":350,"height":200,"srcset":"https:\/\/i0.wp.com\/www.stefaneguilbaud.com\/blog\/wp-content\/uploads\/2015\/04\/biscotte.jpg?fit=800%2C435&ssl=1&resize=350%2C200 1x, https:\/\/i0.wp.com\/www.stefaneguilbaud.com\/blog\/wp-content\/uploads\/2015\/04\/biscotte.jpg?fit=800%2C435&ssl=1&resize=525%2C300 1.5x, https:\/\/i0.wp.com\/www.stefaneguilbaud.com\/blog\/wp-content\/uploads\/2015\/04\/biscotte.jpg?fit=800%2C435&ssl=1&resize=700%2C400 2x"},"classes":[]}],"jetpack_likes_enabled":true,"_links":{"self":[{"href":"https:\/\/www.stefaneguilbaud.com\/blog\/index.php?rest_route=\/wp\/v2\/posts\/234","targetHints":{"allow":["GET"]}}],"collection":[{"href":"https:\/\/www.stefaneguilbaud.com\/blog\/index.php?rest_route=\/wp\/v2\/posts"}],"about":[{"href":"https:\/\/www.stefaneguilbaud.com\/blog\/index.php?rest_route=\/wp\/v2\/types\/post"}],"author":[{"embeddable":true,"href":"https:\/\/www.stefaneguilbaud.com\/blog\/index.php?rest_route=\/wp\/v2\/users\/1"}],"replies":[{"embeddable":true,"href":"https:\/\/www.stefaneguilbaud.com\/blog\/index.php?rest_route=%2Fwp%2Fv2%2Fcomments&post=234"}],"version-history":[{"count":2,"href":"https:\/\/www.stefaneguilbaud.com\/blog\/index.php?rest_route=\/wp\/v2\/posts\/234\/revisions"}],"predecessor-version":[{"id":237,"href":"https:\/\/www.stefaneguilbaud.com\/blog\/index.php?rest_route=\/wp\/v2\/posts\/234\/revisions\/237"}],"wp:featuredmedia":[{"embeddable":true,"href":"https:\/\/www.stefaneguilbaud.com\/blog\/index.php?rest_route=\/wp\/v2\/media\/238"}],"wp:attachment":[{"href":"https:\/\/www.stefaneguilbaud.com\/blog\/index.php?rest_route=%2Fwp%2Fv2%2Fmedia&parent=234"}],"wp:term":[{"taxonomy":"category","embeddable":true,"href":"https:\/\/www.stefaneguilbaud.com\/blog\/index.php?rest_route=%2Fwp%2Fv2%2Fcategories&post=234"},{"taxonomy":"post_tag","embeddable":true,"href":"https:\/\/www.stefaneguilbaud.com\/blog\/index.php?rest_route=%2Fwp%2Fv2%2Ftags&post=234"}],"curies":[{"name":"wp","href":"https:\/\/api.w.org\/{rel}","templated":true}]}}