{"id":227,"date":"2010-09-28T19:30:54","date_gmt":"2010-09-28T18:30:54","guid":{"rendered":"http:\/\/www.stefaneguilbaud.com\/journal\/?p=227"},"modified":"2018-11-16T17:11:02","modified_gmt":"2018-11-16T16:11:02","slug":"le-memoire-de-nos-dietetiques","status":"publish","type":"post","link":"https:\/\/www.stefaneguilbaud.com\/blog\/?p=227","title":{"rendered":"Le m\u00e9moire de nos di\u00e9t\u00e9tiques"},"content":{"rendered":"<p><strong>Paul Scheffer<\/strong> : R\u00e9flexion autour de l&rsquo;esprit critique au sein de la communaut\u00e9 des di\u00e9t\u00e9ticiens.<br \/>\nD\u00e9couvrez une nouvelle fa\u00e7on d&rsquo;interpr\u00e9ter les conseils nutritionnels et <strong>mon pr\u00eache sur l&rsquo;alimentation.<\/strong><\/p>\n<h3>Extrait de propos de Paul Scheffer pour lanutrition.fr :<\/h3>\n<div>\n<p>Paul Scheffer :<br \/>\n\u00a0\u00bb <em>Je voudrais ici exposer les apports du m\u00e9moire de master recherche en Sciences de l&rsquo;\u00e9ducation que j&rsquo;ai soutenu en juin dernier avec la mention tr\u00e8s bien et qui portait sur \u00ab\u00a0l&rsquo;influence de l&rsquo;industrie agroalimentaire dans le domaine de la nutrition et la place de l&rsquo;esprit critique dans la formation des di\u00e9t\u00e9ticiens\u00a0\u00bb. Ce travail s&rsquo;appuie sur ma participation en tant qu&rsquo;\u00e9l\u00e8ve \u00e0 un BTS de di\u00e9t\u00e9tique sur pr\u00e8s de deux ans dans un lyc\u00e9e public et sur de nombreux entretiens r\u00e9alis\u00e9s avec des \u00e9tudiants en di\u00e9t\u00e9tique, des professeurs et des repr\u00e9sentants de l&rsquo;Association Fran\u00e7aise des Di\u00e9t\u00e9ticiens et des Nutritionnistes (AFDN).<\/em><\/p>\n<p><em>Quelle place pour l&rsquo;esprit critique au sein de la formation des di\u00e9t\u00e9ticiens? Aborde-t-on le r\u00f4le de l&rsquo;industrie agroalimentaire au sein de la nutrition et pr\u00e9pare-t-on les di\u00e9t\u00e9ticiens \u00e0 prendre en compte les logiques de profit qui guident l&rsquo;industrie agroalimentaire par rapport \u00e0 la logique de sant\u00e9 publique que sont cens\u00e9s repr\u00e9senter les di\u00e9t\u00e9ticiens? Ce sont quelques questions auxquelles j&rsquo;ai cherch\u00e9 \u00e0 apporter des r\u00e9ponses au cours de mon travail. Celui-ci a mis en \u00e9vidence tout d&rsquo;abord que les di\u00e9t\u00e9ticiens ignoraient pour la plupart les analyses de chercheurs en lien avec leur profession, comme Jean Ziegler, rapporteur sp\u00e9cial pour le droit \u00e0 l&rsquo;alimentation du Conseil des Droits de l&rsquo;Homme de l&rsquo;Organisation des Nations Unies de 2000 \u00e0 mars 2008, ou Pierre Meneton de l&rsquo;Inserm, et surtout que les professionnels de nutrition n&rsquo;ont en g\u00e9n\u00e9ral jamais entendu parler de l&rsquo;universitaire am\u00e9ricaine Marion Nestle qui a \u00e9crit <em>Food Politics<\/em>, un ouvrage de r\u00e9f\u00e9rence, salu\u00e9 par les plus grands journaux m\u00e9dicaux internationaux, qui traite de l&rsquo;influence de l&rsquo;industrie agroalimentaire dans le domaine de la nutrition, et de Thierry Souccar qui est \u00e0 mon avis la r\u00e9f\u00e9rence la plus pertinente pour ce qui touche \u00e0 ce sujet pour le paysage fran\u00e7ais.<\/em><em>Mon travail invite donc les professionnels de la nutrition \u00e0 prendre connaissances de ces travaux qui les concernent directement et qui peuvent leur premettre d&rsquo;apporter des regards ext\u00e9rieurs et plus critiques sur leur profession. Les analyses que je fournis ont donc pour but de renforcer l&rsquo;autonomie relative du champ de la di\u00e9t\u00e9tique pour reprendre un concept du sociologue Pierre Bourdieu, c&rsquo;est-\u00e0-dire de favoriser la logique de sant\u00e9 publique propre \u00e0 la di\u00e9t\u00e9tique en armant les di\u00e9t\u00e9ticiens d&rsquo;un plus grand esprit critique vis-\u00e0-vis des pratiques de l&rsquo;industrie agroalimentaire qui vise \u00e0 imposer ses logiques de rentabilit\u00e9 et de \u00ab\u00a0profit maximal \u00e0 court terme et \u00e0 n&rsquo;importe quel co\u00fbt humain\u00a0\u00bb comme l&rsquo;\u00e9crit Jean Ziegler par tout un \u00e9ventail de proc\u00e9d\u00e9s impliquant les di\u00e9t\u00e9ticiens que je d\u00e9taille dans mon travail. Il me semble essentiel d&rsquo;apporter plus de discernement sur les diff\u00e9rences fondamentales des logiques sous-jacentes \u00e0 l&rsquo;industrie agroalimentaire et \u00e0 la di\u00e9t\u00e9tique dans la mesure o\u00f9 il y a de plus en plus confusion entre les deux depuis que l&rsquo;industrie agroalimentaire cherche \u00e0 jouer un r\u00f4le en mati\u00e8re de nutrition aupr\u00e8s du public comme c&rsquo;est le cas de Nestl\u00e9 avec la cr\u00e9ation de sa fondation \u00ab\u00a0manger mieux pour vivre mieux\u00a0\u00bb dont les objectifs apparemment louables cachent des consid\u00e9rations beaucoup plus int\u00e9ress\u00e9es comme je le montre dans mon travail.<a href=\"http:\/\/www.lanutrition.fr\/scripts\/FCKeditor\/editor\/fckeditor.html?InstanceName=artt_texte&amp;Toolbar=NetDesign#_ftn1\" name=\"_ftnref1\">[1]<\/a><\/em><\/p>\n<\/div>\n<div><em>Mon \u00e9tude fait appara\u00eetre un grand vide pour ce qui touche \u00e0 l&rsquo;esprit critique au sein de la formation des di\u00e9t\u00e9ticiens, la plupart des \u00e9tudiants interrog\u00e9s ne connaissent pas m\u00eame le mot lobby, et comme me l&rsquo;a dit un professeur, la formation tend \u00e0 gaver les \u00e9l\u00e8ves comme des oies de connaissances et pousse \u00e0 une logique de produits finis d&rsquo;o\u00f9 il r\u00e9sulte que la plupart des \u00e9l\u00e8ves ne remettront pas en question ce qu&rsquo;ils ont appris, et notamment l&rsquo;aspect tr\u00e8s consensuel v\u00e9hicul\u00e9 par la formation qui ne critique jamais les instances officielles comme le PNNS ou l&rsquo;AFSSA, bien que des critiques substantielles existent comme j&rsquo;en fais la liste dans mon m\u00e9moire, et cela vaut aussi pour les entreprises. C&rsquo;est comme si tout le monde \u00e9tait anim\u00e9 des plus belles intentions du monde, qu&rsquo;il n&rsquo;existait qu&rsquo;une seule voix au sein du paysage de la nutrition fran\u00e7aise et que les d\u00e9bats de fond \u00e9taient absents. A partir de l\u00e0, rien d&rsquo;\u00e9tonnant que les futurs di\u00e9t\u00e9ticiens puissent finir par travailler pour Coca-Cola ou d&rsquo;autres g\u00e9ants de l&rsquo;industrie agroalimentaire dont on peut douter des vertus di\u00e9t\u00e9tiques sans avoir l&rsquo;impression d&rsquo;avoir vendu leur \u00e2me au passage. <\/em><\/div>\n<div><em>\u00a0<\/em><\/div>\n<div><em>Les travaux dont je me sers pour mon \u00e9tude permettent \u00e9galement de prendre un recul historique sur un certain nombres de sujets et d&rsquo;avoir une lecture plus critique de la production de certaines id\u00e9es qui sont apprises par les di\u00e9t\u00e9ticiens comme des r\u00e9sultats ne pouvant souffrir aucune critique ni analyse, comme c&rsquo;est le cas des Apports Nutritionnels Conseill\u00e9s de l&rsquo;AFSSA en calcium, de la place des produits laitiers dans la ration, ou de la position de l&rsquo;AFSSA par rapport \u00e0 la consommation de sel des Fran\u00e7ais par exemple. Je pense que les di\u00e9t\u00e9ticiens devraient savoir entre autre que sur les 23 membres du comit\u00e9 nutrition de l&rsquo;AFSSA, 12 ont des liens plus ou moins \u00e9troits avec l&rsquo;industrie laiti\u00e8re, avec notamment l&rsquo;un d&rsquo;eux qui est le pr\u00e9sident de l&rsquo;institut Danone, ou un autre qui est membre associ\u00e9 \u00e0 ce m\u00eame institut. Ceci peut donner des \u00e9l\u00e9ments de compr\u00e9hension pourquoi l&rsquo;AFSSA ne s&rsquo;est jamais pench\u00e9e encore sur toutes les critiques concernant les produits laitiers soulev\u00e9es par Marion Nestle ou Walter Willett de l&rsquo;\u00e9cole de sant\u00e9 publique de Harvard qui est l&rsquo;un des scientifiques en nutrition les plus cit\u00e9s au monde et qui a d\u00e9clar\u00e9 publiquement sans d\u00e9tour : \u00ab\u00a0Comment expliquer que la nouvelle pyramide alimentaire am\u00e9ricaine recommande de prendre trois tasses de lait par jour, sans \u00e9voquer l\u2019influence du lobby du lait?\u00a0\u00bb et \u00ab\u00a0en l&rsquo;\u00e9tat actuel des connaissances, il est irresponsable de faire la promotion des laitages.\u00a0\u00bb<\/em><\/div>\n<div><em>\u00a0<\/em><\/div>\n<div><em>De quoi faire r\u00e9fl\u00e9chir les di\u00e9t\u00e9ticiens et nutritionnistes&#8230;<\/em><\/div>\n<div><em>\u00a0<\/em><\/div>\n<div><em>Mon travail a essay\u00e9 de faire le point justement sur la place de l&rsquo;esprit critique au sein de la formation des di\u00e9t\u00e9ticiens et je pense avoir montr\u00e9 qu&rsquo;il serait possible d&rsquo;encourager l&rsquo;esprit critique au sein de la formation de multiples mani\u00e8res, surtout si les \u00e9tudes de di\u00e9t\u00e9tique passent de deux \u00e0 trois ans comme cela devrait se faire dans les ann\u00e9es \u00e0 venir. <\/em><\/div>\n<div><\/div>\n<div><em><em>Pour conclure, comme le dit Bourdieu en paraphrasant Karl Marx, mon travail a voulu baliser le terrain de la di\u00e9t\u00e9tique pour redonner aux travailleurs de la nutrition les moyens de production culturels qu&rsquo;ils sont amen\u00e9s \u00e0 manipuler au cours de l&rsquo;exercice de leur profession. C&rsquo;est en \u00e7a que l&rsquo;esprit critique m&rsquo;appara\u00eet comme un outil fondamental dont les professionnels de la nutrition ne devraient pas faire l&rsquo;\u00e9conomie pour se rapprocher un peu plus de l&rsquo;id\u00e9al de sant\u00e9 publique qu&rsquo;ils sont cens\u00e9s d\u00e9fendre, face aux int\u00e9r\u00eats priv\u00e9s qui ne connaissent pas beaucoup de scrupules comme je l&rsquo;\u00e9taye dans mon m\u00e9moire. Avec certains di\u00e9t\u00e9ticiens qui partagent mes analyses, nous envisageons de cr\u00e9er l&rsquo;Association des Di\u00e9t\u00e9ticiens et Nutritionnistes Critiques (ADNC) qui devrait voir le jour dans quelques semaines pour rassembler tous les professionnels de la nutrition qui partagent nos id\u00e9es ou du moins le soucis que nous avons d&rsquo;un plus grand esprit critique au sein de la profession pour contrecarrer la mont\u00e9e en force de l&rsquo;influence de l&rsquo;industrie agroalimentaire, et r\u00e9aliser la tenue d&rsquo;assises de la di\u00e9t\u00e9tique critique une fois par an o\u00f9 les questions qui f\u00e2chent, plus pol\u00e9miques et politiques qui touchent le monde de la nutrition seraient enfin abord\u00e9es avec la venue nous l&rsquo;esp\u00e9rons de chercheurs comme Christian R\u00e9m\u00e9sy de l&rsquo;INRA, Michel de Lorgeril du CNRS, Thierry Souccar, Pierre Meneton de l&rsquo;Inserm et d&rsquo;autres&#8230; Affaire \u00e0 suivre donc.\u00a0\u00bb<\/em><\/em><\/div>\n<div>\n<p>Paul Scheffer<\/p>\n<\/div>\n<p><strong>Son m\u00e9moire \u00e0 t\u00e9l\u00e9charger<\/strong><\/p>\n<p><a href=\"http:\/\/www.stefaneguilbaud.com\/blog\/wp-content\/uploads\/2013\/11\/PaulScheffer_presentation_memoire.pdf\">PaulScheffer_presentation_memoire<\/a><\/p>\n","protected":false},"excerpt":{"rendered":"<p>Paul Scheffer : R\u00e9flexion autour de l&rsquo;esprit critique au sein de la communaut\u00e9 des di\u00e9t\u00e9ticiens. D\u00e9couvrez une nouvelle fa\u00e7on d&rsquo;interpr\u00e9ter les conseils nutritionnels et mon &hellip; <\/p>\n","protected":false},"author":1,"featured_media":233,"comment_status":"open","ping_status":"open","sticky":false,"template":"","format":"standard","meta":{"_exactmetrics_skip_tracking":false,"_exactmetrics_sitenote_active":false,"_exactmetrics_sitenote_note":"","_exactmetrics_sitenote_category":0,"jetpack_post_was_ever_published":false,"_jetpack_newsletter_access":"","_jetpack_dont_email_post_to_subs":false,"_jetpack_newsletter_tier_id":0,"_jetpack_memberships_contains_paywalled_content":false,"_jetpack_memberships_contains_paid_content":false,"footnotes":"","jetpack_publicize_message":"","jetpack_publicize_feature_enabled":true,"jetpack_social_post_already_shared":false,"jetpack_social_options":{"image_generator_settings":{"template":"highway","default_image_id":0,"font":"","enabled":false},"version":2}},"categories":[1],"tags":[],"class_list":["post-227","post","type-post","status-publish","format-standard","has-post-thumbnail","hentry","category-alimentation"],"jetpack_publicize_connections":[],"jetpack_featured_media_url":"https:\/\/i0.wp.com\/www.stefaneguilbaud.com\/blog\/wp-content\/uploads\/2010\/09\/rapport.jpg?fit=800%2C435&ssl=1","jetpack_sharing_enabled":true,"jetpack_shortlink":"https:\/\/wp.me\/p8a0UX-3F","jetpack-related-posts":[{"id":194,"url":"https:\/\/www.stefaneguilbaud.com\/blog\/?p=194","url_meta":{"origin":227,"position":0},"title":"La cuisine japonaise \u2026 se sucre !","author":"SG","date":"16 novembre 2010","format":false,"excerpt":"La mode alimentaire nippone se permet quelques fac\u00e9ties \u2026 occidentales. Il faudrait \u00eatre anachor\u00e8te, depuis fort longtemps, pour ne pas se rendre compte que la culture nippone a envahi nos rayons. L'id\u00e9e en soi est int\u00e9ressante, car c'est une cuisine tr\u00e8s \u00e9quilibr\u00e9e, di\u00e9t\u00e9tique et respectueuse de l'aliment\u2026 oui\u2026 mais au\u2026","rel":"","context":"Dans &quot;Alimentation&quot;","block_context":{"text":"Alimentation","link":"https:\/\/www.stefaneguilbaud.com\/blog\/?cat=1"},"img":{"alt_text":"","src":"https:\/\/i0.wp.com\/www.stefaneguilbaud.com\/blog\/wp-content\/uploads\/2013\/11\/kikkoman.jpg?fit=800%2C435&ssl=1&resize=350%2C200","width":350,"height":200,"srcset":"https:\/\/i0.wp.com\/www.stefaneguilbaud.com\/blog\/wp-content\/uploads\/2013\/11\/kikkoman.jpg?fit=800%2C435&ssl=1&resize=350%2C200 1x, https:\/\/i0.wp.com\/www.stefaneguilbaud.com\/blog\/wp-content\/uploads\/2013\/11\/kikkoman.jpg?fit=800%2C435&ssl=1&resize=525%2C300 1.5x, https:\/\/i0.wp.com\/www.stefaneguilbaud.com\/blog\/wp-content\/uploads\/2013\/11\/kikkoman.jpg?fit=800%2C435&ssl=1&resize=700%2C400 2x"},"classes":[]},{"id":1913,"url":"https:\/\/www.stefaneguilbaud.com\/blog\/?p=1913","url_meta":{"origin":227,"position":1},"title":"NON aux aliments industriels !","author":"SG","date":"1 mars 2016","format":false,"excerpt":"Commer\u00e7ants, AMAP, fermes, paysans, restaurateurs, particuliers, di\u00e9t\u00e9ticiens, nutritionnistes, \u00e9coles, coll\u00e8ges, lyc\u00e9es, centres de formation\u2026 Voici enfin le KIT COMPLET GRATUIT de la d\u00e9sob\u00e9issance alimentaire ! Il s'adresse \u00e0 tous ceux qui veulent afficher un \"NON AUX ALIMENTS INDUSTRIELS\". T\u00e9l\u00e9chargez ce kit qui comprend des logos en diff\u00e9rents formats, des affiches\u2026","rel":"","context":"Dans &quot;Actualit\u00e9s&quot;","block_context":{"text":"Actualit\u00e9s","link":"https:\/\/www.stefaneguilbaud.com\/blog\/?cat=8"},"img":{"alt_text":"","src":"https:\/\/i0.wp.com\/www.stefaneguilbaud.com\/blog\/wp-content\/uploads\/2016\/03\/unenaai.jpg?fit=800%2C435&ssl=1&resize=350%2C200","width":350,"height":200,"srcset":"https:\/\/i0.wp.com\/www.stefaneguilbaud.com\/blog\/wp-content\/uploads\/2016\/03\/unenaai.jpg?fit=800%2C435&ssl=1&resize=350%2C200 1x, https:\/\/i0.wp.com\/www.stefaneguilbaud.com\/blog\/wp-content\/uploads\/2016\/03\/unenaai.jpg?fit=800%2C435&ssl=1&resize=525%2C300 1.5x, https:\/\/i0.wp.com\/www.stefaneguilbaud.com\/blog\/wp-content\/uploads\/2016\/03\/unenaai.jpg?fit=800%2C435&ssl=1&resize=700%2C400 2x"},"classes":[]},{"id":2935,"url":"https:\/\/www.stefaneguilbaud.com\/blog\/?p=2935","url_meta":{"origin":227,"position":2},"title":"Petit d\u00e9jeuner sous influence ?","author":"SG","date":"9 janvier 2019","format":false,"excerpt":"I. INT\u00c9R\u00caTS CONFLICTUELS\u00a0? MESSAGE NUTRITIONNEL\u00a0? Qui n\u2019a jamais entendu dire que le petit-d\u00e9jeuner \u00e9tait le repas le plus important de la journ\u00e9e\u00a0? Qui est pass\u00e9 \u00e0 c\u00f4t\u00e9 de l\u2019une des phrases \u00e0 tiroirs du marketing, dont la plus connue \u00e9tant \u201cil faut manger de tout\u201d\u00a0? Et bien personne\u00a0! Personne n\u2019a\u2026","rel":"","context":"Dans &quot;Alimentation&quot;","block_context":{"text":"Alimentation","link":"https:\/\/www.stefaneguilbaud.com\/blog\/?cat=1"},"img":{"alt_text":"","src":"https:\/\/i0.wp.com\/www.stefaneguilbaud.com\/blog\/wp-content\/uploads\/2019\/04\/petitdej-studio.jpg?fit=800%2C435&ssl=1&resize=350%2C200","width":350,"height":200,"srcset":"https:\/\/i0.wp.com\/www.stefaneguilbaud.com\/blog\/wp-content\/uploads\/2019\/04\/petitdej-studio.jpg?fit=800%2C435&ssl=1&resize=350%2C200 1x, https:\/\/i0.wp.com\/www.stefaneguilbaud.com\/blog\/wp-content\/uploads\/2019\/04\/petitdej-studio.jpg?fit=800%2C435&ssl=1&resize=525%2C300 1.5x, https:\/\/i0.wp.com\/www.stefaneguilbaud.com\/blog\/wp-content\/uploads\/2019\/04\/petitdej-studio.jpg?fit=800%2C435&ssl=1&resize=700%2C400 2x"},"classes":[]},{"id":3948,"url":"https:\/\/www.stefaneguilbaud.com\/blog\/?p=3948","url_meta":{"origin":227,"position":3},"title":"L&rsquo;enseigne \u00ab\u00a0pr\u00e9f\u00e9r\u00e9e\u00a0\u00bb des Fran\u00e7ais !","author":"SG","date":"21 avril 2023","format":false,"excerpt":"\u00ab\u00a0Action\u00a0\u00bb, l'enseigne pr\u00e9f\u00e9r\u00e9e des Fran\u00e7ais, est une entreprise n\u00e9erlandaise implant\u00e9e en France depuis 2013. Gr\u00e2ce \u00e0 une politique de prix bas et une offre diversifi\u00e9e, l'enseigne a rapidement conquis les consommateurs fran\u00e7ais. Cependant, derri\u00e8re cette image de success-story se cachent des pratiques commerciales critiquables. Ses prix bas attirent une client\u00e8le\u2026","rel":"","context":"Dans &quot;Alimentation&quot;","block_context":{"text":"Alimentation","link":"https:\/\/www.stefaneguilbaud.com\/blog\/?cat=1"},"img":{"alt_text":"","src":"https:\/\/i0.wp.com\/www.stefaneguilbaud.com\/blog\/wp-content\/uploads\/2023\/04\/pexels-photo-5650016.webp?fit=800%2C435&ssl=1&resize=350%2C200","width":350,"height":200,"srcset":"https:\/\/i0.wp.com\/www.stefaneguilbaud.com\/blog\/wp-content\/uploads\/2023\/04\/pexels-photo-5650016.webp?fit=800%2C435&ssl=1&resize=350%2C200 1x, https:\/\/i0.wp.com\/www.stefaneguilbaud.com\/blog\/wp-content\/uploads\/2023\/04\/pexels-photo-5650016.webp?fit=800%2C435&ssl=1&resize=525%2C300 1.5x, https:\/\/i0.wp.com\/www.stefaneguilbaud.com\/blog\/wp-content\/uploads\/2023\/04\/pexels-photo-5650016.webp?fit=800%2C435&ssl=1&resize=700%2C400 2x"},"classes":[]},{"id":468,"url":"https:\/\/www.stefaneguilbaud.com\/blog\/?p=468","url_meta":{"origin":227,"position":4},"title":"Savez vous ce que \u00ab\u00a0huile de palme\u00a0\u00bb veut-dire ?","author":"SG","date":"4 janvier 2010","format":false,"excerpt":"Quand la demande en huile de palme augmente. Les stocks de carbone s'effondrent \u2026 [ source : greenpeace.org ] Chaque ann\u00e9e, les combustions des tourbi\u00e8res d'Indon\u00e9sie recrachent dans l'atmosph\u00e8re 1,8 milliard de tonnes de gaz \u00e0 effet de serre.La demande croissante d'huile de palme de la part des plus grandes\u2026","rel":"","context":"Dans &quot;Alimentation&quot;","block_context":{"text":"Alimentation","link":"https:\/\/www.stefaneguilbaud.com\/blog\/?cat=1"},"img":{"alt_text":"","src":"https:\/\/i0.wp.com\/www.stefaneguilbaud.com\/blog\/wp-content\/uploads\/2013\/11\/palmier.jpg?fit=800%2C435&ssl=1&resize=350%2C200","width":350,"height":200,"srcset":"https:\/\/i0.wp.com\/www.stefaneguilbaud.com\/blog\/wp-content\/uploads\/2013\/11\/palmier.jpg?fit=800%2C435&ssl=1&resize=350%2C200 1x, https:\/\/i0.wp.com\/www.stefaneguilbaud.com\/blog\/wp-content\/uploads\/2013\/11\/palmier.jpg?fit=800%2C435&ssl=1&resize=525%2C300 1.5x, https:\/\/i0.wp.com\/www.stefaneguilbaud.com\/blog\/wp-content\/uploads\/2013\/11\/palmier.jpg?fit=800%2C435&ssl=1&resize=700%2C400 2x"},"classes":[]},{"id":3824,"url":"https:\/\/www.stefaneguilbaud.com\/blog\/?p=3824","url_meta":{"origin":227,"position":5},"title":"Nitrites ! Non, c&rsquo;est non !","author":"SG","date":"21 avril 2023","format":false,"excerpt":"PLAN PLAN J\u00e9r\u00f4me Santolini, biochimiste responsable du laboratoire Stress oxydant et d\u00e9toxification au CEA-Saclay, critique le plan du minist\u00e8re de l'Agriculture visant \u00e0 r\u00e9duire les doses de nitrites dans la charcuterie en mars. Selon cet expert qui a particip\u00e9 \u00e0 la r\u00e9daction d'un rapport de l'Agence nationale de s\u00e9curit\u00e9 sanitaire\u2026","rel":"","context":"Dans &quot;Alimentation&quot;","block_context":{"text":"Alimentation","link":"https:\/\/www.stefaneguilbaud.com\/blog\/?cat=1"},"img":{"alt_text":"","src":"https:\/\/i0.wp.com\/www.stefaneguilbaud.com\/blog\/wp-content\/uploads\/2023\/04\/pexels-photo-5337821-studio.jpg?fit=800%2C435&ssl=1&resize=350%2C200","width":350,"height":200,"srcset":"https:\/\/i0.wp.com\/www.stefaneguilbaud.com\/blog\/wp-content\/uploads\/2023\/04\/pexels-photo-5337821-studio.jpg?fit=800%2C435&ssl=1&resize=350%2C200 1x, https:\/\/i0.wp.com\/www.stefaneguilbaud.com\/blog\/wp-content\/uploads\/2023\/04\/pexels-photo-5337821-studio.jpg?fit=800%2C435&ssl=1&resize=525%2C300 1.5x, https:\/\/i0.wp.com\/www.stefaneguilbaud.com\/blog\/wp-content\/uploads\/2023\/04\/pexels-photo-5337821-studio.jpg?fit=800%2C435&ssl=1&resize=700%2C400 2x"},"classes":[]}],"jetpack_likes_enabled":true,"_links":{"self":[{"href":"https:\/\/www.stefaneguilbaud.com\/blog\/index.php?rest_route=\/wp\/v2\/posts\/227","targetHints":{"allow":["GET"]}}],"collection":[{"href":"https:\/\/www.stefaneguilbaud.com\/blog\/index.php?rest_route=\/wp\/v2\/posts"}],"about":[{"href":"https:\/\/www.stefaneguilbaud.com\/blog\/index.php?rest_route=\/wp\/v2\/types\/post"}],"author":[{"embeddable":true,"href":"https:\/\/www.stefaneguilbaud.com\/blog\/index.php?rest_route=\/wp\/v2\/users\/1"}],"replies":[{"embeddable":true,"href":"https:\/\/www.stefaneguilbaud.com\/blog\/index.php?rest_route=%2Fwp%2Fv2%2Fcomments&post=227"}],"version-history":[{"count":7,"href":"https:\/\/www.stefaneguilbaud.com\/blog\/index.php?rest_route=\/wp\/v2\/posts\/227\/revisions"}],"predecessor-version":[{"id":3015,"href":"https:\/\/www.stefaneguilbaud.com\/blog\/index.php?rest_route=\/wp\/v2\/posts\/227\/revisions\/3015"}],"wp:featuredmedia":[{"embeddable":true,"href":"https:\/\/www.stefaneguilbaud.com\/blog\/index.php?rest_route=\/wp\/v2\/media\/233"}],"wp:attachment":[{"href":"https:\/\/www.stefaneguilbaud.com\/blog\/index.php?rest_route=%2Fwp%2Fv2%2Fmedia&parent=227"}],"wp:term":[{"taxonomy":"category","embeddable":true,"href":"https:\/\/www.stefaneguilbaud.com\/blog\/index.php?rest_route=%2Fwp%2Fv2%2Fcategories&post=227"},{"taxonomy":"post_tag","embeddable":true,"href":"https:\/\/www.stefaneguilbaud.com\/blog\/index.php?rest_route=%2Fwp%2Fv2%2Ftags&post=227"}],"curies":[{"name":"wp","href":"https:\/\/api.w.org\/{rel}","templated":true}]}}