{"id":221,"date":"2010-10-02T05:00:28","date_gmt":"2010-10-02T04:00:28","guid":{"rendered":"http:\/\/www.stefaneguilbaud.com\/journal\/?p=221"},"modified":"2013-12-05T15:44:15","modified_gmt":"2013-12-05T14:44:15","slug":"le-coup-de-gueule-pour-limon-nada","status":"publish","type":"post","link":"https:\/\/www.stefaneguilbaud.com\/blog\/?p=221","title":{"rendered":"Le coup de gueule pour Limon &#038; Nada"},"content":{"rendered":"<p>LA BOISSON AU CITRON : <strong>LIMON &amp; NADA<\/strong><\/p>\n<p>Un industriel qui nous simplifie la vie :<br \/>Minute Maid (Coca Cola) nous propose LIMON &amp; NADA.<\/p>\n<h2><strong>\u00a0 <a href=\"https:\/\/i0.wp.com\/www.stefaneguilbaud.com\/blog\/wp-content\/uploads\/2013\/11\/limon.jpg\"><img data-recalc-dims=\"1\" loading=\"lazy\" decoding=\"async\" class=\"size-full wp-image-224 alignleft\" alt=\"limon\" src=\"https:\/\/i0.wp.com\/www.stefaneguilbaud.com\/blog\/wp-content\/uploads\/2013\/11\/limon.jpg?resize=114%2C230\" width=\"114\" height=\"230\" srcset=\"https:\/\/i0.wp.com\/www.stefaneguilbaud.com\/blog\/wp-content\/uploads\/2013\/11\/limon.jpg?w=219&amp;ssl=1 219w, https:\/\/i0.wp.com\/www.stefaneguilbaud.com\/blog\/wp-content\/uploads\/2013\/11\/limon.jpg?resize=149%2C300&amp;ssl=1 149w\" sizes=\"auto, (max-width: 114px) 100vw, 114px\" \/><\/a>Du citron et rien d&rsquo;autre !<\/strong><\/h2>\n<p>\u00ab\u00a0Nada\u00a0\u00bb ne veut-il pas dire \u00ab\u00a0rien\u00a0\u00bb en espagnol ?<strong><br \/><\/strong>\u00a0Il me semblait en tout cas.<\/p>\n<p>Allez, un petit d\u00e9tail sur ce coup de gueule.<\/p>\n<p><strong>MON AVIS SUR L&rsquo;\u00c9TIQUETAGE<\/strong>.<br \/>\u00ab\u00a0Sans conservateurs\u00a0\u00bb est la mention qui rassure le consommateur effray\u00e9 par toute nouveaut\u00e9.<\/p>\n<p><strong>MON AVIS SUR LA COMPOSITION<\/strong>.<br \/><strong>Eau : <\/strong>je pr\u00e9sume que comme pour les produits de MinuteMaid, cette eau est purifi\u00e9e, mais purifi\u00e9e de quoi ?<br \/><strong>Jus de citron \u00e0 base de concentr\u00e9 (13%) :<\/strong> 13 % me semble ben faible et avec des citrons \u00ab\u00a0non bio\u00a0\u00bb.<br \/><strong>Sucre : <\/strong>Quantit\u00e9 non pr\u00e9cis\u00e9e, mais le taux de sucre pour 100 ml = 10,8 g, soit 108 g pour 1 litre. Sachant qu&rsquo;un morceau de sucre p\u00e8se 5 g. Le calcul semble simple. Une bouteille de 1 litre contient l&rsquo;\u00e9quivalent, en sucre, de presque 22 morceaux. <br \/><strong>Pulpe de citron.<\/strong><br \/><strong>Ar\u00f4mes : <\/strong>Est-ce utile ?<br \/><strong>Antioxyg\u00e8ne, acide ascorbique : <\/strong>Ce n&rsquo;est pas vraiment un conservateur, mais sa fonction est de lutter contre l&rsquo;oxydation. Il faut se rappeler que les \u00ab\u00a0purs jus\u00a0\u00bb sont quant \u00e0 eux, sans additif du tout, \u00ab\u00a0conform\u00e9ment \u00e0 la l\u00e9gislation en vigueur\u00a0\u00bb.<br \/><strong>Colorant, b\u00eata-carot\u00e8ne : <\/strong>Carr\u00e9ment inutile, de surcro\u00eet, dans une bouteille opaque. Et puis, consommer des b\u00eatacarot\u00e8nes serait-il dangereux ?<br \/>Une \u00e9tude a bien d\u00e9montr\u00e9 que rien n&rsquo;est anodin. Des b\u00eata-carot\u00e8nes ing\u00e9r\u00e9s \u00e0 travers une alimentation bas\u00e9e sur des produits naturels, comme les carottes, seraient tr\u00e8s b\u00e9n\u00e9fiques. A contrario, des compl\u00e9ments de b\u00eata-carot\u00e8nes auraient des effets nocifs.<br \/>On peut me ressortir les Doses Journali\u00e8res Admises (DJA). Si nous d\u00e9structurons notre alimentation en \u00e9l\u00e9ments, nous allons contre la nature et allons payer les pots cass\u00e9s. Nous savons qu&rsquo;une carotte contient du b\u00eatacarot\u00e8ne &#8230; mais quoi d&rsquo;autre que nous ne connaissons pas encore ?<\/p>\n<p><strong>MA CONCLUSION.<\/strong><br \/>Je vais finir ma bouteille \u00ab\u00a0test\u00a0\u00bb et revenir \u00e0 mes deux sources de citronnades \u00e0 la maison.<\/p>\n<p><strong><strong><a href=\"https:\/\/i0.wp.com\/www.stefaneguilbaud.com\/blog\/wp-content\/uploads\/2013\/11\/citron_m.jpg\"><img data-recalc-dims=\"1\" loading=\"lazy\" decoding=\"async\" class=\"alignleft\" alt=\"citron_m\" src=\"https:\/\/i0.wp.com\/www.stefaneguilbaud.com\/blog\/wp-content\/uploads\/2013\/11\/citron_m.jpg?resize=70%2C67\" width=\"70\" height=\"67\" \/><\/a><\/strong>1) Les citrons BIO.<\/strong><br \/>Un jus pur me prend dix secondes avec mon presse jus tout simple.<br \/>Le go\u00fbt d&rsquo;un citron BIO, est beaucoup moins acide. Essayez, vous serez conquis.<\/p>\n<p><strong><strong><a href=\"https:\/\/i0.wp.com\/www.stefaneguilbaud.com\/blog\/wp-content\/uploads\/2013\/11\/citron.jpg\"><img data-recalc-dims=\"1\" loading=\"lazy\" decoding=\"async\" class=\"alignleft\" alt=\"citron\" src=\"https:\/\/i0.wp.com\/www.stefaneguilbaud.com\/blog\/wp-content\/uploads\/2013\/11\/citron.jpg?resize=75%2C75\" width=\"75\" height=\"75\" \/><\/a><\/strong>2) Les jus de citron BIO.<\/strong><br \/>Un concentr\u00e9 de 8 \u00e0 10 citrons (jaune ou vert selon votre choix) et c&rsquo;est tout !!!<br \/>Encore plus rapide et tout aussi bon et sans sucre.<br \/>Chacun se le dose, au coup par coup, en bouteille pr\u00e9par\u00e9e, avec sucre (bio et non raffin\u00e9), avec du miel. La vraie d\u00e9mocratie de la citronnade en somme.<\/p>\n","protected":false},"excerpt":{"rendered":"<p>LA BOISSON AU CITRON : LIMON &amp; NADA Un industriel qui nous simplifie la vie :Minute Maid (Coca Cola) nous propose LIMON &amp; NADA. \u00a0 &hellip; <\/p>\n","protected":false},"author":1,"featured_media":215,"comment_status":"open","ping_status":"open","sticky":false,"template":"","format":"standard","meta":{"_exactmetrics_skip_tracking":false,"_exactmetrics_sitenote_active":false,"_exactmetrics_sitenote_note":"","_exactmetrics_sitenote_category":0,"jetpack_post_was_ever_published":false,"_jetpack_newsletter_access":"","_jetpack_dont_email_post_to_subs":false,"_jetpack_newsletter_tier_id":0,"_jetpack_memberships_contains_paywalled_content":false,"_jetpack_memberships_contains_paid_content":false,"footnotes":"","jetpack_publicize_message":"","jetpack_publicize_feature_enabled":true,"jetpack_social_post_already_shared":false,"jetpack_social_options":{"image_generator_settings":{"template":"highway","default_image_id":0,"font":"","enabled":false},"version":2}},"categories":[7],"tags":[],"class_list":["post-221","post","type-post","status-publish","format-standard","has-post-thumbnail","hentry","category-coups-de-gueule"],"jetpack_publicize_connections":[],"jetpack_featured_media_url":"https:\/\/i0.wp.com\/www.stefaneguilbaud.com\/blog\/wp-content\/uploads\/2013\/11\/coupdegueule.jpg?fit=800%2C435&ssl=1","jetpack_sharing_enabled":true,"jetpack_shortlink":"https:\/\/wp.me\/p8a0UX-3z","jetpack-related-posts":[{"id":1463,"url":"https:\/\/www.stefaneguilbaud.com\/blog\/?p=1463","url_meta":{"origin":221,"position":0},"title":"Ph\u00e9nom\u00e8ne de [triste] mode","author":"SG","date":"31 mai 2015","format":false,"excerpt":"Attention, un nouveau ph\u00e9nom\u00e8ne s\u2019abat sur nos villes et\u2026 campagnes. Apr\u00e8s le m\u00e9got de cigarette (1 seul m\u00e9got polluera au final 500 litres d'eau), une nouvelle g\u00e9n\u00e9ration d\u2019incivilit\u00e9 arrive en force\u2026 le sachet aluminium de boisson. Chaque fois que je me prom\u00e8ne dans la nature, dans chaque coins, depuis quelques\u2026","rel":"","context":"Dans &quot;Alimentation&quot;","block_context":{"text":"Alimentation","link":"https:\/\/www.stefaneguilbaud.com\/blog\/?cat=1"},"img":{"alt_text":"","src":"https:\/\/i0.wp.com\/www.stefaneguilbaud.com\/blog\/wp-content\/uploads\/2013\/11\/coupdegueule.jpg?fit=800%2C435&ssl=1&resize=350%2C200","width":350,"height":200,"srcset":"https:\/\/i0.wp.com\/www.stefaneguilbaud.com\/blog\/wp-content\/uploads\/2013\/11\/coupdegueule.jpg?fit=800%2C435&ssl=1&resize=350%2C200 1x, https:\/\/i0.wp.com\/www.stefaneguilbaud.com\/blog\/wp-content\/uploads\/2013\/11\/coupdegueule.jpg?fit=800%2C435&ssl=1&resize=525%2C300 1.5x, https:\/\/i0.wp.com\/www.stefaneguilbaud.com\/blog\/wp-content\/uploads\/2013\/11\/coupdegueule.jpg?fit=800%2C435&ssl=1&resize=700%2C400 2x"},"classes":[]},{"id":119,"url":"https:\/\/www.stefaneguilbaud.com\/blog\/?p=119","url_meta":{"origin":221,"position":1},"title":"Le coup de gueule pour LycoCard\u00ae","author":"SG","date":"14 f\u00e9vrier 2011","format":false,"excerpt":"En fait mon coup de gueule ne se porte pas sur le projet LYCOCARD\u00ae, mais sur les effets de bord que cela enclenche d\u00e9j\u00e0. Explications \u2026 Pour comprendre ce \u00ab\u00a0coup de gueule\u00a0\u00bb, voici la teneur du projet LYCOCARD\u00ae\u00a0: LYCOCARD\u00a0: Le r\u00f4le du lycop\u00e8ne dans la pr\u00e9vention des maladies cardiovasculairesLes maladies\u2026","rel":"","context":"Dans &quot;Coups de gueule&quot;","block_context":{"text":"Coups de gueule","link":"https:\/\/www.stefaneguilbaud.com\/blog\/?cat=7"},"img":{"alt_text":"","src":"https:\/\/i0.wp.com\/www.stefaneguilbaud.com\/blog\/wp-content\/uploads\/2013\/11\/coupdegueule.jpg?fit=800%2C435&ssl=1&resize=350%2C200","width":350,"height":200,"srcset":"https:\/\/i0.wp.com\/www.stefaneguilbaud.com\/blog\/wp-content\/uploads\/2013\/11\/coupdegueule.jpg?fit=800%2C435&ssl=1&resize=350%2C200 1x, https:\/\/i0.wp.com\/www.stefaneguilbaud.com\/blog\/wp-content\/uploads\/2013\/11\/coupdegueule.jpg?fit=800%2C435&ssl=1&resize=525%2C300 1.5x, https:\/\/i0.wp.com\/www.stefaneguilbaud.com\/blog\/wp-content\/uploads\/2013\/11\/coupdegueule.jpg?fit=800%2C435&ssl=1&resize=700%2C400 2x"},"classes":[]},{"id":1233,"url":"https:\/\/www.stefaneguilbaud.com\/blog\/?p=1233","url_meta":{"origin":221,"position":2},"title":"Pour ou contre le lait. Infini d\u00e9bat.","author":"SG","date":"24 f\u00e9vrier 2015","format":false,"excerpt":"4 professionnels aux avis radicalement oppos\u00e9s reviennent sur la pol\u00e9mique de la consommation de lait sur le site de PASSEPORT SANTE.NET Si toutes les r\u00e9centes \u00e9tudes sur le lait ne suffisent pas \u00e0 vous faire une opinion, les m\u00e9dias en remettent une couche. Avec le genre de t\u00e9moignages que nous\u2026","rel":"","context":"Dans &quot;Actualit\u00e9s&quot;","block_context":{"text":"Actualit\u00e9s","link":"https:\/\/www.stefaneguilbaud.com\/blog\/?cat=8"},"img":{"alt_text":"","src":"https:\/\/i0.wp.com\/www.stefaneguilbaud.com\/blog\/wp-content\/uploads\/2010\/01\/laitages.jpg?fit=800%2C435&ssl=1&resize=350%2C200","width":350,"height":200,"srcset":"https:\/\/i0.wp.com\/www.stefaneguilbaud.com\/blog\/wp-content\/uploads\/2010\/01\/laitages.jpg?fit=800%2C435&ssl=1&resize=350%2C200 1x, https:\/\/i0.wp.com\/www.stefaneguilbaud.com\/blog\/wp-content\/uploads\/2010\/01\/laitages.jpg?fit=800%2C435&ssl=1&resize=525%2C300 1.5x, https:\/\/i0.wp.com\/www.stefaneguilbaud.com\/blog\/wp-content\/uploads\/2010\/01\/laitages.jpg?fit=800%2C435&ssl=1&resize=700%2C400 2x"},"classes":[]},{"id":49,"url":"https:\/\/www.stefaneguilbaud.com\/blog\/?p=49","url_meta":{"origin":221,"position":3},"title":"Prospectus #2. La prospection pour votre sant\u00e9 ?","author":"SG","date":"1 juin 2011","format":false,"excerpt":"Depuis l'article #1, rien n'a chang\u00e9 - on s'en doutait un peu mais il est toujours bon de rester inform\u00e9. Voici donc 4 nouveaux, tout frais, tout beaux, tout subventionn\u00e9s. [ CET ARTICLE FAIT SUITE A UN ARTICLE PARU EN 2010 > PROSPECTUS#1 ] Les voici : 1 \u2022 NUTRITION\u2026","rel":"","context":"Dans &quot;Alimentation&quot;","block_context":{"text":"Alimentation","link":"https:\/\/www.stefaneguilbaud.com\/blog\/?cat=1"},"img":{"alt_text":"","src":"https:\/\/i0.wp.com\/www.stefaneguilbaud.com\/blog\/wp-content\/uploads\/2013\/11\/chut.jpg?fit=800%2C435&ssl=1&resize=350%2C200","width":350,"height":200,"srcset":"https:\/\/i0.wp.com\/www.stefaneguilbaud.com\/blog\/wp-content\/uploads\/2013\/11\/chut.jpg?fit=800%2C435&ssl=1&resize=350%2C200 1x, https:\/\/i0.wp.com\/www.stefaneguilbaud.com\/blog\/wp-content\/uploads\/2013\/11\/chut.jpg?fit=800%2C435&ssl=1&resize=525%2C300 1.5x, https:\/\/i0.wp.com\/www.stefaneguilbaud.com\/blog\/wp-content\/uploads\/2013\/11\/chut.jpg?fit=800%2C435&ssl=1&resize=700%2C400 2x"},"classes":[]},{"id":1126,"url":"https:\/\/www.stefaneguilbaud.com\/blog\/?p=1126","url_meta":{"origin":221,"position":4},"title":"1975. Le croissant industriel qui voulait devenir croissant artisanal.","author":"SG","date":"6 novembre 2014","format":false,"excerpt":"Qui, de la g\u00e9n\u00e9ration 70\/80, n\u2019a pas \u00e9chapp\u00e9, d\u00e8s 1975, \u00e0 la publicit\u00e9 pour les croissants de la marque DANEROLLES ? Pour ceux qui ne connaissent pas, il s\u2019agit d\u2019une boite en carton o\u00f9 se nichait une p\u00e2te \u00e0 croissant\u2026 industrielle. La magie, pour nous enfants, \u00e0 l\u2019\u00e9poque \u00e9tait de\u2026","rel":"","context":"Dans &quot;Alimentation&quot;","block_context":{"text":"Alimentation","link":"https:\/\/www.stefaneguilbaud.com\/blog\/?cat=1"},"img":{"alt_text":"","src":"https:\/\/i0.wp.com\/www.stefaneguilbaud.com\/blog\/wp-content\/uploads\/2014\/11\/croissantgontran.jpg?fit=800%2C435&ssl=1&resize=350%2C200","width":350,"height":200,"srcset":"https:\/\/i0.wp.com\/www.stefaneguilbaud.com\/blog\/wp-content\/uploads\/2014\/11\/croissantgontran.jpg?fit=800%2C435&ssl=1&resize=350%2C200 1x, https:\/\/i0.wp.com\/www.stefaneguilbaud.com\/blog\/wp-content\/uploads\/2014\/11\/croissantgontran.jpg?fit=800%2C435&ssl=1&resize=525%2C300 1.5x, https:\/\/i0.wp.com\/www.stefaneguilbaud.com\/blog\/wp-content\/uploads\/2014\/11\/croissantgontran.jpg?fit=800%2C435&ssl=1&resize=700%2C400 2x"},"classes":[]},{"id":1984,"url":"https:\/\/www.stefaneguilbaud.com\/blog\/?p=1984","url_meta":{"origin":221,"position":5},"title":"TAFTA : La Commission europ\u00e9enne nous l\u00e2che-t-elle ?","author":"SG","date":"3 mai 2016","format":false,"excerpt":"Selon l'association FoodWatch, la commission europ\u00e9enne ne nous\u00a0prot\u00e8ge pas contre le projet TAFTA (Trait\u00e9 transatlantique entre les USA et l\u2019UE), bien au\u00a0contraire \u00c0 travers une newsletter alarmante et inqui\u00e9tante, elle nous rappelle une fois de\u00a0plus que l'opacit\u00e9 de ce trait\u00e9 est dangereuse, scandaleuse et irrecevable. Pourtant, il passe discr\u00e8tement les\u00a0\u00e9tapes\u2026","rel":"","context":"Dans &quot;Actualit\u00e9s&quot;","block_context":{"text":"Actualit\u00e9s","link":"https:\/\/www.stefaneguilbaud.com\/blog\/?cat=8"},"img":{"alt_text":"","src":"https:\/\/i0.wp.com\/www.stefaneguilbaud.com\/blog\/wp-content\/uploads\/2016\/05\/fuitetafta.png?fit=800%2C435&ssl=1&resize=350%2C200","width":350,"height":200,"srcset":"https:\/\/i0.wp.com\/www.stefaneguilbaud.com\/blog\/wp-content\/uploads\/2016\/05\/fuitetafta.png?fit=800%2C435&ssl=1&resize=350%2C200 1x, https:\/\/i0.wp.com\/www.stefaneguilbaud.com\/blog\/wp-content\/uploads\/2016\/05\/fuitetafta.png?fit=800%2C435&ssl=1&resize=525%2C300 1.5x, https:\/\/i0.wp.com\/www.stefaneguilbaud.com\/blog\/wp-content\/uploads\/2016\/05\/fuitetafta.png?fit=800%2C435&ssl=1&resize=700%2C400 2x"},"classes":[]}],"jetpack_likes_enabled":true,"_links":{"self":[{"href":"https:\/\/www.stefaneguilbaud.com\/blog\/index.php?rest_route=\/wp\/v2\/posts\/221","targetHints":{"allow":["GET"]}}],"collection":[{"href":"https:\/\/www.stefaneguilbaud.com\/blog\/index.php?rest_route=\/wp\/v2\/posts"}],"about":[{"href":"https:\/\/www.stefaneguilbaud.com\/blog\/index.php?rest_route=\/wp\/v2\/types\/post"}],"author":[{"embeddable":true,"href":"https:\/\/www.stefaneguilbaud.com\/blog\/index.php?rest_route=\/wp\/v2\/users\/1"}],"replies":[{"embeddable":true,"href":"https:\/\/www.stefaneguilbaud.com\/blog\/index.php?rest_route=%2Fwp%2Fv2%2Fcomments&post=221"}],"version-history":[{"count":3,"href":"https:\/\/www.stefaneguilbaud.com\/blog\/index.php?rest_route=\/wp\/v2\/posts\/221\/revisions"}],"predecessor-version":[{"id":631,"href":"https:\/\/www.stefaneguilbaud.com\/blog\/index.php?rest_route=\/wp\/v2\/posts\/221\/revisions\/631"}],"wp:featuredmedia":[{"embeddable":true,"href":"https:\/\/www.stefaneguilbaud.com\/blog\/index.php?rest_route=\/wp\/v2\/media\/215"}],"wp:attachment":[{"href":"https:\/\/www.stefaneguilbaud.com\/blog\/index.php?rest_route=%2Fwp%2Fv2%2Fmedia&parent=221"}],"wp:term":[{"taxonomy":"category","embeddable":true,"href":"https:\/\/www.stefaneguilbaud.com\/blog\/index.php?rest_route=%2Fwp%2Fv2%2Fcategories&post=221"},{"taxonomy":"post_tag","embeddable":true,"href":"https:\/\/www.stefaneguilbaud.com\/blog\/index.php?rest_route=%2Fwp%2Fv2%2Ftags&post=221"}],"curies":[{"name":"wp","href":"https:\/\/api.w.org\/{rel}","templated":true}]}}