{"id":2126,"date":"2016-09-07T16:25:08","date_gmt":"2016-09-07T15:25:08","guid":{"rendered":"http:\/\/www.stefaneguilbaud.com\/blog\/?p=2126"},"modified":"2016-09-09T17:24:01","modified_gmt":"2016-09-09T16:24:01","slug":"vive-la-cuisine-libre-un-evenement","status":"publish","type":"post","link":"https:\/\/www.stefaneguilbaud.com\/blog\/?p=2126","title":{"rendered":"Vive la cuisine libre ! Un \u00e9v\u00e9nement."},"content":{"rendered":"<p><img data-recalc-dims=\"1\" loading=\"lazy\" decoding=\"async\" class=\"alignleft wp-image-2129 \" src=\"https:\/\/i0.wp.com\/www.stefaneguilbaud.com\/blog\/wp-content\/uploads\/2016\/08\/pdfpreviewfeniere.jpg?resize=131%2C184\" alt=\"pdfpreviewfeniere\" width=\"131\" height=\"184\" srcset=\"https:\/\/i0.wp.com\/www.stefaneguilbaud.com\/blog\/wp-content\/uploads\/2016\/08\/pdfpreviewfeniere.jpg?w=250&amp;ssl=1 250w, https:\/\/i0.wp.com\/www.stefaneguilbaud.com\/blog\/wp-content\/uploads\/2016\/08\/pdfpreviewfeniere.jpg?resize=213%2C300&amp;ssl=1 213w\" sizes=\"auto, (max-width: 131px) 100vw, 131px\" \/>Ma rencontre avec Nadia Sammut a \u00e9t\u00e9 tr\u00e8s riche en \u00e9changes\u00a0et en partage d&rsquo;exp\u00e9riences. Ainsi, je pousse mon micro de conf\u00e9rencier jusqu\u2019\u00e0 ses jardins de\u00a0la <a href=\"http:\/\/www.aubergelafeniere.com\">Feni\u00e8re<\/a> \u00e0 Lourmarin.<br \/>\nCe\u00a0<strong>24 septembre 2016<\/strong>, la cuisine libre de\u00a0Nadia sera mise \u00e0 l&rsquo;honneur avec ses invit\u00e9s pour des conf\u00e9rences, des sc\u00e8nes culinaires, des ateliers, des rencontres et des d\u00e9gustations pour la \u00ab\u00a0<a href=\"http:\/\/www.aubergelafeniere.com\/new-events-2\/\"><strong>F\u00caTE DE LA\u00a0GASTRONOMIE<\/strong><\/a>\u00a0\u00bb<br \/>\nJ&rsquo;y vois, pour cette conf\u00e9rence\u00a0pr\u00e9vue de<strong> 14h15 \u00e0 16h00<\/strong>,\u00a0\u201c<a href=\"http:\/\/www.stefaneguilbaud.com\/conferences.html#conf_desobeissance\">Les 100 mots de la\u00a0d\u00e9sob\u00e9issance alimentaire<\/a>\u201d, le d\u00e9but d&rsquo;une\u00a0belle et longue aventure pour satisfaire une\u00a0folie positive, une culture, un engagement, un geste, un produit, une cuisine qui rassemble, tr\u00e8s ch\u00e8re \u00e0 Nadia et \u00e0 toutes les personnes qui aiment l&rsquo;entourer.<\/p>\n<p><strong>Tarifs :\u00a0<\/strong>Prix libre ! Tous vos dons seront revers\u00e9s \u00e0 l\u2019association loi 1901 WithLove-AllergenFree<br \/>\n<strong>Adresse :<\/strong> Auberge la Feni\u00e8re &#8211; Route de Lourmarin [D943] 84160 Cadenet &#8211; 04 90 68 11 79 &#8211; <a href=\"http:\/\/www.aubergelafeniere.com\">www. aubergelafeniere.com<\/a><\/p>\n<p><a href=\"http:\/\/www.stefaneguilbaud.com\/blog\/?attachment_id=2186\">T\u00e9l\u00e9charger l&rsquo;Affiche de\u00a0l&rsquo;\u00e9v\u00e9nement<\/a><\/p>\n<p><a href=\"http:\/\/www.stefaneguilbaud.com\/blog\/?attachment_id=2189\">T\u00e9l\u00e9charger le Programme de la journ\u00e9e<\/a><\/p>\n<h6>PHOTO DE UNE\u00a0\u00a9LA FENI\u00c8RE. DROITS R\u00c9SERV\u00c9S.<\/h6>\n","protected":false},"excerpt":{"rendered":"<p>Ma rencontre avec Nadia Sammut a \u00e9t\u00e9 tr\u00e8s riche en \u00e9changes\u00a0et en partage d&rsquo;exp\u00e9riences. Ainsi, je pousse mon micro de conf\u00e9rencier jusqu\u2019\u00e0 ses jardins de\u00a0la &hellip; <\/p>\n","protected":false},"author":1,"featured_media":2127,"comment_status":"open","ping_status":"open","sticky":false,"template":"","format":"standard","meta":{"_exactmetrics_skip_tracking":false,"_exactmetrics_sitenote_active":false,"_exactmetrics_sitenote_note":"","_exactmetrics_sitenote_category":0,"jetpack_post_was_ever_published":false,"_jetpack_newsletter_access":"","_jetpack_dont_email_post_to_subs":false,"_jetpack_newsletter_tier_id":0,"_jetpack_memberships_contains_paywalled_content":false,"_jetpack_memberships_contains_paid_content":false,"footnotes":"","jetpack_publicize_message":"","jetpack_publicize_feature_enabled":true,"jetpack_social_post_already_shared":false,"jetpack_social_options":{"image_generator_settings":{"template":"highway","default_image_id":0,"font":"","enabled":false},"version":2}},"categories":[8,1],"tags":[],"class_list":["post-2126","post","type-post","status-publish","format-standard","has-post-thumbnail","hentry","category-actualites","category-alimentation"],"jetpack_publicize_connections":[],"jetpack_featured_media_url":"https:\/\/i0.wp.com\/www.stefaneguilbaud.com\/blog\/wp-content\/uploads\/2016\/08\/uneblog.jpg?fit=800%2C435&ssl=1","jetpack_sharing_enabled":true,"jetpack_shortlink":"https:\/\/wp.me\/p8a0UX-yi","jetpack-related-posts":[{"id":322,"url":"https:\/\/www.stefaneguilbaud.com\/blog\/?p=322","url_meta":{"origin":2126,"position":0},"title":"Cot\u00e9 Sud, au sud. La Reine Sammut.","author":"SG","date":"15 juin 2010","format":false,"excerpt":"Chaque ann\u00e9e, le salon C\u00f4t\u00e9 Sud s'installe au parc Jourdan \u00e0 Aix-en-Provence. Il s'agit d'un salon de d\u00e9coration mais on y entend des infos alimentaires parfois surprenantes \u2026 Lors de chaque salon C\u00f4t\u00e9 Sud, nous pouvons assister, \u00e0 l'ombre du cagnard* proven\u00e7al, \u00e0 une d\u00e9monstration de cuisine simple, rapide et\u2026","rel":"","context":"Dans &quot;Soci\u00e9t\u00e9&quot;","block_context":{"text":"Soci\u00e9t\u00e9","link":"https:\/\/www.stefaneguilbaud.com\/blog\/?cat=3"},"img":{"alt_text":"","src":"https:\/\/i0.wp.com\/www.stefaneguilbaud.com\/blog\/wp-content\/uploads\/2010\/06\/cotesud.jpg?fit=800%2C435&ssl=1&resize=350%2C200","width":350,"height":200,"srcset":"https:\/\/i0.wp.com\/www.stefaneguilbaud.com\/blog\/wp-content\/uploads\/2010\/06\/cotesud.jpg?fit=800%2C435&ssl=1&resize=350%2C200 1x, https:\/\/i0.wp.com\/www.stefaneguilbaud.com\/blog\/wp-content\/uploads\/2010\/06\/cotesud.jpg?fit=800%2C435&ssl=1&resize=525%2C300 1.5x, https:\/\/i0.wp.com\/www.stefaneguilbaud.com\/blog\/wp-content\/uploads\/2010\/06\/cotesud.jpg?fit=800%2C435&ssl=1&resize=700%2C400 2x"},"classes":[]},{"id":246,"url":"https:\/\/www.stefaneguilbaud.com\/blog\/?p=246","url_meta":{"origin":2126,"position":1},"title":"Sushi \u00e0 la mode &#8230; aixoise","author":"SG","date":"28 janvier 2011","format":false,"excerpt":"Dans cet emballement m\u00e9diatique, je constate que le sushi s'est d\u00e9mocratis\u00e9 pour le pire et le meilleur. En 1993, quand j'apprenais \u00e0 les faire, les ingr\u00e9dients \u00e9taient alors introuvables et je devais les faire venir de Lyon, puis de Paris pour des sommes assez r\u00e9dhibitoires parfois. Par passion, j'ai toujours\u2026","rel":"","context":"Dans &quot;Actualit\u00e9s&quot;","block_context":{"text":"Actualit\u00e9s","link":"https:\/\/www.stefaneguilbaud.com\/blog\/?cat=8"},"img":{"alt_text":"","src":"https:\/\/i0.wp.com\/www.stefaneguilbaud.com\/blog\/wp-content\/uploads\/2011\/01\/sushi.jpg?fit=800%2C435&ssl=1&resize=350%2C200","width":350,"height":200,"srcset":"https:\/\/i0.wp.com\/www.stefaneguilbaud.com\/blog\/wp-content\/uploads\/2011\/01\/sushi.jpg?fit=800%2C435&ssl=1&resize=350%2C200 1x, https:\/\/i0.wp.com\/www.stefaneguilbaud.com\/blog\/wp-content\/uploads\/2011\/01\/sushi.jpg?fit=800%2C435&ssl=1&resize=525%2C300 1.5x, https:\/\/i0.wp.com\/www.stefaneguilbaud.com\/blog\/wp-content\/uploads\/2011\/01\/sushi.jpg?fit=800%2C435&ssl=1&resize=700%2C400 2x"},"classes":[]},{"id":2635,"url":"https:\/\/www.stefaneguilbaud.com\/blog\/?p=2635","url_meta":{"origin":2126,"position":2},"title":"La Teff ou la bienveillance du sans gluten !","author":"SG","date":"5 mars 2018","format":false,"excerpt":"Je n'ai jamais \u00e9t\u00e9 un adepte de l'innovation. Je l'ai plusieurs fois expliqu\u00e9 soit dans mes livres, soit dans des \u00e9missions. En effet je vois dans l'innovation, un pas de plus vers une alimentation d\u00e9structur\u00e9e. Fer de lance d'une pauvret\u00e9 alimentaire, l'art de refaire ce qui existe d\u00e9j\u00e0 reste l'aspect\u2026","rel":"","context":"Dans &quot;Alimentation&quot;","block_context":{"text":"Alimentation","link":"https:\/\/www.stefaneguilbaud.com\/blog\/?cat=1"},"img":{"alt_text":"","src":"https:\/\/i0.wp.com\/www.stefaneguilbaud.com\/blog\/wp-content\/uploads\/2018\/03\/drapeauethiopie.jpg?fit=800%2C435&ssl=1&resize=350%2C200","width":350,"height":200,"srcset":"https:\/\/i0.wp.com\/www.stefaneguilbaud.com\/blog\/wp-content\/uploads\/2018\/03\/drapeauethiopie.jpg?fit=800%2C435&ssl=1&resize=350%2C200 1x, https:\/\/i0.wp.com\/www.stefaneguilbaud.com\/blog\/wp-content\/uploads\/2018\/03\/drapeauethiopie.jpg?fit=800%2C435&ssl=1&resize=525%2C300 1.5x, https:\/\/i0.wp.com\/www.stefaneguilbaud.com\/blog\/wp-content\/uploads\/2018\/03\/drapeauethiopie.jpg?fit=800%2C435&ssl=1&resize=700%2C400 2x"},"classes":[]},{"id":3948,"url":"https:\/\/www.stefaneguilbaud.com\/blog\/?p=3948","url_meta":{"origin":2126,"position":3},"title":"L&rsquo;enseigne \u00ab\u00a0pr\u00e9f\u00e9r\u00e9e\u00a0\u00bb des Fran\u00e7ais !","author":"SG","date":"21 avril 2023","format":false,"excerpt":"\u00ab\u00a0Action\u00a0\u00bb, l'enseigne pr\u00e9f\u00e9r\u00e9e des Fran\u00e7ais, est une entreprise n\u00e9erlandaise implant\u00e9e en France depuis 2013. Gr\u00e2ce \u00e0 une politique de prix bas et une offre diversifi\u00e9e, l'enseigne a rapidement conquis les consommateurs fran\u00e7ais. Cependant, derri\u00e8re cette image de success-story se cachent des pratiques commerciales critiquables. Ses prix bas attirent une client\u00e8le\u2026","rel":"","context":"Dans &quot;Alimentation&quot;","block_context":{"text":"Alimentation","link":"https:\/\/www.stefaneguilbaud.com\/blog\/?cat=1"},"img":{"alt_text":"","src":"https:\/\/i0.wp.com\/www.stefaneguilbaud.com\/blog\/wp-content\/uploads\/2023\/04\/pexels-photo-5650016.webp?fit=800%2C435&ssl=1&resize=350%2C200","width":350,"height":200,"srcset":"https:\/\/i0.wp.com\/www.stefaneguilbaud.com\/blog\/wp-content\/uploads\/2023\/04\/pexels-photo-5650016.webp?fit=800%2C435&ssl=1&resize=350%2C200 1x, https:\/\/i0.wp.com\/www.stefaneguilbaud.com\/blog\/wp-content\/uploads\/2023\/04\/pexels-photo-5650016.webp?fit=800%2C435&ssl=1&resize=525%2C300 1.5x, https:\/\/i0.wp.com\/www.stefaneguilbaud.com\/blog\/wp-content\/uploads\/2023\/04\/pexels-photo-5650016.webp?fit=800%2C435&ssl=1&resize=700%2C400 2x"},"classes":[]},{"id":1314,"url":"https:\/\/www.stefaneguilbaud.com\/blog\/?p=1314","url_meta":{"origin":2126,"position":4},"title":"Festival du Food Truck, au ch\u00e2teau de Berne !","author":"SG","date":"27 avril 2015","format":false,"excerpt":"I. REPORTAGE : CH\u00c2TEAU DE BERNE, Lorgues, Var, le 26 avril 2015 . Journ\u00e9e du Food Truck, organis\u00e9e par le Ch\u00e2teau de Berne (Lorgues) et FoodTruck Station (Aix en Provence). Informations : lire la page officielle. Ceux qui connaissent mon travail savent que je m\u2019int\u00e9resse aux Food Truck, depuis longtemps,\u2026","rel":"","context":"Dans &quot;Alimentation&quot;","block_context":{"text":"Alimentation","link":"https:\/\/www.stefaneguilbaud.com\/blog\/?cat=1"},"img":{"alt_text":"","src":"https:\/\/i0.wp.com\/www.stefaneguilbaud.com\/blog\/wp-content\/uploads\/2015\/04\/FestivalFT_Fotor.jpg?fit=800%2C435&ssl=1&resize=350%2C200","width":350,"height":200,"srcset":"https:\/\/i0.wp.com\/www.stefaneguilbaud.com\/blog\/wp-content\/uploads\/2015\/04\/FestivalFT_Fotor.jpg?fit=800%2C435&ssl=1&resize=350%2C200 1x, https:\/\/i0.wp.com\/www.stefaneguilbaud.com\/blog\/wp-content\/uploads\/2015\/04\/FestivalFT_Fotor.jpg?fit=800%2C435&ssl=1&resize=525%2C300 1.5x, https:\/\/i0.wp.com\/www.stefaneguilbaud.com\/blog\/wp-content\/uploads\/2015\/04\/FestivalFT_Fotor.jpg?fit=800%2C435&ssl=1&resize=700%2C400 2x"},"classes":[]},{"id":4272,"url":"https:\/\/www.stefaneguilbaud.com\/blog\/?p=4272","url_meta":{"origin":2126,"position":5},"title":"\u00c9V\u00c8NEMENT \u00ab\u00a0L&rsquo;OLIVE AU COEUR\u00a0\u00bb \u2022 MAROC, F\u00c8S","author":"SG","date":"26 novembre 2025","format":false,"excerpt":"Interview\u00e9 par les \u00e9coles des Arts Culinaires Shems\u2019y de Sal\u00e9 (Maroc) et des M\u00e9tiers d\u2019Art Shems\u2019y de F\u00e8s (Maroc) regroup\u00e9es sous le label AMESIP (Association Marocaine d'Aide aux Enfants en Situation Pr\u00e9caire). St\u00e9fane, comment avez-vous v\u00e9cu votre temps d'intervention au sein de l'AMESIP ? Alors je suis actuellement \u00e0 l'\u00e9cole\u2026","rel":"","context":"Dans &quot;Actualit\u00e9s&quot;","block_context":{"text":"Actualit\u00e9s","link":"https:\/\/www.stefaneguilbaud.com\/blog\/?cat=8"},"img":{"alt_text":"","src":"https:\/\/i0.wp.com\/www.stefaneguilbaud.com\/blog\/wp-content\/uploads\/2025\/11\/OliveBlog.jpg?fit=800%2C435&ssl=1&resize=350%2C200","width":350,"height":200,"srcset":"https:\/\/i0.wp.com\/www.stefaneguilbaud.com\/blog\/wp-content\/uploads\/2025\/11\/OliveBlog.jpg?fit=800%2C435&ssl=1&resize=350%2C200 1x, https:\/\/i0.wp.com\/www.stefaneguilbaud.com\/blog\/wp-content\/uploads\/2025\/11\/OliveBlog.jpg?fit=800%2C435&ssl=1&resize=525%2C300 1.5x, https:\/\/i0.wp.com\/www.stefaneguilbaud.com\/blog\/wp-content\/uploads\/2025\/11\/OliveBlog.jpg?fit=800%2C435&ssl=1&resize=700%2C400 2x"},"classes":[]}],"jetpack_likes_enabled":true,"_links":{"self":[{"href":"https:\/\/www.stefaneguilbaud.com\/blog\/index.php?rest_route=\/wp\/v2\/posts\/2126","targetHints":{"allow":["GET"]}}],"collection":[{"href":"https:\/\/www.stefaneguilbaud.com\/blog\/index.php?rest_route=\/wp\/v2\/posts"}],"about":[{"href":"https:\/\/www.stefaneguilbaud.com\/blog\/index.php?rest_route=\/wp\/v2\/types\/post"}],"author":[{"embeddable":true,"href":"https:\/\/www.stefaneguilbaud.com\/blog\/index.php?rest_route=\/wp\/v2\/users\/1"}],"replies":[{"embeddable":true,"href":"https:\/\/www.stefaneguilbaud.com\/blog\/index.php?rest_route=%2Fwp%2Fv2%2Fcomments&post=2126"}],"version-history":[{"count":17,"href":"https:\/\/www.stefaneguilbaud.com\/blog\/index.php?rest_route=\/wp\/v2\/posts\/2126\/revisions"}],"predecessor-version":[{"id":2190,"href":"https:\/\/www.stefaneguilbaud.com\/blog\/index.php?rest_route=\/wp\/v2\/posts\/2126\/revisions\/2190"}],"wp:featuredmedia":[{"embeddable":true,"href":"https:\/\/www.stefaneguilbaud.com\/blog\/index.php?rest_route=\/wp\/v2\/media\/2127"}],"wp:attachment":[{"href":"https:\/\/www.stefaneguilbaud.com\/blog\/index.php?rest_route=%2Fwp%2Fv2%2Fmedia&parent=2126"}],"wp:term":[{"taxonomy":"category","embeddable":true,"href":"https:\/\/www.stefaneguilbaud.com\/blog\/index.php?rest_route=%2Fwp%2Fv2%2Fcategories&post=2126"},{"taxonomy":"post_tag","embeddable":true,"href":"https:\/\/www.stefaneguilbaud.com\/blog\/index.php?rest_route=%2Fwp%2Fv2%2Ftags&post=2126"}],"curies":[{"name":"wp","href":"https:\/\/api.w.org\/{rel}","templated":true}]}}