{"id":2102,"date":"2016-08-16T14:58:43","date_gmt":"2016-08-16T13:58:43","guid":{"rendered":"http:\/\/www.stefaneguilbaud.com\/blog\/?p=2102"},"modified":"2016-08-18T12:15:09","modified_gmt":"2016-08-18T11:15:09","slug":"patisserie-non-coupable","status":"publish","type":"post","link":"https:\/\/www.stefaneguilbaud.com\/blog\/?p=2102","title":{"rendered":"P\u00e2tisserie ! Non coupable !"},"content":{"rendered":"<div class=\"\" data-block=\"true\" data-editor=\"2ik4n\" data-offset-key=\"bpf52-0-0\">\n<div class=\"_1mf _1mj\" data-offset-key=\"bpf52-0-0\">\n<p class=\"p1\"><span class=\"s1\">La culpabilit\u00e9 d&rsquo;une majeure partie des consommateurs les emp\u00eache de p\u00e9n\u00e9trer sereinement dans une p\u00e2tisserie. Pour diff\u00e9rentes raisons. Les allergiques ou intol\u00e9rants au gluten qui vont devoir se passer des g\u00e2teaux \u00e0 base de farine de bl\u00e9 ou\u00a0les diab\u00e9tiques, sous r\u00e9gime ou avec une \u00e9thique sans sucre\/lait\/bl\u00e9\/produits industriels \u00e0 tout bout de champ, qui vont devoir se passer de cet exc\u00e8s de sucre.<\/span><\/p>\n<p class=\"p1\"><strong><span class=\"s1\">#1 SANS\u00a0GLUTEN<\/span><\/strong><\/p>\n<p class=\"p1\"><span class=\"s1\">\u00c0 Paris, pour les premiers, je ne peux que proposer d&rsquo;aller faire un tour chez \u00ab\u00a0<a href=\"http:\/\/chambelland.com\"><strong>Chambelland<\/strong><\/a> &#8211; 14, rue Ternaux\u00a0\u00bb, un 100% sans gluten. L&rsquo;id\u00e9e est superbe et j&rsquo;en ai d\u00e9j\u00e0 parl\u00e9 dans des articles, bien que les IG bas ne soient\u00a0pas\u00a0au rendez-vous, mais de fa\u00e7on occasionnel,\u00a0pour un coeliaque, ces p\u00e2tisseries leur redonneront du baume au coeur et brisera ce sentiment d&rsquo;exclusion et de d\u00e9laissement d&rsquo;un monde\u00a0gourmand. <em>\u00c0\u00a0ce propos, la chute de l&rsquo;indice glyc\u00e9mique est directement li\u00e9e \u00e0 l&rsquo;abandon\u00a0du riz blanc, de la\u00a0pomme de\u00a0terre et du ma\u00efs et son remplacement par des\u00a0alternatives au sarrasin, teff etc. mais\u00a0surtout l&rsquo;ajout de lupin, soja, psyllium\u2026) <\/em><\/span><\/p>\n<p class=\"p1\"><strong><span class=\"s1\">#2 SANS INDEX GLYC\u00c9MIQUES\u00a0\u00c9LEV\u00c9S<\/span><\/strong><\/p>\n<p class=\"p1\"><span class=\"s1\">Pour les seconds, tol\u00e9rants\u00a0au gluten, mais\u00a0sans sucre, je propose \u00ab\u00a0<a href=\"http:\/\/www.lesbellesenvies.com\/fr\"><strong>Les belles envies<\/strong><\/a>\u00a0&#8211;\u00a03, rue Monge\u00a0\u00bb. Un lieu qui prend soin du gout, de la sant\u00e9 et\u00a0de la ligne.\u00a0Deux ans de recherche pour la cr\u00e9atrice de cette enseigne,\u00a0Alixe Bornon, une\u00a0diab\u00e9tique qui a voulu ne pas se priver de l&rsquo;essentiel : la gourmandise !<\/span><\/p>\n<blockquote>\n<p class=\"p1\"><span class=\"s1\"><i>Pour les\u00a0adresses en province, je vous propose de me les faire parvenir en commentaire, car il doit en exister plein qui n&rsquo;attendent que d&rsquo;\u00eatre connues.<\/i><\/span><\/p>\n<\/blockquote>\n<p class=\"p1\"><strong><span class=\"s1\">P\u00e2tisserie \u00e0 Index glyc\u00e9miques bas : Explications<\/span><\/strong><\/p>\n<p class=\"p1\"><span class=\"s1\">Mon mode de vie alimentaire bannit le sucre de mon quotidien. J&rsquo;en parle beaucoup dans mon 3e livre \u00ab\u00a0Je ne mange pas de produits industriels\u00a0\u00bb \u00c9dition Eyrolles. Quand j&rsquo;en mange de fa\u00e7on tr\u00e8s exceptionnelle (sorties, vacances\u2026) je recherche l&rsquo;\u00e9quilibre (pas industriel et surtout \u00e0 IG bas). \u00c7a limite le choix et je finis par\u2026 ne rien d\u00e9guster, revenir chez moi\u2026 et me faire plaisir en ouvrant mes placards et mes frigos. Mangeant peu ou pas de sucre, je n&rsquo;ai pas d&rsquo;envies soudaines, pas de pics d&rsquo;insuline me dictant quoi que cela soit. Alors je cherche, et tr\u00e8s souvent refuse ce que l&rsquo;on me propose. Il m&rsquo;est arriv\u00e9 de me retrouver \u00e0 table avec 10\/12 amis d\u00e9vorant une glace pendant que je bois un citron press\u00e9 \ud83d\ude42 M&rsquo;en fous, cela ne me fait pas envie quand je ne suis pas en phase avec le produit.<\/span><\/p>\n<p class=\"p1\"><span class=\"s1\">Je ne peux que voter\u00a0favorablement pour cette\u00a0adresse Les Belles Envies, 3 rue Monge,\u00a0<i>-une rue qui m&rsquo;a \u00e9t\u00e9 voisine pas mal de temps \u00e0 Paris<\/i>. En effet, je commence \u00e0 connaitre un nombre\u00a0de p\u00e2tissiers talentueux, mais malheureusement beaucoup d\u00e9connect\u00e9s d&rsquo;une r\u00e9alit\u00e9 : l&rsquo;abus de sucre et d&rsquo;index \u00e9lev\u00e9s. Rares sont ceux qui en sortant de l&rsquo;\u00e9cole se remettent \u00e0 lire leurs cahiers \u00e0 l&rsquo;envers pour inverser cette f\u00e2cheuse tendance \u00e0 tout masquer avec le sucre. Combien de fois j&rsquo;ai voulu tester un artisan et en ai \u00e9t\u00e9 d\u00e9\u00e7u par l&rsquo;aspect acad\u00e9miquement sucr\u00e9 de sa version<\/span><span class=\"s2\">\u2009<\/span><span class=\"s1\">! D&rsquo;aucuns font des efforts,\u00a0mais sans aucune indication d&rsquo;IG, car pas du tout maitris\u00e9e.<\/span><\/p>\n<p class=\"p1\">\n<p class=\"p1\"><span class=\"s1\">Si je devais ouvrir une p\u00e2tisserie, je me rappellerais ceci : \u00ab\u00a0<em>Le meilleur moyen de fid\u00e9liser un client est de lui faciliter l&rsquo;accessibilit\u00e9, par une information lisible et un produit correspondant \u00e0 un aspect \u00e9conomique, durable, sanitaire et cultuel<\/em>\u00ab\u00a0.\u00a0<\/span><span class=\"s1\">Ici, \u00e0 #lesbellesenvies :<br \/>\nL&rsquo;accessibilit\u00e9 est la gourmandise comparable aux autres enseignes. La lisibilit\u00e9 se fait par analogie.<br \/>\nL&rsquo;aspect \u00e9conomique n&rsquo;est pas un souci, car une p\u00e2tisserie est un plaisir occasionnel qui m\u00e9rite de payer pour un travail fastidieux.<br \/>\nLe durable, car on peut y revenir sans soucis de mauvaise conscience.<br \/>\nLe sanitaire, car les ingr\u00e9dients ont peu d&rsquo;effet sur notre sant\u00e9 (pas de glyc\u00e9mie \u00e9lev\u00e9e).<br \/>\nLe cultuel est assouvi (culte de l&rsquo;IG bas. \ud83d\ude42<\/span><\/p>\n<\/div>\n<\/div>\n","protected":false},"excerpt":{"rendered":"<p>La culpabilit\u00e9 d&rsquo;une majeure partie des consommateurs les emp\u00eache de p\u00e9n\u00e9trer sereinement dans une p\u00e2tisserie. Pour diff\u00e9rentes raisons. Les allergiques ou intol\u00e9rants au gluten qui &hellip; <\/p>\n","protected":false},"author":1,"featured_media":2103,"comment_status":"open","ping_status":"open","sticky":false,"template":"","format":"standard","meta":{"_exactmetrics_skip_tracking":false,"_exactmetrics_sitenote_active":false,"_exactmetrics_sitenote_note":"","_exactmetrics_sitenote_category":0,"jetpack_post_was_ever_published":false,"_jetpack_newsletter_access":"","_jetpack_dont_email_post_to_subs":false,"_jetpack_newsletter_tier_id":0,"_jetpack_memberships_contains_paywalled_content":false,"_jetpack_memberships_contains_paid_content":false,"footnotes":"","jetpack_publicize_message":"","jetpack_publicize_feature_enabled":true,"jetpack_social_post_already_shared":false,"jetpack_social_options":{"image_generator_settings":{"template":"highway","default_image_id":0,"font":"","enabled":false},"version":2}},"categories":[1,12],"tags":[],"class_list":["post-2102","post","type-post","status-publish","format-standard","has-post-thumbnail","hentry","category-alimentation","category-reportage"],"jetpack_publicize_connections":[],"jetpack_featured_media_url":"https:\/\/i0.wp.com\/www.stefaneguilbaud.com\/blog\/wp-content\/uploads\/2016\/08\/gateaux.jpg?fit=800%2C435&ssl=1","jetpack_sharing_enabled":true,"jetpack_shortlink":"https:\/\/wp.me\/p8a0UX-xU","jetpack-related-posts":[{"id":1807,"url":"https:\/\/www.stefaneguilbaud.com\/blog\/?p=1807","url_meta":{"origin":2102,"position":0},"title":"\u00ab\u00a0Sans gluten\u00a0\u00bb accus\u00e9\u2026 \u00e0 tort.","author":"SG","date":"27 janvier 2016","format":false,"excerpt":"L\u2019article de 60 millions de consommateurs, sur le \u00ab\u00a0sans gluten\u00a0\u00bb va faire des vagues, mais pas du c\u00f4t\u00e9 souhait\u00e9, je le crains. Cet article fait un point sur l\u2019offre sans gluten en rayon et ne se prive pas, \u00e0 juste titre, de d\u00e9monter les produits industriels r\u00e9pondants \u00e0 l\u2019offre du\u2026","rel":"","context":"Dans &quot;Actualit\u00e9s&quot;","block_context":{"text":"Actualit\u00e9s","link":"https:\/\/www.stefaneguilbaud.com\/blog\/?cat=8"},"img":{"alt_text":"","src":"https:\/\/i0.wp.com\/www.stefaneguilbaud.com\/blog\/wp-content\/uploads\/2016\/01\/glutenfree.jpg?fit=800%2C435&ssl=1&resize=350%2C200","width":350,"height":200,"srcset":"https:\/\/i0.wp.com\/www.stefaneguilbaud.com\/blog\/wp-content\/uploads\/2016\/01\/glutenfree.jpg?fit=800%2C435&ssl=1&resize=350%2C200 1x, https:\/\/i0.wp.com\/www.stefaneguilbaud.com\/blog\/wp-content\/uploads\/2016\/01\/glutenfree.jpg?fit=800%2C435&ssl=1&resize=525%2C300 1.5x, https:\/\/i0.wp.com\/www.stefaneguilbaud.com\/blog\/wp-content\/uploads\/2016\/01\/glutenfree.jpg?fit=800%2C435&ssl=1&resize=700%2C400 2x"},"classes":[]},{"id":3529,"url":"https:\/\/www.stefaneguilbaud.com\/blog\/?p=3529","url_meta":{"origin":2102,"position":1},"title":"Comment sait-on qu\u2019on est allergique au gluten ?","author":"SG","date":"17 mai 2021","format":false,"excerpt":"Dans le \"Journal Des Bonnes Nouvelles\", chaque mois, je r\u00e9pond \u00e0 une question pos\u00e9e par les lecteurs, voici celle de Mai-Juin 2021. [Sommaire des articles parus]. Question : Comment sait-on qu\u2019on est allergique au gluten ? Jacques, 22 ans en couple. Jacques, la question du gluten est d\u2019autant plus d\u2019actualit\u00e9\u2026","rel":"","context":"Dans &quot;Alimentation&quot;","block_context":{"text":"Alimentation","link":"https:\/\/www.stefaneguilbaud.com\/blog\/?cat=1"},"img":{"alt_text":"","src":"https:\/\/i0.wp.com\/www.stefaneguilbaud.com\/blog\/wp-content\/uploads\/2021\/08\/jdbn0621.png?fit=800%2C435&ssl=1&resize=350%2C200","width":350,"height":200,"srcset":"https:\/\/i0.wp.com\/www.stefaneguilbaud.com\/blog\/wp-content\/uploads\/2021\/08\/jdbn0621.png?fit=800%2C435&ssl=1&resize=350%2C200 1x, https:\/\/i0.wp.com\/www.stefaneguilbaud.com\/blog\/wp-content\/uploads\/2021\/08\/jdbn0621.png?fit=800%2C435&ssl=1&resize=525%2C300 1.5x, https:\/\/i0.wp.com\/www.stefaneguilbaud.com\/blog\/wp-content\/uploads\/2021\/08\/jdbn0621.png?fit=800%2C435&ssl=1&resize=700%2C400 2x"},"classes":[]},{"id":2813,"url":"https:\/\/www.stefaneguilbaud.com\/blog\/?p=2813","url_meta":{"origin":2102,"position":2},"title":"Intol\u00e9rances en voyage : d\u00e9cryptage multilangue","author":"SG","date":"28 septembre 2018","format":false,"excerpt":">>> Ce document est offert aux futurs lecteurs de \"STOP AUX MENSONGES DANS L'ASSIETTE\u201d\u00a0et \u00e0 tous les lecteurs de ce blog. \u00c9ditions Eyrolles Octobre 2018. Chapitre \"Glossaire > Gluten\u201d Traductions :\u00a0Remerciements\u00a0\u00a0\u00e0 Anne C, Armelle F, Daniel B, Cristina C, Fouad B, Jean-Luc Z, Julien B, Khrouu Puy, Marie P-M, Melitza\u2026","rel":"","context":"Dans &quot;Actualit\u00e9s&quot;","block_context":{"text":"Actualit\u00e9s","link":"https:\/\/www.stefaneguilbaud.com\/blog\/?cat=8"},"img":{"alt_text":"","src":"https:\/\/i0.wp.com\/www.stefaneguilbaud.com\/blog\/wp-content\/uploads\/2018\/10\/glutenimg.jpg?fit=800%2C435&ssl=1&resize=350%2C200","width":350,"height":200,"srcset":"https:\/\/i0.wp.com\/www.stefaneguilbaud.com\/blog\/wp-content\/uploads\/2018\/10\/glutenimg.jpg?fit=800%2C435&ssl=1&resize=350%2C200 1x, https:\/\/i0.wp.com\/www.stefaneguilbaud.com\/blog\/wp-content\/uploads\/2018\/10\/glutenimg.jpg?fit=800%2C435&ssl=1&resize=525%2C300 1.5x, https:\/\/i0.wp.com\/www.stefaneguilbaud.com\/blog\/wp-content\/uploads\/2018\/10\/glutenimg.jpg?fit=800%2C435&ssl=1&resize=700%2C400 2x"},"classes":[]},{"id":337,"url":"https:\/\/www.stefaneguilbaud.com\/blog\/?p=337","url_meta":{"origin":2102,"position":3},"title":"Le gluten est-il \u00e0 la mode ?","author":"SG","date":"14 mars 2012","format":false,"excerpt":"Pour ceux qui ont assist\u00e9 aux deux conf\u00e9rences sur Aix-en-Provence sur le gluten , les propos de ce mois-ci leurs seront familiers. Une confirmation en quelque sorte. Pour les autres, le sujet est d'autant plus important qu'il semble \u00eatre \u00e0 la mode et que cela engendre imm\u00e9diatement beaucoup d'informations, contradictoires\u2026","rel":"","context":"Dans &quot;Alimentation&quot;","block_context":{"text":"Alimentation","link":"https:\/\/www.stefaneguilbaud.com\/blog\/?cat=1"},"img":{"alt_text":"","src":"https:\/\/i0.wp.com\/www.stefaneguilbaud.com\/blog\/wp-content\/uploads\/2013\/11\/gluten.jpg?fit=800%2C435&ssl=1&resize=350%2C200","width":350,"height":200,"srcset":"https:\/\/i0.wp.com\/www.stefaneguilbaud.com\/blog\/wp-content\/uploads\/2013\/11\/gluten.jpg?fit=800%2C435&ssl=1&resize=350%2C200 1x, https:\/\/i0.wp.com\/www.stefaneguilbaud.com\/blog\/wp-content\/uploads\/2013\/11\/gluten.jpg?fit=800%2C435&ssl=1&resize=525%2C300 1.5x, https:\/\/i0.wp.com\/www.stefaneguilbaud.com\/blog\/wp-content\/uploads\/2013\/11\/gluten.jpg?fit=800%2C435&ssl=1&resize=700%2C400 2x"},"classes":[]},{"id":1511,"url":"https:\/\/www.stefaneguilbaud.com\/blog\/?p=1511","url_meta":{"origin":2102,"position":4},"title":"Les farines &#038; leurs indices glyc\u00e9miques (IG)","author":"SG","date":"30 juin 2015","format":false,"excerpt":"\u00c0 toutes les personnes qui veulent se passer du gluten, attention. Parfois, le choix d\u2019une farine vous \u00e9vitera le d\u00e9sagr\u00e9ment du gluten, si vous y \u00eates allergique, mais s\u2019occupera de votre tour de taille. De toute fa\u00e7on, un r\u00e9gime \u00ab\u00a0sans gluten\u00a0\u00bb ne se d\u00e9cide pas \u00e0 la l\u00e9g\u00e8re. Si votre\u2026","rel":"","context":"Dans &quot;Alimentation&quot;","block_context":{"text":"Alimentation","link":"https:\/\/www.stefaneguilbaud.com\/blog\/?cat=1"},"img":{"alt_text":"","src":"https:\/\/i0.wp.com\/www.stefaneguilbaud.com\/blog\/wp-content\/uploads\/2015\/06\/farineune.jpg?fit=800%2C435&ssl=1&resize=350%2C200","width":350,"height":200,"srcset":"https:\/\/i0.wp.com\/www.stefaneguilbaud.com\/blog\/wp-content\/uploads\/2015\/06\/farineune.jpg?fit=800%2C435&ssl=1&resize=350%2C200 1x, https:\/\/i0.wp.com\/www.stefaneguilbaud.com\/blog\/wp-content\/uploads\/2015\/06\/farineune.jpg?fit=800%2C435&ssl=1&resize=525%2C300 1.5x, https:\/\/i0.wp.com\/www.stefaneguilbaud.com\/blog\/wp-content\/uploads\/2015\/06\/farineune.jpg?fit=800%2C435&ssl=1&resize=700%2C400 2x"},"classes":[]},{"id":147,"url":"https:\/\/www.stefaneguilbaud.com\/blog\/?p=147","url_meta":{"origin":2102,"position":5},"title":"Une tarte aux cerises \u2026 banale","author":"SG","date":"3 janvier 2011","format":false,"excerpt":"Lorsqu'on d\u00e9cide de manger \u00ab\u00a0alternatif\u00a0\u00bb, afin de fuir les produits industriels, et que l'on se rend compte que beaucoup d'ingr\u00e9dients bruts, nutritifs et constructifs ne se trouvent, qu'en \u00e9picerie biologique, nous sommes vite catalogu\u00e9s au rang des consommateurs \u00ab bizarres \u00bb. Il vous suffit de consommer des graines germ\u00e9es d'alfalfa,\u2026","rel":"","context":"Dans &quot;Alimentation&quot;","block_context":{"text":"Alimentation","link":"https:\/\/www.stefaneguilbaud.com\/blog\/?cat=1"},"img":{"alt_text":"","src":"https:\/\/i0.wp.com\/www.stefaneguilbaud.com\/blog\/wp-content\/uploads\/2011\/01\/cerise.jpg?fit=800%2C435&ssl=1&resize=350%2C200","width":350,"height":200,"srcset":"https:\/\/i0.wp.com\/www.stefaneguilbaud.com\/blog\/wp-content\/uploads\/2011\/01\/cerise.jpg?fit=800%2C435&ssl=1&resize=350%2C200 1x, https:\/\/i0.wp.com\/www.stefaneguilbaud.com\/blog\/wp-content\/uploads\/2011\/01\/cerise.jpg?fit=800%2C435&ssl=1&resize=525%2C300 1.5x, https:\/\/i0.wp.com\/www.stefaneguilbaud.com\/blog\/wp-content\/uploads\/2011\/01\/cerise.jpg?fit=800%2C435&ssl=1&resize=700%2C400 2x"},"classes":[]}],"jetpack_likes_enabled":true,"_links":{"self":[{"href":"https:\/\/www.stefaneguilbaud.com\/blog\/index.php?rest_route=\/wp\/v2\/posts\/2102","targetHints":{"allow":["GET"]}}],"collection":[{"href":"https:\/\/www.stefaneguilbaud.com\/blog\/index.php?rest_route=\/wp\/v2\/posts"}],"about":[{"href":"https:\/\/www.stefaneguilbaud.com\/blog\/index.php?rest_route=\/wp\/v2\/types\/post"}],"author":[{"embeddable":true,"href":"https:\/\/www.stefaneguilbaud.com\/blog\/index.php?rest_route=\/wp\/v2\/users\/1"}],"replies":[{"embeddable":true,"href":"https:\/\/www.stefaneguilbaud.com\/blog\/index.php?rest_route=%2Fwp%2Fv2%2Fcomments&post=2102"}],"version-history":[{"count":7,"href":"https:\/\/www.stefaneguilbaud.com\/blog\/index.php?rest_route=\/wp\/v2\/posts\/2102\/revisions"}],"predecessor-version":[{"id":2111,"href":"https:\/\/www.stefaneguilbaud.com\/blog\/index.php?rest_route=\/wp\/v2\/posts\/2102\/revisions\/2111"}],"wp:featuredmedia":[{"embeddable":true,"href":"https:\/\/www.stefaneguilbaud.com\/blog\/index.php?rest_route=\/wp\/v2\/media\/2103"}],"wp:attachment":[{"href":"https:\/\/www.stefaneguilbaud.com\/blog\/index.php?rest_route=%2Fwp%2Fv2%2Fmedia&parent=2102"}],"wp:term":[{"taxonomy":"category","embeddable":true,"href":"https:\/\/www.stefaneguilbaud.com\/blog\/index.php?rest_route=%2Fwp%2Fv2%2Fcategories&post=2102"},{"taxonomy":"post_tag","embeddable":true,"href":"https:\/\/www.stefaneguilbaud.com\/blog\/index.php?rest_route=%2Fwp%2Fv2%2Ftags&post=2102"}],"curies":[{"name":"wp","href":"https:\/\/api.w.org\/{rel}","templated":true}]}}