{"id":2012,"date":"2016-05-19T18:30:27","date_gmt":"2016-05-19T17:30:27","guid":{"rendered":"http:\/\/www.stefaneguilbaud.com\/blog\/?p=2012"},"modified":"2016-05-20T07:56:53","modified_gmt":"2016-05-20T06:56:53","slug":"restaurateur-un-metier-a-encadrer","status":"publish","type":"post","link":"https:\/\/www.stefaneguilbaud.com\/blog\/?p=2012","title":{"rendered":"Restaurateur, un m\u00e9tier \u00e0 encadrer."},"content":{"rendered":"<p class=\"p1\">N\u2019en d\u00e9plaise \u00e0 ceux qui consid\u00e8rent avoir assez de talents pour en faire leur m\u00e9tier, mais <strong>\u201crestaurateur\u201d devrait \u00eatre plus encadr\u00e9, voire m\u00eame dipl\u00f4m\u00e9.<\/strong> J\u2019avais d\u00e9j\u00e0 \u00e9crit sur le sujet fin 2010-d\u00e9but 2011, alors pour une entr\u00e9e en mati\u00e8re, <a href=\"http:\/\/www.stefaneguilbaud.com\/blog\/?p=103\" target=\"_blank\">je vous laisse d\u00e9couvrir l\u2019article<\/a>.<\/p>\n<p class=\"p1\">L\u2019action dipl\u00f4mante prot\u00e8ge avant tout le restaurateur. Cet encadrement permet de comprendre que cuisiner \u00e0 la maison et en faire son m\u00e9tier n\u2019exige pas les m\u00eames savoir-faire et contraintes. Un dipl\u00f4me \u00e9viterait des faillites personnelles, des enlisements de couples dans des spirales de dettes et de conditions de vie impitoyables. En somme, ce qui revient souvent, c\u2019est que <strong>les passionn\u00e9s et talentueux futurs cuisiniers, traiteurs ou responsables de foodtruck sont les premiers \u00e0 vouloir encadrer la profession.<\/strong><\/p>\n<p class=\"p1\">Ceci \u00e9tant dit, voici un extrait de dialogues entre un inspecteur de la DDPP et un restaurateur, lors d&rsquo;un contr\u00f4le.<br \/>\nDans les\u00a0encarts gris\u00e9s,mes\u00a0commentaires.<\/p>\n<p class=\"p1\">&#8212;&#8212;&#8212;&#8212;&#8212;&#8212;&#8212;&#8212;&#8212;&#8212;&#8212;&#8212;&#8212;&#8212;&#8212;-<br \/>\n<em>Extrait de \u00ab\u00a0Restaurants Boulangeries : Dans le secret de vos assiettes !\u00a0\u00bb<\/em><br \/>\n<em>Documentaire r\u00e9alis\u00e9 par S\u00e9bastien Trotignon<\/em><br \/>\n<em>Dans cet extrait, \u00a0l&rsquo;inspecteur de <a href=\"http:\/\/www.economie.gouv.fr\/dgccrf\/coordonnees-des-DDPP-et-DDCSPP\" target=\"_blank\">DDPP<\/a>\u00a0: Gilles Parzys,\u00a0secteur Alpes-Maritimes.\u00a0Contr\u00f4le d\u2019un restaurant \u00e0 Isola 2000.<br \/>\n<\/em>&#8212;&#8212;&#8212;&#8212;&#8212;&#8212;&#8212;&#8212;&#8212;&#8212;&#8212;&#8212;&#8212;&#8212;&#8212;-<br \/>\n<b>PARTIE 1 \u00a0: L&rsquo;inspection commence avec un employ\u00e9 en train de\u00a0cuisiner.<br \/>\n<\/b>&#8212;&#8212;&#8212;&#8212;&#8212;&#8212;&#8212;&#8212;&#8212;&#8212;&#8212;&#8212;&#8212;&#8212;&#8212;-<b><br \/>\n<\/b><strong>Gilles Parzys, Inspecteur\u00a0:<\/strong> Est-ce que vous avez des vestiaires ou une tenue sp\u00e9cifique qui vous est allou\u00e9e ?<br \/>\n<strong>Employ\u00e9\u00a0:<\/strong> J\u2019ai \u00e7a et mes chaussures<br \/>\n<strong>Inspecteur\u00a0:<\/strong> Juste le tablier et puis ?<br \/>\n<strong>Employ\u00e9\u00a0:<\/strong> Et les chaussures aussi<br \/>\n<strong>Inspecteur\u00a0: <\/strong>Et les chaussures ? \u00c7a, ce sont des chaussures de travail (en regardant ses baskets)<br \/>\n<strong>Employ\u00e9\u00a0:<\/strong> Ah non, pas celles-l\u00e0<br \/>\n<strong>Inspecteur\u00a0: <\/strong>Pourquoi vous ne les avez pas mis ?<\/p>\n<p class=\"p1\">&#8212;&#8212;&#8212;&#8212;&#8212;&#8212;&#8212;&#8212;&#8212;&#8212;&#8212;&#8212;&#8212;&#8212;&#8212;-<br \/>\n<b>PARTIE 2 : L&rsquo;inspection continue avec le\u00a0responsable du restaurant.<br \/>\n<\/b>&#8212;&#8212;&#8212;&#8212;&#8212;&#8212;&#8212;&#8212;&#8212;&#8212;&#8212;&#8212;&#8212;&#8212;&#8212;-<br \/>\n<strong>Inspecteur\u00a0:\u00a0<\/strong>Si je demande \u00e0 un de vos employ\u00e9s ou \u00e0 vous m\u00eame de vous laver les mains hygi\u00e9niquement, vous faites comment ?<br \/>\n<strong>Responsable\u00a0:<\/strong> Avec le lave-mains qui est l\u00e0-bas.<br \/>\n<strong>Inspecteur\u00a0:<\/strong> L\u00e0 ? (En y allant et en l\u2019essayant) Donc il est \u00e0 commandes non manuelles (donc c\u2019est tr\u00e8s bien) et pour s\u2019essuyer les mains ?<br \/>\n<strong>Responsable\u00a0:<\/strong> Ils sont cens\u00e9s avoir un torchon propre sur eux.<br \/>\n<strong>Inspecteur\u00a0:<\/strong> Ah non, monsieur, on ne s\u2019essuie pas avec un torchon. C\u2019est essuie-main \u00e0 usage unique (dit-il en se retournant vers le point d\u2019eau)\u00a0et dans un distributeur !<br \/>\n<em><strong>Voix Off\u00a0:<\/strong> Un \u00e9quipement inadapt\u00e9 pour se laver les mains et des tenues de travail non conformes. Ce restaurant ne respecte pas les r\u00e8gles d\u2019hygi\u00e8ne \u00e9l\u00e9mentaires. L\u2019inspecteur s\u2019int\u00e9resse \u00e0 ces barquettes de riz et de saumon qui s\u2019appr\u00eatent \u00e0 \u00eatre livr\u00e9es \u00e0 la caserne des pompiers pour le d\u00e9jeuner.<\/em><\/p>\n<blockquote>\n<p class=\"p1\">Je ne comprends pas ? Cette r\u00e8gle est \u00e9l\u00e9mentaire. Soit le restaurateur est form\u00e9 et c&rsquo;est inadmissible de n\u00e9gliger ce point, soit il n&rsquo;est pas form\u00e9 et cela reste tout autant inadmissible de travailler sans\u00a0connaissance des l\u00e9gislations en vigueur.<\/p>\n<\/blockquote>\n<p class=\"p1\"><strong>Responsable\u00a0:<\/strong> \u00c7a, c\u2019est des plats \u00e0 emporter !<br \/>\n<strong>Inspecteur\u00a0:<\/strong> C\u2019est chaud ? C\u2019est froid ?<br \/>\n<strong>Responsable\u00a0:<\/strong> \u00c7a, c\u2019est chaud. C\u2019est livr\u00e9 chaud !<br \/>\n<em><strong>Voix Off :<\/strong> Gilles d\u00e9cide de v\u00e9rifier la temp\u00e9rature.<\/em><br \/>\n<strong>Inspecteur\u00a0:<\/strong> Vous devez maintenir la temp\u00e9rature \u00e0 63\u00a0\u00b0C, jusqu\u2019\u00e0 ce que vous arriviez chez les pompiers. Si vous livrez en chaud !<br \/>\n<strong>Responsable\u00a0:<\/strong> Ouais !<br \/>\n<strong>Inspecteur\u00a0:<\/strong> On est loin du compte.<br \/>\n<em><strong>Voix Off :<\/strong> Le thermom\u00e8tre affiche 11,8\u00a0\u00b0C. Les pompiers risquent une intoxication alimentaire. Si la temp\u00e9rature doit \u00eatre maintenue aussi haute, c\u2019est pour une bonne raison.<\/em><br \/>\n<strong>Inspecteur\u00a0:<\/strong> L\u2019objectif c\u2019est d\u2019\u00e9viter dans la dur\u00e9e la plage de 37\u00a0\u00b0C qui est l\u2019optimum d\u2019accroissement bact\u00e9rien [\u2026]<br \/>\n<strong>Responsable\u00a0:<\/strong> Donc si je livre des plats chauds, je dois livrer \u00e0 63\u00a0\u00b0 ? Donc quand on commande une pizza et qu\u2019on la re\u00e7oit pas \u00e0 63\u00a0\u00b0, on fait quoi ?<br \/>\n<strong>Inspecteur\u00a0:<\/strong> Normalement, on devrait pas l\u2019accepter.<br \/>\n<strong>Responsable\u00a0:<\/strong> (dubitatif) D\u2019accord !<br \/>\n<strong>Inspecteur\u00a0:<\/strong> Je pense que je vais vous mettre en demeure pour cette activit\u00e9 (la livraison)<br \/>\n<em><strong>Voix Off :\u00a0<\/strong>Le verdict de Gilles est sans appel. Pour ce restaurateur, plus de livraisons tant qu\u2019il n\u2019aura pas pris les dispositions pour livrer ses plats \u00e0 la bonne temp\u00e9rature.<\/em><\/p>\n<blockquote>\n<p class=\"p1\">Je constate souvent des n\u00e9gligences sur les plats \u00e0 emporter. Mais n&rsquo;ayant aucune autorit\u00e9 r\u00e9pressive, le restaurateur que j&rsquo;informe pour ceci ou d&rsquo;autres points (comme par exemple l&rsquo;interdiction d&#8217;empaqueter un produit sans faire mention de son origine, son poids, ses allerg\u00e8nes et son prix) me sourit gentiment et passe \u00e0 autre\u00a0chose, trouvant mes conseils inutiles ! Bref, encore une fois, la certification diplomante de ce m\u00e9tier est n\u00e9cessaire.<\/p>\n<\/blockquote>\n<p class=\"p1\"><em>&#8212;&#8212;&#8212;&#8212;&#8212;&#8212;&#8212;&#8212;&#8212;&#8212;&#8212;&#8212;&#8212;&#8212;&#8212;-<\/em><br \/>\n<em> <b>PARTIE\u00a03<br \/>\n<\/b>&#8212;&#8212;&#8212;&#8212;&#8212;&#8212;&#8212;&#8212;&#8212;&#8212;&#8212;&#8212;&#8212;&#8212;&#8212;-<\/em><br \/>\n<em><strong>Voix Off :<\/strong> Dans le cong\u00e9lateur, Gilles Parzy va faire une autre d\u00e9couverte. Une longe de thon.<\/em><br \/>\n<em><strong>Inspecteur\u00a0:<\/strong> Quel est l\u2019\u00e9tiquetage ? Comment vous faites pour savoir l\u2019origine ? La date limite d\u2019utilisation ?<\/em><br \/>\n<em><strong>Responsable\u00a0:<\/strong> Je suis d\u2019accord avec vous.<\/em><br \/>\n<em><strong>Voix Off :<\/strong> Pas d\u2019\u00e9tiquetage sur ce produit. Le restaurateur va tenter de se justifier.<\/em><br \/>\n<em><strong>Responsable\u00a0:<\/strong> De toute fa\u00e7on c\u2019est un produit que j\u2019ai arr\u00eat\u00e9. Je suis d\u2019accord, il est \u00e0 ma carte, mais c\u2019est pas un produit que je vends.<\/em><br \/>\n<em><strong>Voix Off :<\/strong> Aucune assurance que le restaurateur dit la v\u00e9rit\u00e9. Alors l\u2019inspecteur ne va lui faire aucun cadeau.<\/em><br \/>\n<em><strong>Inspecteur\u00a0:<\/strong> Produit non conforme<\/em><br \/>\n<em><strong>Responsable\u00a0:<\/strong> Je suis d\u2019accord avec vous !<br \/>\n<\/em><em>(Gilles Parzy met le thon de c\u00f4t\u00e9, avec d\u2019autres produits pour les d\u00e9truire \u00e0 la javel plus tard)<\/em><\/p>\n<blockquote>\n<p class=\"p1\">Encore une d\u00e9rive courante qui est constamment verbalis\u00e9e par la DDPP chez des commer\u00e7ants\u00a0de la restauration. Plus qu&rsquo;un stage hygi\u00e8ne et s\u00e9curit\u00e9 d&rsquo;une semaine, il faut une r\u00e9elle formation, comme le fait\u00a0obligatoirement un agriculteur, un garagiste, un coiffeur ! On prendrai donc plus au s\u00e9rieux vos cheveux ou\u00a0votre voiture que\u00a0votre\u00a0sant\u00e9 ?<\/p>\n<\/blockquote>\n<p class=\"p1\">&#8212;&#8212;&#8212;&#8212;&#8212;&#8212;&#8212;&#8212;&#8212;&#8212;&#8212;&#8212;&#8212;&#8212;&#8212;-<br \/>\n<b>PARTIE\u00a04<br \/>\n<\/b>&#8212;&#8212;&#8212;&#8212;&#8212;&#8212;&#8212;&#8212;&#8212;&#8212;&#8212;&#8212;&#8212;&#8212;&#8212;-<br \/>\n<em><strong>Voix Off :<\/strong> Gilles d\u00e9cide maintenant de v\u00e9rifier la temp\u00e9rature du frigo, rempli de steaks tartares industriels, pr\u00eats \u00e0 \u00eatre servis au client.<\/em><\/p>\n<p class=\"p1\"><em>C\u2019est la sp\u00e9cialit\u00e9 de ce restaurant qui\u00a0propose 4 recettes \u00e0 sa carte\u00a0:<\/em><br \/>\n<em> Tartare classique (C\u00e2pres, cornichon, oignon, persil, oeuf)\u00a0: 16\u20ac<\/em><br \/>\n<em> TartiChaud<span class=\"Apple-converted-space\">\u00a0 <\/span>(Classique, tapenade, poivron, artichaut)\u00a0: 18\u20ac<\/em><br \/>\n<em> Tha\u00ef (Gingembre, menthe, coriandre, oignon, sauce soja, citron)\u00a0: 18\u20ac<\/em><br \/>\n<em> Italien (\u2026, parmesan, pignons, citron, oignon, huile d\u2019olive)\u00a0: 17\u20ac<\/em><\/p>\n<p class=\"p1\"><strong>Inspecteur\u00a0:<\/strong> 6,8\u00a0\u00b0<br \/>\n<strong>Responsable\u00a0:<\/strong> (En regardant le thermom\u00e8tre de l\u2019inspecteur) 6,8 ? Ah oui ?<br \/>\n<em><strong>Voix Off :<\/strong> Une temp\u00e9rature 3 fois plus \u00e9lev\u00e9e que celle autoris\u00e9e.<\/em><br \/>\n<strong>Inspecteur\u00a0:<\/strong> Le tartare est entre 0 et 2\u00a0\u00b0C maximum.<\/p>\n<p class=\"p1\">[\u2026]<\/p>\n<p class=\"p1\"><em><strong>Voix Off :<\/strong> Le restaurateur ne s\u2019est m\u00eame pas donn\u00e9 la peine de lire l\u2019\u00e9tiquette.<\/em><br \/>\n<strong>Inspecteur\u00a0:<\/strong> Qu\u2019est qu\u2019on fait ?<br \/>\n<strong>Responsable\u00a0:<\/strong> Ah Bah on va les jeter ! De toute fa\u00e7on c\u2019est pas grave on se fait livrer demain.<br \/>\n<strong>Inspecteur\u00a0:<\/strong> C\u2019est dommage<br \/>\n<strong>Responsable\u00a0:<\/strong> Ouiii C\u2019est dommage, voil\u00e0 ! Il y a des gens qui meurent de faim, on va jeter 20 tartares c\u2019est ma faute. J\u2019ai mang\u00e9 un tartare hier, je suis pas mort\u2026<\/p>\n<p class=\"p1\">[\u2026]<\/p>\n<p class=\"p1\"><strong>Inspecteur\u00a0:<\/strong> C\u2019est un des produits alimentaires les plus dangereux.<\/p>\n<blockquote>\n<p class=\"p1\">L&rsquo;argument des gens mourant de faim contre la destruction des marchandises est d\u00e9j\u00e0 limite et de mauvaise foi, mais celui du \u00ab\u00a0je ne suis pas mort\u00a0\u00bb est inacceptable. La\u00a0sant\u00e9 d&rsquo;un client n&rsquo;est pas\u00a0un coup de poker. La sant\u00e9 du responsable n&rsquo;engage que lui, mais celle de ses clients (<em>parfois avec une immunit\u00e9 plus fragile)<\/em>\u00a0est une autre chose. C&rsquo;est un m\u00e9tier, pas qu&rsquo;un hobby \u00e0 fric, qu&rsquo;on se le dise. L&rsquo;OMS note\u00a0350 000 d\u00e9c\u00e8s monde\/an \u00e0 cause d&rsquo;intoxication, et il ne faut pas croire que l&rsquo;Europe, dont la France, ne soit pas concern\u00e9e. Au palmar\u00e8s des n\u00e9gligences :\u00a0viandes mise en d\u00e9cong\u00e9lation dans un \u00e9vier rempli d\u2019eau douteuse, pr\u00e9sence de cafard ou de souris, lasagnes moisies, poissons p\u00e9rim\u00e9s infest\u00e9s de parasites, plaque de cuisson jamais nettoy\u00e9es. Tout cela continuera tant que l&rsquo;on fera croire aux gens qu&rsquo;ouvrir un resto, une sandwicherie ou tout autre commerce de\u00a0bouche est \u00e0 la port\u00e9e de personnes cherchant une source de revenus.<\/p>\n<\/blockquote>\n<p class=\"p1\">&#8212;&#8212;&#8212;&#8212;&#8212;&#8212;&#8212;&#8212;&#8212;&#8212;&#8212;&#8212;&#8212;&#8212;&#8212;-<br \/>\n<strong>DESTRUCTION DES PRODUITS +<br \/>\nCONTR\u00d4LE DANS 3 SEMAINES pour contr\u00f4ler les r\u00e8gles d\u2019hygi\u00e8nes.<\/strong><br \/>\n&#8212;&#8212;&#8212;&#8212;&#8212;&#8212;&#8212;&#8212;&#8212;&#8212;&#8212;&#8212;&#8212;&#8212;&#8212;-<\/p>\n<p class=\"p1\"><strong>Responsable\u00a0:<\/strong> L\u00e0 c\u2019est la semaine de plus grosse activit\u00e9. J\u2019aurais pr\u00e9f\u00e9r\u00e9 qu\u2019on prenne le temps de se faire contr\u00f4ler en dehors des vacances scolaires. Parce que l\u00e0, nous on doit aller bosser, on prend du retard, on est en train de perdre de l\u2019argent. C\u2019est juste le contr\u00f4le qui est mal plac\u00e9.<br \/>\n<em><strong>Voix Off :<\/strong> Le restaurateur est amer. Son manque \u00e0 gagner s\u2019\u00e9l\u00e8ve \u00e0 plus de 500 \u20ac.<\/em><\/p>\n<blockquote>\n<p class=\"p1\">Il suffit alors peut \u00eatre de\u00a0bien bosser pour ne pas subir ce genre de\u00a0d\u00e9sagr\u00e9ments\u00a0?<\/p>\n<\/blockquote>\n<p class=\"p1\">&#8212;&#8212;&#8212;&#8212;&#8212;&#8212;&#8212;&#8212;&#8212;&#8212;&#8212;&#8212;&#8212;&#8212;&#8212;-<br \/>\nFIN<br \/>\n&#8212;&#8212;&#8212;&#8212;&#8212;&#8212;&#8212;&#8212;&#8212;&#8212;&#8212;&#8212;&#8212;&#8212;&#8212;-<\/p>\n<p class=\"p1\">Pour aller plus loin :<\/p>\n<p><a href=\"http:\/\/www.lefigaro.fr\/gastronomie\/2015\/07\/08\/30005-20150708ARTFIG00144-le-niveau-d-hygiene-des-restaurants-consultable-en-ligne.php\" target=\"_blank\">Le\u00a0niveau d&rsquo;hygi\u00e8ne\u00a0des restaurants consultable en ligne\u00a0<\/a><\/p>\n<p><a href=\"http:\/\/www.lefigaro.fr\/conso\/2016\/02\/15\/05007-20160215ARTFIG00136-seul-un-tiers-des-restaurants-parisiens-affichent-un-bon-niveau-d-hygiene.php\" target=\"_blank\">Seul un tiers des restaurants parisiens affichent un \u00abbon\u00bb niveau d&rsquo;hygi\u00e8ne<\/a><\/p>\n","protected":false},"excerpt":{"rendered":"<p>N\u2019en d\u00e9plaise \u00e0 ceux qui consid\u00e8rent avoir assez de talents pour en faire leur m\u00e9tier, mais \u201crestaurateur\u201d devrait \u00eatre plus encadr\u00e9, voire m\u00eame dipl\u00f4m\u00e9. J\u2019avais &hellip; <\/p>\n","protected":false},"author":1,"featured_media":2016,"comment_status":"open","ping_status":"open","sticky":false,"template":"","format":"standard","meta":{"_exactmetrics_skip_tracking":false,"_exactmetrics_sitenote_active":false,"_exactmetrics_sitenote_note":"","_exactmetrics_sitenote_category":0,"jetpack_post_was_ever_published":false,"_jetpack_newsletter_access":"","_jetpack_dont_email_post_to_subs":false,"_jetpack_newsletter_tier_id":0,"_jetpack_memberships_contains_paywalled_content":false,"_jetpack_memberships_contains_paid_content":false,"footnotes":"","jetpack_publicize_message":"","jetpack_publicize_feature_enabled":true,"jetpack_social_post_already_shared":false,"jetpack_social_options":{"image_generator_settings":{"template":"highway","default_image_id":0,"font":"","enabled":false},"version":2}},"categories":[1,7,9,12,3],"tags":[],"class_list":["post-2012","post","type-post","status-publish","format-standard","has-post-thumbnail","hentry","category-alimentation","category-coups-de-gueule","category-dossiers","category-reportage","category-societe"],"jetpack_publicize_connections":[],"jetpack_featured_media_url":"https:\/\/i0.wp.com\/www.stefaneguilbaud.com\/blog\/wp-content\/uploads\/2016\/05\/resto.jpg?fit=800%2C435&ssl=1","jetpack_sharing_enabled":true,"jetpack_shortlink":"https:\/\/wp.me\/p8a0UX-ws","jetpack-related-posts":[{"id":103,"url":"https:\/\/www.stefaneguilbaud.com\/blog\/?p=103","url_meta":{"origin":2012,"position":0},"title":"Tout le monde peut-il ouvrir un commerce alimentaire ?","author":"SG","date":"10 mars 2011","format":false,"excerpt":"Vous \u00eates POUR ou CONTRE, fa\u00eetes-le savoir ! OUVRIR UN COMMERCE ALIMENTAIRE EN FRANCE, SANS DIPL\u00d4ME. Deux nouvelles affaires li\u00e9es \u00e0 l'hygi\u00e8ne alimentaire [Quick Avignon] et [Kebab Chartres] relance une question fondamentale. Faut-il rendre obligatoire un quelconque dipl\u00f4me pour tenir un \u00e9tablissement utilisant des denr\u00e9es alimentaires ? Soyez nombreux \u00e0\u2026","rel":"","context":"Dans &quot;Sondages&quot;","block_context":{"text":"Sondages","link":"https:\/\/www.stefaneguilbaud.com\/blog\/?cat=4"},"img":{"alt_text":"","src":"https:\/\/i0.wp.com\/www.stefaneguilbaud.com\/blog\/wp-content\/uploads\/2013\/11\/platreso.jpg?fit=800%2C435&ssl=1&resize=350%2C200","width":350,"height":200,"srcset":"https:\/\/i0.wp.com\/www.stefaneguilbaud.com\/blog\/wp-content\/uploads\/2013\/11\/platreso.jpg?fit=800%2C435&ssl=1&resize=350%2C200 1x, https:\/\/i0.wp.com\/www.stefaneguilbaud.com\/blog\/wp-content\/uploads\/2013\/11\/platreso.jpg?fit=800%2C435&ssl=1&resize=525%2C300 1.5x, https:\/\/i0.wp.com\/www.stefaneguilbaud.com\/blog\/wp-content\/uploads\/2013\/11\/platreso.jpg?fit=800%2C435&ssl=1&resize=700%2C400 2x"},"classes":[]},{"id":3983,"url":"https:\/\/www.stefaneguilbaud.com\/blog\/?p=3983","url_meta":{"origin":2012,"position":1},"title":"Un lobby peut-il avancer des informations mensong\u00e8res ?","author":"SG","date":"4 mai 2023","format":false,"excerpt":"IL Y A UN AVANT L'article du Monde publi\u00e9 le 3 mai 2023 met en lumi\u00e8re les pratiques douteuses du lobby des pesticides en France. Le S\u00e9nat a enqu\u00eat\u00e9 sur les activit\u00e9s de ce groupe d'int\u00e9r\u00eats et a d\u00e9couvert des preuves de chantage \u00e0 l'emploi et de mensonges d\u00e9lib\u00e9r\u00e9s pour\u2026","rel":"","context":"Dans &quot;Actualit\u00e9s&quot;","block_context":{"text":"Actualit\u00e9s","link":"https:\/\/www.stefaneguilbaud.com\/blog\/?cat=8"},"img":{"alt_text":"","src":"https:\/\/i0.wp.com\/www.stefaneguilbaud.com\/blog\/wp-content\/uploads\/2023\/05\/Europe.jpg?fit=800%2C435&ssl=1&resize=350%2C200","width":350,"height":200,"srcset":"https:\/\/i0.wp.com\/www.stefaneguilbaud.com\/blog\/wp-content\/uploads\/2023\/05\/Europe.jpg?fit=800%2C435&ssl=1&resize=350%2C200 1x, https:\/\/i0.wp.com\/www.stefaneguilbaud.com\/blog\/wp-content\/uploads\/2023\/05\/Europe.jpg?fit=800%2C435&ssl=1&resize=525%2C300 1.5x, https:\/\/i0.wp.com\/www.stefaneguilbaud.com\/blog\/wp-content\/uploads\/2023\/05\/Europe.jpg?fit=800%2C435&ssl=1&resize=700%2C400 2x"},"classes":[]},{"id":1183,"url":"https:\/\/www.stefaneguilbaud.com\/blog\/?p=1183","url_meta":{"origin":2012,"position":2},"title":"Aix-en-Provence, ville pauvre ?","author":"SG","date":"26 novembre 2014","format":false,"excerpt":"Rassurez-vous, touristes, investisseurs immobiliers, la ville d\u2019Aix-en-Provence se porte bien. Le titre d' \"Aix en Provence, ville pauvre ?\" concerne ceux qui y vivent au quotidien. Cette ville, tout comme celles de m\u00eames envergures, se retrouve victime de son succ\u00e8s. Les prix flambent et s\u2019envolent vers des envol\u00e9es lyriques sans\u2026","rel":"","context":"Dans &quot;Actualit\u00e9s&quot;","block_context":{"text":"Actualit\u00e9s","link":"https:\/\/www.stefaneguilbaud.com\/blog\/?cat=8"},"img":{"alt_text":"","src":"https:\/\/i0.wp.com\/www.stefaneguilbaud.com\/blog\/wp-content\/uploads\/2014\/11\/closed.jpg?fit=800%2C435&ssl=1&resize=350%2C200","width":350,"height":200,"srcset":"https:\/\/i0.wp.com\/www.stefaneguilbaud.com\/blog\/wp-content\/uploads\/2014\/11\/closed.jpg?fit=800%2C435&ssl=1&resize=350%2C200 1x, https:\/\/i0.wp.com\/www.stefaneguilbaud.com\/blog\/wp-content\/uploads\/2014\/11\/closed.jpg?fit=800%2C435&ssl=1&resize=525%2C300 1.5x, https:\/\/i0.wp.com\/www.stefaneguilbaud.com\/blog\/wp-content\/uploads\/2014\/11\/closed.jpg?fit=800%2C435&ssl=1&resize=700%2C400 2x"},"classes":[]},{"id":72,"url":"https:\/\/www.stefaneguilbaud.com\/blog\/?p=72","url_meta":{"origin":2012,"position":3},"title":"Boulangeries et patisseries plus explicites","author":"SG","date":"9 mai 2011","format":false,"excerpt":"Choisir un pain, un croissant, un g\u00e2teaux doit pouvoir se faire selon diff\u00e9rents crit\u00e8res, mais encore faut il pouvoir acc\u00e9der aux informations n\u00e9cessaires \u2026 Observez bien la premi\u00e8re photo, puis la deuxi\u00e8me.Au jeu des diff\u00e9rences, vous allez en trouver une. la photo #1 \u00a0 la photo #2 \u00a0 Vous avez\u2026","rel":"","context":"Dans &quot;Alimentation&quot;","block_context":{"text":"Alimentation","link":"https:\/\/www.stefaneguilbaud.com\/blog\/?cat=1"},"img":{"alt_text":"","src":"https:\/\/i0.wp.com\/www.stefaneguilbaud.com\/blog\/wp-content\/uploads\/2011\/05\/croissants.jpg?fit=811%2C441&ssl=1&resize=350%2C200","width":350,"height":200,"srcset":"https:\/\/i0.wp.com\/www.stefaneguilbaud.com\/blog\/wp-content\/uploads\/2011\/05\/croissants.jpg?fit=811%2C441&ssl=1&resize=350%2C200 1x, https:\/\/i0.wp.com\/www.stefaneguilbaud.com\/blog\/wp-content\/uploads\/2011\/05\/croissants.jpg?fit=811%2C441&ssl=1&resize=525%2C300 1.5x, https:\/\/i0.wp.com\/www.stefaneguilbaud.com\/blog\/wp-content\/uploads\/2011\/05\/croissants.jpg?fit=811%2C441&ssl=1&resize=700%2C400 2x"},"classes":[]},{"id":3830,"url":"https:\/\/www.stefaneguilbaud.com\/blog\/?p=3830","url_meta":{"origin":2012,"position":4},"title":"\u00ab\u00a0C\u00e9sure\u00a0\u00bb et ses ruses","author":"SG","date":"14 septembre 2022","format":false,"excerpt":"Dans le cadre de toute d\u00e9sob\u00e9issance alimentaire, il y a un incontournable : l\u2019anticipation des m\u00e9thodes des lobbys. Loin d\u2019\u00eatre une l\u00e9gende, lobbyiste est un vrai m\u00e9tier. Dans sa d\u00e9finition du m\u00e9tier par le Centre d\u2019Information et de Documentation Jeunesse, le\/la lobbyiste \u00ab\u2009d\u00e9fend des int\u00e9r\u00eats \u00e9conomiques, une cause, une opinion\u2026","rel":"","context":"Dans &quot;Coups de gueule&quot;","block_context":{"text":"Coups de gueule","link":"https:\/\/www.stefaneguilbaud.com\/blog\/?cat=7"},"img":{"alt_text":"","src":"https:\/\/i0.wp.com\/www.stefaneguilbaud.com\/blog\/wp-content\/uploads\/2022\/09\/lobby.jpg?fit=800%2C435&ssl=1&resize=350%2C200","width":350,"height":200,"srcset":"https:\/\/i0.wp.com\/www.stefaneguilbaud.com\/blog\/wp-content\/uploads\/2022\/09\/lobby.jpg?fit=800%2C435&ssl=1&resize=350%2C200 1x, https:\/\/i0.wp.com\/www.stefaneguilbaud.com\/blog\/wp-content\/uploads\/2022\/09\/lobby.jpg?fit=800%2C435&ssl=1&resize=525%2C300 1.5x, https:\/\/i0.wp.com\/www.stefaneguilbaud.com\/blog\/wp-content\/uploads\/2022\/09\/lobby.jpg?fit=800%2C435&ssl=1&resize=700%2C400 2x"},"classes":[]},{"id":497,"url":"https:\/\/www.stefaneguilbaud.com\/blog\/?p=497","url_meta":{"origin":2012,"position":5},"title":"Quand les graines du salon bio s\u00e8ment le doute","author":"SG","date":"16 novembre 2009","format":false,"excerpt":"Comment semer les graines du doute ! Je fais les salons bio pour deux raisons.Parce que j'y trouve les produits n\u00e9cessaires \u00e0 ma consommation et parce que j'\u00e9coute les discours des clients dans les all\u00e9es et les discours des commer\u00e7ants. C'est un exercice que j'aime faire car tr\u00e8s enrichissant.On va\u2026","rel":"","context":"Dans &quot;Soci\u00e9t\u00e9&quot;","block_context":{"text":"Soci\u00e9t\u00e9","link":"https:\/\/www.stefaneguilbaud.com\/blog\/?cat=3"},"img":{"alt_text":"","src":"https:\/\/i0.wp.com\/www.stefaneguilbaud.com\/blog\/wp-content\/uploads\/2013\/12\/panierbio.jpg?fit=800%2C435&ssl=1&resize=350%2C200","width":350,"height":200,"srcset":"https:\/\/i0.wp.com\/www.stefaneguilbaud.com\/blog\/wp-content\/uploads\/2013\/12\/panierbio.jpg?fit=800%2C435&ssl=1&resize=350%2C200 1x, https:\/\/i0.wp.com\/www.stefaneguilbaud.com\/blog\/wp-content\/uploads\/2013\/12\/panierbio.jpg?fit=800%2C435&ssl=1&resize=525%2C300 1.5x, https:\/\/i0.wp.com\/www.stefaneguilbaud.com\/blog\/wp-content\/uploads\/2013\/12\/panierbio.jpg?fit=800%2C435&ssl=1&resize=700%2C400 2x"},"classes":[]}],"jetpack_likes_enabled":true,"_links":{"self":[{"href":"https:\/\/www.stefaneguilbaud.com\/blog\/index.php?rest_route=\/wp\/v2\/posts\/2012","targetHints":{"allow":["GET"]}}],"collection":[{"href":"https:\/\/www.stefaneguilbaud.com\/blog\/index.php?rest_route=\/wp\/v2\/posts"}],"about":[{"href":"https:\/\/www.stefaneguilbaud.com\/blog\/index.php?rest_route=\/wp\/v2\/types\/post"}],"author":[{"embeddable":true,"href":"https:\/\/www.stefaneguilbaud.com\/blog\/index.php?rest_route=\/wp\/v2\/users\/1"}],"replies":[{"embeddable":true,"href":"https:\/\/www.stefaneguilbaud.com\/blog\/index.php?rest_route=%2Fwp%2Fv2%2Fcomments&post=2012"}],"version-history":[{"count":18,"href":"https:\/\/www.stefaneguilbaud.com\/blog\/index.php?rest_route=\/wp\/v2\/posts\/2012\/revisions"}],"predecessor-version":[{"id":2043,"href":"https:\/\/www.stefaneguilbaud.com\/blog\/index.php?rest_route=\/wp\/v2\/posts\/2012\/revisions\/2043"}],"wp:featuredmedia":[{"embeddable":true,"href":"https:\/\/www.stefaneguilbaud.com\/blog\/index.php?rest_route=\/wp\/v2\/media\/2016"}],"wp:attachment":[{"href":"https:\/\/www.stefaneguilbaud.com\/blog\/index.php?rest_route=%2Fwp%2Fv2%2Fmedia&parent=2012"}],"wp:term":[{"taxonomy":"category","embeddable":true,"href":"https:\/\/www.stefaneguilbaud.com\/blog\/index.php?rest_route=%2Fwp%2Fv2%2Fcategories&post=2012"},{"taxonomy":"post_tag","embeddable":true,"href":"https:\/\/www.stefaneguilbaud.com\/blog\/index.php?rest_route=%2Fwp%2Fv2%2Ftags&post=2012"}],"curies":[{"name":"wp","href":"https:\/\/api.w.org\/{rel}","templated":true}]}}