{"id":1995,"date":"2016-05-08T13:49:01","date_gmt":"2016-05-08T12:49:01","guid":{"rendered":"http:\/\/www.stefaneguilbaud.com\/blog\/?p=1995"},"modified":"2016-05-10T08:14:50","modified_gmt":"2016-05-10T07:14:50","slug":"reportage-vrai-patissier-ca-fait-plaisir","status":"publish","type":"post","link":"https:\/\/www.stefaneguilbaud.com\/blog\/?p=1995","title":{"rendered":"Reportage : Vrai p\u00e2tissier, \u00e7a fait plaisir."},"content":{"rendered":"<p class=\"p1\"><span class=\"s1\">Il m\u2019est\u00a0insupportable de voir les files d\u2019attente devant tant d\u2019enseignes qui se font appeler Boulangerie P\u00e2tisserie. J\u2019ai souvent \u00e9crit dans la presse, dans ce blog ou dans mes livres, la magnifique escroquerie de certaines cha\u00eenes. Les boulangers ne sont que plus que des techniciens <em>(quand il ne s\u2019agit pas d\u2019un titulaire de stage d\u2019un mois,\u00a0pour travailler en\u00a0\u201cboulangerie\u201d)<\/em>\u00a0usant de sacs de mix*.<\/span><\/p>\n<p class=\"p1\"><span class=\"s1\">On produit des baguettes devant le client pour rassurer et susciter l&rsquo;envie du bon pain\u00a0par l\u2019odeur, la farine partout et la pr\u00e9sence du travailleur acharn\u00e9 \u00e0 sa tache depuis\u00a02 heures du matin \u2014 ou plut\u00f4t 7h. <\/span><\/p>\n<p class=\"p1\"><span class=\"s1\">Certes le\u00a0terme de \u201c<em>boulangerie<\/em>\u201d est respect\u00e9. Le pain est \u201c<strong><em>p\u00e9tri, fa\u00e7onn\u00e9 et cuit sur place<\/em><\/strong>\u201d, mais quelle fumisterie, quand on sait que la r\u00e9alisation des \u201cpains sp\u00e9ciaux\u201d est une toute autre histoire<\/span><span class=\"s2\">.<\/span><span class=\"s1\"> Souvent surgel\u00e9s, arrivant dans\u00a0des cartons, ils sont mont\u00e9s en temp\u00e9rature pour le\u00a0plus grand bonheur du client \u2014 <em>Oui bonheur car on m&rsquo;explique parfois que c\u2019est pour r\u00e9pondre aux attentes du\u00a0consommateur\u00a0!<\/em><br \/>\nPour peaufiner\u00a0le chiffre d\u2019affaires, rien de\u00a0tel que d\u2019ajouter le terme \u201c<em>P\u00e2tisserie<\/em>\u201d sur la devanture. Pourquoi se g\u00eaner<\/span><span class=\"s2\">\u2009<\/span><span class=\"s1\">? Aucun d\u00e9cret ou loi ne l\u2019interdit. On peut commander discr\u00e8tement toutes sortes de g\u00e2teaux, viennoiseries et p\u00e2tisseries \u00e0 un industriel, qui viendra vous livrer en camion banalis\u00e9 la nuit, et hop, le tour est jou\u00e9.<br \/>\n<\/span><\/p>\n<p class=\"p1\"><span class=\"s1\">Mais ne nous y trompons pas. \u00c0 part pour les irr\u00e9ductibles, qui ont abandonn\u00e9 leurs papilles aux saveurs industrielles et qui n\u2019ont de go\u00fbt que la quantit\u00e9 de\u00a0sucre blanc ajout\u00e9 \u00e0 un pi\u00e8tre choix de mati\u00e8res premi\u00e8res. Il n\u2019est pas difficile de s&rsquo;abstenir de saliver devant de tels leurres. Insipides, satur\u00e9s en sucre, sans nature, sans saveur, de\u00a0p\u00e2les \u00e9chantillons de ce que propose\u00a0l\u2019agro-business.<\/span><\/p>\n<p class=\"p1\"><span class=\"s1\">Mais\u00a0heureusement\u2026 il existe de\u00a0vrais boulangers, de vrais p\u00e2tissiers qui ont besoin d\u2019exister <em>\u2014 il ne tiens qu&rsquo;\u00e0 nous, consommateurs \u2014<\/em> et de faire reconna\u00eetre leur travail, face \u00e0 une protection loufoque et laxiste de leur m\u00e9tier.<br \/>\nJe ne vais pas citer\u00a0mes\u00a0pr\u00e9f\u00e9r\u00e9s\u00a0ici, d\u2019autant plus que je l\u2019ai d\u00e9j\u00e0 fait,\u00a0<\/span><span class=\"s1\">\u00e0 la fin du livre\u00a0 \u201cJe ne mange pas de produits industriels. \u00c9d. Eyrolles\u201d.<br \/>\nMais je vais dans\u00a0la rubrique \u201cReportage\u201d de ce blog, traiter r\u00e9guli\u00e8rement d\u2019un produit venu de mes endroits pr\u00e9f\u00e9r\u00e9s \u2014 <em>souvent Aix-en-Provence ou Paris, mais je m\u2019\u00e9largis \u00e0 d\u2019autres horizons \ud83d\ude42<\/em><\/span><\/p>\n<p class=\"p1\"><span class=\"s1\">Commen\u00e7ons donc aujourd\u2019hui avec une tarte de la Boulangerie-P\u00e2tisserie :<\/span><\/p>\n<h2 class=\"p1\"><span class=\"s1\">\u201cAu pav\u00e9 du Roy\u201d. 9, rue d\u2019orbitelle.\u00a0Aix-en-Provence.\u00a004 42 26 22 81<\/span><\/h2>\n<p class=\"p1\"><strong><span class=\"s1\">TARTE \u00c0 LA VANILLE, fa\u00e7on Pierre Herm\u00e9.<\/span><\/strong><\/p>\n<p class=\"p1\"><span class=\"s1\">Dans la\u00a0vitrine, il n\u2019y a pas un seul g\u00e2teau qui ne m\u00e9rite de s\u2019y attarder. La plus simple des viennoiseries, comme un croissant est d\u2019une saveur simple et parfum\u00e9e et son prix est moins cher que les croissants industriels revendus par certains comiques de la boulange. Arr\u00eatons-nous sur une nouveaut\u00e9. Apr\u00e8s un retour de stage\u00a0chez Pierre Herm\u00e9 <em>\u2014 Oui, quand on est\u00a0passionn\u00e9 et fid\u00e8le \u00e0 son m\u00e9tier, on pr\u00e9f\u00e8re progresser en rencontrant des ma\u00eetres\u00a0p\u00e2tissiers plut\u00f4t que d\u2019essayer les\u00a0nouveaut\u00e9s de catalogues propos\u00e9es par les\u00a0commerciaux, fers de lance, de l\u2019industrie agroalimentaire\u00a0<\/em>\u2014 la carte des desserts accueille une\u00a0petite nouvelle : la tarte \u00e0 la vanille, fa\u00e7on Pierre Herm\u00e9.\u00a0D\u00e9j\u00e0, sur le principe, un point d\u2019honneur \u00e0 cette d\u00e9marche, qui co\u00fbte forc\u00e9ment \u00e0 l\u2019entreprise, mais au b\u00e9n\u00e9fice d\u2019un client-consommateur s\u00e9duit, ravi et fid\u00e8le \u00e0 tant de travail et de\u00a0talent.<\/span><\/p>\n<p class=\"p1\"><strong><span class=\"s1\">Alors\u2026 cette tarte\u2026<\/span><\/strong><\/p>\n<p class=\"p1\"><span class=\"s1\">Les\u00a0crit\u00e8res de ce test, sont fait par quelqu\u2019un <em>\u2014 moi \u2014<\/em> qui ne consomme pas, ou peu de sucre depuis\u00a015 ans, par choix. J\u2019ai donc un total d\u00e9go\u00fbt pour les\u00a0choses sucr\u00e9es\u00a0et je r\u00e9duis forc\u00e9ment les\u00a0doses (ou supprime) \u00e0 l\u2019extr\u00eame chez moi. J&rsquo;ai donc un r\u00e9flexe de\u00a0trouver toutes les\u00a0p\u00e2tisseries trop sucr\u00e9es,\u00a0mais n&rsquo;oublie pas que je ne suis pas la client\u00e8le \u00ab\u00a0type\u00a0\u00bb.<br \/>\n<\/span><span class=\"s1\">Pourtant, ce qui m\u2019a interpell\u00e9 d\u00e8s le d\u00e9but de la d\u00e9gustation est l\u2019\u00e9quilibre entre les\u00a0ar\u00f4mes naturels de la vanille et le faible taux de sucre. La p\u00e2te sabl\u00e9e du fond semble\u00a0tr\u00e8s peu sucr\u00e9e aussi pour ne pas lutter contre l\u2019appareil \u00e0 la vanille. Un disque de p\u00e2te, qui semble imbib\u00e9, apporte un croustillant. La cr\u00e8me est \u00e9quilibr\u00e9e et on y voit parfaitement les graines, tr\u00e8s g\u00e9n\u00e9reuses, de vanille, pour une consistance ni \u00e9c\u0153urante, ni fade. L\u2019appareil l\u00e9ger qui fait office de d\u00e9coration et de\u00a0saveur tonale apporte une mise en bouche l\u00e9g\u00e8re et parfum\u00e9e. Une pure r\u00e9ussite. \u00c0\u00a0conseiller \u00e0 la\u00a0part ou en tarte pour vos repas de famille.<\/span><\/p>\n<p><a href=\"https:\/\/i0.wp.com\/www.stefaneguilbaud.com\/blog\/wp-content\/uploads\/2016\/05\/tarte1.jpg\"><img data-recalc-dims=\"1\" loading=\"lazy\" decoding=\"async\" class=\"alignnone wp-image-1997\" src=\"https:\/\/i0.wp.com\/www.stefaneguilbaud.com\/blog\/wp-content\/uploads\/2016\/05\/tarte1.jpg?resize=260%2C260\" alt=\"tarte1\" width=\"260\" height=\"260\" srcset=\"https:\/\/i0.wp.com\/www.stefaneguilbaud.com\/blog\/wp-content\/uploads\/2016\/05\/tarte1.jpg?w=1000&amp;ssl=1 1000w, https:\/\/i0.wp.com\/www.stefaneguilbaud.com\/blog\/wp-content\/uploads\/2016\/05\/tarte1.jpg?resize=150%2C150&amp;ssl=1 150w, https:\/\/i0.wp.com\/www.stefaneguilbaud.com\/blog\/wp-content\/uploads\/2016\/05\/tarte1.jpg?resize=300%2C300&amp;ssl=1 300w, https:\/\/i0.wp.com\/www.stefaneguilbaud.com\/blog\/wp-content\/uploads\/2016\/05\/tarte1.jpg?resize=144%2C144&amp;ssl=1 144w\" sizes=\"auto, (max-width: 260px) 100vw, 260px\" \/><\/a> <a href=\"https:\/\/i0.wp.com\/www.stefaneguilbaud.com\/blog\/wp-content\/uploads\/2016\/05\/tarte2.jpg\"><img data-recalc-dims=\"1\" loading=\"lazy\" decoding=\"async\" class=\"alignnone wp-image-1998\" src=\"https:\/\/i0.wp.com\/www.stefaneguilbaud.com\/blog\/wp-content\/uploads\/2016\/05\/tarte2.jpg?resize=260%2C260\" alt=\"tarte2\" width=\"260\" height=\"260\" srcset=\"https:\/\/i0.wp.com\/www.stefaneguilbaud.com\/blog\/wp-content\/uploads\/2016\/05\/tarte2.jpg?w=1000&amp;ssl=1 1000w, https:\/\/i0.wp.com\/www.stefaneguilbaud.com\/blog\/wp-content\/uploads\/2016\/05\/tarte2.jpg?resize=150%2C150&amp;ssl=1 150w, https:\/\/i0.wp.com\/www.stefaneguilbaud.com\/blog\/wp-content\/uploads\/2016\/05\/tarte2.jpg?resize=300%2C300&amp;ssl=1 300w, https:\/\/i0.wp.com\/www.stefaneguilbaud.com\/blog\/wp-content\/uploads\/2016\/05\/tarte2.jpg?resize=144%2C144&amp;ssl=1 144w\" sizes=\"auto, (max-width: 260px) 100vw, 260px\" \/><\/a> <a href=\"https:\/\/i0.wp.com\/www.stefaneguilbaud.com\/blog\/wp-content\/uploads\/2016\/05\/tarte3TXT.jpg\"><img data-recalc-dims=\"1\" loading=\"lazy\" decoding=\"async\" class=\"alignnone wp-image-2000\" src=\"https:\/\/i0.wp.com\/www.stefaneguilbaud.com\/blog\/wp-content\/uploads\/2016\/05\/tarte3TXT.jpg?resize=260%2C260\" alt=\"tarte3TXT\" width=\"260\" height=\"260\" srcset=\"https:\/\/i0.wp.com\/www.stefaneguilbaud.com\/blog\/wp-content\/uploads\/2016\/05\/tarte3TXT.jpg?w=1000&amp;ssl=1 1000w, https:\/\/i0.wp.com\/www.stefaneguilbaud.com\/blog\/wp-content\/uploads\/2016\/05\/tarte3TXT.jpg?resize=150%2C150&amp;ssl=1 150w, https:\/\/i0.wp.com\/www.stefaneguilbaud.com\/blog\/wp-content\/uploads\/2016\/05\/tarte3TXT.jpg?resize=300%2C300&amp;ssl=1 300w, https:\/\/i0.wp.com\/www.stefaneguilbaud.com\/blog\/wp-content\/uploads\/2016\/05\/tarte3TXT.jpg?resize=144%2C144&amp;ssl=1 144w\" sizes=\"auto, (max-width: 260px) 100vw, 260px\" \/><\/a><\/p>\n<h6>* m\u00e9langes de farines, levures et tout ce qui est n\u00e9cessaire \u00e0 la r\u00e9alisation d\u2019un pain tel qu\u2019on peut le trouver en rayon en grande surface.<\/h6>\n","protected":false},"excerpt":{"rendered":"<p>Il m\u2019est\u00a0insupportable de voir les files d\u2019attente devant tant d\u2019enseignes qui se font appeler Boulangerie P\u00e2tisserie. J\u2019ai souvent \u00e9crit dans la presse, dans ce blog &hellip; <\/p>\n","protected":false},"author":1,"featured_media":2010,"comment_status":"open","ping_status":"open","sticky":false,"template":"","format":"standard","meta":{"_exactmetrics_skip_tracking":false,"_exactmetrics_sitenote_active":false,"_exactmetrics_sitenote_note":"","_exactmetrics_sitenote_category":0,"jetpack_post_was_ever_published":false,"_jetpack_newsletter_access":"","_jetpack_dont_email_post_to_subs":false,"_jetpack_newsletter_tier_id":0,"_jetpack_memberships_contains_paywalled_content":false,"_jetpack_memberships_contains_paid_content":false,"footnotes":"","jetpack_publicize_message":"","jetpack_publicize_feature_enabled":true,"jetpack_social_post_already_shared":false,"jetpack_social_options":{"image_generator_settings":{"template":"highway","default_image_id":0,"font":"","enabled":false},"version":2}},"categories":[1,12],"tags":[],"class_list":["post-1995","post","type-post","status-publish","format-standard","has-post-thumbnail","hentry","category-alimentation","category-reportage"],"jetpack_publicize_connections":[],"jetpack_featured_media_url":"https:\/\/i0.wp.com\/www.stefaneguilbaud.com\/blog\/wp-content\/uploads\/2016\/05\/gateau.jpg?fit=800%2C435&ssl=1","jetpack_sharing_enabled":true,"jetpack_shortlink":"https:\/\/wp.me\/p8a0UX-wb","jetpack-related-posts":[{"id":4071,"url":"https:\/\/www.stefaneguilbaud.com\/blog\/?p=4071","url_meta":{"origin":1995,"position":0},"title":"Baguettes moins sal\u00e9es : un changement pour la sant\u00e9 ?","author":"SG","date":"29 septembre 2023","format":false,"excerpt":"\u00c0 partir du 1er\u00a0octobre, les baguettes fran\u00e7aises vont contenir moins de sel. La teneur en sel va diminuer de 10\u00a0%, passant de 1,5\u00a0g \u00e0 1,4\u00a0g pour 100\u00a0g de pain. Cette mesure est conforme \u00e0 une recommandation de l\u2019Organisation mondiale de la sant\u00e9 (OMS), qui pr\u00e9conise de limiter l\u2019apport en sel\u2026","rel":"","context":"Dans &quot;Actualit\u00e9s&quot;","block_context":{"text":"Actualit\u00e9s","link":"https:\/\/www.stefaneguilbaud.com\/blog\/?cat=8"},"img":{"alt_text":"","src":"https:\/\/i0.wp.com\/www.stefaneguilbaud.com\/blog\/wp-content\/uploads\/2023\/09\/pexels-photo-1775039-studio.jpg?fit=800%2C435&ssl=1&resize=350%2C200","width":350,"height":200,"srcset":"https:\/\/i0.wp.com\/www.stefaneguilbaud.com\/blog\/wp-content\/uploads\/2023\/09\/pexels-photo-1775039-studio.jpg?fit=800%2C435&ssl=1&resize=350%2C200 1x, https:\/\/i0.wp.com\/www.stefaneguilbaud.com\/blog\/wp-content\/uploads\/2023\/09\/pexels-photo-1775039-studio.jpg?fit=800%2C435&ssl=1&resize=525%2C300 1.5x, https:\/\/i0.wp.com\/www.stefaneguilbaud.com\/blog\/wp-content\/uploads\/2023\/09\/pexels-photo-1775039-studio.jpg?fit=800%2C435&ssl=1&resize=700%2C400 2x"},"classes":[]},{"id":4290,"url":"https:\/\/www.stefaneguilbaud.com\/blog\/?p=4290","url_meta":{"origin":1995,"position":1},"title":"L&rsquo;impact des \u00ab sales cons \u00bb","author":"SG","date":"6 janvier 2026","format":false,"excerpt":"L'impact des \u00ab sales cons \u00bb : Pourquoi l'\u00e9go\u00efsme toxique co\u00fbte cher \u00e0 la soci\u00e9t\u00e9 Un fl\u00e9au qui n'\u00e9pargne pas nos brigades Cet article rev\u00eat une importance particuli\u00e8re \u00e0 la lumi\u00e8re des vingt derni\u00e8res ann\u00e9es pass\u00e9es \u00e0 proximit\u00e9 des cuisines de restaurants et les ateliers de p\u00e2tisserie-boulangerie. Ce milieu, o\u00f9\u2026","rel":"","context":"Dans &quot;Actualit\u00e9s&quot;","block_context":{"text":"Actualit\u00e9s","link":"https:\/\/www.stefaneguilbaud.com\/blog\/?cat=8"},"img":{"alt_text":"","src":"https:\/\/i0.wp.com\/www.stefaneguilbaud.com\/blog\/wp-content\/uploads\/2026\/01\/1724845687.jpg?fit=922%2C501&ssl=1&resize=350%2C200","width":350,"height":200,"srcset":"https:\/\/i0.wp.com\/www.stefaneguilbaud.com\/blog\/wp-content\/uploads\/2026\/01\/1724845687.jpg?fit=922%2C501&ssl=1&resize=350%2C200 1x, https:\/\/i0.wp.com\/www.stefaneguilbaud.com\/blog\/wp-content\/uploads\/2026\/01\/1724845687.jpg?fit=922%2C501&ssl=1&resize=525%2C300 1.5x, https:\/\/i0.wp.com\/www.stefaneguilbaud.com\/blog\/wp-content\/uploads\/2026\/01\/1724845687.jpg?fit=922%2C501&ssl=1&resize=700%2C400 2x"},"classes":[]},{"id":1552,"url":"https:\/\/www.stefaneguilbaud.com\/blog\/?p=1552","url_meta":{"origin":1995,"position":2},"title":"Le soda tue ?","author":"SG","date":"2 juillet 2015","format":false,"excerpt":"Th\u00e9s glac\u00e9s sucr\u00e9s, sodas\u2026 seraient autant de boissons qui tuent chaque ann\u00e9e\u00a0184 000 personnes dans le monde. Ce genre d'\u00e9tude n'est pas nouvelle, d\u00e9j\u00e0 il y a deux ans, une \u00e9tude similaire avait fait scandale. Les d\u00e9fenseurs reconnaissaient que le sucre en exc\u00e8s est dangereux mais n'acceptaient pas l'extrapolation disant\u2026","rel":"","context":"Dans &quot;Actualit\u00e9s&quot;","block_context":{"text":"Actualit\u00e9s","link":"https:\/\/www.stefaneguilbaud.com\/blog\/?cat=8"},"img":{"alt_text":"","src":"https:\/\/i0.wp.com\/www.stefaneguilbaud.com\/blog\/wp-content\/uploads\/2015\/07\/SODAtue.jpg?fit=800%2C435&ssl=1&resize=350%2C200","width":350,"height":200,"srcset":"https:\/\/i0.wp.com\/www.stefaneguilbaud.com\/blog\/wp-content\/uploads\/2015\/07\/SODAtue.jpg?fit=800%2C435&ssl=1&resize=350%2C200 1x, https:\/\/i0.wp.com\/www.stefaneguilbaud.com\/blog\/wp-content\/uploads\/2015\/07\/SODAtue.jpg?fit=800%2C435&ssl=1&resize=525%2C300 1.5x, https:\/\/i0.wp.com\/www.stefaneguilbaud.com\/blog\/wp-content\/uploads\/2015\/07\/SODAtue.jpg?fit=800%2C435&ssl=1&resize=700%2C400 2x"},"classes":[]},{"id":72,"url":"https:\/\/www.stefaneguilbaud.com\/blog\/?p=72","url_meta":{"origin":1995,"position":3},"title":"Boulangeries et patisseries plus explicites","author":"SG","date":"9 mai 2011","format":false,"excerpt":"Choisir un pain, un croissant, un g\u00e2teaux doit pouvoir se faire selon diff\u00e9rents crit\u00e8res, mais encore faut il pouvoir acc\u00e9der aux informations n\u00e9cessaires \u2026 Observez bien la premi\u00e8re photo, puis la deuxi\u00e8me.Au jeu des diff\u00e9rences, vous allez en trouver une. la photo #1 \u00a0 la photo #2 \u00a0 Vous avez\u2026","rel":"","context":"Dans &quot;Alimentation&quot;","block_context":{"text":"Alimentation","link":"https:\/\/www.stefaneguilbaud.com\/blog\/?cat=1"},"img":{"alt_text":"","src":"https:\/\/i0.wp.com\/www.stefaneguilbaud.com\/blog\/wp-content\/uploads\/2011\/05\/croissants.jpg?fit=811%2C441&ssl=1&resize=350%2C200","width":350,"height":200,"srcset":"https:\/\/i0.wp.com\/www.stefaneguilbaud.com\/blog\/wp-content\/uploads\/2011\/05\/croissants.jpg?fit=811%2C441&ssl=1&resize=350%2C200 1x, https:\/\/i0.wp.com\/www.stefaneguilbaud.com\/blog\/wp-content\/uploads\/2011\/05\/croissants.jpg?fit=811%2C441&ssl=1&resize=525%2C300 1.5x, https:\/\/i0.wp.com\/www.stefaneguilbaud.com\/blog\/wp-content\/uploads\/2011\/05\/croissants.jpg?fit=811%2C441&ssl=1&resize=700%2C400 2x"},"classes":[]},{"id":1387,"url":"https:\/\/www.stefaneguilbaud.com\/blog\/?p=1387","url_meta":{"origin":1995,"position":4},"title":"SO2, \u00c7A SULFITE !","author":"SG","date":"10 mai 2015","format":false,"excerpt":"Tout le monde en a entendu parler au moins une fois des sulfites. On entend sur le sujet, tout et son contraire, alors il sera peut \u00eatre utile de faire le point sur cet ingr\u00e9dient peu commun. J\u2019ai aussi pos\u00e9 la question \u00e0 Delphine Garraud, formatrice en viticulture \u0153nologie. Les\u2026","rel":"","context":"Dans &quot;Actualit\u00e9s&quot;","block_context":{"text":"Actualit\u00e9s","link":"https:\/\/www.stefaneguilbaud.com\/blog\/?cat=8"},"img":{"alt_text":"","src":"https:\/\/i0.wp.com\/www.stefaneguilbaud.com\/blog\/wp-content\/uploads\/2015\/05\/vinsoufre.jpg?fit=800%2C435&ssl=1&resize=350%2C200","width":350,"height":200,"srcset":"https:\/\/i0.wp.com\/www.stefaneguilbaud.com\/blog\/wp-content\/uploads\/2015\/05\/vinsoufre.jpg?fit=800%2C435&ssl=1&resize=350%2C200 1x, https:\/\/i0.wp.com\/www.stefaneguilbaud.com\/blog\/wp-content\/uploads\/2015\/05\/vinsoufre.jpg?fit=800%2C435&ssl=1&resize=525%2C300 1.5x, https:\/\/i0.wp.com\/www.stefaneguilbaud.com\/blog\/wp-content\/uploads\/2015\/05\/vinsoufre.jpg?fit=800%2C435&ssl=1&resize=700%2C400 2x"},"classes":[]},{"id":2191,"url":"https:\/\/www.stefaneguilbaud.com\/blog\/?p=2191","url_meta":{"origin":1995,"position":5},"title":"Les industriels regardent aussi Cash Investigation","author":"SG","date":"15 septembre 2016","format":false,"excerpt":"Cette\u00a0semaine de septembre 2016, Cash Investigation\u00a0a fait sursaut\u00e9 la France enti\u00e8re en diffusant le documentaire \"Industrie agroalimentaire : business contre sant\u00e9\" Quelques secrets de l\u2019agroalimentaire sont d\u00e9voil\u00e9s afin de mieux nous faire comprendre l\u2019ampleur du ph\u00e9nom\u00e8ne et nous faire prendre conscience du manque de transparence de notre alimentation. Certes ce\u2026","rel":"","context":"Dans &quot;Alimentation&quot;","block_context":{"text":"Alimentation","link":"https:\/\/www.stefaneguilbaud.com\/blog\/?cat=1"},"img":{"alt_text":"","src":"https:\/\/i0.wp.com\/www.stefaneguilbaud.com\/blog\/wp-content\/uploads\/2016\/09\/cash.jpg?fit=800%2C435&ssl=1&resize=350%2C200","width":350,"height":200,"srcset":"https:\/\/i0.wp.com\/www.stefaneguilbaud.com\/blog\/wp-content\/uploads\/2016\/09\/cash.jpg?fit=800%2C435&ssl=1&resize=350%2C200 1x, https:\/\/i0.wp.com\/www.stefaneguilbaud.com\/blog\/wp-content\/uploads\/2016\/09\/cash.jpg?fit=800%2C435&ssl=1&resize=525%2C300 1.5x, https:\/\/i0.wp.com\/www.stefaneguilbaud.com\/blog\/wp-content\/uploads\/2016\/09\/cash.jpg?fit=800%2C435&ssl=1&resize=700%2C400 2x"},"classes":[]}],"jetpack_likes_enabled":true,"_links":{"self":[{"href":"https:\/\/www.stefaneguilbaud.com\/blog\/index.php?rest_route=\/wp\/v2\/posts\/1995","targetHints":{"allow":["GET"]}}],"collection":[{"href":"https:\/\/www.stefaneguilbaud.com\/blog\/index.php?rest_route=\/wp\/v2\/posts"}],"about":[{"href":"https:\/\/www.stefaneguilbaud.com\/blog\/index.php?rest_route=\/wp\/v2\/types\/post"}],"author":[{"embeddable":true,"href":"https:\/\/www.stefaneguilbaud.com\/blog\/index.php?rest_route=\/wp\/v2\/users\/1"}],"replies":[{"embeddable":true,"href":"https:\/\/www.stefaneguilbaud.com\/blog\/index.php?rest_route=%2Fwp%2Fv2%2Fcomments&post=1995"}],"version-history":[{"count":4,"href":"https:\/\/www.stefaneguilbaud.com\/blog\/index.php?rest_route=\/wp\/v2\/posts\/1995\/revisions"}],"predecessor-version":[{"id":2004,"href":"https:\/\/www.stefaneguilbaud.com\/blog\/index.php?rest_route=\/wp\/v2\/posts\/1995\/revisions\/2004"}],"wp:featuredmedia":[{"embeddable":true,"href":"https:\/\/www.stefaneguilbaud.com\/blog\/index.php?rest_route=\/wp\/v2\/media\/2010"}],"wp:attachment":[{"href":"https:\/\/www.stefaneguilbaud.com\/blog\/index.php?rest_route=%2Fwp%2Fv2%2Fmedia&parent=1995"}],"wp:term":[{"taxonomy":"category","embeddable":true,"href":"https:\/\/www.stefaneguilbaud.com\/blog\/index.php?rest_route=%2Fwp%2Fv2%2Fcategories&post=1995"},{"taxonomy":"post_tag","embeddable":true,"href":"https:\/\/www.stefaneguilbaud.com\/blog\/index.php?rest_route=%2Fwp%2Fv2%2Ftags&post=1995"}],"curies":[{"name":"wp","href":"https:\/\/api.w.org\/{rel}","templated":true}]}}