{"id":199,"date":"2010-11-08T05:00:04","date_gmt":"2010-11-08T04:00:04","guid":{"rendered":"http:\/\/www.stefaneguilbaud.com\/journal\/?p=199"},"modified":"2013-11-28T11:13:56","modified_gmt":"2013-11-28T10:13:56","slug":"jai-teste-les-aliments-de-randonnees","status":"publish","type":"post","link":"https:\/\/www.stefaneguilbaud.com\/blog\/?p=199","title":{"rendered":"J&rsquo;ai test\u00e9 les aliments de randonn\u00e9es"},"content":{"rendered":"<p>J&rsquo;ai \u00e9t\u00e9 sollicit\u00e9 pour \u00ab\u00a0go\u00fbter\u00a0\u00bb et donner mon avis sur des produits alimentaires dits \u00ab\u00a0de randonn\u00e9e\u00a0\u00bb<br \/> La critique n&rsquo;est pas facile, car leurs fonctions sont tr\u00e8s pr\u00e9cises et pourtant il y a mati\u00e8re \u00e0 d\u00e9bat sur ce genre de produits.<\/p>\n<p>Une fois de plus, ce n&rsquo;est que mon avis et les commentaires ouverts sur ce billet permettent de s&rsquo;exprimer librement. <em>[si tous vos propos restent corrects]<\/em><\/p>\n<div>\n<p>Cependant trois points sont \u00e0 relever, trois effets \u00e0 contr\u00f4ler.<\/p>\n<h2><strong>1) L&rsquo;effet psychologique<\/strong><\/h2>\n<p>Ces produits sont con\u00e7us pour \u00eatre consomm\u00e9s en randonn\u00e9e. \u00c0 l&rsquo;aboutissement d&rsquo;un effort intense, il y a la satisfaction de se nourrir. \u00c0 ce stade, nous sommes dans une demande nutritive et dans un d\u00e9cor magnifique (je l&rsquo;esp\u00e8re, en tout cas au terme d&rsquo;une marche). Notre cerveau est captif et nous faisons passer au second plan l&rsquo;approche visuelle. Les Japonais appellent cela la \u00ab\u00a0<strong><em>forme du go\u00fbt<\/em><\/strong>\u00a0\u00bb.<br \/> J&rsquo;ai interrog\u00e9 des adeptes de marches et ils m&rsquo;ont tous soutenu que ce m\u00eame repas mang\u00e9 \u00e0 la maison et \u00e0 la montagne n\u2019est pas le m\u00eame. En effet, on m&rsquo;a rapport\u00e9 que lors d&rsquo;une marche, il restait beaucoup de plats du repas de midi. Le soir, \u00e0 la maison, dans un souci de non-gaspillage, l&rsquo;id\u00e9e leur \u00e9tait venue de consommer ce type de plat. D\u00e9ception. Le go\u00fbt avait chang\u00e9. Loin de l&rsquo;effort et du spectacle visuel que peut nous apporter la nature, le go\u00fbt avait un autre sens. Cet effet est \u00e0 int\u00e9grer lors d&rsquo;un test et cette part \u00ab\u00a0<em>psychologique<\/em>\u00a0\u00bb favorise l&rsquo;indulgence \u00e0 la maison. Pour ma part, nous avons go\u00fbt\u00e9 \u00e0 quatre et ne sommes pas convaincus. Texture molle, go\u00fbt fade, trop petits morceaux. Au-del\u00e0 de cet aspect subjectif, je vais tenter d&rsquo;aborder un aspect plus objectif \u00e0 travers les points\u00a02 et 3 suivants.<\/p>\n<h2><strong>2) L&rsquo;effet qualitatif<\/strong><\/h2>\n<p>Ces produits sont lyophilis\u00e9s et non d\u00e9shydrat\u00e9s. Quels sont les avantages et inconv\u00e9nients\u00a0? Et quelles diff\u00e9rences entre les deux proc\u00e9d\u00e9s\u00a0?<\/p>\n<p><strong>Avantages\u00a0: <\/strong><br \/> C\u00f4t\u00e9 saveur\u00a0: L&rsquo;aliment garde sa structure mol\u00e9culaire et ses saveurs naturelles.<br \/> C\u00f4t\u00e9 rapidit\u00e9\u00a0: La texture des aliments lyophilis\u00e9s est tr\u00e8s poreuse. Sa pr\u00e9paration, avec apport d&rsquo;eau, est donc rapide.<br \/> C\u00f4t\u00e9 transport\u00a0: Son poids est naturellement r\u00e9duit. Mais de toute fa\u00e7on, il faudra de l&rsquo;eau !<br \/> C\u00f4t\u00e9 stockage\u00a0: La r\u00e9frig\u00e9ration n\u2019est pas n\u00e9cessaire.<br \/><strong>Inconv\u00e9nients<\/strong>\u00a0:<br \/> C\u00f4t\u00e9 \u00e9cologie\u00a0: Il faut environ 1500\u00a0kWh d\u2019\u00e9nergie pour \u00e9liminer une tonne d\u2019eau. Le lyophilisateur est \u00e9nergivore et cela se ressent sur le co\u00fbt final\u2026 et peut \u00eatre bien s\u00fbr la plan\u00e8te.<br \/> C\u00f4t\u00e9 stockage\u00a0: le c\u00f4t\u00e9 tr\u00e8s poreux peut jouer des tours, s\u2019il y a une fuite d&rsquo;air sur le paquet sous vide, car les aliments prennent facilement l\u2019humidit\u00e9 de l\u2019air. <br \/> C\u00f4t\u00e9 pratique : La lyophilisation ne s&rsquo;adapte pas tr\u00e8s bien aux gros morceaux \u00e0 cause de l&rsquo;\u00e9nergie n\u00e9cessaire \u00e0 la transformation.<\/p>\n<h3 style=\"text-align: center;\"><strong>Comparaison entre lyophilisation et d\u00e9shydratation<\/strong><\/h3>\n<table style=\"border-color: #ffffff; border-width: 0px; background-color: #b5dbe2; border-style: solid; width: 760px; height: 198px;\" border=\"0\" cellspacing=\"0\" cellpadding=\"0\">\n<tbody>\n<tr>\n<td style=\"border-color: #ffffff; border-style: solid; border-width: 1px;\">\n<p style=\"text-align: center;\"><span style=\"font-size: x-small;\"><strong>D\u00e9shydratation<\/strong><\/span><\/p>\n<\/td>\n<td style=\"border-color: #ffffff; border-style: solid; border-width: 1px;\">\n<p style=\"text-align: center;\"><span style=\"font-size: x-small;\"><strong>Caract\u00e9ristiques<\/strong><\/span><\/p>\n<\/td>\n<td style=\"border-color: #ffffff; border-style: solid; border-width: 1px;\">\n<p style=\"text-align: center;\"><span style=\"font-size: x-small;\"><strong>Lyophilisation<\/strong><\/span><\/p>\n<\/td>\n<\/tr>\n<tr>\n<td style=\"border-color: #ffffff; border-style: solid; border-width: 1px; text-align: center;\">\n<p><span style=\"font-size: small;\">Oui, tr\u00e8s accessible<\/span><\/p>\n<\/td>\n<td style=\"border-color: #ffffff; border-style: solid; border-width: 1px; text-align: center;\">\n<p><span style=\"font-size: small;\">Accessibilit\u00e9 de la m\u00e9thode<\/span><\/p>\n<\/td>\n<td style=\"border-color: #ffffff; border-style: solid; border-width: 1px;\">\n<p style=\"text-align: center;\"><span style=\"font-size: small;\">Pas vraiment<\/span><\/p>\n<\/td>\n<\/tr>\n<tr>\n<td style=\"border-color: #ffffff; border-style: solid; border-width: 1px; text-align: center;\">\n<p><span style=\"font-size: small;\">Peu co\u00fbteux<\/span><\/p>\n<\/td>\n<td style=\"border-color: #ffffff; border-style: solid; border-width: 1px; text-align: center;\">\n<p><span style=\"font-size: small;\">Co\u00fbts reli\u00e9s \u00e0 la m\u00e9thode<\/span><\/p>\n<\/td>\n<td style=\"border-color: #ffffff; border-style: solid; border-width: 1px;\">\n<p style=\"text-align: center;\"><span style=\"font-size: small;\">Tr\u00e8s co\u00fbteux<\/span><\/p>\n<\/td>\n<\/tr>\n<tr>\n<td style=\"border-color: #ffffff; border-style: solid; border-width: 1px; text-align: center;\">\n<p><span style=\"font-size: small;\">Moyenne<\/span><\/p>\n<\/td>\n<td style=\"border-color: #ffffff; border-style: solid; border-width: 1px; text-align: center;\">\n<p><span style=\"font-size: small;\">Efficacit\u00e9<\/span><\/p>\n<\/td>\n<td style=\"border-color: #ffffff; border-style: solid; border-width: 1px;\">\n<p style=\"text-align: center;\"><span style=\"font-size: small;\">Assez bonne<\/span><\/p>\n<\/td>\n<\/tr>\n<tr>\n<td style=\"border-color: #ffffff; border-style: solid; border-width: 1px; text-align: center;\">\n<p><span style=\"font-size: small;\">Jusqu\u2019\u00e0 quelques mois<\/span><\/p>\n<\/td>\n<td style=\"border-color: #ffffff; border-style: solid; border-width: 1px; text-align: center;\">\n<p style=\"text-align: center;\"><span style=\"font-size: small;\">Dur\u00e9e de conservation<\/span><\/p>\n<\/td>\n<td style=\"border-color: #ffffff; border-style: solid; border-width: 1px;\">\n<p style=\"text-align: center;\"><span style=\"font-size: small;\">Jusqu\u2019\u00e0 quelques ann\u00e9es<\/span><\/p>\n<\/td>\n<\/tr>\n<tr>\n<td style=\"border-color: #ffffff; border-style: solid; border-width: 1px; text-align: center;\">\n<p><span style=\"font-size: small;\">Change souvent de couleur, de texture et de go\u00fbt<\/span><\/p>\n<\/td>\n<td style=\"border-color: #ffffff; border-style: solid; border-width: 1px; text-align: center;\">\n<p><span style=\"font-size: small;\">Aspect du produit final<\/span><\/p>\n<\/td>\n<td style=\"border-color: #ffffff; border-style: solid; border-width: 1px; text-align: center;\">\n<p><span style=\"font-size: small;\">Tr\u00e8s pr\u00e8s de l\u2019aliment frais<\/span><\/p>\n<\/td>\n<\/tr>\n<tr>\n<td style=\"border-color: #ffffff; border-style: solid; border-width: 1px; text-align: center;\">\n<p><span style=\"font-size: small;\">Prends plusieurs minutes, dans une eau tr\u00e8s chaude<\/span><\/p>\n<\/td>\n<td style=\"border-color: #ffffff; border-style: solid; border-width: 1px; text-align: center;\">\n<p><span style=\"font-size: small;\">Temps de r\u00e9hydratation<\/span><\/p>\n<\/td>\n<td style=\"border-color: #ffffff; border-style: solid; border-width: 1px; text-align: center;\">\n<p><span style=\"font-size: small;\">Quelques minutes, m\u00eame dans une eau ti\u00e8d<em>e<\/em><\/span><\/p>\n<\/td>\n<\/tr>\n<\/tbody>\n<\/table>\n<p style=\"text-align: center;\"><span style=\"font-size: xx-small;\">source : V\u00e9ronique Fournier\/ Pistes &#8211; universit\u00e9 Laval<\/span><\/p>\n<h2><strong>3) L&rsquo;effet nutritif<\/strong><\/h2>\n<p>Le formateur en changement de comportements alimentaires, que je suis, prend le dessus, je ne peux m&#8217;emp\u00eacher au-del\u00e0 de tout aspect pratique (que j&rsquo;entends) et technique (que j&rsquo;entends aussi), de ne pas pouvoir cautionner la liste des ingr\u00e9dients lut sur ces deux paquets.<br \/> Cela m&rsquo;a rappel\u00e9 un temps o\u00f9 j&rsquo;assistais \u00e0 des tests marketing de pr\u00e9parations alimentaires avec comme seul leitmotiv la rentabilit\u00e9, afin de ne pas d\u00e9passer les sacro-saints cahiers des charges quantitatifs du p\u00f4le marketing.<\/p>\n<p><strong>Toutefois, deux choses m&rsquo;interpellent.<\/strong><\/p>\n<h3><strong>a) Les ingr\u00e9dients inutiles<\/strong><\/h3>\n<p><strong> Voici la liste d&rsquo;ingr\u00e9dients tels qu&rsquo;ils sont inscrits sur le paquet.<\/strong><br \/><strong>&gt; PASTA BOLOGNESE :<\/strong><br \/> &#8211; P\u00e2tes pr\u00e9cuites 63\u00a0% (semoule de bl\u00e9 dur)<br \/> &#8211; Viande de b\u0153uf d\u00e9shydrat\u00e9e 16,25\u00a0% (viande de b\u0153uf, sel, blanc de f\u00e9cule de pomme de terre, oignons, casern\u00e2tes de sodium, E 306 vitamine E, E304 palminate d&rsquo;ascorbyle)<br \/> &#8211; Sauce tomate 11,25\u00a0% (tomates 99\u00a0%, dioxide de silice 1\u00a0%, mati\u00e8re grasse v\u00e9g\u00e9tale huile de palme fractionn\u00e9e, lactose, prot\u00e9ines de lait),<br \/> &#8211; Assaisonnement (sel, \u00e9chalote, herbes de Provence, poivre)<br \/><em> Contient du gluten, \u0153uf lait et produits d\u00e9riv\u00e9s, sulfites.<\/em><\/p>\n<p><strong>&gt; RISOTTO DE BOEUF AUX OIGNONS<\/strong><br \/> &#8211; Riz 74\u00a0%, <br \/> &#8211; Viande de boeuf d\u00e9shydrat\u00e9e 10\u00a0% (viande de boeuf, sel, blanc d&rsquo;oeuf, f\u00e9cule de pommes de terre, oignon, cas\u00e9inate de sodium, E 306 vitamine E, E304 palminate d&rsquo;ascorbyle)<br \/> &#8211; Sauce marchand de vins 10\u00a0% (amidon de ma\u00efs, vin rouge, ar\u00f4me, \u00e9chalote, sel tomates, sucre, sirop de glucose de ma\u00efs, mati\u00e8re grasse v\u00e9g\u00e9tale de palme et prot\u00e9ines de lait, extrait de levure, poudre de betterave rouge, \u00e9pices, colorant : caramel E150d, acidifiant citrique E330)<br \/> &#8211; Oignons<br \/> &#8211; Bouillon de volaille (sel, lactose, oignon, \u00e9pices)<br \/> &#8211; Sel<br \/> &#8211; Poivre<br \/><em> Contient du gluten, oeuf, lait et produits d\u00e9riv\u00e9s, sulfites.<\/em><\/p>\n<p><strong>et voici mon avis :<\/strong><br \/> &#8211; <strong>Les viandes de boeuf<\/strong>\u00a0? : Quels morceaux (normalement de la Hampe pour les pasta et du bourguignon pour le rizotto\u00a0?), S&rsquo;agit il de vaches de r\u00e9forme\u00a0?<br \/> &#8211; <strong>F\u00e9cule de pomme de terre<\/strong> : Pour \u00e9paissir ! Pourquoi\u00a0?<br \/> &#8211; <strong>E 306 :<\/strong> Additif sans danger connu, selon la pol\u00e9mique li\u00e9e \u00e0 la vitamine E qui consid\u00e8re que le cumul de vitamine E et de soleil ne font pas bon m\u00e9nage \u2026 qu&rsquo;en est il en hauteur et en pleine montagne, bras nus et en short\u00a0? Peut-\u00eatre inutile pour ce genre de produits.<br \/> &#8211; <strong>E 304 :<\/strong> Additif sans danger connu. Mais, pourquoi un antioxydant dans un plat \u00e0 lyophiliser et \u00e0 mettre sous vide\u00a0? Attention, selon certains pr\u00e9ceptes religieux, le palminate d&rsquo;ascorbyle n&rsquo;est pas consid\u00e9r\u00e9 comme kasher et hallal. <br \/> &#8211; <strong>Huile de palme :<\/strong> sans commentaire,\u00a0 j&rsquo;ai tellement \u00e9crit sur le sujet sur ce blog et dans divers magazines. Pr\u00e9f\u00e9rez de l&rsquo;huile d&rsquo;olive\u00a0!! Pasta Bolognese est italien !!<br \/> &#8211; <strong>Dioxide de silice :<\/strong> nomm\u00e9 aussi E551, est un antiagglom\u00e9rant. En \u00e9largissant la vision, cela s&rsquo;apparente un peu \u00e0 du sable, mais l\u00e0 s&rsquo;arr\u00eate la comparaison et tout cela sert \u00e0 emp\u00eacher les grumeaux. On trouve de cette substance partout. On la trouve dans nos aliments \u00ab\u00a0<em>autoris\u00e9e en France sous conditions<\/em>\u00a0\u00bb. Mais quelles conditions ?? \u00c0 contrario, controvers\u00e9 par certains, car ils consid\u00e8rent le E551 comme un produit faisant partie des nanoparticules dangereuses qui servent souvent d&rsquo;antigrumeaux dans les aliments sous forme de poudres (sel, sucre, soupe) ou dans les aromates.<br \/> <strong>&#8211; Cas\u00e9inate de sodium, lactose, prot\u00e9ines de lait <\/strong>: tous des d\u00e9riv\u00e9s de lait : Cette d\u00e9coupe d&rsquo;un aliment est un peu p\u00e9nible. On met du lait, point final. Faire l&rsquo;apprenti sorcier peut r\u00e9server des surprises, comme cela a \u00e9t\u00e9 le cas avec les b\u00eatacarot\u00e8nes des carottes *<br \/><strong>&#8211; Caramel E150d :<\/strong> C&rsquo;est un caramel certes, mais le petit \u00ab\u00a0d\u00a0\u00bb signifie qu&rsquo;il s&rsquo;agit d&rsquo;un caramel au sulfite d&rsquo;ammonium. J&rsquo;en ai aussi souvent parl\u00e9. <br \/><strong>&#8211; Acide citrique E330<\/strong> : Le E330 n&rsquo;est pas du citron. C&rsquo;est un acide citrique. Aujourd&rsquo;hui encore, beaucoup de scientifiques mettent en garde contre cette substance TROP pr\u00e9sente dans tous nos ingr\u00e9dients. Notre alimentation trop acide ne va pas s&rsquo;arranger et des h\u00f4pitaux ont plac\u00e9 le E330 sur la liste des produits dangereux \u00e0 \u00e9viter (un h\u00f4pital avait \u00e9dit\u00e9 une plaquette \u00e0 ce sujet en 1984\u00a0!!)<\/p>\n<h3><strong>b) La proportion d&rsquo;ingr\u00e9dients<\/strong><\/h3>\n<p>Si nous reprenons la liste pr\u00e9c\u00e9dente, je trouve le terme de PASTA BOLOGNESE et RISOTTO DE BOEUF AUX OIGNONS un peu trop facile.<br \/> Ce n&rsquo;est pas propre \u00e0 cette marque, mais \u00e0 toutes les marques de plats pr\u00e9par\u00e9s. Il conviendrait d&rsquo;utiliser le terme \u00ab\u00a0<em>\u00e0 la fa\u00e7on de<\/em>\u00a0\u00bb ou \u00ab\u00a0<em>fa\u00e7on \u2026<\/em>\u00a0\u00bb.<br \/>Prot\u00e9geons les intitul\u00e9s et nous prot\u00e9gerons nos recettes. Regardez aujourd&rsquo;hui, pour exemples : Un \u00ab\u00a0pan bagnat\u00a0\u00bb et une \u00ab\u00a0salade ni\u00e7oise\u00a0\u00bb. Deux h\u00e9r\u00e9sies permanentes dans le commerce, que je traiterais dans un prochain blog.<br \/> Une \u00ab\u00a0bolognese\u00a0\u00bb doit mijoter lentement et passer par la phase de r\u00e9action de Maillard jusqu&rsquo;\u00e0 \u00e9vaporation lente. Idem pour le \u00ab\u00a0rizotto\u00a0\u00bb qui doit \u00eatre un cr\u00e9meux oncteux.<\/p>\n<p>Reprenons une recette de base pour comparaison de proportions.<\/p>\n<p><strong>&gt; PASTA BOLOGNESE<\/strong><br \/> Le secret, selon ma grand-m\u00e8re d&rsquo;une bonne bolognene, \u00e9tait plut\u00f4t dans ce type de proportions.<br \/> 30\u00a0% de p\u00e2tes<br \/> 50\u00a0% de tomates<br \/> 20\u00a0% de viande<br \/><strong>&gt; RISOTTO DE BOEUF AUX OIGNONS<\/strong><br \/> Le secret, selon ma grand-m\u00e8re d&rsquo;un bon risotto au boeuf, \u00e9tait plut\u00f4t dans ce type de proportions.<br \/> 30\u00a0% de riz<br \/> 50\u00a0% de viande<br \/> 20\u00a0% sauce et aromates<br \/><strong><br \/><em>* b\u00eatacarot\u00e8ne des carottes :<\/em><\/strong><em> Une \u00e9tude a bien d\u00e9montr\u00e9 que rien n&rsquo;est anodin. Des b\u00eatacarot\u00e8nes ing\u00e9r\u00e9s \u00e0 travers une alimentation bas\u00e9e sur des produits naturels, comme les carottes, seraient tr\u00e8s b\u00e9n\u00e9fiques. A contrario, des compl\u00e9ments de b\u00eatacarot\u00e8nes auraient des effets nocifs.<br \/> On peut me ressortir les Doses Journali\u00e8res Admises (DJA). Si nous d\u00e9structurons notre alimentation en \u00e9l\u00e9ments, nous allons contre la nature et allons payer les pots cass\u00e9s. Nous savons qu&rsquo;une carotte contient du b\u00eatacarot\u00e8ne &#8230; mais quoi d&rsquo;autre que nous ne connaissons pas encore ?<\/em><\/p>\n<\/div>\n","protected":false},"excerpt":{"rendered":"<p>J&rsquo;ai \u00e9t\u00e9 sollicit\u00e9 pour \u00ab\u00a0go\u00fbter\u00a0\u00bb et donner mon avis sur des produits alimentaires dits \u00ab\u00a0de randonn\u00e9e\u00a0\u00bb La critique n&rsquo;est pas facile, car leurs fonctions sont &hellip; <\/p>\n","protected":false},"author":1,"featured_media":210,"comment_status":"open","ping_status":"open","sticky":false,"template":"","format":"standard","meta":{"_exactmetrics_skip_tracking":false,"_exactmetrics_sitenote_active":false,"_exactmetrics_sitenote_note":"","_exactmetrics_sitenote_category":0,"jetpack_post_was_ever_published":false,"_jetpack_newsletter_access":"","_jetpack_dont_email_post_to_subs":false,"_jetpack_newsletter_tier_id":0,"_jetpack_memberships_contains_paywalled_content":false,"_jetpack_memberships_contains_paid_content":false,"footnotes":"","jetpack_publicize_message":"","jetpack_publicize_feature_enabled":true,"jetpack_social_post_already_shared":false,"jetpack_social_options":{"image_generator_settings":{"template":"highway","default_image_id":0,"font":"","enabled":false},"version":2}},"categories":[1],"tags":[],"class_list":["post-199","post","type-post","status-publish","format-standard","has-post-thumbnail","hentry","category-alimentation"],"jetpack_publicize_connections":[],"jetpack_featured_media_url":"https:\/\/i0.wp.com\/www.stefaneguilbaud.com\/blog\/wp-content\/uploads\/2010\/11\/sacados.jpg?fit=800%2C435&ssl=1","jetpack_sharing_enabled":true,"jetpack_shortlink":"https:\/\/wp.me\/p8a0UX-3d","jetpack-related-posts":[{"id":3519,"url":"https:\/\/www.stefaneguilbaud.com\/blog\/?p=3519","url_meta":{"origin":199,"position":0},"title":"Y a-t-il encore des produits sains dans les supermarch\u00e9s ?","author":"SG","date":"17 f\u00e9vrier 2021","format":false,"excerpt":"Dans le \"Journal Des Bonnes Nouvelles\", chaque mois, je r\u00e9pond \u00e0 une question pos\u00e9e par les lecteurs, voici celle de F\u00e9vrier 2021. [Sommaire des articles parus]. Question : Y a-t-il encore des produits sains dans les supermarch\u00e9s ? M\u00e9lanie, 57 ans, mari\u00e9e, grand-m\u00e8re. C\u2019est une question tr\u00e8s int\u00e9ressante, car elle\u2026","rel":"","context":"Dans &quot;Alimentation&quot;","block_context":{"text":"Alimentation","link":"https:\/\/www.stefaneguilbaud.com\/blog\/?cat=1"},"img":{"alt_text":"","src":"https:\/\/i0.wp.com\/www.stefaneguilbaud.com\/blog\/wp-content\/uploads\/2021\/08\/jdbn0221.jpg?fit=800%2C435&ssl=1&resize=350%2C200","width":350,"height":200,"srcset":"https:\/\/i0.wp.com\/www.stefaneguilbaud.com\/blog\/wp-content\/uploads\/2021\/08\/jdbn0221.jpg?fit=800%2C435&ssl=1&resize=350%2C200 1x, https:\/\/i0.wp.com\/www.stefaneguilbaud.com\/blog\/wp-content\/uploads\/2021\/08\/jdbn0221.jpg?fit=800%2C435&ssl=1&resize=525%2C300 1.5x, https:\/\/i0.wp.com\/www.stefaneguilbaud.com\/blog\/wp-content\/uploads\/2021\/08\/jdbn0221.jpg?fit=800%2C435&ssl=1&resize=700%2C400 2x"},"classes":[]},{"id":4066,"url":"https:\/\/www.stefaneguilbaud.com\/blog\/?p=4066","url_meta":{"origin":199,"position":1},"title":"Les \u00e9mulsifiants alimentaires, des additifs dangereux pour le c\u0153ur ?","author":"SG","date":"8 septembre 2023","format":false,"excerpt":"Une \u00e9tude fran\u00e7aise publi\u00e9e ce mercredi 6 septembre 2023 dans le British Medical Journal sugg\u00e8re qu'une consommation \u00e9lev\u00e9e d'\u00e9mulsifiants alimentaires peut augmenter le risque de maladies cardiovasculaires. M\u00eame si pour la \"d\u00e9sob\u00e9issance alimentaire\", ce n'est plus un scoop. Faisons un focus sur le r\u00e9sultat ! Les \u00e9mulsifiants alimentaires sont des\u2026","rel":"","context":"Dans &quot;Alimentation&quot;","block_context":{"text":"Alimentation","link":"https:\/\/www.stefaneguilbaud.com\/blog\/?cat=1"},"img":{"alt_text":"","src":"https:\/\/i0.wp.com\/www.stefaneguilbaud.com\/blog\/wp-content\/uploads\/2023\/09\/additifs.jpg?fit=800%2C435&ssl=1&resize=350%2C200","width":350,"height":200,"srcset":"https:\/\/i0.wp.com\/www.stefaneguilbaud.com\/blog\/wp-content\/uploads\/2023\/09\/additifs.jpg?fit=800%2C435&ssl=1&resize=350%2C200 1x, https:\/\/i0.wp.com\/www.stefaneguilbaud.com\/blog\/wp-content\/uploads\/2023\/09\/additifs.jpg?fit=800%2C435&ssl=1&resize=525%2C300 1.5x, https:\/\/i0.wp.com\/www.stefaneguilbaud.com\/blog\/wp-content\/uploads\/2023\/09\/additifs.jpg?fit=800%2C435&ssl=1&resize=700%2C400 2x"},"classes":[]},{"id":221,"url":"https:\/\/www.stefaneguilbaud.com\/blog\/?p=221","url_meta":{"origin":199,"position":2},"title":"Le coup de gueule pour Limon &#038; Nada","author":"SG","date":"2 octobre 2010","format":false,"excerpt":"LA BOISSON AU CITRON : LIMON & NADA Un industriel qui nous simplifie la vie :Minute Maid (Coca Cola) nous propose LIMON & NADA. \u00a0 Du citron et rien d'autre ! \u00ab\u00a0Nada\u00a0\u00bb ne veut-il pas dire \u00ab\u00a0rien\u00a0\u00bb en espagnol ?\u00a0Il me semblait en tout cas. Allez, un petit d\u00e9tail sur\u2026","rel":"","context":"Dans &quot;Coups de gueule&quot;","block_context":{"text":"Coups de gueule","link":"https:\/\/www.stefaneguilbaud.com\/blog\/?cat=7"},"img":{"alt_text":"","src":"https:\/\/i0.wp.com\/www.stefaneguilbaud.com\/blog\/wp-content\/uploads\/2013\/11\/coupdegueule.jpg?fit=800%2C435&ssl=1&resize=350%2C200","width":350,"height":200,"srcset":"https:\/\/i0.wp.com\/www.stefaneguilbaud.com\/blog\/wp-content\/uploads\/2013\/11\/coupdegueule.jpg?fit=800%2C435&ssl=1&resize=350%2C200 1x, https:\/\/i0.wp.com\/www.stefaneguilbaud.com\/blog\/wp-content\/uploads\/2013\/11\/coupdegueule.jpg?fit=800%2C435&ssl=1&resize=525%2C300 1.5x, https:\/\/i0.wp.com\/www.stefaneguilbaud.com\/blog\/wp-content\/uploads\/2013\/11\/coupdegueule.jpg?fit=800%2C435&ssl=1&resize=700%2C400 2x"},"classes":[]},{"id":4086,"url":"https:\/\/www.stefaneguilbaud.com\/blog\/?p=4086","url_meta":{"origin":199,"position":3},"title":"Qui tue le bio ?","author":"SG","date":"8 d\u00e9cembre 2023","format":false,"excerpt":"Apr\u00e8s un d\u00e9marrage difficile, ces derni\u00e8res ann\u00e9es, le march\u00e9 du bio a connu une croissance exponentielle, passant de 2,4 milliards d'euros en 2010 \u00e0 16,2 milliards d'euros en 2022. Cependant, cette croissance semble marquer le pas, avec une baisse des ventes en valeur de 3,1 % en 2021. D\u00e9cryptons l'origine\u2026","rel":"","context":"Dans &quot;Alimentation&quot;","block_context":{"text":"Alimentation","link":"https:\/\/www.stefaneguilbaud.com\/blog\/?cat=1"},"img":{"alt_text":"","src":"https:\/\/i0.wp.com\/www.stefaneguilbaud.com\/blog\/wp-content\/uploads\/2013\/12\/bio.jpg?fit=800%2C435&ssl=1&resize=350%2C200","width":350,"height":200,"srcset":"https:\/\/i0.wp.com\/www.stefaneguilbaud.com\/blog\/wp-content\/uploads\/2013\/12\/bio.jpg?fit=800%2C435&ssl=1&resize=350%2C200 1x, https:\/\/i0.wp.com\/www.stefaneguilbaud.com\/blog\/wp-content\/uploads\/2013\/12\/bio.jpg?fit=800%2C435&ssl=1&resize=525%2C300 1.5x, https:\/\/i0.wp.com\/www.stefaneguilbaud.com\/blog\/wp-content\/uploads\/2013\/12\/bio.jpg?fit=800%2C435&ssl=1&resize=700%2C400 2x"},"classes":[]},{"id":362,"url":"https:\/\/www.stefaneguilbaud.com\/blog\/?p=362","url_meta":{"origin":199,"position":4},"title":"Le livre noir des all\u00e9gations sant\u00e9","author":"SG","date":"20 avril 2010","format":false,"excerpt":"Le r\u00e8glement europ\u00e9en sur les all\u00e9gations \"nutrition sant\u00e9\" permettra-il d'y voir plus clair sur nos \u00e9tiquettes ? En tout cas \"... le marketing agroalimentaire est aujourd'hui sur la sellette\" se f\u00e9licite l'association CLCV. La CLCV nous informe que depuis cette mise \u00e0 plat des preuves n\u00e9cessaires \u00e0 l'affichage d'une all\u00e9gation\u2026","rel":"","context":"Dans &quot;Alimentation&quot;","block_context":{"text":"Alimentation","link":"https:\/\/www.stefaneguilbaud.com\/blog\/?cat=1"},"img":{"alt_text":"","src":"https:\/\/i0.wp.com\/www.stefaneguilbaud.com\/blog\/wp-content\/uploads\/2010\/04\/allegations.jpg?fit=800%2C435&ssl=1&resize=350%2C200","width":350,"height":200,"srcset":"https:\/\/i0.wp.com\/www.stefaneguilbaud.com\/blog\/wp-content\/uploads\/2010\/04\/allegations.jpg?fit=800%2C435&ssl=1&resize=350%2C200 1x, https:\/\/i0.wp.com\/www.stefaneguilbaud.com\/blog\/wp-content\/uploads\/2010\/04\/allegations.jpg?fit=800%2C435&ssl=1&resize=525%2C300 1.5x, https:\/\/i0.wp.com\/www.stefaneguilbaud.com\/blog\/wp-content\/uploads\/2010\/04\/allegations.jpg?fit=800%2C435&ssl=1&resize=700%2C400 2x"},"classes":[]},{"id":820,"url":"https:\/\/www.stefaneguilbaud.com\/blog\/?p=820","url_meta":{"origin":199,"position":5},"title":"L&rsquo;inflation, l&rsquo;Euro et les prix.","author":"SG","date":"1 janvier 2012","format":false,"excerpt":"ENQU\u00caTE SUR DIX ANS : 2002-2012 Presque maintenant onze ans apr\u00e8s l\u2019arriv\u00e9e de l\u2019euro, nous gardons le sentiment que les prix ont flamb\u00e9. Il n\u2019est pas rare d\u2019entendre notre entourage mentionner le fait que le produit propos\u00e9 avait le m\u00eame prix il y a dix ans, mais en Franc. En\u2026","rel":"","context":"Dans &quot;Actualit\u00e9s&quot;","block_context":{"text":"Actualit\u00e9s","link":"https:\/\/www.stefaneguilbaud.com\/blog\/?cat=8"},"img":{"alt_text":"","src":"https:\/\/i0.wp.com\/www.stefaneguilbaud.com\/blog\/wp-content\/uploads\/2012\/01\/corde.jpg?fit=800%2C435&ssl=1&resize=350%2C200","width":350,"height":200,"srcset":"https:\/\/i0.wp.com\/www.stefaneguilbaud.com\/blog\/wp-content\/uploads\/2012\/01\/corde.jpg?fit=800%2C435&ssl=1&resize=350%2C200 1x, https:\/\/i0.wp.com\/www.stefaneguilbaud.com\/blog\/wp-content\/uploads\/2012\/01\/corde.jpg?fit=800%2C435&ssl=1&resize=525%2C300 1.5x, https:\/\/i0.wp.com\/www.stefaneguilbaud.com\/blog\/wp-content\/uploads\/2012\/01\/corde.jpg?fit=800%2C435&ssl=1&resize=700%2C400 2x"},"classes":[]}],"jetpack_likes_enabled":true,"_links":{"self":[{"href":"https:\/\/www.stefaneguilbaud.com\/blog\/index.php?rest_route=\/wp\/v2\/posts\/199","targetHints":{"allow":["GET"]}}],"collection":[{"href":"https:\/\/www.stefaneguilbaud.com\/blog\/index.php?rest_route=\/wp\/v2\/posts"}],"about":[{"href":"https:\/\/www.stefaneguilbaud.com\/blog\/index.php?rest_route=\/wp\/v2\/types\/post"}],"author":[{"embeddable":true,"href":"https:\/\/www.stefaneguilbaud.com\/blog\/index.php?rest_route=\/wp\/v2\/users\/1"}],"replies":[{"embeddable":true,"href":"https:\/\/www.stefaneguilbaud.com\/blog\/index.php?rest_route=%2Fwp%2Fv2%2Fcomments&post=199"}],"version-history":[{"count":13,"href":"https:\/\/www.stefaneguilbaud.com\/blog\/index.php?rest_route=\/wp\/v2\/posts\/199\/revisions"}],"predecessor-version":[{"id":201,"href":"https:\/\/www.stefaneguilbaud.com\/blog\/index.php?rest_route=\/wp\/v2\/posts\/199\/revisions\/201"}],"wp:featuredmedia":[{"embeddable":true,"href":"https:\/\/www.stefaneguilbaud.com\/blog\/index.php?rest_route=\/wp\/v2\/media\/210"}],"wp:attachment":[{"href":"https:\/\/www.stefaneguilbaud.com\/blog\/index.php?rest_route=%2Fwp%2Fv2%2Fmedia&parent=199"}],"wp:term":[{"taxonomy":"category","embeddable":true,"href":"https:\/\/www.stefaneguilbaud.com\/blog\/index.php?rest_route=%2Fwp%2Fv2%2Fcategories&post=199"},{"taxonomy":"post_tag","embeddable":true,"href":"https:\/\/www.stefaneguilbaud.com\/blog\/index.php?rest_route=%2Fwp%2Fv2%2Ftags&post=199"}],"curies":[{"name":"wp","href":"https:\/\/api.w.org\/{rel}","templated":true}]}}