{"id":1929,"date":"2016-03-04T17:09:11","date_gmt":"2016-03-04T16:09:11","guid":{"rendered":"http:\/\/www.stefaneguilbaud.com\/blog\/?p=1929"},"modified":"2016-03-04T17:11:05","modified_gmt":"2016-03-04T16:11:05","slug":"et-si-demain-etait-un-autre-jour","status":"publish","type":"post","link":"https:\/\/www.stefaneguilbaud.com\/blog\/?p=1929","title":{"rendered":"Et si demain \u00e9tait un autre jour"},"content":{"rendered":"<div class=\"article-content_chapo\">\n<blockquote>\n<p class=\"chapo\"><strong><i>Voici\u00a0 une reprise de mon article paru sur <a href=\"http:\/\/www.femininbio.com\/agir-green\/actualites-nouveautes\/si-demain-etait-autre-jour-82838\" target=\"_blank\">femininbio.fr<\/a>, le 5\u00a0 f\u00e9vrier 2016<a href=\"http:\/\/www.femininbio.com\/agir-green\/actualites-nouveautes\/si-demain-etait-autre-jour-82838\" target=\"_blank\"><br \/>\n<\/a><\/i><\/strong>Droits exclusifs www.femininbio.fr. Reproduction interdite sans autorisation.<\/p>\n<\/blockquote>\n<p class=\"chapo\"><strong><i>Tribune libre<\/i> &#8211; J\u2019ai vu le film \u00ab Demain \u00bb, tout comme d\u00e9j\u00e0 plus de 370\u2009000 spectateurs. Sans jeu de mots, il y aura pour moi, un avant et un apr\u00e8s \u00ab Demain \u00bb. En tant qu\u2019auteur et conf\u00e9rencier pour une d\u00e9sob\u00e9issance alimentaire, ce film me conforte dans l\u2019effet papillon que joue l\u2019alimentation sur l\u2019harmonie d\u2019une soci\u00e9t\u00e9.<\/strong><\/p>\n<\/div>\n<div class=\"article-content_body wysiwyg\">\n<div>Lorsque j\u2019ai \u00e9crit le livre <strong><em><a href=\"http:\/\/www.editions-eyrolles.com\/Livre\/9782212561203\/je-ne-mange-pas-de-produits-industriels\" target=\"_blank\" rel=\"nofollow\">Je ne mange pas de produits industriels<\/a><\/em><\/strong>, j\u2019ai expliqu\u00e9 le plus simplement possible mon renoncement personnel. Quinze ans de partage pour informer et former une nouvelle g\u00e9n\u00e9ration de consommateurs, plus apte \u00e0 une ind\u00e9pendance. Manger est un acte politique quotidien, bien plus puissant qu\u2019un vote. Si l\u2019on r\u00e9fl\u00e9chit un peu \u00e0 l\u2019engagement et les r\u00e9percussions que notre nourriture implique, on d\u00e9couvre des effets actifs conduisant vers des formes de politique, d\u2019\u00e9ducation, de pouvoir, d\u2019\u00e9cologie, d\u2019\u00e9conomie et de \u00ab vivre ensemble \u00bb.<\/div>\n<div><\/div>\n<div><strong>La libert\u00e9 !<\/strong><br \/>\nPeut-on encore penser qu\u2019une d\u00e9mocratie est un lieu de v\u00e9rit\u00e9s o\u00f9 tout un chacun poss\u00e8de ses libert\u00e9s, alors que finalement c\u2019est tout l\u2019inverse qui se produit\u2009?<\/div>\n<div>La sp\u00e9culation massive et mondiale des denr\u00e9es a g\u00e9n\u00e9r\u00e9 chez l\u2019\u00eatre humain une activit\u00e9 de pr\u00e9dation de la nature \u00e0 grande \u00e9chelle. La libert\u00e9 de consommer et de polluer des uns menace la libert\u00e9 de survivre des autres. L&rsquo;alimentation est aujourd&rsquo;hui au coeur d&rsquo;une Guerre de l&rsquo;information. La pacification passera par le savoir de tous.<\/div>\n<div>Le trait\u00e9 TAFTA (Trait\u00e9 Transatlantique), qui est en d\u00e9finitive une longue liste d\u2019accords sur des \u00e9changes commerciaux entre les \u00c9tats-Unis et l\u2019Europe, est un bel exemple d\u2019entorse \u00e0 la d\u00e9mocratie et aux attentes du peuple. Sign\u00e9 \u00e0 l\u2019abri des regards &#8211; comme si nous n\u2019\u00e9tions pas concern\u00e9s -, le monde de demain va se jouer avec des r\u00e8gles dict\u00e9es, entre autres, par les ma\u00eetres de l\u2019agroalimentaire et sans aucune consultation des principaux int\u00e9ress\u00e9s : nous, les consommateurs. Si cet accord voyait le jour, pour ne citer que cet exemple, il serait possible \u00e0 une multinationale de mettre devant les tribunaux un \u00c9tat qui mettrait un veto ou une l\u00e9gislation freinant une activit\u00e9 commerciale. On ne parlerait plus alors de perte de souverainet\u00e9, mais de l\u00e9gitimit\u00e9.<\/div>\n<div><\/div>\n<div><strong>Le bonheur !<\/strong><br \/>\nPeut-on encore esp\u00e9rer qu\u2019un \u00c9tat puisse se concentrer sur le bonheur de ses citoyens\u2009? La politique actuelle de lutte de pouvoir l\u2019emporte sur la bienveillance. Nos dirigeants laissent des marchands de plaisir nous endormir, tout en confortant un m\u00e9canisme de paix sociale.<\/div>\n<div>Peut-on enfin r\u00eaver d\u2019un pays codirig\u00e9 par une assembl\u00e9e repr\u00e9sentative citoyenne, tir\u00e9e au sort r\u00e9guli\u00e8rement pour \u00e9viter toute forme de client\u00e9lisme, de retour d\u2019ascenseur \u00e9lectoral, de pression des lobbies et autres pollutions antid\u00e9mocratiques\u2009?<\/div>\n<div>Que serait aujourd\u2019hui l\u2019Europe sociale avec une politique d\u2019\u00e9coute active du peuple sans nivellement absurde par le bas\u2009 ?<\/div>\n<div><\/div>\n<div><strong>La sagesse !<\/strong><br \/>\nAurions-nous autant de scandales politiques, financiers, sanitaires si la \u00ab vox populi \u00bb pouvait \u00e9radiquer toutes d\u00e9rives politico-politiques\u2009? Aurions-nous laiss\u00e9 l\u2019\u00e9radication programm\u00e9e de la paysannerie au profit d\u2019industriels qui polluent bien plus qu\u2019ils ne produisent\u2009? Aurions-nous laiss\u00e9 les artisans de bouche lutter sans arme contre les multinationales imposant leurs crit\u00e8res qualitatifs\u2009? Comment aurions-nous r\u00e9agi face \u00e0 une politique agricole commune qui dicte ses prix de plus en plus bas afin de mieux perfuser par la suite \u00e0 coup d\u2019aide financi\u00e8re\u2009? Pourrions-nous laisser les syst\u00e8mes bancaires se renflouer sur le dos des contribuables ou les sp\u00e9culateurs s\u2019enrichir sur le dos de la sueur paysanne\u2009?<\/div>\n<div>Cela ne serait pas un monde parfait, mais un juste retour \u00e0 une d\u00e9mocratie participative, durable et \u00e9quitable. Une d\u00e9mocratie plus juste bas\u00e9e sur le r\u00e9sultat, comme on l\u2019exige d\u2019une entreprise, et non sur des promesses \u00e9lectorales. On pourrait au moins se d\u00e9barrasser de plus de la moiti\u00e9 des scandales dans tous les domaines. Mon petit doigt me souffle qu\u2019un monde politique d\u00e9pendant des volont\u00e9s directes et participatives de la voix du peuple n\u2019attirerait plus du tout les m\u00eames personnes. On verrait naitre une nouvelle g\u00e9n\u00e9ration de personnalit\u00e9s politiques, plus pench\u00e9es sur la r\u00e9ussite de leur pays, plut\u00f4t que de la r\u00e9ussite \u00e0 court terme de leur parti. On verrait un pays qui arr\u00eate de se regarder face \u00e0 face, pendant que les \u00e9carts se creusent et se divisent.<\/div>\n<div><\/div>\n<div><strong>La dette !<\/strong><br \/>\nLe syst\u00e8me alimentaire dominant actuel fonctionne sur un principe d\u2019\u00e9conomie, non pas conduite par ses acteurs, mais orchestr\u00e9e par une poign\u00e9e de financiers qui fabrique de la dette pour g\u00e9n\u00e9rer de l\u2019argent et du profit. L\u2019instrument final qu\u2019est la banque se retrouve \u00e0 pr\u00eater de l\u2019argent \u00ab virtuel \u00bb \u00e0 un (sur)consommateur, rapidement endett\u00e9 par ses remboursements d\u2019argent \u00ab r\u00e9el \u00bb. La dette des agriculteurs rend l\u2019agriculture fragile et d\u00e9pendante d\u2019un syst\u00e8me qui nous \u00e9chappe. La dette chez les agriculteurs, c\u2019est aussi un suicide tous les deux jours, sans aucune compassion en ouverture du journal TV.<\/div>\n<div><\/div>\n<div><strong>Le syst\u00e8me !<\/strong><br \/>\nCe paradigme ne fonctionne pas, mais les b\u00e9n\u00e9ficiaires feront tout ce qui est en leur pouvoir pour le garder et ceux qui en souffre ne font plus rien pour, ne serait-ce essayer de le changer. C\u2019est ainsi, dans une d\u00e9mocratie donnant des le\u00e7ons aux pays plus d\u00e9favoris\u00e9s, une minorit\u00e9 de gens pense pour une majorit\u00e9 d\u2019autres. Notre pays est magnifique et ses habitants sont formidables, mais alors que se passe-t-il\u2009? L\u2019individu est bon et le syst\u00e8me est mauvais ! C\u2019est un probl\u00e8me d\u2019unit\u00e9 de mesure \u00e0 changer. Il faut cesser d\u2019avoir peur de ne plus embrasser le syst\u00e8me de surconsommation, d\u2019ali\u00e9nation par l\u2019envie.<\/div>\n<div><\/div>\n<div><strong>Le conditionnement !<\/strong><br \/>\nAldous Huxley, auteur du <em><a href=\"http:\/\/www.plon.fr\/ouvrage\/le-meilleur-des-mondes\/9782259221269\" target=\"_blank\" rel=\"nofollow\">Meilleur des mondes<\/a><\/em>\u00a0avait une vision avant-gardiste d\u2019une soci\u00e9t\u00e9 vou\u00e9e \u00e0 ramper. Dans son roman dystopique, il projette l\u2019id\u00e9e d\u2019une drogue, le \u00ab soma \u00bb, sans effet secondaire imm\u00e9diat, mais pour une vie plus courte. Dans le roman, cette substance est le secret de la coh\u00e9sion de cette soci\u00e9t\u00e9. Dans notre soci\u00e9t\u00e9 de consommation, cette accoutumance s\u2019apparente au plaisir, d\u00e9sormais confondu avec le bonheur. Tout cela n\u2019a rien de bon, et une soci\u00e9t\u00e9 qui projette cette forme de bonheur \u00ab fugace \u00bb, fini par honorer un narcissisme un individualisme fa\u00e7onnant des enfants dans le doute, la d\u00e9pression et une fragilit\u00e9 \u00e0 la merci de n\u2019importe quel diktat.<\/div>\n<div>Le \u00ab conditionnement dirigeant les go\u00fbts \u00bb et le \u00ab besoin fr\u00e9n\u00e9tique de consommer \u00bb sont au c\u0153ur de la soci\u00e9t\u00e9 imagin\u00e9e par Huxley et on y retrouve aussi une parabole des ann\u00e9es 30 que l\u2019on vit aujourd\u2019hui de plein fouet. Huxley d\u00e9peint un peuple que l\u2019on conditionne jusqu\u2019\u00e0 le d\u00e9gouter de la Nature et ses beaut\u00e9s, dans le seul but de ne plus le d\u00e9tourner de l\u2019achat compulsif et des loisirs payants. Au XXIe si\u00e8cle, la promotion des aliments naturels non transform\u00e9s m\u00e9caniquement ou g\u00e9n\u00e9tiquement n\u2019int\u00e9resse pas les industriels en qu\u00eate du rachat du vivant. Une poign\u00e9e d\u2019amandes, une salade croquante, une pomme se verra voler la vedette par une marque insufflant les vertus de sa compote sous blister, sa barre de c\u00e9r\u00e9ale glucos\u00e9e ou ses pots tout pr\u00eats fabriqu\u00e9s, \u00e0 l\u2019abri des regards, \u00e0 l\u2019autre bout du monde.<\/div>\n<div><\/div>\n<div><strong>Demain ! <\/strong><br \/>\n<em><a href=\"http:\/\/www.demain-lefilm.com\/\" target=\"_blank\" rel=\"nofollow\">Demain<\/a><\/em>\u00a0est un film qui propose des solutions et des clefs pour r\u00e9ussir la r\u00e9int\u00e9gration de l\u2019intelligence sur la technologie et le profit. Ce film est un formidable fil conducteur pour tous ceux qui souhaitent aussi arr\u00eater les produits industriels, car il montre en image ce qu\u2019un livre pose avec des mots. Finalement cela ne tient qu\u2019\u00e0 nous de faire une d\u00e9sob\u00e9issance alimentaire et changer notre monde pour changer le monde, ou bien alors de continuer \u00e0 laisser nos maitres dominants, tyranniser l\u2019animal, piller le v\u00e9g\u00e9tal, \u00e9puiser le min\u00e9ral, polluer le vital, s\u2019enrichir sur nos vies et maintenant celles de nos enfants.<\/div>\n<div>Vous voyez, plus que jamais, il faut se m\u00e9fier de ce que l\u2019on d\u00e9sire et se rappeler, trois fois par jour, que manger\u2026 c\u2019est voter !<\/div>\n<\/div>\n","protected":false},"excerpt":{"rendered":"<p>Voici\u00a0 une reprise de mon article paru sur femininbio.fr, le 5\u00a0 f\u00e9vrier 2016 Droits exclusifs www.femininbio.fr. Reproduction interdite sans autorisation. Tribune libre &#8211; J\u2019ai vu &hellip; <\/p>\n","protected":false},"author":1,"featured_media":1932,"comment_status":"open","ping_status":"open","sticky":false,"template":"","format":"standard","meta":{"_exactmetrics_skip_tracking":false,"_exactmetrics_sitenote_active":false,"_exactmetrics_sitenote_note":"","_exactmetrics_sitenote_category":0,"jetpack_post_was_ever_published":false,"_jetpack_newsletter_access":"","_jetpack_dont_email_post_to_subs":false,"_jetpack_newsletter_tier_id":0,"_jetpack_memberships_contains_paywalled_content":false,"_jetpack_memberships_contains_paid_content":false,"footnotes":"","jetpack_publicize_message":"","jetpack_publicize_feature_enabled":true,"jetpack_social_post_already_shared":false,"jetpack_social_options":{"image_generator_settings":{"template":"highway","default_image_id":0,"font":"","enabled":false},"version":2}},"categories":[8,1,6,7,12,3],"tags":[],"class_list":["post-1929","post","type-post","status-publish","format-standard","has-post-thumbnail","hentry","category-actualites","category-alimentation","category-chroniques-parues","category-coups-de-gueule","category-reportage","category-societe"],"jetpack_publicize_connections":[],"jetpack_featured_media_url":"https:\/\/i0.wp.com\/www.stefaneguilbaud.com\/blog\/wp-content\/uploads\/2016\/03\/etsidemain.jpg?fit=800%2C435&ssl=1","jetpack_sharing_enabled":true,"jetpack_shortlink":"https:\/\/wp.me\/p8a0UX-v7","jetpack-related-posts":[{"id":3357,"url":"https:\/\/www.stefaneguilbaud.com\/blog\/?p=3357","url_meta":{"origin":1929,"position":0},"title":"L\u2019intol\u00e9rable quotidien d\u2019une intol\u00e9rante au gluten et au lactose.","author":"SG","date":"25 ao\u00fbt 2020","format":false,"excerpt":"D\u00e9couvrez le parcours d'une intol\u00e9rante au gluten et lactose. Son auteure, L\u00e9a Guilbaud, nous livre un t\u00e9moignage accablant. Je le propose sur mon blog, pour informer certes, mais aussi rassurer celles et ceux qui sont aujourd'hui en proie \u00e0 des doutes sur leurs \u00e9tats de sant\u00e9. Que ce t\u00e9moignage leur\u2026","rel":"","context":"Dans &quot;Alimentation&quot;","block_context":{"text":"Alimentation","link":"https:\/\/www.stefaneguilbaud.com\/blog\/?cat=1"},"img":{"alt_text":"","src":"https:\/\/i0.wp.com\/www.stefaneguilbaud.com\/blog\/wp-content\/uploads\/2020\/08\/malauventre.jpg?fit=800%2C435&ssl=1&resize=350%2C200","width":350,"height":200,"srcset":"https:\/\/i0.wp.com\/www.stefaneguilbaud.com\/blog\/wp-content\/uploads\/2020\/08\/malauventre.jpg?fit=800%2C435&ssl=1&resize=350%2C200 1x, https:\/\/i0.wp.com\/www.stefaneguilbaud.com\/blog\/wp-content\/uploads\/2020\/08\/malauventre.jpg?fit=800%2C435&ssl=1&resize=525%2C300 1.5x, https:\/\/i0.wp.com\/www.stefaneguilbaud.com\/blog\/wp-content\/uploads\/2020\/08\/malauventre.jpg?fit=800%2C435&ssl=1&resize=700%2C400 2x"},"classes":[]},{"id":120,"url":"https:\/\/www.stefaneguilbaud.com\/blog\/?p=120","url_meta":{"origin":1929,"position":1},"title":"Ce m\u00e9dia \u2026 un vrai fils de pub !","author":"SG","date":"28 f\u00e9vrier 2011","format":false,"excerpt":"Des citoyens sous influence \u2026Il s'agit de la repr\u00e9sentation d'un syst\u00e8me bas\u00e9 sur la marque, sur l'envie et le plaisir de nous faire consommer. Un constat pitoyable. Telles des dindes, nous sommes domin\u00e9s par les v\u0153ux pieux des fabricants. Loin de vouloir stigmatiser une quelconque th\u00e9orie du complot, il faut\u2026","rel":"","context":"Dans &quot;Soci\u00e9t\u00e9&quot;","block_context":{"text":"Soci\u00e9t\u00e9","link":"https:\/\/www.stefaneguilbaud.com\/blog\/?cat=3"},"img":{"alt_text":"","src":"https:\/\/i0.wp.com\/www.stefaneguilbaud.com\/blog\/wp-content\/uploads\/2011\/02\/tvmedias.jpg?fit=800%2C435&ssl=1&resize=350%2C200","width":350,"height":200,"srcset":"https:\/\/i0.wp.com\/www.stefaneguilbaud.com\/blog\/wp-content\/uploads\/2011\/02\/tvmedias.jpg?fit=800%2C435&ssl=1&resize=350%2C200 1x, https:\/\/i0.wp.com\/www.stefaneguilbaud.com\/blog\/wp-content\/uploads\/2011\/02\/tvmedias.jpg?fit=800%2C435&ssl=1&resize=525%2C300 1.5x, https:\/\/i0.wp.com\/www.stefaneguilbaud.com\/blog\/wp-content\/uploads\/2011\/02\/tvmedias.jpg?fit=800%2C435&ssl=1&resize=700%2C400 2x"},"classes":[]},{"id":2885,"url":"https:\/\/www.stefaneguilbaud.com\/blog\/?p=2885","url_meta":{"origin":1929,"position":2},"title":"Nous part\u00eemes \u00ab\u00a0Cinq Sans\u00a0\u00bb  !","author":"SG","date":"15 septembre 2018","format":false,"excerpt":"Mais par un prompt renfort de gourmands, nous nous v\u00eemes 3000 en arrivant au port :) Par cette tirade c\u00e9l\u00e8bre du Cid*, quelque peu modifi\u00e9e, je vais vous pr\u00e9senter une nouveaut\u00e9 qui m\u2019a interpell\u00e9. C\u00f4t\u00e9 biscuit, il faut reconna\u00eetre que d\u2019habitude, le choix en bio est plut\u00f4t d\u00e9cevant. En tous\u2026","rel":"","context":"Dans &quot;Actualit\u00e9s&quot;","block_context":{"text":"Actualit\u00e9s","link":"https:\/\/www.stefaneguilbaud.com\/blog\/?cat=8"},"img":{"alt_text":"","src":"https:\/\/i0.wp.com\/www.stefaneguilbaud.com\/blog\/wp-content\/uploads\/2018\/09\/Cookiesheader.jpg?fit=800%2C400&ssl=1&resize=350%2C200","width":350,"height":200,"srcset":"https:\/\/i0.wp.com\/www.stefaneguilbaud.com\/blog\/wp-content\/uploads\/2018\/09\/Cookiesheader.jpg?fit=800%2C400&ssl=1&resize=350%2C200 1x, https:\/\/i0.wp.com\/www.stefaneguilbaud.com\/blog\/wp-content\/uploads\/2018\/09\/Cookiesheader.jpg?fit=800%2C400&ssl=1&resize=525%2C300 1.5x, https:\/\/i0.wp.com\/www.stefaneguilbaud.com\/blog\/wp-content\/uploads\/2018\/09\/Cookiesheader.jpg?fit=800%2C400&ssl=1&resize=700%2C400 2x"},"classes":[]},{"id":2478,"url":"https:\/\/www.stefaneguilbaud.com\/blog\/?p=2478","url_meta":{"origin":1929,"position":3},"title":"L&rsquo;occitane d\u00e9sob\u00e9issante","author":"SG","date":"9 f\u00e9vrier 2017","format":false,"excerpt":"Changer de paradigme Lorsque j'ai lanc\u00e9 le mouvement de la d\u00e9sob\u00e9issance alimentaire, j'ai pr\u00e9sent\u00e9 \u00e0 travers un guide le moyen de lutter contre l'industrie alimentaire.\u00a0Je sais que ce n'est pas facile, pour tout un chacun, et encore moins lorsque l'on doit faire fonctionner un commerce. Toutefois, il faut se f\u00e9liciter\u00a0qu'une\u2026","rel":"","context":"Dans &quot;Alimentation&quot;","block_context":{"text":"Alimentation","link":"https:\/\/www.stefaneguilbaud.com\/blog\/?cat=1"},"img":{"alt_text":"","src":"https:\/\/i0.wp.com\/www.stefaneguilbaud.com\/blog\/wp-content\/uploads\/2017\/02\/klezia_patisserie.jpg?fit=800%2C435&ssl=1&resize=350%2C200","width":350,"height":200,"srcset":"https:\/\/i0.wp.com\/www.stefaneguilbaud.com\/blog\/wp-content\/uploads\/2017\/02\/klezia_patisserie.jpg?fit=800%2C435&ssl=1&resize=350%2C200 1x, https:\/\/i0.wp.com\/www.stefaneguilbaud.com\/blog\/wp-content\/uploads\/2017\/02\/klezia_patisserie.jpg?fit=800%2C435&ssl=1&resize=525%2C300 1.5x, https:\/\/i0.wp.com\/www.stefaneguilbaud.com\/blog\/wp-content\/uploads\/2017\/02\/klezia_patisserie.jpg?fit=800%2C435&ssl=1&resize=700%2C400 2x"},"classes":[]},{"id":554,"url":"https:\/\/www.stefaneguilbaud.com\/blog\/?p=554","url_meta":{"origin":1929,"position":4},"title":"Fast food pollution ?","author":"SG","date":"25 mai 2009","format":false,"excerpt":"J'ai connu un temps o\u00f9 la principale pollution venaitde ce que les gens secouaient leur tapis par la fen\u00eatre.\"Gilbert Cesbron Le fast food fait r\u00e9guli\u00e8rement parti des chroniques li\u00e9es \u00e0 l'alimentation et la malbouffe, mais ce qui est plus rare, c'est d'entendre parler de pollution. Pourtant, il suffit d'observer pour\u2026","rel":"","context":"Dans &quot;Soci\u00e9t\u00e9&quot;","block_context":{"text":"Soci\u00e9t\u00e9","link":"https:\/\/www.stefaneguilbaud.com\/blog\/?cat=3"},"img":{"alt_text":"","src":"https:\/\/i0.wp.com\/www.stefaneguilbaud.com\/blog\/wp-content\/uploads\/2013\/11\/dechets.jpg?fit=800%2C435&ssl=1&resize=350%2C200","width":350,"height":200,"srcset":"https:\/\/i0.wp.com\/www.stefaneguilbaud.com\/blog\/wp-content\/uploads\/2013\/11\/dechets.jpg?fit=800%2C435&ssl=1&resize=350%2C200 1x, https:\/\/i0.wp.com\/www.stefaneguilbaud.com\/blog\/wp-content\/uploads\/2013\/11\/dechets.jpg?fit=800%2C435&ssl=1&resize=525%2C300 1.5x, https:\/\/i0.wp.com\/www.stefaneguilbaud.com\/blog\/wp-content\/uploads\/2013\/11\/dechets.jpg?fit=800%2C435&ssl=1&resize=700%2C400 2x"},"classes":[]},{"id":534,"url":"https:\/\/www.stefaneguilbaud.com\/blog\/?p=534","url_meta":{"origin":1929,"position":5},"title":"La bio-perversion !","author":"SG","date":"7 septembre 2009","format":false,"excerpt":"Les aliments bio ne rallongent pas la vie, mais ils ne la raccourcissent pas non plus !Un rapport s'\u00e9vertue \u00e0 nous mettre le doute, et bien que je ne sois pas un adepte de la mode du bio, il n'arrivera pas \u00e0 ses fins. Une r\u00e9cente \u00e9tude de la Food\u2026","rel":"","context":"Dans &quot;Soci\u00e9t\u00e9&quot;","block_context":{"text":"Soci\u00e9t\u00e9","link":"https:\/\/www.stefaneguilbaud.com\/blog\/?cat=3"},"img":{"alt_text":"","src":"https:\/\/i0.wp.com\/www.stefaneguilbaud.com\/blog\/wp-content\/uploads\/2013\/12\/panierbio.jpg?fit=800%2C435&ssl=1&resize=350%2C200","width":350,"height":200,"srcset":"https:\/\/i0.wp.com\/www.stefaneguilbaud.com\/blog\/wp-content\/uploads\/2013\/12\/panierbio.jpg?fit=800%2C435&ssl=1&resize=350%2C200 1x, https:\/\/i0.wp.com\/www.stefaneguilbaud.com\/blog\/wp-content\/uploads\/2013\/12\/panierbio.jpg?fit=800%2C435&ssl=1&resize=525%2C300 1.5x, https:\/\/i0.wp.com\/www.stefaneguilbaud.com\/blog\/wp-content\/uploads\/2013\/12\/panierbio.jpg?fit=800%2C435&ssl=1&resize=700%2C400 2x"},"classes":[]}],"jetpack_likes_enabled":true,"_links":{"self":[{"href":"https:\/\/www.stefaneguilbaud.com\/blog\/index.php?rest_route=\/wp\/v2\/posts\/1929","targetHints":{"allow":["GET"]}}],"collection":[{"href":"https:\/\/www.stefaneguilbaud.com\/blog\/index.php?rest_route=\/wp\/v2\/posts"}],"about":[{"href":"https:\/\/www.stefaneguilbaud.com\/blog\/index.php?rest_route=\/wp\/v2\/types\/post"}],"author":[{"embeddable":true,"href":"https:\/\/www.stefaneguilbaud.com\/blog\/index.php?rest_route=\/wp\/v2\/users\/1"}],"replies":[{"embeddable":true,"href":"https:\/\/www.stefaneguilbaud.com\/blog\/index.php?rest_route=%2Fwp%2Fv2%2Fcomments&post=1929"}],"version-history":[{"count":7,"href":"https:\/\/www.stefaneguilbaud.com\/blog\/index.php?rest_route=\/wp\/v2\/posts\/1929\/revisions"}],"predecessor-version":[{"id":1938,"href":"https:\/\/www.stefaneguilbaud.com\/blog\/index.php?rest_route=\/wp\/v2\/posts\/1929\/revisions\/1938"}],"wp:featuredmedia":[{"embeddable":true,"href":"https:\/\/www.stefaneguilbaud.com\/blog\/index.php?rest_route=\/wp\/v2\/media\/1932"}],"wp:attachment":[{"href":"https:\/\/www.stefaneguilbaud.com\/blog\/index.php?rest_route=%2Fwp%2Fv2%2Fmedia&parent=1929"}],"wp:term":[{"taxonomy":"category","embeddable":true,"href":"https:\/\/www.stefaneguilbaud.com\/blog\/index.php?rest_route=%2Fwp%2Fv2%2Fcategories&post=1929"},{"taxonomy":"post_tag","embeddable":true,"href":"https:\/\/www.stefaneguilbaud.com\/blog\/index.php?rest_route=%2Fwp%2Fv2%2Ftags&post=1929"}],"curies":[{"name":"wp","href":"https:\/\/api.w.org\/{rel}","templated":true}]}}