{"id":1877,"date":"2016-02-13T15:56:55","date_gmt":"2016-02-13T14:56:55","guid":{"rendered":"http:\/\/www.stefaneguilbaud.com\/blog\/?p=1877"},"modified":"2016-02-15T08:42:11","modified_gmt":"2016-02-15T07:42:11","slug":"maxicuisine-pour-un-maxi-refus-des-produits-industriels","status":"publish","type":"post","link":"https:\/\/www.stefaneguilbaud.com\/blog\/?p=1877","title":{"rendered":"MaxiCuisine pour un maxi refus des produits industriels"},"content":{"rendered":"<p>Dans le Maxi-Cuisine n\u00b0105, du mois de mars 2016, une interview \u00e0 propos des produits industriels.<br \/>\n&#8211; \u00c0 quoi les reconna\u00eet-on ?<br \/>\n&#8211; Que leur reprochez-vous ?<br \/>\n&#8211; Que pr\u00e9conisez-vous ?<\/p>\n<p>Bonne lecture.<\/p>\n<p>&nbsp;<\/p>\n<p><a href=\"https:\/\/i0.wp.com\/www.stefaneguilbaud.com\/blog\/wp-content\/uploads\/2016\/02\/maxicuisine.jpg\"><img data-recalc-dims=\"1\" loading=\"lazy\" decoding=\"async\" class=\"alignnone size-large wp-image-1878\" src=\"https:\/\/i0.wp.com\/www.stefaneguilbaud.com\/blog\/wp-content\/uploads\/2016\/02\/maxicuisine-680x1024.jpg?resize=650%2C979\" alt=\"maxicuisine\" width=\"650\" height=\"979\" srcset=\"https:\/\/i0.wp.com\/www.stefaneguilbaud.com\/blog\/wp-content\/uploads\/2016\/02\/maxicuisine.jpg?resize=680%2C1024&amp;ssl=1 680w, https:\/\/i0.wp.com\/www.stefaneguilbaud.com\/blog\/wp-content\/uploads\/2016\/02\/maxicuisine.jpg?resize=199%2C300&amp;ssl=1 199w, https:\/\/i0.wp.com\/www.stefaneguilbaud.com\/blog\/wp-content\/uploads\/2016\/02\/maxicuisine.jpg?w=1000&amp;ssl=1 1000w\" sizes=\"auto, (max-width: 650px) 100vw, 650px\" \/><\/a><\/p>\n","protected":false},"excerpt":{"rendered":"<p>Dans le Maxi-Cuisine n\u00b0105, du mois de mars 2016, une interview \u00e0 propos des produits industriels. &#8211; \u00c0 quoi les reconna\u00eet-on ? &#8211; Que leur &hellip; <\/p>\n","protected":false},"author":1,"featured_media":1882,"comment_status":"open","ping_status":"open","sticky":false,"template":"","format":"standard","meta":{"_exactmetrics_skip_tracking":false,"_exactmetrics_sitenote_active":false,"_exactmetrics_sitenote_note":"","_exactmetrics_sitenote_category":0,"jetpack_post_was_ever_published":false,"_jetpack_newsletter_access":"","_jetpack_dont_email_post_to_subs":false,"_jetpack_newsletter_tier_id":0,"_jetpack_memberships_contains_paywalled_content":false,"_jetpack_memberships_contains_paid_content":false,"footnotes":"","jetpack_publicize_message":"","jetpack_publicize_feature_enabled":true,"jetpack_social_post_already_shared":false,"jetpack_social_options":{"image_generator_settings":{"template":"highway","default_image_id":0,"font":"","enabled":false},"version":2}},"categories":[8,1,6,9,12],"tags":[],"class_list":["post-1877","post","type-post","status-publish","format-standard","has-post-thumbnail","hentry","category-actualites","category-alimentation","category-chroniques-parues","category-dossiers","category-reportage"],"jetpack_publicize_connections":[],"jetpack_featured_media_url":"https:\/\/i0.wp.com\/www.stefaneguilbaud.com\/blog\/wp-content\/uploads\/2016\/02\/maxicuisineentete1.jpg?fit=800%2C435&ssl=1","jetpack_sharing_enabled":true,"jetpack_shortlink":"https:\/\/wp.me\/p8a0UX-uh","jetpack-related-posts":[{"id":1704,"url":"https:\/\/www.stefaneguilbaud.com\/blog\/?p=1704","url_meta":{"origin":1877,"position":0},"title":"20 novembre 2015","author":"SG","date":"20 novembre 2015","format":false,"excerpt":"Et bien voil\u00e0. Apr\u00e8s, un immense plaisir, mais avec beaucoup de travail, la sortie de mon 3e livre. \"Je ne mange pas de produits industriels\". \u00c9ditions Eyrolles 2015. I \u2022 LA DERNI\u00c8RE DE COUVERTURE : Vive la d\u00e9sob\u00e9issance alimentaire\u00a0! Notre alimentation a profond\u00e9ment chang\u00e9 en quelques d\u00e9cennies et les produits\u2026","rel":"","context":"Dans &quot;Actualit\u00e9s&quot;","block_context":{"text":"Actualit\u00e9s","link":"https:\/\/www.stefaneguilbaud.com\/blog\/?cat=8"},"img":{"alt_text":"","src":"https:\/\/i0.wp.com\/www.stefaneguilbaud.com\/blog\/wp-content\/uploads\/2015\/11\/blog.jpg?fit=800%2C435&ssl=1&resize=350%2C200","width":350,"height":200,"srcset":"https:\/\/i0.wp.com\/www.stefaneguilbaud.com\/blog\/wp-content\/uploads\/2015\/11\/blog.jpg?fit=800%2C435&ssl=1&resize=350%2C200 1x, https:\/\/i0.wp.com\/www.stefaneguilbaud.com\/blog\/wp-content\/uploads\/2015\/11\/blog.jpg?fit=800%2C435&ssl=1&resize=525%2C300 1.5x, https:\/\/i0.wp.com\/www.stefaneguilbaud.com\/blog\/wp-content\/uploads\/2015\/11\/blog.jpg?fit=800%2C435&ssl=1&resize=700%2C400 2x"},"classes":[]},{"id":4189,"url":"https:\/\/www.stefaneguilbaud.com\/blog\/?p=4189","url_meta":{"origin":1877,"position":1},"title":"NUTRISCORE ! C&rsquo;est la f\u00eate chez les industriels !!!","author":"SG","date":"11 mars 2025","format":false,"excerpt":"Notre d\u00e9vou\u00e9e ministre de l'Agriculture, Annie Genevard, a une fois de plus prouv\u00e9 qu'elle est la meilleure amie des g\u00e9ants de l'agroalimentaire. Danone, Savencia, Lactalis, Sodiaal, les rois de la charcuterie... tous ont trouv\u00e9 en elle une oreille attentive, une alli\u00e9e d\u00e9vou\u00e9e. Et pour cause ! Le Nutri-Score, ce vilain\u2026","rel":"","context":"Dans &quot;Actualit\u00e9s&quot;","block_context":{"text":"Actualit\u00e9s","link":"https:\/\/www.stefaneguilbaud.com\/blog\/?cat=8"},"img":{"alt_text":"","src":"https:\/\/i0.wp.com\/www.stefaneguilbaud.com\/blog\/wp-content\/uploads\/2025\/03\/malbouffe.jpeg?fit=800%2C435&ssl=1&resize=350%2C200","width":350,"height":200,"srcset":"https:\/\/i0.wp.com\/www.stefaneguilbaud.com\/blog\/wp-content\/uploads\/2025\/03\/malbouffe.jpeg?fit=800%2C435&ssl=1&resize=350%2C200 1x, https:\/\/i0.wp.com\/www.stefaneguilbaud.com\/blog\/wp-content\/uploads\/2025\/03\/malbouffe.jpeg?fit=800%2C435&ssl=1&resize=525%2C300 1.5x, https:\/\/i0.wp.com\/www.stefaneguilbaud.com\/blog\/wp-content\/uploads\/2025\/03\/malbouffe.jpeg?fit=800%2C435&ssl=1&resize=700%2C400 2x"},"classes":[]},{"id":42,"url":"https:\/\/www.stefaneguilbaud.com\/blog\/?p=42","url_meta":{"origin":1877,"position":2},"title":"Consommer local et de saison","author":"SG","date":"14 f\u00e9vrier 2016","format":false,"excerpt":"Afin de pouvoir consommer local et de saison, voici un extrait, page 209, du livre \"Je ne mange pas de produits industriels\" aux \u00e9ditions Eyrolles. Je vous propose le mois de MARS, qui annonce le printemps. Quoique, cette ann\u00e9e, avec ces temp\u00e9ratures trop chaudes, c'est du n'importe quoi ! J'avais\u2026","rel":"","context":"Dans &quot;Alimentation&quot;","block_context":{"text":"Alimentation","link":"https:\/\/www.stefaneguilbaud.com\/blog\/?cat=1"},"img":{"alt_text":"","src":"https:\/\/i0.wp.com\/www.stefaneguilbaud.com\/blog\/wp-content\/uploads\/2016\/02\/printemps.jpg?fit=800%2C435&ssl=1&resize=350%2C200","width":350,"height":200,"srcset":"https:\/\/i0.wp.com\/www.stefaneguilbaud.com\/blog\/wp-content\/uploads\/2016\/02\/printemps.jpg?fit=800%2C435&ssl=1&resize=350%2C200 1x, https:\/\/i0.wp.com\/www.stefaneguilbaud.com\/blog\/wp-content\/uploads\/2016\/02\/printemps.jpg?fit=800%2C435&ssl=1&resize=525%2C300 1.5x, https:\/\/i0.wp.com\/www.stefaneguilbaud.com\/blog\/wp-content\/uploads\/2016\/02\/printemps.jpg?fit=800%2C435&ssl=1&resize=700%2C400 2x"},"classes":[]},{"id":1469,"url":"https:\/\/www.stefaneguilbaud.com\/blog\/?p=1469","url_meta":{"origin":1877,"position":3},"title":"Une des 52 nouvelles mesures de simplification pour les entreprises","author":"SG","date":"1 juin 2015","format":false,"excerpt":"Dans le cadre d'une simplification pour les entreprises fran\u00e7aise -pour rester comp\u00e9titives face aux autres pays de l'Europe-, le gouvernement a propos\u00e9 52 mesures pour stimuler l\u2019activit\u00e9 \u00e9conomique, en rendant les proc\u00e9dures plus faciles, plus rapides, sans diminuer les protections ou les droits essentiels. A la rubrique n\u00b0 1, \"Simplifier\u2026","rel":"","context":"Dans &quot;Actualit\u00e9s&quot;","block_context":{"text":"Actualit\u00e9s","link":"https:\/\/www.stefaneguilbaud.com\/blog\/?cat=8"},"img":{"alt_text":"","src":"https:\/\/i0.wp.com\/www.stefaneguilbaud.com\/blog\/wp-content\/uploads\/2015\/06\/ordi.jpg?fit=800%2C435&ssl=1&resize=350%2C200","width":350,"height":200,"srcset":"https:\/\/i0.wp.com\/www.stefaneguilbaud.com\/blog\/wp-content\/uploads\/2015\/06\/ordi.jpg?fit=800%2C435&ssl=1&resize=350%2C200 1x, https:\/\/i0.wp.com\/www.stefaneguilbaud.com\/blog\/wp-content\/uploads\/2015\/06\/ordi.jpg?fit=800%2C435&ssl=1&resize=525%2C300 1.5x, https:\/\/i0.wp.com\/www.stefaneguilbaud.com\/blog\/wp-content\/uploads\/2015\/06\/ordi.jpg?fit=800%2C435&ssl=1&resize=700%2C400 2x"},"classes":[]},{"id":4066,"url":"https:\/\/www.stefaneguilbaud.com\/blog\/?p=4066","url_meta":{"origin":1877,"position":4},"title":"Les \u00e9mulsifiants alimentaires, des additifs dangereux pour le c\u0153ur ?","author":"SG","date":"8 septembre 2023","format":false,"excerpt":"Une \u00e9tude fran\u00e7aise publi\u00e9e ce mercredi 6 septembre 2023 dans le British Medical Journal sugg\u00e8re qu'une consommation \u00e9lev\u00e9e d'\u00e9mulsifiants alimentaires peut augmenter le risque de maladies cardiovasculaires. M\u00eame si pour la \"d\u00e9sob\u00e9issance alimentaire\", ce n'est plus un scoop. Faisons un focus sur le r\u00e9sultat ! Les \u00e9mulsifiants alimentaires sont des\u2026","rel":"","context":"Dans &quot;Alimentation&quot;","block_context":{"text":"Alimentation","link":"https:\/\/www.stefaneguilbaud.com\/blog\/?cat=1"},"img":{"alt_text":"","src":"https:\/\/i0.wp.com\/www.stefaneguilbaud.com\/blog\/wp-content\/uploads\/2023\/09\/additifs.jpg?fit=800%2C435&ssl=1&resize=350%2C200","width":350,"height":200,"srcset":"https:\/\/i0.wp.com\/www.stefaneguilbaud.com\/blog\/wp-content\/uploads\/2023\/09\/additifs.jpg?fit=800%2C435&ssl=1&resize=350%2C200 1x, https:\/\/i0.wp.com\/www.stefaneguilbaud.com\/blog\/wp-content\/uploads\/2023\/09\/additifs.jpg?fit=800%2C435&ssl=1&resize=525%2C300 1.5x, https:\/\/i0.wp.com\/www.stefaneguilbaud.com\/blog\/wp-content\/uploads\/2023\/09\/additifs.jpg?fit=800%2C435&ssl=1&resize=700%2C400 2x"},"classes":[]},{"id":2665,"url":"https:\/\/www.stefaneguilbaud.com\/blog\/?p=2665","url_meta":{"origin":1877,"position":5},"title":"J&rsquo;arr\u00eate le sucre ?","author":"SG","date":"18 mai 2018","format":false,"excerpt":"BFMTV a consacr\u00e9 un dossier complet sur le sucre. \u00c0 cette occasion, C\u00e9line Hussonnois-Alaya m'a interview\u00e9 pour participer \u00e0 l'analyse de cette grande bataille pour arr\u00eater le sucre. Avec mes 17 ans d'exp\u00e9rience sans sucre, je contribue modestement \u00e0 son enqu\u00eate, une saga de 10 articles\u2026 Pour des raisons \u00e9videntes\u2026","rel":"","context":"Dans &quot;Alimentation&quot;","block_context":{"text":"Alimentation","link":"https:\/\/www.stefaneguilbaud.com\/blog\/?cat=1"},"img":{"alt_text":"","src":"https:\/\/i0.wp.com\/www.stefaneguilbaud.com\/blog\/wp-content\/uploads\/2018\/04\/sucre.jpg?fit=800%2C435&ssl=1&resize=350%2C200","width":350,"height":200,"srcset":"https:\/\/i0.wp.com\/www.stefaneguilbaud.com\/blog\/wp-content\/uploads\/2018\/04\/sucre.jpg?fit=800%2C435&ssl=1&resize=350%2C200 1x, https:\/\/i0.wp.com\/www.stefaneguilbaud.com\/blog\/wp-content\/uploads\/2018\/04\/sucre.jpg?fit=800%2C435&ssl=1&resize=525%2C300 1.5x, https:\/\/i0.wp.com\/www.stefaneguilbaud.com\/blog\/wp-content\/uploads\/2018\/04\/sucre.jpg?fit=800%2C435&ssl=1&resize=700%2C400 2x"},"classes":[]}],"jetpack_likes_enabled":true,"_links":{"self":[{"href":"https:\/\/www.stefaneguilbaud.com\/blog\/index.php?rest_route=\/wp\/v2\/posts\/1877","targetHints":{"allow":["GET"]}}],"collection":[{"href":"https:\/\/www.stefaneguilbaud.com\/blog\/index.php?rest_route=\/wp\/v2\/posts"}],"about":[{"href":"https:\/\/www.stefaneguilbaud.com\/blog\/index.php?rest_route=\/wp\/v2\/types\/post"}],"author":[{"embeddable":true,"href":"https:\/\/www.stefaneguilbaud.com\/blog\/index.php?rest_route=\/wp\/v2\/users\/1"}],"replies":[{"embeddable":true,"href":"https:\/\/www.stefaneguilbaud.com\/blog\/index.php?rest_route=%2Fwp%2Fv2%2Fcomments&post=1877"}],"version-history":[{"count":2,"href":"https:\/\/www.stefaneguilbaud.com\/blog\/index.php?rest_route=\/wp\/v2\/posts\/1877\/revisions"}],"predecessor-version":[{"id":1893,"href":"https:\/\/www.stefaneguilbaud.com\/blog\/index.php?rest_route=\/wp\/v2\/posts\/1877\/revisions\/1893"}],"wp:featuredmedia":[{"embeddable":true,"href":"https:\/\/www.stefaneguilbaud.com\/blog\/index.php?rest_route=\/wp\/v2\/media\/1882"}],"wp:attachment":[{"href":"https:\/\/www.stefaneguilbaud.com\/blog\/index.php?rest_route=%2Fwp%2Fv2%2Fmedia&parent=1877"}],"wp:term":[{"taxonomy":"category","embeddable":true,"href":"https:\/\/www.stefaneguilbaud.com\/blog\/index.php?rest_route=%2Fwp%2Fv2%2Fcategories&post=1877"},{"taxonomy":"post_tag","embeddable":true,"href":"https:\/\/www.stefaneguilbaud.com\/blog\/index.php?rest_route=%2Fwp%2Fv2%2Ftags&post=1877"}],"curies":[{"name":"wp","href":"https:\/\/api.w.org\/{rel}","templated":true}]}}