{"id":1540,"date":"2015-07-01T20:45:47","date_gmt":"2015-07-01T19:45:47","guid":{"rendered":"http:\/\/www.stefaneguilbaud.com\/blog\/?p=1540"},"modified":"2015-07-01T20:56:41","modified_gmt":"2015-07-01T19:56:41","slug":"semantique-marketing-autour-du-smoothie","status":"publish","type":"post","link":"https:\/\/www.stefaneguilbaud.com\/blog\/?p=1540","title":{"rendered":"S\u00e9mantique marketing autour du smoothie"},"content":{"rendered":"<p>Cet \u00e9t\u00e9, vous risquez de retrouver des affichettes publicitaires non loin des buvettes pour le \u00ab\u00a0Bar \u00e0 Fruits\u00a0\u00bb, \u00ab\u00a0l&rsquo;unique 100% smoothie\u00a0\u00bb du groupe <a href=\"http:\/\/www.cafes-folliet.com\/news\/111-dpsmoothie\" target=\"_blank\">Caf\u00e9 Folliet &#8211; Tropico<\/a>.<\/p>\n<p>L&rsquo;affiche \u00ab\u00a0bar \u00e0 fruits\u00a0\u00bb nous annonce des smoothies, et comme je le montre sur une version en noir et blanc pour faire ressortir les arguments du produit, il y a \u00e9crit \u00ab\u00a0<strong>mix\u00e9s sur place<\/strong>\u00ab\u00a0, avec une photo de smoothies accompagn\u00e9s de <strong>fruits frais<\/strong>.<\/p>\n<p>Mais il suffit de regarder la fa\u00e7on dont le commer\u00e7ant va le r\u00e9aliser, pour se poser quelques questions.<br \/>\n1) Il sort du frigo, une bouteille de type Tetrapak\u00ae contenant une pur\u00e9e de fruits mix\u00e9s.<br \/>\n<em> Quid des ingr\u00e9dients : Frais, sous vide ? Pasteuris\u00e9s ? Avec ajout de sucre ou d&rsquo;ar\u00f4me ? Artisanal ? Industriel ?<\/em><br \/>\n2) Il ajoute 2 gla\u00e7ons dans le godet<br \/>\n3) Appuie sur le bouton de mixage et vous le sert pour un smoothie mix\u00e9 sur place.<\/p>\n<p><a href=\"http:\/\/www.cafes-folliet.com\/images\/dpsmoothie.pdf\" target=\"_blank\">Lisez le dossier de presse<\/a> pour vous en convaincre.<\/p>\n<p>Est-ce un abus de langage ou une fa\u00e7on de jouer sur les mots ? Il s&rsquo;agit, \u00e0 mon sens, d&rsquo;un simple m\u00e9lange, sur place qui ne devrait souffrir d&rsquo;aucune ambigu\u00eft\u00e9 ! Non ?<br \/>\nDe plus, l&rsquo;affiche pourrait laisser imaginer que le smoothie est fait \u00e0 partir de fruits frais. En tous les cas, nous \u00e9tions cinq \u00e0 une buvette d&rsquo;Aix-les-Bains (73) et nous avons tous \u00e9t\u00e9 bern\u00e9s. Alors que je retournais chercher un gla\u00e7on, quelle f\u00fbt ma surprise en voyant le barman en train de sortir un smoothie sans avoir un seul fruit frais dans son entourage.<br \/>\nLe Larousse donne comme d\u00e9finition du mot \u00ab\u00a0Mixer\u00a0\u00bb : Appareil \u00e9lectrique constitu\u00e9 d&rsquo;un couteau-h\u00e9lice tournant \u00e0 tr\u00e8s grande vitesse, servant \u00e0 broyer et \u00e0 m\u00e9langer des aliments. Mais alors un concentr\u00e9 de fruits, doit-il \u00eatre mix\u00e9 ? Remix\u00e9 ? M\u00e9lang\u00e9 ? Pr\u00e9par\u00e9 ? C&rsquo;est difficile, donc toujours complexe vis \u00e0 vis d&rsquo;un consommateur assoiff\u00e9.<\/p>\n<p>Adh\u00e9rer ou non, c&rsquo;est vous qui voyez, mais vous serez inform\u00e9s. Pour ma part, je serais encore plus vigilant la prochaine fois.<\/p>\n<p><a href=\"https:\/\/i0.wp.com\/www.stefaneguilbaud.com\/blog\/wp-content\/uploads\/2015\/07\/A.jpg\"><img data-recalc-dims=\"1\" loading=\"lazy\" decoding=\"async\" class=\"alignnone size-full wp-image-1541\" src=\"https:\/\/i0.wp.com\/www.stefaneguilbaud.com\/blog\/wp-content\/uploads\/2015\/07\/A.jpg?resize=400%2C561\" alt=\"A\" width=\"400\" height=\"561\" srcset=\"https:\/\/i0.wp.com\/www.stefaneguilbaud.com\/blog\/wp-content\/uploads\/2015\/07\/A.jpg?w=400&amp;ssl=1 400w, https:\/\/i0.wp.com\/www.stefaneguilbaud.com\/blog\/wp-content\/uploads\/2015\/07\/A.jpg?resize=214%2C300&amp;ssl=1 214w\" sizes=\"auto, (max-width: 400px) 100vw, 400px\" \/><\/a><a href=\"https:\/\/i0.wp.com\/www.stefaneguilbaud.com\/blog\/wp-content\/uploads\/2015\/07\/B.jpg\"><img data-recalc-dims=\"1\" loading=\"lazy\" decoding=\"async\" class=\"alignnone size-full wp-image-1542\" src=\"https:\/\/i0.wp.com\/www.stefaneguilbaud.com\/blog\/wp-content\/uploads\/2015\/07\/B.jpg?resize=400%2C561\" alt=\"B\" width=\"400\" height=\"561\" srcset=\"https:\/\/i0.wp.com\/www.stefaneguilbaud.com\/blog\/wp-content\/uploads\/2015\/07\/B.jpg?w=400&amp;ssl=1 400w, https:\/\/i0.wp.com\/www.stefaneguilbaud.com\/blog\/wp-content\/uploads\/2015\/07\/B.jpg?resize=214%2C300&amp;ssl=1 214w\" sizes=\"auto, (max-width: 400px) 100vw, 400px\" \/><\/a><\/p>\n<p>Plus surprenant, le site internet de 100% smoothie pr\u00e9sente le concept en mentionnant\u00a0 \u00ab\u00a0<strong>Affirmez votre diff\u00e9rence avec un concept unique 100% Smoothie\u00a0\u00bb<\/strong> ?<br \/>\nJ&rsquo;ai du mal \u00e0 comprendre, en quoi ne pas proposer un smoothie \u00e0 partir de fruits frais, comme le font tous les commer\u00e7ants que je c\u00f4toie, serait une diff\u00e9rence notable ?<\/p>\n","protected":false},"excerpt":{"rendered":"<p>Cet \u00e9t\u00e9, vous risquez de retrouver des affichettes publicitaires non loin des buvettes pour le \u00ab\u00a0Bar \u00e0 Fruits\u00a0\u00bb, \u00ab\u00a0l&rsquo;unique 100% smoothie\u00a0\u00bb du groupe Caf\u00e9 Folliet &hellip; <\/p>\n","protected":false},"author":1,"featured_media":215,"comment_status":"open","ping_status":"open","sticky":false,"template":"","format":"standard","meta":{"_exactmetrics_skip_tracking":false,"_exactmetrics_sitenote_active":false,"_exactmetrics_sitenote_note":"","_exactmetrics_sitenote_category":0,"jetpack_post_was_ever_published":false,"_jetpack_newsletter_access":"","_jetpack_dont_email_post_to_subs":false,"_jetpack_newsletter_tier_id":0,"_jetpack_memberships_contains_paywalled_content":false,"_jetpack_memberships_contains_paid_content":false,"footnotes":"","jetpack_publicize_message":"","jetpack_publicize_feature_enabled":true,"jetpack_social_post_already_shared":false,"jetpack_social_options":{"image_generator_settings":{"template":"highway","default_image_id":0,"font":"","enabled":false},"version":2}},"categories":[8,7],"tags":[],"class_list":["post-1540","post","type-post","status-publish","format-standard","has-post-thumbnail","hentry","category-actualites","category-coups-de-gueule"],"jetpack_publicize_connections":[],"jetpack_featured_media_url":"https:\/\/i0.wp.com\/www.stefaneguilbaud.com\/blog\/wp-content\/uploads\/2013\/11\/coupdegueule.jpg?fit=800%2C435&ssl=1","jetpack_sharing_enabled":true,"jetpack_shortlink":"https:\/\/wp.me\/p8a0UX-oQ","jetpack-related-posts":[{"id":569,"url":"https:\/\/www.stefaneguilbaud.com\/blog\/?p=569","url_meta":{"origin":1540,"position":0},"title":"Manger surgel\u00e9 ou manger frais ?","author":"SG","date":"12 mai 2009","format":false,"excerpt":"Consommer des fruits et l\u00e9gumes quotidiennement est une bonne chose,mais pouvons nous les consommer \"surgel\u00e9s\" ? Cette question revient souvent. Nous pouvons y r\u00e9pondre en d\u00e9taillant 4 fa\u00e7ons de les consommer. 1 \u2022 Cueilli du matin, dans votre jardin et consomm\u00e9 de suite.Le produit est extr\u00eamement frais, vous ne pourrez\u2026","rel":"","context":"Dans &quot;Actualit\u00e9s&quot;","block_context":{"text":"Actualit\u00e9s","link":"https:\/\/www.stefaneguilbaud.com\/blog\/?cat=8"},"img":{"alt_text":"","src":"https:\/\/i0.wp.com\/www.stefaneguilbaud.com\/blog\/wp-content\/uploads\/2013\/12\/levres-surgele%CC%81es.jpg?fit=800%2C435&ssl=1&resize=350%2C200","width":350,"height":200,"srcset":"https:\/\/i0.wp.com\/www.stefaneguilbaud.com\/blog\/wp-content\/uploads\/2013\/12\/levres-surgele%CC%81es.jpg?fit=800%2C435&ssl=1&resize=350%2C200 1x, https:\/\/i0.wp.com\/www.stefaneguilbaud.com\/blog\/wp-content\/uploads\/2013\/12\/levres-surgele%CC%81es.jpg?fit=800%2C435&ssl=1&resize=525%2C300 1.5x, https:\/\/i0.wp.com\/www.stefaneguilbaud.com\/blog\/wp-content\/uploads\/2013\/12\/levres-surgele%CC%81es.jpg?fit=800%2C435&ssl=1&resize=700%2C400 2x"},"classes":[]},{"id":2618,"url":"https:\/\/www.stefaneguilbaud.com\/blog\/?p=2618","url_meta":{"origin":1540,"position":1},"title":"Madeleines de Prout ?","author":"SG","date":"30 octobre 2017","format":false,"excerpt":"Non ce n'est pas une faute de frappe, il semblerait bien que certains biscuits, et de surcroit certaines madeleines, soient bien loin des \u201cmadeleines de Proust\u201d. Dans le m\u00eame esprit que l'\u00e9mission de Charlotte Savreux, auquel j'ai particip\u00e9 avec P\u00e9rico Legasse sur le sujet du marketing. Voici une belle litt\u00e9rature\u2026\u2026","rel":"","context":"Dans &quot;Alimentation&quot;","block_context":{"text":"Alimentation","link":"https:\/\/www.stefaneguilbaud.com\/blog\/?cat=1"},"img":{"alt_text":"","src":"https:\/\/i0.wp.com\/www.stefaneguilbaud.com\/blog\/wp-content\/uploads\/2019\/04\/madeleines-studio.jpg?fit=800%2C435&ssl=1&resize=350%2C200","width":350,"height":200,"srcset":"https:\/\/i0.wp.com\/www.stefaneguilbaud.com\/blog\/wp-content\/uploads\/2019\/04\/madeleines-studio.jpg?fit=800%2C435&ssl=1&resize=350%2C200 1x, https:\/\/i0.wp.com\/www.stefaneguilbaud.com\/blog\/wp-content\/uploads\/2019\/04\/madeleines-studio.jpg?fit=800%2C435&ssl=1&resize=525%2C300 1.5x, https:\/\/i0.wp.com\/www.stefaneguilbaud.com\/blog\/wp-content\/uploads\/2019\/04\/madeleines-studio.jpg?fit=800%2C435&ssl=1&resize=700%2C400 2x"},"classes":[]},{"id":181,"url":"https:\/\/www.stefaneguilbaud.com\/blog\/?p=181","url_meta":{"origin":1540,"position":2},"title":"La marque s&rsquo;en m\u00eale","author":"SG","date":"7 d\u00e9cembre 2010","format":false,"excerpt":"Les m\u00e9dias s'emparent d'informations sur le site \u00ab manger-bouger.fr \u00bb. Le dernier que j'ai pu lire et o\u00f9 j'ai pu le constater est Brand's de Monoprix. J'y d\u00e9couvre une somme, de points de vues, diff\u00e9rente du mien \u2026 On peut lire dans le nouveau magazine de Monoprix, Brand's \u2014 la\u2026","rel":"","context":"Dans &quot;Alimentation&quot;","block_context":{"text":"Alimentation","link":"https:\/\/www.stefaneguilbaud.com\/blog\/?cat=1"},"img":{"alt_text":"","src":"https:\/\/i0.wp.com\/www.stefaneguilbaud.com\/blog\/wp-content\/uploads\/2013\/11\/brands.jpg?fit=800%2C435&ssl=1&resize=350%2C200","width":350,"height":200,"srcset":"https:\/\/i0.wp.com\/www.stefaneguilbaud.com\/blog\/wp-content\/uploads\/2013\/11\/brands.jpg?fit=800%2C435&ssl=1&resize=350%2C200 1x, https:\/\/i0.wp.com\/www.stefaneguilbaud.com\/blog\/wp-content\/uploads\/2013\/11\/brands.jpg?fit=800%2C435&ssl=1&resize=525%2C300 1.5x, https:\/\/i0.wp.com\/www.stefaneguilbaud.com\/blog\/wp-content\/uploads\/2013\/11\/brands.jpg?fit=800%2C435&ssl=1&resize=700%2C400 2x"},"classes":[]},{"id":1233,"url":"https:\/\/www.stefaneguilbaud.com\/blog\/?p=1233","url_meta":{"origin":1540,"position":3},"title":"Pour ou contre le lait. Infini d\u00e9bat.","author":"SG","date":"24 f\u00e9vrier 2015","format":false,"excerpt":"4 professionnels aux avis radicalement oppos\u00e9s reviennent sur la pol\u00e9mique de la consommation de lait sur le site de PASSEPORT SANTE.NET Si toutes les r\u00e9centes \u00e9tudes sur le lait ne suffisent pas \u00e0 vous faire une opinion, les m\u00e9dias en remettent une couche. Avec le genre de t\u00e9moignages que nous\u2026","rel":"","context":"Dans &quot;Actualit\u00e9s&quot;","block_context":{"text":"Actualit\u00e9s","link":"https:\/\/www.stefaneguilbaud.com\/blog\/?cat=8"},"img":{"alt_text":"","src":"https:\/\/i0.wp.com\/www.stefaneguilbaud.com\/blog\/wp-content\/uploads\/2010\/01\/laitages.jpg?fit=800%2C435&ssl=1&resize=350%2C200","width":350,"height":200,"srcset":"https:\/\/i0.wp.com\/www.stefaneguilbaud.com\/blog\/wp-content\/uploads\/2010\/01\/laitages.jpg?fit=800%2C435&ssl=1&resize=350%2C200 1x, https:\/\/i0.wp.com\/www.stefaneguilbaud.com\/blog\/wp-content\/uploads\/2010\/01\/laitages.jpg?fit=800%2C435&ssl=1&resize=525%2C300 1.5x, https:\/\/i0.wp.com\/www.stefaneguilbaud.com\/blog\/wp-content\/uploads\/2010\/01\/laitages.jpg?fit=800%2C435&ssl=1&resize=700%2C400 2x"},"classes":[]},{"id":429,"url":"https:\/\/www.stefaneguilbaud.com\/blog\/?p=429","url_meta":{"origin":1540,"position":4},"title":"8 Fran\u00e7ais sur 10 mangent du sucre 1 fois par semaine","author":"SG","date":"8 f\u00e9vrier 2010","format":false,"excerpt":"Le Centre d'\u00c9tudes et de Documentation du Sucre (Cedus) \u00e0 publi\u00e9, le 29 septembre 2009, une \u00e9tude qui r\u00e9v\u00e8le que pr\u00e8s de 8 Fran\u00e7ais sur 10 consomment du sucre au moins une fois par semaine. Gr\u00e2ce aux travaux d'enqu\u00eate de l'Individuelle Nationale des Consommations Alimentaires (Inca), de l'Agence Fran\u00e7aise de\u2026","rel":"","context":"Dans &quot;Actualit\u00e9s&quot;","block_context":{"text":"Actualit\u00e9s","link":"https:\/\/www.stefaneguilbaud.com\/blog\/?cat=8"},"img":{"alt_text":"","src":"https:\/\/i0.wp.com\/www.stefaneguilbaud.com\/blog\/wp-content\/uploads\/2013\/11\/sucre.jpg?fit=800%2C435&ssl=1&resize=350%2C200","width":350,"height":200,"srcset":"https:\/\/i0.wp.com\/www.stefaneguilbaud.com\/blog\/wp-content\/uploads\/2013\/11\/sucre.jpg?fit=800%2C435&ssl=1&resize=350%2C200 1x, https:\/\/i0.wp.com\/www.stefaneguilbaud.com\/blog\/wp-content\/uploads\/2013\/11\/sucre.jpg?fit=800%2C435&ssl=1&resize=525%2C300 1.5x, https:\/\/i0.wp.com\/www.stefaneguilbaud.com\/blog\/wp-content\/uploads\/2013\/11\/sucre.jpg?fit=800%2C435&ssl=1&resize=700%2C400 2x"},"classes":[]},{"id":2303,"url":"https:\/\/www.stefaneguilbaud.com\/blog\/?p=2303","url_meta":{"origin":1540,"position":5},"title":"La grenade\u2026 un fruit d\u00e9licieux.","author":"SG","date":"18 novembre 2016","format":false,"excerpt":"C'est la saison ! Novembre, d\u00e9cembre, janvier, f\u00e9vrier ! Profitez de la grenade.\u2028 Pour se r\u00e9galer, choisir des grenades avec une teinte de peau allant du brun\/orange au rouge, mais surtout choisir des fruits lourds, garants de jutosit\u00e9. La grenade,\u00a0du latin malum\u00a0granatum qui signifie \u00ab\u00a0fruit \u00e0 petits grains\u00a0\u00bb, est un\u2026","rel":"","context":"Dans &quot;Alimentation&quot;","block_context":{"text":"Alimentation","link":"https:\/\/www.stefaneguilbaud.com\/blog\/?cat=1"},"img":{"alt_text":"","src":"https:\/\/i0.wp.com\/www.stefaneguilbaud.com\/blog\/wp-content\/uploads\/2016\/11\/stockvault-pomegranate128246.jpg?fit=800%2C435&ssl=1&resize=350%2C200","width":350,"height":200,"srcset":"https:\/\/i0.wp.com\/www.stefaneguilbaud.com\/blog\/wp-content\/uploads\/2016\/11\/stockvault-pomegranate128246.jpg?fit=800%2C435&ssl=1&resize=350%2C200 1x, https:\/\/i0.wp.com\/www.stefaneguilbaud.com\/blog\/wp-content\/uploads\/2016\/11\/stockvault-pomegranate128246.jpg?fit=800%2C435&ssl=1&resize=525%2C300 1.5x, https:\/\/i0.wp.com\/www.stefaneguilbaud.com\/blog\/wp-content\/uploads\/2016\/11\/stockvault-pomegranate128246.jpg?fit=800%2C435&ssl=1&resize=700%2C400 2x"},"classes":[]}],"jetpack_likes_enabled":true,"_links":{"self":[{"href":"https:\/\/www.stefaneguilbaud.com\/blog\/index.php?rest_route=\/wp\/v2\/posts\/1540","targetHints":{"allow":["GET"]}}],"collection":[{"href":"https:\/\/www.stefaneguilbaud.com\/blog\/index.php?rest_route=\/wp\/v2\/posts"}],"about":[{"href":"https:\/\/www.stefaneguilbaud.com\/blog\/index.php?rest_route=\/wp\/v2\/types\/post"}],"author":[{"embeddable":true,"href":"https:\/\/www.stefaneguilbaud.com\/blog\/index.php?rest_route=\/wp\/v2\/users\/1"}],"replies":[{"embeddable":true,"href":"https:\/\/www.stefaneguilbaud.com\/blog\/index.php?rest_route=%2Fwp%2Fv2%2Fcomments&post=1540"}],"version-history":[{"count":7,"href":"https:\/\/www.stefaneguilbaud.com\/blog\/index.php?rest_route=\/wp\/v2\/posts\/1540\/revisions"}],"predecessor-version":[{"id":1550,"href":"https:\/\/www.stefaneguilbaud.com\/blog\/index.php?rest_route=\/wp\/v2\/posts\/1540\/revisions\/1550"}],"wp:featuredmedia":[{"embeddable":true,"href":"https:\/\/www.stefaneguilbaud.com\/blog\/index.php?rest_route=\/wp\/v2\/media\/215"}],"wp:attachment":[{"href":"https:\/\/www.stefaneguilbaud.com\/blog\/index.php?rest_route=%2Fwp%2Fv2%2Fmedia&parent=1540"}],"wp:term":[{"taxonomy":"category","embeddable":true,"href":"https:\/\/www.stefaneguilbaud.com\/blog\/index.php?rest_route=%2Fwp%2Fv2%2Fcategories&post=1540"},{"taxonomy":"post_tag","embeddable":true,"href":"https:\/\/www.stefaneguilbaud.com\/blog\/index.php?rest_route=%2Fwp%2Fv2%2Ftags&post=1540"}],"curies":[{"name":"wp","href":"https:\/\/api.w.org\/{rel}","templated":true}]}}