{"id":1524,"date":"2015-06-30T20:00:48","date_gmt":"2015-06-30T19:00:48","guid":{"rendered":"http:\/\/www.stefaneguilbaud.com\/blog\/?p=1524"},"modified":"2015-07-06T10:47:51","modified_gmt":"2015-07-06T09:47:51","slug":"les-fromages-et-leurs-saisons","status":"publish","type":"post","link":"https:\/\/www.stefaneguilbaud.com\/blog\/?p=1524","title":{"rendered":"Les fromages et leurs saisons"},"content":{"rendered":"<p>Toujours en qu\u00eate d&rsquo;informer sur la nature des aliments, je vous propose un tableau r\u00e9capitulant les saisons des fromages, car il y a bel et bien des saisons li\u00e9es au confort de l&rsquo;animal.<br \/>\nRencontre fructueuse avec un personnage passionn\u00e9 : Benoit Lemari\u00e9 de la <a href=\"http:\/\/www.fromagerie-lemarie.com\/Accueil.html\" target=\"_blank\">fromagerie Lemari\u00e9<\/a>, dont voici le fruit de notre travail.<\/p>\n<p>Voici un r\u00e9capitulatif des fromages et de leurs saisons<br \/>\n\u00e0 t\u00e9l\u00e9charger gratuitement : (LE SCHEMA EST EN COURS DE MODIFICATION \/ MERCI DE REVENIR LE TELECHARGER PLUS TARD)<\/p>\n","protected":false},"excerpt":{"rendered":"<p>Toujours en qu\u00eate d&rsquo;informer sur la nature des aliments, je vous propose un tableau r\u00e9capitulant les saisons des fromages, car il y a bel et &hellip; <\/p>\n","protected":false},"author":1,"featured_media":1528,"comment_status":"open","ping_status":"open","sticky":false,"template":"","format":"standard","meta":{"_exactmetrics_skip_tracking":false,"_exactmetrics_sitenote_active":false,"_exactmetrics_sitenote_note":"","_exactmetrics_sitenote_category":0,"jetpack_post_was_ever_published":false,"_jetpack_newsletter_access":"","_jetpack_dont_email_post_to_subs":false,"_jetpack_newsletter_tier_id":0,"_jetpack_memberships_contains_paywalled_content":false,"_jetpack_memberships_contains_paid_content":false,"footnotes":"","jetpack_publicize_message":"","jetpack_publicize_feature_enabled":true,"jetpack_social_post_already_shared":false,"jetpack_social_options":{"image_generator_settings":{"template":"highway","default_image_id":0,"font":"","enabled":false},"version":2}},"categories":[1,9],"tags":[],"class_list":["post-1524","post","type-post","status-publish","format-standard","has-post-thumbnail","hentry","category-alimentation","category-dossiers"],"jetpack_publicize_connections":[],"jetpack_featured_media_url":"https:\/\/i0.wp.com\/www.stefaneguilbaud.com\/blog\/wp-content\/uploads\/2015\/06\/vachelait.png?fit=800%2C435&ssl=1","jetpack_sharing_enabled":true,"jetpack_shortlink":"https:\/\/wp.me\/p8a0UX-oA","jetpack-related-posts":[{"id":1175,"url":"https:\/\/www.stefaneguilbaud.com\/blog\/?p=1175","url_meta":{"origin":1524,"position":0},"title":"V\u00e9g\u00e9tariens, maintenant dites Cheese\u2009!","author":"SG","date":"25 novembre 2014","format":false,"excerpt":"ANIMAL Vous ne le savez peut-\u00eatre pas si vous n\u2019\u00eates pas concern\u00e9, mais les v\u00e9g\u00e9tariens doivent souvent se passer de fromage. La raison est simple, le caillage du lait se fait avec de la pr\u00e9sure animale (situ\u00e9 dans le 4e estomac de veau - la caillette). Lorsque nous disons que\u2026","rel":"","context":"Dans &quot;Alimentation&quot;","block_context":{"text":"Alimentation","link":"https:\/\/www.stefaneguilbaud.com\/blog\/?cat=1"},"img":{"alt_text":"","src":"https:\/\/i0.wp.com\/www.stefaneguilbaud.com\/blog\/wp-content\/uploads\/2014\/11\/thistle.jpg?fit=800%2C435&ssl=1&resize=350%2C200","width":350,"height":200,"srcset":"https:\/\/i0.wp.com\/www.stefaneguilbaud.com\/blog\/wp-content\/uploads\/2014\/11\/thistle.jpg?fit=800%2C435&ssl=1&resize=350%2C200 1x, https:\/\/i0.wp.com\/www.stefaneguilbaud.com\/blog\/wp-content\/uploads\/2014\/11\/thistle.jpg?fit=800%2C435&ssl=1&resize=525%2C300 1.5x, https:\/\/i0.wp.com\/www.stefaneguilbaud.com\/blog\/wp-content\/uploads\/2014\/11\/thistle.jpg?fit=800%2C435&ssl=1&resize=700%2C400 2x"},"classes":[]},{"id":4189,"url":"https:\/\/www.stefaneguilbaud.com\/blog\/?p=4189","url_meta":{"origin":1524,"position":1},"title":"NUTRISCORE ! C&rsquo;est la f\u00eate chez les industriels !!!","author":"SG","date":"11 mars 2025","format":false,"excerpt":"Notre d\u00e9vou\u00e9e ministre de l'Agriculture, Annie Genevard, a une fois de plus prouv\u00e9 qu'elle est la meilleure amie des g\u00e9ants de l'agroalimentaire. Danone, Savencia, Lactalis, Sodiaal, les rois de la charcuterie... tous ont trouv\u00e9 en elle une oreille attentive, une alli\u00e9e d\u00e9vou\u00e9e. Et pour cause ! Le Nutri-Score, ce vilain\u2026","rel":"","context":"Dans &quot;Actualit\u00e9s&quot;","block_context":{"text":"Actualit\u00e9s","link":"https:\/\/www.stefaneguilbaud.com\/blog\/?cat=8"},"img":{"alt_text":"","src":"https:\/\/i0.wp.com\/www.stefaneguilbaud.com\/blog\/wp-content\/uploads\/2025\/03\/malbouffe.jpeg?fit=800%2C435&ssl=1&resize=350%2C200","width":350,"height":200,"srcset":"https:\/\/i0.wp.com\/www.stefaneguilbaud.com\/blog\/wp-content\/uploads\/2025\/03\/malbouffe.jpeg?fit=800%2C435&ssl=1&resize=350%2C200 1x, https:\/\/i0.wp.com\/www.stefaneguilbaud.com\/blog\/wp-content\/uploads\/2025\/03\/malbouffe.jpeg?fit=800%2C435&ssl=1&resize=525%2C300 1.5x, https:\/\/i0.wp.com\/www.stefaneguilbaud.com\/blog\/wp-content\/uploads\/2025\/03\/malbouffe.jpeg?fit=800%2C435&ssl=1&resize=700%2C400 2x"},"classes":[]},{"id":572,"url":"https:\/\/www.stefaneguilbaud.com\/blog\/?p=572","url_meta":{"origin":1524,"position":2},"title":"Allergies enfantiles. Fatalit\u00e9 ?","author":"SG","date":"7 mai 2009","format":false,"excerpt":"Le dossier r\u00e9current des allergies revient sur le tapis.Attention, information allerg\u00e8ne ! [ Site internet : Extenso \u2022\u00a0http:\/\/www.extenso.org\/pleins_feux\/detail.php\/f\/1718 ] PR\u00c9VENTION DES ALLERGIES CHEZ LES ENFANTS : On peut lire dans ce dossier qui parle des allergies, les informations suivantes. \"Aujourd\u2019hui, environ 6 % des enfants de moins de 3 ans\u2026","rel":"","context":"Dans &quot;Alimentation&quot;","block_context":{"text":"Alimentation","link":"https:\/\/www.stefaneguilbaud.com\/blog\/?cat=1"},"img":{"alt_text":"","src":"https:\/\/i0.wp.com\/www.stefaneguilbaud.com\/blog\/wp-content\/uploads\/2013\/11\/pollen.jpg?fit=800%2C435&ssl=1&resize=350%2C200","width":350,"height":200,"srcset":"https:\/\/i0.wp.com\/www.stefaneguilbaud.com\/blog\/wp-content\/uploads\/2013\/11\/pollen.jpg?fit=800%2C435&ssl=1&resize=350%2C200 1x, https:\/\/i0.wp.com\/www.stefaneguilbaud.com\/blog\/wp-content\/uploads\/2013\/11\/pollen.jpg?fit=800%2C435&ssl=1&resize=525%2C300 1.5x, https:\/\/i0.wp.com\/www.stefaneguilbaud.com\/blog\/wp-content\/uploads\/2013\/11\/pollen.jpg?fit=800%2C435&ssl=1&resize=700%2C400 2x"},"classes":[]},{"id":49,"url":"https:\/\/www.stefaneguilbaud.com\/blog\/?p=49","url_meta":{"origin":1524,"position":3},"title":"Prospectus #2. La prospection pour votre sant\u00e9 ?","author":"SG","date":"1 juin 2011","format":false,"excerpt":"Depuis l'article #1, rien n'a chang\u00e9 - on s'en doutait un peu mais il est toujours bon de rester inform\u00e9. Voici donc 4 nouveaux, tout frais, tout beaux, tout subventionn\u00e9s. [ CET ARTICLE FAIT SUITE A UN ARTICLE PARU EN 2010 > PROSPECTUS#1 ] Les voici : 1 \u2022 NUTRITION\u2026","rel":"","context":"Dans &quot;Alimentation&quot;","block_context":{"text":"Alimentation","link":"https:\/\/www.stefaneguilbaud.com\/blog\/?cat=1"},"img":{"alt_text":"","src":"https:\/\/i0.wp.com\/www.stefaneguilbaud.com\/blog\/wp-content\/uploads\/2013\/11\/chut.jpg?fit=800%2C435&ssl=1&resize=350%2C200","width":350,"height":200,"srcset":"https:\/\/i0.wp.com\/www.stefaneguilbaud.com\/blog\/wp-content\/uploads\/2013\/11\/chut.jpg?fit=800%2C435&ssl=1&resize=350%2C200 1x, https:\/\/i0.wp.com\/www.stefaneguilbaud.com\/blog\/wp-content\/uploads\/2013\/11\/chut.jpg?fit=800%2C435&ssl=1&resize=525%2C300 1.5x, https:\/\/i0.wp.com\/www.stefaneguilbaud.com\/blog\/wp-content\/uploads\/2013\/11\/chut.jpg?fit=800%2C435&ssl=1&resize=700%2C400 2x"},"classes":[]},{"id":1245,"url":"https:\/\/www.stefaneguilbaud.com\/blog\/?p=1245","url_meta":{"origin":1524,"position":4},"title":"Une simplification du label \u00ab\u00a0fait maison\u00a0\u00bb.","author":"SG","date":"10 avril 2015","format":false,"excerpt":"Le mardi 7 avril 2015, la secr\u00e9taire d\u2019\u00c9tat au Commerce et \u00e0 l\u2019Artisanat annonce que le gouvernement pr\u00e9voit, sous la forme d\u2019un nouveau d\u00e9cret, un renforcement et une simplification du label \u00ab\u00a0fait maison\u00a0\u00bb. L\u2019objectif est de \u00ab\u00a0mettre en avant les plats cuits sur place\u00a0\u00bb .\u2028 Le principal changement concernerait la\u2026","rel":"","context":"Dans &quot;Actualit\u00e9s&quot;","block_context":{"text":"Actualit\u00e9s","link":"https:\/\/www.stefaneguilbaud.com\/blog\/?cat=8"},"img":{"alt_text":"","src":"https:\/\/i0.wp.com\/www.stefaneguilbaud.com\/blog\/wp-content\/uploads\/2015\/04\/LFM.jpg?fit=800%2C435&ssl=1&resize=350%2C200","width":350,"height":200,"srcset":"https:\/\/i0.wp.com\/www.stefaneguilbaud.com\/blog\/wp-content\/uploads\/2015\/04\/LFM.jpg?fit=800%2C435&ssl=1&resize=350%2C200 1x, https:\/\/i0.wp.com\/www.stefaneguilbaud.com\/blog\/wp-content\/uploads\/2015\/04\/LFM.jpg?fit=800%2C435&ssl=1&resize=525%2C300 1.5x, https:\/\/i0.wp.com\/www.stefaneguilbaud.com\/blog\/wp-content\/uploads\/2015\/04\/LFM.jpg?fit=800%2C435&ssl=1&resize=700%2C400 2x"},"classes":[]},{"id":1511,"url":"https:\/\/www.stefaneguilbaud.com\/blog\/?p=1511","url_meta":{"origin":1524,"position":5},"title":"Les farines &#038; leurs indices glyc\u00e9miques (IG)","author":"SG","date":"30 juin 2015","format":false,"excerpt":"\u00c0 toutes les personnes qui veulent se passer du gluten, attention. Parfois, le choix d\u2019une farine vous \u00e9vitera le d\u00e9sagr\u00e9ment du gluten, si vous y \u00eates allergique, mais s\u2019occupera de votre tour de taille. De toute fa\u00e7on, un r\u00e9gime \u00ab\u00a0sans gluten\u00a0\u00bb ne se d\u00e9cide pas \u00e0 la l\u00e9g\u00e8re. Si votre\u2026","rel":"","context":"Dans &quot;Alimentation&quot;","block_context":{"text":"Alimentation","link":"https:\/\/www.stefaneguilbaud.com\/blog\/?cat=1"},"img":{"alt_text":"","src":"https:\/\/i0.wp.com\/www.stefaneguilbaud.com\/blog\/wp-content\/uploads\/2015\/06\/farineune.jpg?fit=800%2C435&ssl=1&resize=350%2C200","width":350,"height":200,"srcset":"https:\/\/i0.wp.com\/www.stefaneguilbaud.com\/blog\/wp-content\/uploads\/2015\/06\/farineune.jpg?fit=800%2C435&ssl=1&resize=350%2C200 1x, https:\/\/i0.wp.com\/www.stefaneguilbaud.com\/blog\/wp-content\/uploads\/2015\/06\/farineune.jpg?fit=800%2C435&ssl=1&resize=525%2C300 1.5x, https:\/\/i0.wp.com\/www.stefaneguilbaud.com\/blog\/wp-content\/uploads\/2015\/06\/farineune.jpg?fit=800%2C435&ssl=1&resize=700%2C400 2x"},"classes":[]}],"jetpack_likes_enabled":true,"_links":{"self":[{"href":"https:\/\/www.stefaneguilbaud.com\/blog\/index.php?rest_route=\/wp\/v2\/posts\/1524","targetHints":{"allow":["GET"]}}],"collection":[{"href":"https:\/\/www.stefaneguilbaud.com\/blog\/index.php?rest_route=\/wp\/v2\/posts"}],"about":[{"href":"https:\/\/www.stefaneguilbaud.com\/blog\/index.php?rest_route=\/wp\/v2\/types\/post"}],"author":[{"embeddable":true,"href":"https:\/\/www.stefaneguilbaud.com\/blog\/index.php?rest_route=\/wp\/v2\/users\/1"}],"replies":[{"embeddable":true,"href":"https:\/\/www.stefaneguilbaud.com\/blog\/index.php?rest_route=%2Fwp%2Fv2%2Fcomments&post=1524"}],"version-history":[{"count":5,"href":"https:\/\/www.stefaneguilbaud.com\/blog\/index.php?rest_route=\/wp\/v2\/posts\/1524\/revisions"}],"predecessor-version":[{"id":1569,"href":"https:\/\/www.stefaneguilbaud.com\/blog\/index.php?rest_route=\/wp\/v2\/posts\/1524\/revisions\/1569"}],"wp:featuredmedia":[{"embeddable":true,"href":"https:\/\/www.stefaneguilbaud.com\/blog\/index.php?rest_route=\/wp\/v2\/media\/1528"}],"wp:attachment":[{"href":"https:\/\/www.stefaneguilbaud.com\/blog\/index.php?rest_route=%2Fwp%2Fv2%2Fmedia&parent=1524"}],"wp:term":[{"taxonomy":"category","embeddable":true,"href":"https:\/\/www.stefaneguilbaud.com\/blog\/index.php?rest_route=%2Fwp%2Fv2%2Fcategories&post=1524"},{"taxonomy":"post_tag","embeddable":true,"href":"https:\/\/www.stefaneguilbaud.com\/blog\/index.php?rest_route=%2Fwp%2Fv2%2Ftags&post=1524"}],"curies":[{"name":"wp","href":"https:\/\/api.w.org\/{rel}","templated":true}]}}