{"id":1497,"date":"2015-08-28T08:14:22","date_gmt":"2015-08-28T07:14:22","guid":{"rendered":"http:\/\/www.stefaneguilbaud.com\/blog\/?p=1497"},"modified":"2015-12-02T09:29:55","modified_gmt":"2015-12-02T08:29:55","slug":"une-publication-sur-le-sucre-troublante","status":"publish","type":"post","link":"https:\/\/www.stefaneguilbaud.com\/blog\/?p=1497","title":{"rendered":"Une publication sur le sucre troublante ?"},"content":{"rendered":"<p>Incroyable information que cette brochure, trouv\u00e9e dans une petite brocante, \u00e0 Yvoire (Haute-Savoie), que j\u2019estime appartenir, d\u2019apr\u00e8s la mise en page, aux ann\u00e9es\u00a070. Elle est \u00ab\u00a0\u00e9dit\u00e9e sous les auspices du Centre d\u2019\u00c9tudes et de Documentation pour l\u2019Utilisation du Sucre.\u00a0\u00bb, c\u2019est-\u00e0-dire le CEDUS.<\/p>\n<p>J\u2019y apprends que pour vivre mieux, l\u00e9ger, en bonne sant\u00e9, il faut manger du sucre ?<br \/>\nLire ces extraits est un d\u00e9lice, il y a des phrases cultes.<\/p>\n<blockquote><p><strong>PAGE 1 \u00ab\u00a0Cette grande cuisine <em>\u2013 nous comprenons gastronomique \u2013<\/em> coute souvent cher, demande une longue pr\u00e9paration et fait plut\u00f4t grossir.\u00a0\u00bb :<\/strong><\/p><\/blockquote>\n<p><em>Ah bon , la cuisine gastronomique cela fait grossir ?<\/em><\/p>\n<blockquote><p><strong>PAGE 1 \u00ab On termine invariablement par un morceau de fromage et un fruit alors que l\u2019on aurait souvent besoin d\u2019un dessert plus consistant pour compenser ce que le menu avait de d\u00e9ficient\u00a0\u00bb :<\/strong><\/p><\/blockquote>\n<p><em>N\u2019est-ce pas le contraire ?<\/em><\/p>\n<blockquote><p><strong>PAGE\u00a02<\/strong> <strong>\u00ab\u00a0Est-ce vraiment une solution\u2009?\u00a0\u00bb\u00a0<em>\u2013 de manger sans sucre<\/em>. Non, car si vous l\u2019adoptez : Vous mangez trop de nourriture sans vitalit\u00e9 et manquant d\u2019\u00e9l\u00e9ments essentiels. Vous ne variez pas vos menus. Vous d\u00e9pensez trop\u00a0\u00bb :<br \/>\n<\/strong><\/p><\/blockquote>\n<p><em>Je ne savais pas que manger sans sucre \u00e9tait \u00e0 ce point sans vitalit\u00e9 et manquant d\u2019\u00e9l\u00e9ment essentiel. On est d\u2019accord, on parle du saccharose, le sucre ajout\u00e9 \u00e0 notre alimentation, tr\u00e8s souvent raffin\u00e9e, sans min\u00e9raux et nutriments. Cela ressemblerait presque \u00e0 de la d\u00e9sinformation<\/em><strong>.<br \/>\n<\/strong><\/p>\n<blockquote><p><strong>PAGE\u00a03<\/strong> <strong>\u00ab\u00a0Autrefois les repas \u00e9taient mal compos\u00e9s, la nourriture mal \u00e9quilibr\u00e9e [\u2026] Maintenant [\u2026] les savants ont su \u00e9tablir avec exactitude, ce qui est n\u00e9cessaire \u00e0 notre corps [\u2026] Parmi les choses indispensables, il y a celles qui sont savoureuses\u2026 puisqu\u2019il y a le sucre et les aliments sucr\u00e9s.\u00bb<\/strong><\/p><\/blockquote>\n<p><em>Les savants ont-ils entendu parler des 100\u00a0000 g\u00e9n\u00e9rations de cueilleurs-chasseurs qui ne consommaient ni c\u00e9r\u00e9ales, ni sucre, ni laitages et qui se portaient \u00ab\u00a0mieux\u00a0\u00bb que nous\u00a0? Ont-ils entendu parler des 600 g\u00e9n\u00e9rations d\u2019agriculteurs qui ont connu le d\u00e9but de l\u2019industrialisation et de la consommation de sucre\u2009? Ont-ils entendus parler des 10 g\u00e9n\u00e9rations d\u2019industrialis\u00e9s, que nous sommes, n\u2019ayant jamais autant eu d\u2019AVC, maladies cardiovasculaires, diab\u00e8te II, cancers et ob\u00e9sit\u00e9s\u2009?<\/em><\/p>\n<blockquote><p><strong>PAGE\u00a04<\/strong> <strong>\u00ab\u00a0\u00c0 notre \u00e9poque, il est absurde d\u2019ignorer ces r\u00e8gles d\u2019or que les sp\u00e9cialistes d\u2019hygi\u00e8ne alimentaire ont pu \u00e9tablir \u201cMangez nourrissant et l\u00e9ger, disent-ils, mangez l\u00e9ger, mangez sucr\u00e9\u201d <\/strong><strong>[\u2026] le sucre est l\u2019aliment \u00e9conomique [\u2026] pour le prix de 10 morceaux de sucre, vous n\u2019auriez qu\u2019une bouch\u00e9e de beefsteak\u2026\u00a0\u00bb<\/strong><\/p><\/blockquote>\n<p><em>La di\u00e9t\u00e9tique encourageant la consommation de bon gras et peu de glucides pour rester en bonne sant\u00e9 s\u2019est \u00e9touff\u00e9e, apr\u00e8s des si\u00e8cles de pratiques au profit d\u2019une campagne bas\u00e9e sur les r\u00e9gimes lipidiques. Cela a brutalement commenc\u00e9 dans les ann\u00e9es\u00a060 et nous savons aujourd\u2019hui, les d\u00e9g\u00e2ts que cela a caus\u00e9s. L\u2019information est trop bien rest\u00e9e dans les m\u00e9moires. Sans fondement scientifique, on nous a encourag\u00e9s \u00e0 consommer c\u00e9r\u00e9ales, farines, sucre et laitages tout en fustigeant les huiles, le gras des viandes et poissons ou le gras des avocats.<\/em><\/p>\n<blockquote><p><strong>PAGE\u00a04 \u00ab\u00a0R\u00e9fl\u00e9chissez : \u00e0 sept heures du matin, il y a, en moyenne dix heures que vous n\u2019avez pas mang\u00e9 et vous vous pr\u00e9parez \u00e0 fournir quatre heures de travail intensif. [\u2026] Non, soyez honn\u00eate, reconnaissez que le r\u00e9sultat [\u2026] vous vous sentez le cerveau vide, les muscles \u00e0 bout, l\u2019estomac douloureux. Le taux de sucre dans votre sang est devenu insuffisant.\u00a0\u00bb<\/strong><\/p><\/blockquote>\n<p><em>Terrifiant. On a presque envie de manger\u2026 du sucre.<br \/>\n<\/em><\/p>\n<blockquote><p><strong>PAGE\u00a05<\/strong> <strong>\u00ab\u00a0La solution\u2009? <\/strong><strong>Elle est simple : des repas mieux \u00e9quilibr\u00e9s, davantage d\u2019aliments sucr\u00e9s [\u2026] <\/strong><strong>\u00c0 table, buvez peu. Mais, entre chaque repas, absorbez des boissons chaudes \u2013 ou fraiches suivant la saison \u2013, mais toujours sucr\u00e9es, donc plus digestives.\u00a0\u00bb<\/strong><\/p><\/blockquote>\n<p><em>\u00ab\u00a0Toujours sucr\u00e9es, donc plus digestives\u00a0\u00bb j\u2019en apprend tous les jours. Non franchement, le CEDUS \u00e9tait un centre de documentation pour l\u2019utilisation du sucre ou pour la surconsommation de sucre ?<br \/>\n<\/em><\/p>\n<blockquote><p><strong>PAGE\u00a05 \u00ab\u00a0Adoptez un petit d\u00e9jeuner copieux qui comprendra plusieurs aliments sucr\u00e9s \u2013 ceux qui donnent de l\u2019\u00e9nergie et de la force. Le c\u00e9l\u00e8bre Professeur RICHET, membre de l\u2019Acad\u00e9mie de m\u00e9decine, a dit textuellement\u00a0: que le moment o\u00f9 le r\u00f4le du sucre est pr\u00e9pond\u00e9rant est celui du petit d\u00e9jeuner, alors que les douze heures de nuit ont \u00e9puis\u00e9 le sucre absorb\u00e9 au repas du soir et que l\u2019organisme attend avec impatience sa ration de sucre.\u00a0\u00bb<\/strong><\/p><\/blockquote>\n<p><em>Le c\u00e9l\u00e8bre Professeur RICHET savait-il que seuls les pays occidentaux consomment tant de sucre (saccharose) le matin. Il semblerait que le reste du monde sache mieux que nous que les pics d\u2019insuline d\u00e8s le matin favorisent l\u2019ob\u00e9sit\u00e9 et son lot de maladies.<br \/>\n<\/em><\/p>\n<blockquote><p><strong>PAGE\u00a05 \u00ab\u00a0Adoptez aussi des d\u00e9jeuners et des d\u00eeners plus l\u00e9gers, mais toujours termin\u00e9s par des desserts sucr\u00e9s \u2013 qui compl\u00e9teront en qualit\u00e9 ce que vous n\u2019avez pas absorb\u00e9 en quantit\u00e9 \u2013 et qui rendent ces repas plus \u201cefficaces\u201d\u00a0\u00bb<\/strong><\/p><\/blockquote>\n<p><em>Je reste sans voix. Moi qui ne mange pas de desserts sucr\u00e9s, j\u2019apprends donc que mes repas ne sont pas efficaces !! Un peu tir\u00e9e par les cheveux cette d\u00e9monstration.<br \/>\n<\/em><\/p>\n<blockquote><p><strong>PAGE\u00a06<\/strong> <strong>\u00ab\u00a0\u00c0 cinq heures, accompagnez cette boisson d\u2019un g\u00e2teau ou de biscuit sucr\u00e9s [\u2026] N\u2019oubliez pas enfin qu\u2019avant de vous coucher, une boisson chaude en hiver, fraiche en \u00e9t\u00e9, et toujours bien sucr\u00e9e, vous assurera un sommeil heureux\u00a0\u00bb<\/strong><\/p><\/blockquote>\n<p><em>Et pour finir en beaut\u00e9, la boisson sucr\u00e9e du soir. Je ne sais pas si avec ce genre de propos, il n\u2019y a pas \u00ab\u00a0non-assistance \u00e0 personne en train de manger\u00a0\u00bb<br \/>\n<\/em><\/p>\n<p>&#8212;<br \/>\nVoici un extrait des pages concern\u00e9es de ce guide\u2026 avec des surlignements jaunes ajout\u00e9s : <a href=\"http:\/\/www.stefaneguilbaud.com\/blog\/wp-content\/uploads\/2015\/06\/SucreExtrait.pdf\">Extrait du guide.PDF<\/a><\/p>\n","protected":false},"excerpt":{"rendered":"<p>Incroyable information que cette brochure, trouv\u00e9e dans une petite brocante, \u00e0 Yvoire (Haute-Savoie), que j\u2019estime appartenir, d\u2019apr\u00e8s la mise en page, aux ann\u00e9es\u00a070. Elle est &hellip; <\/p>\n","protected":false},"author":1,"featured_media":1479,"comment_status":"open","ping_status":"open","sticky":false,"template":"","format":"standard","meta":{"_exactmetrics_skip_tracking":false,"_exactmetrics_sitenote_active":false,"_exactmetrics_sitenote_note":"","_exactmetrics_sitenote_category":0,"jetpack_post_was_ever_published":false,"_jetpack_newsletter_access":"","_jetpack_dont_email_post_to_subs":false,"_jetpack_newsletter_tier_id":0,"_jetpack_memberships_contains_paywalled_content":false,"_jetpack_memberships_contains_paid_content":false,"footnotes":"","jetpack_publicize_message":"","jetpack_publicize_feature_enabled":true,"jetpack_social_post_already_shared":false,"jetpack_social_options":{"image_generator_settings":{"template":"highway","default_image_id":0,"font":"","enabled":false},"version":2}},"categories":[1,7,9],"tags":[],"class_list":["post-1497","post","type-post","status-publish","format-standard","has-post-thumbnail","hentry","category-alimentation","category-coups-de-gueule","category-dossiers"],"jetpack_publicize_connections":[],"jetpack_featured_media_url":"https:\/\/i0.wp.com\/www.stefaneguilbaud.com\/blog\/wp-content\/uploads\/2015\/06\/sugar.png?fit=800%2C435&ssl=1","jetpack_sharing_enabled":true,"jetpack_shortlink":"https:\/\/wp.me\/p8a0UX-o9","jetpack-related-posts":[{"id":2665,"url":"https:\/\/www.stefaneguilbaud.com\/blog\/?p=2665","url_meta":{"origin":1497,"position":0},"title":"J&rsquo;arr\u00eate le sucre ?","author":"SG","date":"18 mai 2018","format":false,"excerpt":"BFMTV a consacr\u00e9 un dossier complet sur le sucre. \u00c0 cette occasion, C\u00e9line Hussonnois-Alaya m'a interview\u00e9 pour participer \u00e0 l'analyse de cette grande bataille pour arr\u00eater le sucre. Avec mes 17 ans d'exp\u00e9rience sans sucre, je contribue modestement \u00e0 son enqu\u00eate, une saga de 10 articles\u2026 Pour des raisons \u00e9videntes\u2026","rel":"","context":"Dans &quot;Alimentation&quot;","block_context":{"text":"Alimentation","link":"https:\/\/www.stefaneguilbaud.com\/blog\/?cat=1"},"img":{"alt_text":"","src":"https:\/\/i0.wp.com\/www.stefaneguilbaud.com\/blog\/wp-content\/uploads\/2018\/04\/sucre.jpg?fit=800%2C435&ssl=1&resize=350%2C200","width":350,"height":200,"srcset":"https:\/\/i0.wp.com\/www.stefaneguilbaud.com\/blog\/wp-content\/uploads\/2018\/04\/sucre.jpg?fit=800%2C435&ssl=1&resize=350%2C200 1x, https:\/\/i0.wp.com\/www.stefaneguilbaud.com\/blog\/wp-content\/uploads\/2018\/04\/sucre.jpg?fit=800%2C435&ssl=1&resize=525%2C300 1.5x, https:\/\/i0.wp.com\/www.stefaneguilbaud.com\/blog\/wp-content\/uploads\/2018\/04\/sucre.jpg?fit=800%2C435&ssl=1&resize=700%2C400 2x"},"classes":[]},{"id":2092,"url":"https:\/\/www.stefaneguilbaud.com\/blog\/?p=2092","url_meta":{"origin":1497,"position":1},"title":"L&rsquo;\u00e9t\u00e9 tout est permis ?","author":"SG","date":"8 juillet 2016","format":false,"excerpt":"\u00a0Voil\u00e0 ce que l'on peut lire avec l'arriv\u00e9e de l'\u00e9t\u00e9, lorsque l'on se\u00a0prom\u00e8ne et que l'on profite du soleil\u2026 \"FROZEN YOGURT ! D\u00e9gustez la sans complexe. Yaourt 0%. Elle est l\u00e0\u2026 Humm.\" Cette phrase est\u00a0extraordinaire parce qu'elle engendre 5\u00a0r\u00e9flexions qui ne sont pas sans m'\u00e9nerver. 1\u2022 D\u00e9guster\u00a0sans complexe. Dans une\u2026","rel":"","context":"Dans &quot;Actualit\u00e9s&quot;","block_context":{"text":"Actualit\u00e9s","link":"https:\/\/www.stefaneguilbaud.com\/blog\/?cat=8"},"img":{"alt_text":"","src":"https:\/\/i0.wp.com\/www.stefaneguilbaud.com\/blog\/wp-content\/uploads\/2016\/07\/frozen.jpg?fit=800%2C435&ssl=1&resize=350%2C200","width":350,"height":200,"srcset":"https:\/\/i0.wp.com\/www.stefaneguilbaud.com\/blog\/wp-content\/uploads\/2016\/07\/frozen.jpg?fit=800%2C435&ssl=1&resize=350%2C200 1x, https:\/\/i0.wp.com\/www.stefaneguilbaud.com\/blog\/wp-content\/uploads\/2016\/07\/frozen.jpg?fit=800%2C435&ssl=1&resize=525%2C300 1.5x, https:\/\/i0.wp.com\/www.stefaneguilbaud.com\/blog\/wp-content\/uploads\/2016\/07\/frozen.jpg?fit=800%2C435&ssl=1&resize=700%2C400 2x"},"classes":[]},{"id":322,"url":"https:\/\/www.stefaneguilbaud.com\/blog\/?p=322","url_meta":{"origin":1497,"position":2},"title":"Cot\u00e9 Sud, au sud. La Reine Sammut.","author":"SG","date":"15 juin 2010","format":false,"excerpt":"Chaque ann\u00e9e, le salon C\u00f4t\u00e9 Sud s'installe au parc Jourdan \u00e0 Aix-en-Provence. Il s'agit d'un salon de d\u00e9coration mais on y entend des infos alimentaires parfois surprenantes \u2026 Lors de chaque salon C\u00f4t\u00e9 Sud, nous pouvons assister, \u00e0 l'ombre du cagnard* proven\u00e7al, \u00e0 une d\u00e9monstration de cuisine simple, rapide et\u2026","rel":"","context":"Dans &quot;Soci\u00e9t\u00e9&quot;","block_context":{"text":"Soci\u00e9t\u00e9","link":"https:\/\/www.stefaneguilbaud.com\/blog\/?cat=3"},"img":{"alt_text":"","src":"https:\/\/i0.wp.com\/www.stefaneguilbaud.com\/blog\/wp-content\/uploads\/2010\/06\/cotesud.jpg?fit=800%2C435&ssl=1&resize=350%2C200","width":350,"height":200,"srcset":"https:\/\/i0.wp.com\/www.stefaneguilbaud.com\/blog\/wp-content\/uploads\/2010\/06\/cotesud.jpg?fit=800%2C435&ssl=1&resize=350%2C200 1x, https:\/\/i0.wp.com\/www.stefaneguilbaud.com\/blog\/wp-content\/uploads\/2010\/06\/cotesud.jpg?fit=800%2C435&ssl=1&resize=525%2C300 1.5x, https:\/\/i0.wp.com\/www.stefaneguilbaud.com\/blog\/wp-content\/uploads\/2010\/06\/cotesud.jpg?fit=800%2C435&ssl=1&resize=700%2C400 2x"},"classes":[]},{"id":2618,"url":"https:\/\/www.stefaneguilbaud.com\/blog\/?p=2618","url_meta":{"origin":1497,"position":3},"title":"Madeleines de Prout ?","author":"SG","date":"30 octobre 2017","format":false,"excerpt":"Non ce n'est pas une faute de frappe, il semblerait bien que certains biscuits, et de surcroit certaines madeleines, soient bien loin des \u201cmadeleines de Proust\u201d. Dans le m\u00eame esprit que l'\u00e9mission de Charlotte Savreux, auquel j'ai particip\u00e9 avec P\u00e9rico Legasse sur le sujet du marketing. Voici une belle litt\u00e9rature\u2026\u2026","rel":"","context":"Dans &quot;Alimentation&quot;","block_context":{"text":"Alimentation","link":"https:\/\/www.stefaneguilbaud.com\/blog\/?cat=1"},"img":{"alt_text":"","src":"https:\/\/i0.wp.com\/www.stefaneguilbaud.com\/blog\/wp-content\/uploads\/2019\/04\/madeleines-studio.jpg?fit=800%2C435&ssl=1&resize=350%2C200","width":350,"height":200,"srcset":"https:\/\/i0.wp.com\/www.stefaneguilbaud.com\/blog\/wp-content\/uploads\/2019\/04\/madeleines-studio.jpg?fit=800%2C435&ssl=1&resize=350%2C200 1x, https:\/\/i0.wp.com\/www.stefaneguilbaud.com\/blog\/wp-content\/uploads\/2019\/04\/madeleines-studio.jpg?fit=800%2C435&ssl=1&resize=525%2C300 1.5x, https:\/\/i0.wp.com\/www.stefaneguilbaud.com\/blog\/wp-content\/uploads\/2019\/04\/madeleines-studio.jpg?fit=800%2C435&ssl=1&resize=700%2C400 2x"},"classes":[]},{"id":2336,"url":"https:\/\/www.stefaneguilbaud.com\/blog\/?p=2336","url_meta":{"origin":1497,"position":4},"title":"Cacao maigre et prix fort !","author":"SG","date":"23 novembre 2016","format":false,"excerpt":"J'ai une affection particuli\u00e8re pour le chocolat et le cacao. Mais, pour un vrai chocolat, un produit sans artifice et sans cache mis\u00e8re \u00e0 grand renfort de sucre.\u2028 Un chocolat digne de ce nom, issu d'une s\u00e9lection de f\u00e8ves (dont la plus r\u00e9put\u00e9e est la f\u00e8ve Criollo cultiv\u00e9e au P\u00e9rou,\u2026","rel":"","context":"Dans &quot;Alimentation&quot;","block_context":{"text":"Alimentation","link":"https:\/\/www.stefaneguilbaud.com\/blog\/?cat=1"},"img":{"alt_text":"","src":"https:\/\/i0.wp.com\/www.stefaneguilbaud.com\/blog\/wp-content\/uploads\/2016\/11\/truffecacao.jpg?fit=800%2C435&ssl=1&resize=350%2C200","width":350,"height":200,"srcset":"https:\/\/i0.wp.com\/www.stefaneguilbaud.com\/blog\/wp-content\/uploads\/2016\/11\/truffecacao.jpg?fit=800%2C435&ssl=1&resize=350%2C200 1x, https:\/\/i0.wp.com\/www.stefaneguilbaud.com\/blog\/wp-content\/uploads\/2016\/11\/truffecacao.jpg?fit=800%2C435&ssl=1&resize=525%2C300 1.5x, https:\/\/i0.wp.com\/www.stefaneguilbaud.com\/blog\/wp-content\/uploads\/2016\/11\/truffecacao.jpg?fit=800%2C435&ssl=1&resize=700%2C400 2x"},"classes":[]},{"id":429,"url":"https:\/\/www.stefaneguilbaud.com\/blog\/?p=429","url_meta":{"origin":1497,"position":5},"title":"8 Fran\u00e7ais sur 10 mangent du sucre 1 fois par semaine","author":"SG","date":"8 f\u00e9vrier 2010","format":false,"excerpt":"Le Centre d'\u00c9tudes et de Documentation du Sucre (Cedus) \u00e0 publi\u00e9, le 29 septembre 2009, une \u00e9tude qui r\u00e9v\u00e8le que pr\u00e8s de 8 Fran\u00e7ais sur 10 consomment du sucre au moins une fois par semaine. Gr\u00e2ce aux travaux d'enqu\u00eate de l'Individuelle Nationale des Consommations Alimentaires (Inca), de l'Agence Fran\u00e7aise de\u2026","rel":"","context":"Dans &quot;Actualit\u00e9s&quot;","block_context":{"text":"Actualit\u00e9s","link":"https:\/\/www.stefaneguilbaud.com\/blog\/?cat=8"},"img":{"alt_text":"","src":"https:\/\/i0.wp.com\/www.stefaneguilbaud.com\/blog\/wp-content\/uploads\/2013\/11\/sucre.jpg?fit=800%2C435&ssl=1&resize=350%2C200","width":350,"height":200,"srcset":"https:\/\/i0.wp.com\/www.stefaneguilbaud.com\/blog\/wp-content\/uploads\/2013\/11\/sucre.jpg?fit=800%2C435&ssl=1&resize=350%2C200 1x, https:\/\/i0.wp.com\/www.stefaneguilbaud.com\/blog\/wp-content\/uploads\/2013\/11\/sucre.jpg?fit=800%2C435&ssl=1&resize=525%2C300 1.5x, https:\/\/i0.wp.com\/www.stefaneguilbaud.com\/blog\/wp-content\/uploads\/2013\/11\/sucre.jpg?fit=800%2C435&ssl=1&resize=700%2C400 2x"},"classes":[]}],"jetpack_likes_enabled":true,"_links":{"self":[{"href":"https:\/\/www.stefaneguilbaud.com\/blog\/index.php?rest_route=\/wp\/v2\/posts\/1497","targetHints":{"allow":["GET"]}}],"collection":[{"href":"https:\/\/www.stefaneguilbaud.com\/blog\/index.php?rest_route=\/wp\/v2\/posts"}],"about":[{"href":"https:\/\/www.stefaneguilbaud.com\/blog\/index.php?rest_route=\/wp\/v2\/types\/post"}],"author":[{"embeddable":true,"href":"https:\/\/www.stefaneguilbaud.com\/blog\/index.php?rest_route=\/wp\/v2\/users\/1"}],"replies":[{"embeddable":true,"href":"https:\/\/www.stefaneguilbaud.com\/blog\/index.php?rest_route=%2Fwp%2Fv2%2Fcomments&post=1497"}],"version-history":[{"count":19,"href":"https:\/\/www.stefaneguilbaud.com\/blog\/index.php?rest_route=\/wp\/v2\/posts\/1497\/revisions"}],"predecessor-version":[{"id":1711,"href":"https:\/\/www.stefaneguilbaud.com\/blog\/index.php?rest_route=\/wp\/v2\/posts\/1497\/revisions\/1711"}],"wp:featuredmedia":[{"embeddable":true,"href":"https:\/\/www.stefaneguilbaud.com\/blog\/index.php?rest_route=\/wp\/v2\/media\/1479"}],"wp:attachment":[{"href":"https:\/\/www.stefaneguilbaud.com\/blog\/index.php?rest_route=%2Fwp%2Fv2%2Fmedia&parent=1497"}],"wp:term":[{"taxonomy":"category","embeddable":true,"href":"https:\/\/www.stefaneguilbaud.com\/blog\/index.php?rest_route=%2Fwp%2Fv2%2Fcategories&post=1497"},{"taxonomy":"post_tag","embeddable":true,"href":"https:\/\/www.stefaneguilbaud.com\/blog\/index.php?rest_route=%2Fwp%2Fv2%2Ftags&post=1497"}],"curies":[{"name":"wp","href":"https:\/\/api.w.org\/{rel}","templated":true}]}}