{"id":1481,"date":"2015-06-25T18:09:10","date_gmt":"2015-06-25T17:09:10","guid":{"rendered":"http:\/\/www.stefaneguilbaud.com\/blog\/?p=1481"},"modified":"2015-08-17T11:37:58","modified_gmt":"2015-08-17T10:37:58","slug":"tafta-on-explique-tout","status":"publish","type":"post","link":"https:\/\/www.stefaneguilbaud.com\/blog\/?p=1481","title":{"rendered":"TAFTA, on explique tout."},"content":{"rendered":"<p>Ceux qui m&rsquo;ont d\u00e9j\u00e0 entendu parler du TAFTA (Trait\u00e9 Transatlantique) qui est en train d&rsquo;\u00eatre n\u00e9goci\u00e9 secr\u00e8tement entre les \u00c9tats-Unis et l&rsquo;Europe, savent que je n&rsquo;y suis pas favorable.<\/p>\n<p>Nous, peuple de l&rsquo;Europe n&rsquo;avons pas notre mot \u00e0 dire &#8211; <em>Quelle belle le\u00e7on de ratage de d\u00e9mocratie et d&rsquo;Europe !<\/em><br \/>\nElles, les entreprises multinationales, fa\u00e7onnent, orchestrent leur futur march\u00e9, pour atteindre un objectif, s&rsquo;enrichir et dominer la plan\u00e8te enti\u00e8re. Main basse sur le vivant, appropriation du commun, r\u00e8gles sanitaires vues \u00e0 la baisse, domination juridique du priv\u00e9 sur les institutions publiques\u2026<\/p>\n<p><strong>Silencieuse, sournoise, cette guerre commerciale va \u00eatre redoutable et d\u00e9vastatrice<\/strong> pour notre sant\u00e9, notre \u00e9conomie, notre autonomie et surtout notre ind\u00e9pendance et notre souverainet\u00e9.<\/p>\n<p>Je vous accorde que c&rsquo;est complexe \u00e0 comprendre car c&rsquo;est un dossier \u00e9pais mais surtout parce que le st\u00e9l\u00e9visions pr\u00e9f\u00e8rent la t\u00e9l\u00e9r\u00e9alit\u00e9 \u00e0 la r\u00e9alit\u00e9 du quotidien.<\/p>\n<p><strong>Maintenant cette vid\u00e9o, r\u00e9alis\u00e9e par #datagueule va tout vous expliquer\u2026 tout<\/strong> !!<\/p>\n<p>Prenez le temps, \u00e7a ne dure que quelques minutes, pour toute une vie\u2026<\/p>\n<p><iframe loading=\"lazy\" src=\"\/\/www.youtube.com\/embed\/zHK1HqW-FQ0\" width=\"480\" height=\"350\"><\/iframe><\/p>\n<p>Allez aussi faire un tour <a href=\"https:\/\/www.collectifstoptafta.org\/\" target=\"_blank\">ici<\/a> ou <a href=\"https:\/\/stoptafta.wordpress.com\/stopper-tafta-pourquoi\/\" target=\"_blank\">ici<\/a> pour d\u00e9couvrir les mouvements STOP TAFTA.<\/p>\n","protected":false},"excerpt":{"rendered":"<p>Ceux qui m&rsquo;ont d\u00e9j\u00e0 entendu parler du TAFTA (Trait\u00e9 Transatlantique) qui est en train d&rsquo;\u00eatre n\u00e9goci\u00e9 secr\u00e8tement entre les \u00c9tats-Unis et l&rsquo;Europe, savent que je &hellip; <\/p>\n","protected":false},"author":1,"featured_media":1486,"comment_status":"open","ping_status":"open","sticky":false,"template":"","format":"standard","meta":{"_exactmetrics_skip_tracking":false,"_exactmetrics_sitenote_active":false,"_exactmetrics_sitenote_note":"","_exactmetrics_sitenote_category":0,"jetpack_post_was_ever_published":false,"_jetpack_newsletter_access":"","_jetpack_dont_email_post_to_subs":false,"_jetpack_newsletter_tier_id":0,"_jetpack_memberships_contains_paywalled_content":false,"_jetpack_memberships_contains_paid_content":false,"footnotes":"","jetpack_publicize_message":"","jetpack_publicize_feature_enabled":true,"jetpack_social_post_already_shared":false,"jetpack_social_options":{"image_generator_settings":{"template":"highway","default_image_id":0,"font":"","enabled":false},"version":2}},"categories":[8,1,7,9,12,3],"tags":[],"class_list":["post-1481","post","type-post","status-publish","format-standard","has-post-thumbnail","hentry","category-actualites","category-alimentation","category-coups-de-gueule","category-dossiers","category-reportage","category-societe"],"jetpack_publicize_connections":[],"jetpack_featured_media_url":"https:\/\/i0.wp.com\/www.stefaneguilbaud.com\/blog\/wp-content\/uploads\/2015\/06\/tafta.png?fit=800%2C435&ssl=1","jetpack_sharing_enabled":true,"jetpack_shortlink":"https:\/\/wp.me\/p8a0UX-nT","jetpack-related-posts":[{"id":1984,"url":"https:\/\/www.stefaneguilbaud.com\/blog\/?p=1984","url_meta":{"origin":1481,"position":0},"title":"TAFTA : La Commission europ\u00e9enne nous l\u00e2che-t-elle ?","author":"SG","date":"3 mai 2016","format":false,"excerpt":"Selon l'association FoodWatch, la commission europ\u00e9enne ne nous\u00a0prot\u00e8ge pas contre le projet TAFTA (Trait\u00e9 transatlantique entre les USA et l\u2019UE), bien au\u00a0contraire \u00c0 travers une newsletter alarmante et inqui\u00e9tante, elle nous rappelle une fois de\u00a0plus que l'opacit\u00e9 de ce trait\u00e9 est dangereuse, scandaleuse et irrecevable. Pourtant, il passe discr\u00e8tement les\u00a0\u00e9tapes\u2026","rel":"","context":"Dans &quot;Actualit\u00e9s&quot;","block_context":{"text":"Actualit\u00e9s","link":"https:\/\/www.stefaneguilbaud.com\/blog\/?cat=8"},"img":{"alt_text":"","src":"https:\/\/i0.wp.com\/www.stefaneguilbaud.com\/blog\/wp-content\/uploads\/2016\/05\/fuitetafta.png?fit=800%2C435&ssl=1&resize=350%2C200","width":350,"height":200,"srcset":"https:\/\/i0.wp.com\/www.stefaneguilbaud.com\/blog\/wp-content\/uploads\/2016\/05\/fuitetafta.png?fit=800%2C435&ssl=1&resize=350%2C200 1x, https:\/\/i0.wp.com\/www.stefaneguilbaud.com\/blog\/wp-content\/uploads\/2016\/05\/fuitetafta.png?fit=800%2C435&ssl=1&resize=525%2C300 1.5x, https:\/\/i0.wp.com\/www.stefaneguilbaud.com\/blog\/wp-content\/uploads\/2016\/05\/fuitetafta.png?fit=800%2C435&ssl=1&resize=700%2C400 2x"},"classes":[]},{"id":4006,"url":"https:\/\/www.stefaneguilbaud.com\/blog\/?p=4006","url_meta":{"origin":1481,"position":1},"title":"UE-Mercosur : c&rsquo;est toujours non !","author":"SG","date":"25 mai 2023","format":false,"excerpt":"Il est urgent d'agir pour prot\u00e9ger nos droits et notre plan\u00e8te contre l'accord de libre-\u00e9change EU-Mercosur ! La Commission europ\u00e9enne, en collaboration avec plusieurs \u00c9tats membres de l'Union europ\u00e9enne, pr\u00e9voit de r\u00e9tablir et de finaliser cet accord en 2023. Il s'agirait de l'un des plus vastes accords commerciaux au monde,\u2026","rel":"","context":"Dans &quot;Actualit\u00e9s&quot;","block_context":{"text":"Actualit\u00e9s","link":"https:\/\/www.stefaneguilbaud.com\/blog\/?cat=8"},"img":{"alt_text":"","src":"https:\/\/i0.wp.com\/www.stefaneguilbaud.com\/blog\/wp-content\/uploads\/2023\/05\/union.jpg?fit=800%2C435&ssl=1&resize=350%2C200","width":350,"height":200,"srcset":"https:\/\/i0.wp.com\/www.stefaneguilbaud.com\/blog\/wp-content\/uploads\/2023\/05\/union.jpg?fit=800%2C435&ssl=1&resize=350%2C200 1x, https:\/\/i0.wp.com\/www.stefaneguilbaud.com\/blog\/wp-content\/uploads\/2023\/05\/union.jpg?fit=800%2C435&ssl=1&resize=525%2C300 1.5x, https:\/\/i0.wp.com\/www.stefaneguilbaud.com\/blog\/wp-content\/uploads\/2023\/05\/union.jpg?fit=800%2C435&ssl=1&resize=700%2C400 2x"},"classes":[]},{"id":2050,"url":"https:\/\/www.stefaneguilbaud.com\/blog\/?p=2050","url_meta":{"origin":1481,"position":2},"title":"TAFTA\u2026j&rsquo;ai compris !","author":"SG","date":"8 juin 2016","format":false,"excerpt":"Informer pour lutter contre l'ignorance. Lutter activement contre un trait\u00e9 injuste, insolent et tr\u00e8s certainement d\u00e9vastateur\u2026 demande une dose de courage, certes, mais surtout d\u2019information\u00a0\u2013quoique d\u2019aucuns parlent, \u00e0 juste titre, de citoyennet\u00e9 plut\u00f4t que de courage. Qui a vu \u00e0\u00a0sa t\u00e9l\u00e9,\u00a0\u00e0 une heure de\u00a0grande \u00e9coute, un d\u00e9bat sur le\u00a0trait\u00e9 TAFTA\u2026","rel":"","context":"Dans &quot;Actualit\u00e9s&quot;","block_context":{"text":"Actualit\u00e9s","link":"https:\/\/www.stefaneguilbaud.com\/blog\/?cat=8"},"img":{"alt_text":"","src":"https:\/\/i0.wp.com\/www.stefaneguilbaud.com\/blog\/wp-content\/uploads\/2016\/06\/screenshoot-2016-06-08-a%CC%80-08.47.18.png?fit=800%2C435&ssl=1&resize=350%2C200","width":350,"height":200,"srcset":"https:\/\/i0.wp.com\/www.stefaneguilbaud.com\/blog\/wp-content\/uploads\/2016\/06\/screenshoot-2016-06-08-a%CC%80-08.47.18.png?fit=800%2C435&ssl=1&resize=350%2C200 1x, https:\/\/i0.wp.com\/www.stefaneguilbaud.com\/blog\/wp-content\/uploads\/2016\/06\/screenshoot-2016-06-08-a%CC%80-08.47.18.png?fit=800%2C435&ssl=1&resize=525%2C300 1.5x, https:\/\/i0.wp.com\/www.stefaneguilbaud.com\/blog\/wp-content\/uploads\/2016\/06\/screenshoot-2016-06-08-a%CC%80-08.47.18.png?fit=800%2C435&ssl=1&resize=700%2C400 2x"},"classes":[]},{"id":4174,"url":"https:\/\/www.stefaneguilbaud.com\/blog\/?p=4174","url_meta":{"origin":1481,"position":3},"title":"La cuisson des aliments : un tournant crucial dans l&rsquo;\u00e9volution humaine ?","author":"SG","date":"27 mai 2024","format":false,"excerpt":"Des N\u00e9andertaliens \u00e0 l'Homo Sapiens : le feu, un moteur de l'\u00e9volution Loin d'\u00eatre de simples opportunistes, les N\u00e9andertaliens s\u00e9lectionnaient minutieusement leurs proies en fonction de leur valeur nutritive, privil\u00e9giant celles les plus riches malgr\u00e9 les difficult\u00e9s de chasse. Cette strat\u00e9gie alimentaire sophistiqu\u00e9e, associ\u00e9e \u00e0 l'utilisation du feu pour la\u2026","rel":"","context":"Dans &quot;Alimentation&quot;","block_context":{"text":"Alimentation","link":"https:\/\/www.stefaneguilbaud.com\/blog\/?cat=1"},"img":{"alt_text":"","src":"https:\/\/i0.wp.com\/www.stefaneguilbaud.com\/blog\/wp-content\/uploads\/2024\/05\/neandertal.jpg?fit=800%2C435&ssl=1&resize=350%2C200","width":350,"height":200,"srcset":"https:\/\/i0.wp.com\/www.stefaneguilbaud.com\/blog\/wp-content\/uploads\/2024\/05\/neandertal.jpg?fit=800%2C435&ssl=1&resize=350%2C200 1x, https:\/\/i0.wp.com\/www.stefaneguilbaud.com\/blog\/wp-content\/uploads\/2024\/05\/neandertal.jpg?fit=800%2C435&ssl=1&resize=525%2C300 1.5x, https:\/\/i0.wp.com\/www.stefaneguilbaud.com\/blog\/wp-content\/uploads\/2024\/05\/neandertal.jpg?fit=800%2C435&ssl=1&resize=700%2C400 2x"},"classes":[]},{"id":4264,"url":"https:\/\/www.stefaneguilbaud.com\/blog\/?p=4264","url_meta":{"origin":1481,"position":4},"title":"Alimentation actuelle\u2026\u00a0un danger ?","author":"SG","date":"12 septembre 2025","format":false,"excerpt":"La nuit des temps Manger est un acte \u00e0 la fois social et sensoriel, et la faim a d\u00e9clench\u00e9 des guerres et des r\u00e9volutions. Avec la ma\u00eetrise du feu, notre alimentation a profond\u00e9ment modifi\u00e9 notre physionomie. La m\u00e2choire et le cerveau ont \u00e9volu\u00e9, nous permettant de d\u00e9velopper la parole autour\u2026","rel":"","context":"Dans &quot;Alimentation&quot;","block_context":{"text":"Alimentation","link":"https:\/\/www.stefaneguilbaud.com\/blog\/?cat=1"},"img":{"alt_text":"","src":"https:\/\/i0.wp.com\/www.stefaneguilbaud.com\/blog\/wp-content\/uploads\/2025\/09\/MIAM.webp?fit=1000%2C543&ssl=1&resize=350%2C200","width":350,"height":200,"srcset":"https:\/\/i0.wp.com\/www.stefaneguilbaud.com\/blog\/wp-content\/uploads\/2025\/09\/MIAM.webp?fit=1000%2C543&ssl=1&resize=350%2C200 1x, https:\/\/i0.wp.com\/www.stefaneguilbaud.com\/blog\/wp-content\/uploads\/2025\/09\/MIAM.webp?fit=1000%2C543&ssl=1&resize=525%2C300 1.5x, https:\/\/i0.wp.com\/www.stefaneguilbaud.com\/blog\/wp-content\/uploads\/2025\/09\/MIAM.webp?fit=1000%2C543&ssl=1&resize=700%2C400 2x"},"classes":[]},{"id":98,"url":"https:\/\/www.stefaneguilbaud.com\/blog\/?p=98","url_meta":{"origin":1481,"position":5},"title":"Syst\u00e8me exog\u00e8ne et environnement","author":"SG","date":"22 mars 2011","format":false,"excerpt":"Nous avons du mal \u00e0 accepter le simple fait que notre alimentation puisse avoir une influence sur notre sant\u00e9 et, comme si cela ne suffisait pas, d'autres facteurs viennent s'ajouter. Le fait que notre alimentation puisse avoir une influence sur notre sant\u00e9 est de plus en plus int\u00e9gr\u00e9 par des\u2026","rel":"","context":"Dans &quot;Alimentation&quot;","block_context":{"text":"Alimentation","link":"https:\/\/www.stefaneguilbaud.com\/blog\/?cat=1"},"img":{"alt_text":"","src":"https:\/\/i0.wp.com\/www.stefaneguilbaud.com\/blog\/wp-content\/uploads\/2011\/03\/environnement.jpg?fit=800%2C435&ssl=1&resize=350%2C200","width":350,"height":200,"srcset":"https:\/\/i0.wp.com\/www.stefaneguilbaud.com\/blog\/wp-content\/uploads\/2011\/03\/environnement.jpg?fit=800%2C435&ssl=1&resize=350%2C200 1x, https:\/\/i0.wp.com\/www.stefaneguilbaud.com\/blog\/wp-content\/uploads\/2011\/03\/environnement.jpg?fit=800%2C435&ssl=1&resize=525%2C300 1.5x, https:\/\/i0.wp.com\/www.stefaneguilbaud.com\/blog\/wp-content\/uploads\/2011\/03\/environnement.jpg?fit=800%2C435&ssl=1&resize=700%2C400 2x"},"classes":[]}],"jetpack_likes_enabled":true,"_links":{"self":[{"href":"https:\/\/www.stefaneguilbaud.com\/blog\/index.php?rest_route=\/wp\/v2\/posts\/1481","targetHints":{"allow":["GET"]}}],"collection":[{"href":"https:\/\/www.stefaneguilbaud.com\/blog\/index.php?rest_route=\/wp\/v2\/posts"}],"about":[{"href":"https:\/\/www.stefaneguilbaud.com\/blog\/index.php?rest_route=\/wp\/v2\/types\/post"}],"author":[{"embeddable":true,"href":"https:\/\/www.stefaneguilbaud.com\/blog\/index.php?rest_route=\/wp\/v2\/users\/1"}],"replies":[{"embeddable":true,"href":"https:\/\/www.stefaneguilbaud.com\/blog\/index.php?rest_route=%2Fwp%2Fv2%2Fcomments&post=1481"}],"version-history":[{"count":14,"href":"https:\/\/www.stefaneguilbaud.com\/blog\/index.php?rest_route=\/wp\/v2\/posts\/1481\/revisions"}],"predecessor-version":[{"id":1599,"href":"https:\/\/www.stefaneguilbaud.com\/blog\/index.php?rest_route=\/wp\/v2\/posts\/1481\/revisions\/1599"}],"wp:featuredmedia":[{"embeddable":true,"href":"https:\/\/www.stefaneguilbaud.com\/blog\/index.php?rest_route=\/wp\/v2\/media\/1486"}],"wp:attachment":[{"href":"https:\/\/www.stefaneguilbaud.com\/blog\/index.php?rest_route=%2Fwp%2Fv2%2Fmedia&parent=1481"}],"wp:term":[{"taxonomy":"category","embeddable":true,"href":"https:\/\/www.stefaneguilbaud.com\/blog\/index.php?rest_route=%2Fwp%2Fv2%2Fcategories&post=1481"},{"taxonomy":"post_tag","embeddable":true,"href":"https:\/\/www.stefaneguilbaud.com\/blog\/index.php?rest_route=%2Fwp%2Fv2%2Ftags&post=1481"}],"curies":[{"name":"wp","href":"https:\/\/api.w.org\/{rel}","templated":true}]}}