{"id":1469,"date":"2015-06-01T13:14:28","date_gmt":"2015-06-01T12:14:28","guid":{"rendered":"http:\/\/www.stefaneguilbaud.com\/blog\/?p=1469"},"modified":"2015-06-01T16:05:01","modified_gmt":"2015-06-01T15:05:01","slug":"une-des-52-nouvelles-mesures-de-simplification-pour-les-entreprises","status":"publish","type":"post","link":"https:\/\/www.stefaneguilbaud.com\/blog\/?p=1469","title":{"rendered":"Une des 52 nouvelles mesures de simplification pour les entreprises"},"content":{"rendered":"<p>Dans le cadre d&rsquo;une simplification pour les entreprises fran\u00e7aise <em>-pour rester comp\u00e9titives face aux autres pays de l&rsquo;Europe-<\/em>, le gouvernement a propos\u00e9 52 mesures pour stimuler l\u2019activit\u00e9 \u00e9conomique, en rendant les proc\u00e9dures plus faciles, plus rapides, sans diminuer les protections ou les droits essentiels.<\/p>\n<p>A la rubrique n\u00b0 1, \u00ab\u00a0<strong>Simplifier la r\u00e9glementation europ\u00e9enne et sa transposition en droit national <\/strong>\u00ab\u00a0, nous pouvons lire en proposition n\u00b04 le texte suivant :<\/p>\n<blockquote><p><strong>All\u00e9ger la r\u00e9glementation relative aux auxiliaires technologiques utilis\u00e9s pour la fabrication des denr\u00e9es alimentaires<\/strong><br \/>\n[<strong>Aujourd\u2019hui]<\/strong><br \/>\nLes auxiliaires technologiques utilis\u00e9s pour la fabrication des denr\u00e9es alimentaires, dont des r\u00e9sidus peuvent parfois subsister dans le produit fini, font l\u2019objet d\u2019une proc\u00e9dure d\u2019autorisation pr\u00e9alable afin de s\u2019assurer qu\u2019ils ne sont pas dangereux pour la sant\u00e9 humaine. La France est le seul pays europ\u00e9en \u00e0 avoir mis en place une telle proc\u00e9dure\u00a0: les industriels fran\u00e7ais ne peuvent utiliser pour la fabrication de leurs produits alimentaires que des substances pr\u00e9alablement autoris\u00e9es ou des substances pour lesquelles l\u2019Agence nationale de s\u00e9curit\u00e9 sanitaire de l\u2019alimentation, de l\u2019environnement et du travail (ANSES) n\u2019a pas identifi\u00e9 de risque sp\u00e9cifique.<br \/>\nCe dispositif entra\u00eene une distorsion de concurrence au d\u00e9triment des industriels fran\u00e7ais par rapport \u00e0 leurs concurrents europ\u00e9ens. En outre, les industriels se trouvent tr\u00e8s fr\u00e9quemment dans l\u2019impossibilit\u00e9 de communiquer \u00e0 l\u2019ANSES la composition et les formules des auxiliaires technologiques qu\u2019ils souhaitent utiliser et \u00e9prouvent de grosses difficult\u00e9s pour compl\u00e9ter leur dossier car ils se heurtent au refus des fabricants leur opposant leur secret industriel et commercial.<br \/>\n<strong>[Demain]<\/strong><br \/>\nLes r\u00e8gles de constitution de dossier seront simplifi\u00e9es et leur co\u00fbt r\u00e9duit. Une \u00e9valuation scientifique sera lanc\u00e9e afin d\u2019\u00e9valuer les produits pour lesquels cette proc\u00e9dure est strictement justifi\u00e9e.<br \/>\n<strong>[\u00c9ch\u00e9ance]<\/strong><br \/>\n2e semestre 2015<\/p><\/blockquote>\n<p>Alors qu\u2019il est d\u00e9j\u00e0 possible a un industriel de se dispenser d\u2019informer les consommateurs \u00e0 propos des ingr\u00e9dients utilis\u00e9s lors d\u2019un processus de fabrication, il sera d\u00e9sormais possible d\u2019utiliser des produits parmi une palette \u00ab\u00a0non v\u00e9rifi\u00e9e\u00a0\u00bb, \u00ab\u00a0non v\u00e9rifiable\u00a0\u00bb.<\/p>\n<p>Les aliments concern\u00e9s par ce genre d\u2019\u00ab\u00a0omissions\u00a0\u00bb sont nombreux : enrobage du caf\u00e9 apr\u00e8s torr\u00e9faction, traitement chimique en amont, nourriture des animaux, pr\u00e9paration de fruits en conserve\u2026<br \/>\nJe n\u2019ai pas accueilli cette mesure n\u00b0\u00a04 avec joie tant elle va permettre aux industriels de se passer d\u2019autorisation pour l\u2019utilisation de substances\u2009! Une impasse de plus.<\/p>\n<h6>&#8212;&#8211; | &#8212;&#8211;<br \/>\n\u00a9photo de Une : <a href=\"https:\/\/unsplash.com\/alejandroescamilla\" target=\"_blank\">Alejandro Escamilla<\/a><\/h6>\n","protected":false},"excerpt":{"rendered":"<p>Dans le cadre d&rsquo;une simplification pour les entreprises fran\u00e7aise -pour rester comp\u00e9titives face aux autres pays de l&rsquo;Europe-, le gouvernement a propos\u00e9 52 mesures pour &hellip; <\/p>\n","protected":false},"author":1,"featured_media":1473,"comment_status":"open","ping_status":"open","sticky":false,"template":"","format":"standard","meta":{"_exactmetrics_skip_tracking":false,"_exactmetrics_sitenote_active":false,"_exactmetrics_sitenote_note":"","_exactmetrics_sitenote_category":0,"jetpack_post_was_ever_published":false,"_jetpack_newsletter_access":"","_jetpack_dont_email_post_to_subs":false,"_jetpack_newsletter_tier_id":0,"_jetpack_memberships_contains_paywalled_content":false,"_jetpack_memberships_contains_paid_content":false,"footnotes":"","jetpack_publicize_message":"","jetpack_publicize_feature_enabled":true,"jetpack_social_post_already_shared":false,"jetpack_social_options":{"image_generator_settings":{"template":"highway","default_image_id":0,"font":"","enabled":false},"version":2}},"categories":[8,1],"tags":[],"class_list":["post-1469","post","type-post","status-publish","format-standard","has-post-thumbnail","hentry","category-actualites","category-alimentation"],"jetpack_publicize_connections":[],"jetpack_featured_media_url":"https:\/\/i0.wp.com\/www.stefaneguilbaud.com\/blog\/wp-content\/uploads\/2015\/06\/ordi.jpg?fit=800%2C435&ssl=1","jetpack_sharing_enabled":true,"jetpack_shortlink":"https:\/\/wp.me\/p8a0UX-nH","jetpack-related-posts":[{"id":4066,"url":"https:\/\/www.stefaneguilbaud.com\/blog\/?p=4066","url_meta":{"origin":1469,"position":0},"title":"Les \u00e9mulsifiants alimentaires, des additifs dangereux pour le c\u0153ur ?","author":"SG","date":"8 septembre 2023","format":false,"excerpt":"Une \u00e9tude fran\u00e7aise publi\u00e9e ce mercredi 6 septembre 2023 dans le British Medical Journal sugg\u00e8re qu'une consommation \u00e9lev\u00e9e d'\u00e9mulsifiants alimentaires peut augmenter le risque de maladies cardiovasculaires. M\u00eame si pour la \"d\u00e9sob\u00e9issance alimentaire\", ce n'est plus un scoop. Faisons un focus sur le r\u00e9sultat ! Les \u00e9mulsifiants alimentaires sont des\u2026","rel":"","context":"Dans &quot;Alimentation&quot;","block_context":{"text":"Alimentation","link":"https:\/\/www.stefaneguilbaud.com\/blog\/?cat=1"},"img":{"alt_text":"","src":"https:\/\/i0.wp.com\/www.stefaneguilbaud.com\/blog\/wp-content\/uploads\/2023\/09\/additifs.jpg?fit=800%2C435&ssl=1&resize=350%2C200","width":350,"height":200,"srcset":"https:\/\/i0.wp.com\/www.stefaneguilbaud.com\/blog\/wp-content\/uploads\/2023\/09\/additifs.jpg?fit=800%2C435&ssl=1&resize=350%2C200 1x, https:\/\/i0.wp.com\/www.stefaneguilbaud.com\/blog\/wp-content\/uploads\/2023\/09\/additifs.jpg?fit=800%2C435&ssl=1&resize=525%2C300 1.5x, https:\/\/i0.wp.com\/www.stefaneguilbaud.com\/blog\/wp-content\/uploads\/2023\/09\/additifs.jpg?fit=800%2C435&ssl=1&resize=700%2C400 2x"},"classes":[]},{"id":3995,"url":"https:\/\/www.stefaneguilbaud.com\/blog\/?p=3995","url_meta":{"origin":1469,"position":1},"title":"Les pi\u00e8ges de la mensualisation ?","author":"SG","date":"11 mai 2023","format":false,"excerpt":"Dans notre soci\u00e9t\u00e9 connect\u00e9e, la mensualisation est devenue la norme de nombreux services, applications et outils en ligne. Cependant, cette g\u00e9n\u00e9ralisation comporte des effets pervers qui peuvent nuire aux consommateurs. Dans cet article, nous allons explorer les inconv\u00e9nients de la mensualisation, notamment l'accumulation de petites sommes qui deviennent rapidement importantes\u2026","rel":"","context":"Dans &quot;Alimentation&quot;","block_context":{"text":"Alimentation","link":"https:\/\/www.stefaneguilbaud.com\/blog\/?cat=1"},"img":{"alt_text":"","src":"https:\/\/i0.wp.com\/www.stefaneguilbaud.com\/blog\/wp-content\/uploads\/2023\/05\/savings-2789112_1280-studio.jpg?fit=800%2C435&ssl=1&resize=350%2C200","width":350,"height":200,"srcset":"https:\/\/i0.wp.com\/www.stefaneguilbaud.com\/blog\/wp-content\/uploads\/2023\/05\/savings-2789112_1280-studio.jpg?fit=800%2C435&ssl=1&resize=350%2C200 1x, https:\/\/i0.wp.com\/www.stefaneguilbaud.com\/blog\/wp-content\/uploads\/2023\/05\/savings-2789112_1280-studio.jpg?fit=800%2C435&ssl=1&resize=525%2C300 1.5x, https:\/\/i0.wp.com\/www.stefaneguilbaud.com\/blog\/wp-content\/uploads\/2023\/05\/savings-2789112_1280-studio.jpg?fit=800%2C435&ssl=1&resize=700%2C400 2x"},"classes":[]},{"id":3983,"url":"https:\/\/www.stefaneguilbaud.com\/blog\/?p=3983","url_meta":{"origin":1469,"position":2},"title":"Un lobby peut-il avancer des informations mensong\u00e8res ?","author":"SG","date":"4 mai 2023","format":false,"excerpt":"IL Y A UN AVANT L'article du Monde publi\u00e9 le 3 mai 2023 met en lumi\u00e8re les pratiques douteuses du lobby des pesticides en France. Le S\u00e9nat a enqu\u00eat\u00e9 sur les activit\u00e9s de ce groupe d'int\u00e9r\u00eats et a d\u00e9couvert des preuves de chantage \u00e0 l'emploi et de mensonges d\u00e9lib\u00e9r\u00e9s pour\u2026","rel":"","context":"Dans &quot;Actualit\u00e9s&quot;","block_context":{"text":"Actualit\u00e9s","link":"https:\/\/www.stefaneguilbaud.com\/blog\/?cat=8"},"img":{"alt_text":"","src":"https:\/\/i0.wp.com\/www.stefaneguilbaud.com\/blog\/wp-content\/uploads\/2023\/05\/Europe.jpg?fit=800%2C435&ssl=1&resize=350%2C200","width":350,"height":200,"srcset":"https:\/\/i0.wp.com\/www.stefaneguilbaud.com\/blog\/wp-content\/uploads\/2023\/05\/Europe.jpg?fit=800%2C435&ssl=1&resize=350%2C200 1x, https:\/\/i0.wp.com\/www.stefaneguilbaud.com\/blog\/wp-content\/uploads\/2023\/05\/Europe.jpg?fit=800%2C435&ssl=1&resize=525%2C300 1.5x, https:\/\/i0.wp.com\/www.stefaneguilbaud.com\/blog\/wp-content\/uploads\/2023\/05\/Europe.jpg?fit=800%2C435&ssl=1&resize=700%2C400 2x"},"classes":[]},{"id":4053,"url":"https:\/\/www.stefaneguilbaud.com\/blog\/?p=4053","url_meta":{"origin":1469,"position":3},"title":"L&rsquo;aspartame, un faux sucre canc\u00e9rig\u00e8ne ?","author":"SG","date":"7 septembre 2023","format":false,"excerpt":"L'aspartame, un \u00e9dulcorant artificiel pr\u00e9sent dans de nombreux aliments et boissons, a \u00e9t\u00e9 class\u00e9 comme \"possiblement canc\u00e9rog\u00e8ne pour l'homme\" par le Centre international de recherche sur le cancer (CIRC). Cette classification est bas\u00e9e sur des \u00e9tudes qui ont montr\u00e9 un lien possible entre l'exposition \u00e0 l'aspartame et le d\u00e9veloppement de\u2026","rel":"","context":"Dans &quot;Actualit\u00e9s&quot;","block_context":{"text":"Actualit\u00e9s","link":"https:\/\/www.stefaneguilbaud.com\/blog\/?cat=8"},"img":{"alt_text":"","src":"https:\/\/i0.wp.com\/www.stefaneguilbaud.com\/blog\/wp-content\/uploads\/2013\/11\/aspartam.jpg?fit=820%2C435&ssl=1&resize=350%2C200","width":350,"height":200,"srcset":"https:\/\/i0.wp.com\/www.stefaneguilbaud.com\/blog\/wp-content\/uploads\/2013\/11\/aspartam.jpg?fit=820%2C435&ssl=1&resize=350%2C200 1x, https:\/\/i0.wp.com\/www.stefaneguilbaud.com\/blog\/wp-content\/uploads\/2013\/11\/aspartam.jpg?fit=820%2C435&ssl=1&resize=525%2C300 1.5x, https:\/\/i0.wp.com\/www.stefaneguilbaud.com\/blog\/wp-content\/uploads\/2013\/11\/aspartam.jpg?fit=820%2C435&ssl=1&resize=700%2C400 2x"},"classes":[]},{"id":103,"url":"https:\/\/www.stefaneguilbaud.com\/blog\/?p=103","url_meta":{"origin":1469,"position":4},"title":"Tout le monde peut-il ouvrir un commerce alimentaire ?","author":"SG","date":"10 mars 2011","format":false,"excerpt":"Vous \u00eates POUR ou CONTRE, fa\u00eetes-le savoir ! OUVRIR UN COMMERCE ALIMENTAIRE EN FRANCE, SANS DIPL\u00d4ME. Deux nouvelles affaires li\u00e9es \u00e0 l'hygi\u00e8ne alimentaire [Quick Avignon] et [Kebab Chartres] relance une question fondamentale. Faut-il rendre obligatoire un quelconque dipl\u00f4me pour tenir un \u00e9tablissement utilisant des denr\u00e9es alimentaires ? Soyez nombreux \u00e0\u2026","rel":"","context":"Dans &quot;Sondages&quot;","block_context":{"text":"Sondages","link":"https:\/\/www.stefaneguilbaud.com\/blog\/?cat=4"},"img":{"alt_text":"","src":"https:\/\/i0.wp.com\/www.stefaneguilbaud.com\/blog\/wp-content\/uploads\/2013\/11\/platreso.jpg?fit=800%2C435&ssl=1&resize=350%2C200","width":350,"height":200,"srcset":"https:\/\/i0.wp.com\/www.stefaneguilbaud.com\/blog\/wp-content\/uploads\/2013\/11\/platreso.jpg?fit=800%2C435&ssl=1&resize=350%2C200 1x, https:\/\/i0.wp.com\/www.stefaneguilbaud.com\/blog\/wp-content\/uploads\/2013\/11\/platreso.jpg?fit=800%2C435&ssl=1&resize=525%2C300 1.5x, https:\/\/i0.wp.com\/www.stefaneguilbaud.com\/blog\/wp-content\/uploads\/2013\/11\/platreso.jpg?fit=800%2C435&ssl=1&resize=700%2C400 2x"},"classes":[]},{"id":167,"url":"https:\/\/www.stefaneguilbaud.com\/blog\/?p=167","url_meta":{"origin":1469,"position":5},"title":"40 propositions pour un 3e Programme National Nutrition Sant\u00e9","author":"SG","date":"15 d\u00e9cembre 2010","format":false,"excerpt":"Il aura fallu six mois \u00e0 pas moins de 31 instances, li\u00e9es \u00e0 la nutrition ou \u00e0 la sant\u00e9, pour enfin proposer dans le cadre du Programme National Nutrition Sant\u00e9 (PNNS) des prochaines ann\u00e9es une liste de 40 propositions fa\u00eetes pour construire un avenir serein \u00e0 nos enfants, le tout\u2026","rel":"","context":"Dans &quot;Alimentation&quot;","block_context":{"text":"Alimentation","link":"https:\/\/www.stefaneguilbaud.com\/blog\/?cat=1"},"img":{"alt_text":"","src":"https:\/\/i0.wp.com\/www.stefaneguilbaud.com\/blog\/wp-content\/uploads\/2013\/11\/pnns3.jpg?fit=800%2C435&ssl=1&resize=350%2C200","width":350,"height":200,"srcset":"https:\/\/i0.wp.com\/www.stefaneguilbaud.com\/blog\/wp-content\/uploads\/2013\/11\/pnns3.jpg?fit=800%2C435&ssl=1&resize=350%2C200 1x, https:\/\/i0.wp.com\/www.stefaneguilbaud.com\/blog\/wp-content\/uploads\/2013\/11\/pnns3.jpg?fit=800%2C435&ssl=1&resize=525%2C300 1.5x, https:\/\/i0.wp.com\/www.stefaneguilbaud.com\/blog\/wp-content\/uploads\/2013\/11\/pnns3.jpg?fit=800%2C435&ssl=1&resize=700%2C400 2x"},"classes":[]}],"jetpack_likes_enabled":true,"_links":{"self":[{"href":"https:\/\/www.stefaneguilbaud.com\/blog\/index.php?rest_route=\/wp\/v2\/posts\/1469","targetHints":{"allow":["GET"]}}],"collection":[{"href":"https:\/\/www.stefaneguilbaud.com\/blog\/index.php?rest_route=\/wp\/v2\/posts"}],"about":[{"href":"https:\/\/www.stefaneguilbaud.com\/blog\/index.php?rest_route=\/wp\/v2\/types\/post"}],"author":[{"embeddable":true,"href":"https:\/\/www.stefaneguilbaud.com\/blog\/index.php?rest_route=\/wp\/v2\/users\/1"}],"replies":[{"embeddable":true,"href":"https:\/\/www.stefaneguilbaud.com\/blog\/index.php?rest_route=%2Fwp%2Fv2%2Fcomments&post=1469"}],"version-history":[{"count":7,"href":"https:\/\/www.stefaneguilbaud.com\/blog\/index.php?rest_route=\/wp\/v2\/posts\/1469\/revisions"}],"predecessor-version":[{"id":1477,"href":"https:\/\/www.stefaneguilbaud.com\/blog\/index.php?rest_route=\/wp\/v2\/posts\/1469\/revisions\/1477"}],"wp:featuredmedia":[{"embeddable":true,"href":"https:\/\/www.stefaneguilbaud.com\/blog\/index.php?rest_route=\/wp\/v2\/media\/1473"}],"wp:attachment":[{"href":"https:\/\/www.stefaneguilbaud.com\/blog\/index.php?rest_route=%2Fwp%2Fv2%2Fmedia&parent=1469"}],"wp:term":[{"taxonomy":"category","embeddable":true,"href":"https:\/\/www.stefaneguilbaud.com\/blog\/index.php?rest_route=%2Fwp%2Fv2%2Fcategories&post=1469"},{"taxonomy":"post_tag","embeddable":true,"href":"https:\/\/www.stefaneguilbaud.com\/blog\/index.php?rest_route=%2Fwp%2Fv2%2Ftags&post=1469"}],"curies":[{"name":"wp","href":"https:\/\/api.w.org\/{rel}","templated":true}]}}