{"id":1404,"date":"2015-05-13T18:00:57","date_gmt":"2015-05-13T17:00:57","guid":{"rendered":"http:\/\/www.stefaneguilbaud.com\/blog\/?p=1404"},"modified":"2015-05-13T13:37:22","modified_gmt":"2015-05-13T12:37:22","slug":"1404","status":"publish","type":"post","link":"https:\/\/www.stefaneguilbaud.com\/blog\/?p=1404","title":{"rendered":"Le secret d&rsquo;une agriculture paysanne r\u00e9ussie."},"content":{"rendered":"<p>Sur le site de la conf\u00e9d\u00e9ration paysanne, une BD est gracieusement propos\u00e9e.<br \/>\nL\u2019histoire commence simplement : \u00ab\u00a0&lsquo; <em>un jour, dans une soir\u00e9e, une copine m\u2019a pr\u00e9sent\u00e9 un paysan\u2026<\/em> &lsquo;.<br \/>\nC\u2019est ainsi que le personnage principal de cette BD, une citadine sensible aux enjeux environnementaux, rencontre un paysan de la Conf\u00e9d\u00e9ration paysanne, Michel. Elle est d\u00e9\u00e7ue, car il n\u2019a pas de moustache&#8230;\u00a0\u00bb<br \/>\nSous le ton de l\u2019humour, cette BD pr\u00e9sente tr\u00e8s clairement les options et choix alternatifs qu\u2019un paysan peut attendre du monde dans lequel il vit. Il n\u2019est pas seul. Des solutions, des initiatives et des parcours similaires permettent \u00e0 ces paysans de voir le bout du tunnel souvent industrialis\u00e9, monotyp\u00e9, standardis\u00e9 et terriblement d\u00e9shumanis\u00e9.<\/p>\n<p>Voir le site : <a href=\"http:\/\/www.confederationpaysanne.fr\/actu.php?id=3341\" target=\"_blank\">site web de la conf\u00e9d\u00e9ration paysanne<br \/>\n<\/a>T\u00e9l\u00e9charger la BD compl\u00e8te : <a href=\"http:\/\/www.stefaneguilbaud.com\/blog\/wp-content\/uploads\/2015\/05\/BDAP-A4-BD.pdf\">BD l&rsquo;agriculture paysanne expliqu\u00e9e aux urbains<\/a><\/p>\n<p>Au final, la BD se permet une conclusion que je trouve tr\u00e8s pertinente et r\u00e9aliste, comme le montre la planche ci-dessous :<\/p>\n<p><a href=\"https:\/\/i0.wp.com\/www.stefaneguilbaud.com\/blog\/wp-content\/uploads\/2015\/05\/BD-Claire-Robert.jpg\"><img data-recalc-dims=\"1\" loading=\"lazy\" decoding=\"async\" class=\"alignnone wp-image-1422 size-full\" src=\"https:\/\/i0.wp.com\/www.stefaneguilbaud.com\/blog\/wp-content\/uploads\/2015\/05\/BD-Claire-Robert.jpg?resize=800%2C321\" alt=\"\" width=\"800\" height=\"321\" srcset=\"https:\/\/i0.wp.com\/www.stefaneguilbaud.com\/blog\/wp-content\/uploads\/2015\/05\/BD-Claire-Robert.jpg?w=800&amp;ssl=1 800w, https:\/\/i0.wp.com\/www.stefaneguilbaud.com\/blog\/wp-content\/uploads\/2015\/05\/BD-Claire-Robert.jpg?resize=300%2C120&amp;ssl=1 300w\" sizes=\"auto, (max-width: 800px) 100vw, 800px\" \/><\/a><\/p>\n<p>La BD pose la question de l&rsquo;autonomie. Mais alors quel serait le secret ? Voici une de mes infographies, inspir\u00e9e par le travail de la <a href=\"http:\/\/www.confederationpaysanne.fr\/\" target=\"_blank\">conf\u00e9d\u00e9ration paysanne<\/a> et agr\u00e9ment\u00e9 de ma propre exp\u00e9rience sur le terrain pour afficher les solutions du retour \u00e0 une autonomie.<\/p>\n<p><a href=\"https:\/\/i0.wp.com\/www.stefaneguilbaud.com\/blog\/wp-content\/uploads\/2015\/05\/APEAU.jpg\"><img data-recalc-dims=\"1\" loading=\"lazy\" decoding=\"async\" class=\"alignnone size-full wp-image-1405\" src=\"https:\/\/i0.wp.com\/www.stefaneguilbaud.com\/blog\/wp-content\/uploads\/2015\/05\/APEAU.jpg?resize=800%2C877\" alt=\"APEAU\" width=\"800\" height=\"877\" srcset=\"https:\/\/i0.wp.com\/www.stefaneguilbaud.com\/blog\/wp-content\/uploads\/2015\/05\/APEAU.jpg?w=800&amp;ssl=1 800w, https:\/\/i0.wp.com\/www.stefaneguilbaud.com\/blog\/wp-content\/uploads\/2015\/05\/APEAU.jpg?resize=274%2C300&amp;ssl=1 274w\" sizes=\"auto, (max-width: 800px) 100vw, 800px\" \/><\/a><\/p>\n<p>Si cette l&rsquo;impression de cette infographie vous int\u00e9resse, t\u00e9l\u00e9chargez une version PDF, au format A4, en haute r\u00e9solution :<br \/>\n<a href=\"http:\/\/www.stefaneguilbaud.com\/blog\/wp-content\/uploads\/2015\/05\/APEAU.pdf\" target=\"_blank\">Le secret d&rsquo;une agriculture paysanne r\u00e9ussie<\/a><\/p>\n<p>&nbsp;<\/p>\n","protected":false},"excerpt":{"rendered":"<p>Sur le site de la conf\u00e9d\u00e9ration paysanne, une BD est gracieusement propos\u00e9e. L\u2019histoire commence simplement : \u00ab\u00a0&lsquo; un jour, dans une soir\u00e9e, une copine m\u2019a &hellip; <\/p>\n","protected":false},"author":1,"featured_media":1406,"comment_status":"open","ping_status":"open","sticky":false,"template":"","format":"standard","meta":{"_exactmetrics_skip_tracking":false,"_exactmetrics_sitenote_active":false,"_exactmetrics_sitenote_note":"","_exactmetrics_sitenote_category":0,"jetpack_post_was_ever_published":false,"_jetpack_newsletter_access":"","_jetpack_dont_email_post_to_subs":false,"_jetpack_newsletter_tier_id":0,"_jetpack_memberships_contains_paywalled_content":false,"_jetpack_memberships_contains_paid_content":false,"footnotes":"","jetpack_publicize_message":"","jetpack_publicize_feature_enabled":true,"jetpack_social_post_already_shared":false,"jetpack_social_options":{"image_generator_settings":{"template":"highway","default_image_id":0,"font":"","enabled":false},"version":2}},"categories":[1,9,12],"tags":[],"class_list":["post-1404","post","type-post","status-publish","format-standard","has-post-thumbnail","hentry","category-alimentation","category-dossiers","category-reportage"],"jetpack_publicize_connections":[],"jetpack_featured_media_url":"https:\/\/i0.wp.com\/www.stefaneguilbaud.com\/blog\/wp-content\/uploads\/2015\/05\/APEAUune.jpg?fit=800%2C435&ssl=1","jetpack_sharing_enabled":true,"jetpack_shortlink":"https:\/\/wp.me\/s8a0UX-1404","jetpack-related-posts":[{"id":4309,"url":"https:\/\/www.stefaneguilbaud.com\/blog\/?p=4309","url_meta":{"origin":1404,"position":0},"title":"Loi Duplomb : Col\u00e8re paysanne \u00e0 l&rsquo;Assembl\u00e9e","author":"SG","date":"13 f\u00e9vrier 2026","format":false,"excerpt":"Madame la Ministre, nous vous interpellons\u2026 L\u2019intervention de Manon Meunier \u00e0 l\u2019Assembl\u00e9e Nationale ne se limite pas \u00e0 une joute oratoire ; elle d\u00e9nonce le c\u0153ur de ce que les opposants nomment l\u2019aberration de la \u00ab loi Duplomb 2 \u00bb. Ce texte est per\u00e7u comme un permis d'industrialiser \u00e0 outrance,\u2026","rel":"","context":"Dans &quot;Alimentation&quot;","block_context":{"text":"Alimentation","link":"https:\/\/www.stefaneguilbaud.com\/blog\/?cat=1"},"img":{"alt_text":"","src":"https:\/\/i0.wp.com\/www.stefaneguilbaud.com\/blog\/wp-content\/uploads\/2026\/02\/Pesticide.jpg?fit=800%2C435&ssl=1&resize=350%2C200","width":350,"height":200,"srcset":"https:\/\/i0.wp.com\/www.stefaneguilbaud.com\/blog\/wp-content\/uploads\/2026\/02\/Pesticide.jpg?fit=800%2C435&ssl=1&resize=350%2C200 1x, https:\/\/i0.wp.com\/www.stefaneguilbaud.com\/blog\/wp-content\/uploads\/2026\/02\/Pesticide.jpg?fit=800%2C435&ssl=1&resize=525%2C300 1.5x, https:\/\/i0.wp.com\/www.stefaneguilbaud.com\/blog\/wp-content\/uploads\/2026\/02\/Pesticide.jpg?fit=800%2C435&ssl=1&resize=700%2C400 2x"},"classes":[]},{"id":504,"url":"https:\/\/www.stefaneguilbaud.com\/blog\/?p=504","url_meta":{"origin":1404,"position":1},"title":"Le moratoire du ma\u00efs transg\u00e9nique MON810 est-il durable ?","author":"SG","date":"19 octobre 2009","format":false,"excerpt":"L'AFSSA nous affirme que le ma\u00efs transg\u00e9nique MON810 (fabriqu\u00e9 par la soci\u00e9t\u00e9 Monsanto* ) ne serait pas n\u00e9faste pour la sant\u00e9 mais ... Il semble que nous vivons un grand moment de doute sur cette question. En effet, l'AFSSA (Agence Fran\u00e7aise de S\u00e9curit\u00e9 Sanitaire des Aliments) est affirmative mais sans\u2026","rel":"","context":"Dans &quot;Alimentation&quot;","block_context":{"text":"Alimentation","link":"https:\/\/www.stefaneguilbaud.com\/blog\/?cat=1"},"img":{"alt_text":"","src":"https:\/\/i0.wp.com\/www.stefaneguilbaud.com\/blog\/wp-content\/uploads\/2013\/11\/pollen.jpg?fit=800%2C435&ssl=1&resize=350%2C200","width":350,"height":200,"srcset":"https:\/\/i0.wp.com\/www.stefaneguilbaud.com\/blog\/wp-content\/uploads\/2013\/11\/pollen.jpg?fit=800%2C435&ssl=1&resize=350%2C200 1x, https:\/\/i0.wp.com\/www.stefaneguilbaud.com\/blog\/wp-content\/uploads\/2013\/11\/pollen.jpg?fit=800%2C435&ssl=1&resize=525%2C300 1.5x, https:\/\/i0.wp.com\/www.stefaneguilbaud.com\/blog\/wp-content\/uploads\/2013\/11\/pollen.jpg?fit=800%2C435&ssl=1&resize=700%2C400 2x"},"classes":[]},{"id":417,"url":"https:\/\/www.stefaneguilbaud.com\/blog\/?p=417","url_meta":{"origin":1404,"position":2},"title":"BIO ne veut pas dire \u00e9cologique et\/ou di\u00e9t\u00e9tique","author":"SG","date":"11 f\u00e9vrier 2010","format":false,"excerpt":"Trop souvent, nous assistons, impuissants \u00e0 une rang\u00e9e de biscuits BIO chez nos commer\u00e7ants r\u00e9alis\u00e9s, concoct\u00e9s ou cuisin\u00e9s avec ... de l'huile de palme. Il faut que cela change. Gilles H\u00e9luin, dans \"cent pour cent naturel\" nous apprend : \"L\u2019huile de palme poss\u00e8de le rendement \u00e0 l\u2019hectare le plus \u00e9lev\u00e9\u2026","rel":"","context":"Dans &quot;Soci\u00e9t\u00e9&quot;","block_context":{"text":"Soci\u00e9t\u00e9","link":"https:\/\/www.stefaneguilbaud.com\/blog\/?cat=3"},"img":{"alt_text":"","src":"https:\/\/i0.wp.com\/www.stefaneguilbaud.com\/blog\/wp-content\/uploads\/2013\/11\/palmier.jpg?fit=800%2C435&ssl=1&resize=350%2C200","width":350,"height":200,"srcset":"https:\/\/i0.wp.com\/www.stefaneguilbaud.com\/blog\/wp-content\/uploads\/2013\/11\/palmier.jpg?fit=800%2C435&ssl=1&resize=350%2C200 1x, https:\/\/i0.wp.com\/www.stefaneguilbaud.com\/blog\/wp-content\/uploads\/2013\/11\/palmier.jpg?fit=800%2C435&ssl=1&resize=525%2C300 1.5x, https:\/\/i0.wp.com\/www.stefaneguilbaud.com\/blog\/wp-content\/uploads\/2013\/11\/palmier.jpg?fit=800%2C435&ssl=1&resize=700%2C400 2x"},"classes":[]},{"id":1929,"url":"https:\/\/www.stefaneguilbaud.com\/blog\/?p=1929","url_meta":{"origin":1404,"position":3},"title":"Et si demain \u00e9tait un autre jour","author":"SG","date":"4 mars 2016","format":false,"excerpt":"Voici\u00a0 une reprise de mon article paru sur femininbio.fr, le 5\u00a0 f\u00e9vrier 2016 Droits exclusifs www.femininbio.fr. Reproduction interdite sans autorisation. Tribune libre - J\u2019ai vu le film \u00ab Demain \u00bb, tout comme d\u00e9j\u00e0 plus de 370\u2009000 spectateurs. Sans jeu de mots, il y aura pour moi, un avant et un\u2026","rel":"","context":"Dans &quot;Actualit\u00e9s&quot;","block_context":{"text":"Actualit\u00e9s","link":"https:\/\/www.stefaneguilbaud.com\/blog\/?cat=8"},"img":{"alt_text":"","src":"https:\/\/i0.wp.com\/www.stefaneguilbaud.com\/blog\/wp-content\/uploads\/2016\/03\/etsidemain.jpg?fit=800%2C435&ssl=1&resize=350%2C200","width":350,"height":200,"srcset":"https:\/\/i0.wp.com\/www.stefaneguilbaud.com\/blog\/wp-content\/uploads\/2016\/03\/etsidemain.jpg?fit=800%2C435&ssl=1&resize=350%2C200 1x, https:\/\/i0.wp.com\/www.stefaneguilbaud.com\/blog\/wp-content\/uploads\/2016\/03\/etsidemain.jpg?fit=800%2C435&ssl=1&resize=525%2C300 1.5x, https:\/\/i0.wp.com\/www.stefaneguilbaud.com\/blog\/wp-content\/uploads\/2016\/03\/etsidemain.jpg?fit=800%2C435&ssl=1&resize=700%2C400 2x"},"classes":[]},{"id":1894,"url":"https:\/\/www.stefaneguilbaud.com\/blog\/?p=1894","url_meta":{"origin":1404,"position":4},"title":"On se sucre au rayon bricolage ?","author":"SG","date":"16 f\u00e9vrier 2016","format":false,"excerpt":"Imaginez ma surprise, lorsqu\u2019\u00e0 la caisse d\u2019un Bricorama, je d\u00e9couvre ce pr\u00e9sentoir. Des confiseries belges, dans des pots de verre. Je retourne quelques pots pour y voir les ingr\u00e9dients de glucose, E bidule et E machin, mais l\u00e0 n\u2019est pas le plus important. Comment un tel pr\u00e9sentoir peut-il avoir \u00e9t\u00e9,\u2026","rel":"","context":"Dans &quot;Actualit\u00e9s&quot;","block_context":{"text":"Actualit\u00e9s","link":"https:\/\/www.stefaneguilbaud.com\/blog\/?cat=8"},"img":{"alt_text":"","src":"https:\/\/i0.wp.com\/www.stefaneguilbaud.com\/blog\/wp-content\/uploads\/2013\/12\/levres-surgele%CC%81es.jpg?fit=800%2C435&ssl=1&resize=350%2C200","width":350,"height":200,"srcset":"https:\/\/i0.wp.com\/www.stefaneguilbaud.com\/blog\/wp-content\/uploads\/2013\/12\/levres-surgele%CC%81es.jpg?fit=800%2C435&ssl=1&resize=350%2C200 1x, https:\/\/i0.wp.com\/www.stefaneguilbaud.com\/blog\/wp-content\/uploads\/2013\/12\/levres-surgele%CC%81es.jpg?fit=800%2C435&ssl=1&resize=525%2C300 1.5x, https:\/\/i0.wp.com\/www.stefaneguilbaud.com\/blog\/wp-content\/uploads\/2013\/12\/levres-surgele%CC%81es.jpg?fit=800%2C435&ssl=1&resize=700%2C400 2x"},"classes":[]},{"id":983,"url":"https:\/\/www.stefaneguilbaud.com\/blog\/?p=983","url_meta":{"origin":1404,"position":5},"title":"Le libre \u00e9change n&rsquo;existe-il pas ?","author":"SG","date":"5 mars 2014","format":false,"excerpt":"\"Le libre \u00e9change n'existe pas, c'est un mensonge. Seule domine la loi du plus fort. Par exemple quand Nestl\u00e9 s'oppose \u00e0 un syndicat paysan africain, c'est comme si Mike Tyson, le champion du monde de boxe, \u00e9tait envoy\u00e9 sur le ring contre un Bengali au ch\u00f4mage qui meurt de faim.\u2026","rel":"","context":"Dans &quot;Actualit\u00e9s&quot;","block_context":{"text":"Actualit\u00e9s","link":"https:\/\/www.stefaneguilbaud.com\/blog\/?cat=8"},"img":{"alt_text":"","src":"https:\/\/i0.wp.com\/www.stefaneguilbaud.com\/blog\/wp-content\/uploads\/2014\/03\/mains.jpg?fit=800%2C435&ssl=1&resize=350%2C200","width":350,"height":200,"srcset":"https:\/\/i0.wp.com\/www.stefaneguilbaud.com\/blog\/wp-content\/uploads\/2014\/03\/mains.jpg?fit=800%2C435&ssl=1&resize=350%2C200 1x, https:\/\/i0.wp.com\/www.stefaneguilbaud.com\/blog\/wp-content\/uploads\/2014\/03\/mains.jpg?fit=800%2C435&ssl=1&resize=525%2C300 1.5x, https:\/\/i0.wp.com\/www.stefaneguilbaud.com\/blog\/wp-content\/uploads\/2014\/03\/mains.jpg?fit=800%2C435&ssl=1&resize=700%2C400 2x"},"classes":[]}],"jetpack_likes_enabled":true,"_links":{"self":[{"href":"https:\/\/www.stefaneguilbaud.com\/blog\/index.php?rest_route=\/wp\/v2\/posts\/1404","targetHints":{"allow":["GET"]}}],"collection":[{"href":"https:\/\/www.stefaneguilbaud.com\/blog\/index.php?rest_route=\/wp\/v2\/posts"}],"about":[{"href":"https:\/\/www.stefaneguilbaud.com\/blog\/index.php?rest_route=\/wp\/v2\/types\/post"}],"author":[{"embeddable":true,"href":"https:\/\/www.stefaneguilbaud.com\/blog\/index.php?rest_route=\/wp\/v2\/users\/1"}],"replies":[{"embeddable":true,"href":"https:\/\/www.stefaneguilbaud.com\/blog\/index.php?rest_route=%2Fwp%2Fv2%2Fcomments&post=1404"}],"version-history":[{"count":22,"href":"https:\/\/www.stefaneguilbaud.com\/blog\/index.php?rest_route=\/wp\/v2\/posts\/1404\/revisions"}],"predecessor-version":[{"id":1433,"href":"https:\/\/www.stefaneguilbaud.com\/blog\/index.php?rest_route=\/wp\/v2\/posts\/1404\/revisions\/1433"}],"wp:featuredmedia":[{"embeddable":true,"href":"https:\/\/www.stefaneguilbaud.com\/blog\/index.php?rest_route=\/wp\/v2\/media\/1406"}],"wp:attachment":[{"href":"https:\/\/www.stefaneguilbaud.com\/blog\/index.php?rest_route=%2Fwp%2Fv2%2Fmedia&parent=1404"}],"wp:term":[{"taxonomy":"category","embeddable":true,"href":"https:\/\/www.stefaneguilbaud.com\/blog\/index.php?rest_route=%2Fwp%2Fv2%2Fcategories&post=1404"},{"taxonomy":"post_tag","embeddable":true,"href":"https:\/\/www.stefaneguilbaud.com\/blog\/index.php?rest_route=%2Fwp%2Fv2%2Ftags&post=1404"}],"curies":[{"name":"wp","href":"https:\/\/api.w.org\/{rel}","templated":true}]}}