{"id":1314,"date":"2015-04-27T07:00:35","date_gmt":"2015-04-27T06:00:35","guid":{"rendered":"http:\/\/www.stefaneguilbaud.com\/blog\/?p=1314"},"modified":"2015-04-29T21:50:33","modified_gmt":"2015-04-29T20:50:33","slug":"festival-du-food-truck-au-chateau-de-berne","status":"publish","type":"post","link":"https:\/\/www.stefaneguilbaud.com\/blog\/?p=1314","title":{"rendered":"Festival du Food Truck, au ch\u00e2teau de Berne !"},"content":{"rendered":"<p><strong>I. REPORTAGE : CH\u00c2TEAU DE BERNE, Lorgues, Var, le 26 avril 2015 .<\/strong><br \/>\n<em><strong>Journ\u00e9e du Food Truck, organis\u00e9e par le Ch\u00e2teau de Berne (Lorgues) et FoodTruck Station (Aix en Provence).<\/strong><\/em><br \/>\n<em><strong> Informations : <a href=\"http:\/\/www.food-truck-station.com\/ca-se-passe-a-la-station_fr\/quand-food-truck-station-cree-l-evenement\/\" target=\"_blank\">lire la page officielle.<\/a><\/strong><\/em><\/p>\n<p>Ceux qui connaissent mon travail savent que je m\u2019int\u00e9resse aux Food Truck, depuis longtemps, pour plusieurs raisons. Lors de la sortie de <a href=\"http:\/\/www.amazon.fr\/Visio-food-St%C3%A9fane-Guilbaud\/dp\/236549014X\" target=\"_blank\">VisioFood<\/a>, j\u2019avais parmi mes pr\u00e9faciers Thierry Marx, fervent d\u00e9fenseur de cette nouvelle restauration. Pour lui, comme pour moi, il s\u2019agit d\u2019une concurrence qui remet en cause les \u00ab\u00a0mauvaises habitudes\u00a0\u00bb de certaines cuisines traditionnelles.<\/p>\n<p>\u00c0 l\u2019occasion de cette journ\u00e9e, j\u2019ai interview\u00e9 quelques Food Truck avant la sonnante de midi. Ma premi\u00e8re surprise fut le camion enti\u00e8rement bio, \u00ab\u00a0<a href=\"https:\/\/www.facebook.com\/bcook.fr?ref=ts&amp;fref=ts\" target=\"_blank\">B-Cook<\/a>\u00ab\u00a0. Samuel et sa femme proposent une cuisine raffin\u00e9e, savoureuse et abordable. Ce jour-l\u00e0, le saumon grill\u00e9 aux l\u00e9gumes et pommes de terre \u00e9tait extr\u00eamement savoureux. Plus loin, \u00ab\u00a0<a href=\"https:\/\/www.facebook.com\/pages\/Coralies-Kitchen\/442511745858702?ref=ts&amp;fref=ts\" target=\"_blank\">Coralie&rsquo;s Kitchen<\/a>\u00ab\u00a0, Coralie et Julien, proposaient des hamburgers\u2026 et bien que je ne sois pas fan de ce genre de mets, il faut reconnaitre que la premi\u00e8re bouch\u00e9e \u00e9tait des plus \u00e9tonnantes. On sentait une viande riche, cuite \u00e0 point dans un pain s\u00e9lectionn\u00e9 d\u00e9licat. De l\u2019autre c\u00f4t\u00e9, un autre camion \u00e0 hamburger, le \u00ab\u00a0<a href=\"https:\/\/www.facebook.com\/sonofabun.mc\" target=\"_blank\">Son of a Bun<\/a>\u00ab\u00a0, partageant l\u2019aire du ch\u00e2teau avec une cr\u00eaperie bretonne, \u00ab\u00a0<a href=\"https:\/\/www.facebook.com\/pages\/la-cr%C3%AApe-qui-roule\/554007647991342\" target=\"_blank\">la cr\u00eape qui roule<\/a>\u00ab\u00a0, des p\u00e2tes fra\u00eeches avec l\u2019\u00a0\u00bb<a href=\"http:\/\/www.lemportepates.fr\/\" target=\"_blank\">Emporte\u00a0P\u00e2tes<\/a>\u00ab\u00a0, un roi du macaron \u00ab\u00a0<a href=\"https:\/\/www.facebook.com\/pages\/Les-Macarons-de-Louis\/382265708581084\" target=\"_blank\">Les\u00a0Macarons\u00a0de\u00a0Louis<\/a>\u00ab\u00a0, des originalit\u00e9s \u00e0 base de farine de pois chiche avec \u00ab\u00a0<a href=\"http:\/\/www.food-truck-station.com\/food-truck\/fr\/aux-fans-de-chiche\/\" target=\"_blank\">Fan\u00a0de\u00a0Chiche<\/a>\u00ab\u00a0, le \u00ab\u00a0<a href=\"https:\/\/www.facebook.com\/pages\/LE-MOANA\/501534343226501?fref=ts\" target=\"_blank\">Moana<\/a>\u00ab\u00a0, un camion tahitien avec une cuisine polyn\u00e9sienne des plus rares en food truck (avec un Poe banane coco d\u00e9licieux). Un sp\u00e9cialiste des coquillages passant de la t\u00e9line ou des hu\u00eetres \u00e0 la pa\u00eblla avec \u00ab\u00a0<a href=\"https:\/\/www.facebook.com\/fred.coquillages\" target=\"_blank\">Fred\u00a0Coquillage<\/a>\u00ab\u00a0. C\u00f4t\u00e9 exotique, un camion vietnamien, le \u00ab\u00a0<a href=\"https:\/\/www.facebook.com\/auxdelicesdebanoi?fref=ts\" target=\"_blank\">Aux d\u00e9lices de Bano\u00ef<\/a>\u00ab\u00a0, tenu par un gar\u00e7on qui a voulu \u00ab\u00a0reprendre les recettes de sa grand-m\u00e8re vietnamienne\u00a0\u00bb. Accompagn\u00e9 de sa femme, il propose le traditionnel Bo-B\u00fan (boeuf-vermicel) \u00e0 c\u00f4t\u00e9 d\u2019un G\u00e0-B\u00fan (poulet-vermicel) et d\u2019un Thit Kho traditionnel (Porc au caramel), avec morceaux de viandes choisis. La truffe \u00e9tait tout autant \u00e0 l\u2019honneur dans le camion <a href=\"http:\/\/www.odiamantnoir.com\/\" target=\"_blank\">Diamant Noir <\/a>tenu par une \u00e9quipe 100% f\u00e9minine. Chacun y trouve son compte, sachant que le crit\u00e8re de s\u00e9lection de cette journ\u00e9e \u00e9tait, bien \u00e9videmment, le 100% fait maison, frais.<\/p>\n<p><strong>\u00c0 la question, pourquoi un camion food truck\u2009?\u2028<\/strong><\/p>\n<p>Les r\u00e9ponses sont unanimes et dans le m\u00eame ordre. Chacun y va de son anecdote et de son parcours de vie, mais tous reviennent au m\u00eame fondement.<br \/>\n1. Nous avons la bougeotte et il est agr\u00e9able de changer de lieux. L\u2019un d\u2019entre eux me dit \u00ab\u00a0Je travaillais non-stop dans une cuisine sans fen\u00eatre. \u00c7a me change\u00a0\u00bb<br \/>\n2. Le contact avec le client. Il est vrai qu\u2019ils sont tr\u00e8s chaleureux. Je n\u2019ai jamais vu un camion, avec un personnel d\u00e9sagr\u00e9able. Ils aiment parler \ud83d\ude42<br \/>\n3. La possibilit\u00e9 de montrer notre cuisine et de montrer que l\u2019on ne triche pas. Cet argument revient tout le temps. Lorsque vous avez un restaurant de type fastfood, vous \u00eates par d\u00e9finition, montr\u00e9s du doigt et accus\u00e9s (\u00e0 tort ou \u00e0 raison) de produire de l\u2019industriel, \u00e0 base de surgel\u00e9s. Ici pas de doutes, tout se voit. Pas de serveuses faisant office de filtres entre la cuisine et la salle.<\/p>\n<p><strong>Il est plus difficile de s\u2019installer sur les lieux publics\u2009?<\/strong><br \/>\nLes r\u00e9ponses sont tout autant unanimes, dont en voici le r\u00e9sum\u00e9.<br \/>\n1. Cela a toujours \u00e9t\u00e9 difficile, mais il est vrai que des freins suppl\u00e9mentaires sont apparus. Les municipalit\u00e9s reculent, souvent sous la pression des restaurants en place. Quoique Paris a ouvert 14 places suppl\u00e9mentaires ce mois-ci.<br \/>\n2. Certains restaurateurs voient d\u2019un mauvais oeil les \u00ab\u00a0food truck\u00a0\u00bb et nous accusent de prendre leurs clients. Le d\u00e9bat est complexe. Nous n\u2019avons pas les m\u00eames charges, mais nous avons d\u2019autres inconv\u00e9nients, comme la m\u00e9t\u00e9o capricieuse, le peu de place et aucun emplacement d\u00e9finitif. Il faut plut\u00f4t demander aux clients pourquoi ce changement d\u2019habitudes\u2009?<\/p>\n<p>La r\u00e9ponse est parfois donn\u00e9e par les clients : trop d\u2019opacit\u00e9\u2009? Trop de scandales sanitaires\u2009?<br \/>\nLa p\u00e9n\u00e9tration du produit industriel dans la restauration a sign\u00e9 leur arr\u00eat de mort, comme il signera celui des boulangers p\u00e2tissiers se faisant le revendeur de produits surgel\u00e9s camoufl\u00e9s. La cuisine de rue est l\u2019avenir d\u2019un pays qui bouge. Au Vietnam, c\u2019est m\u00eame un sport national, le client consomme dans la rue, rarement au restaurant, alors que le co\u00fbt est identique !<\/p>\n<p><a href=\"https:\/\/i0.wp.com\/www.stefaneguilbaud.com\/blog\/wp-content\/uploads\/2015\/04\/FTS.jpg\"><img data-recalc-dims=\"1\" loading=\"lazy\" decoding=\"async\" class=\"alignnone wp-image-1322\" src=\"https:\/\/i0.wp.com\/www.stefaneguilbaud.com\/blog\/wp-content\/uploads\/2015\/04\/FTS-1024x732.jpg?resize=800%2C572\" alt=\"Food Truck Station Berne Var\" width=\"800\" height=\"572\" srcset=\"https:\/\/i0.wp.com\/www.stefaneguilbaud.com\/blog\/wp-content\/uploads\/2015\/04\/FTS.jpg?resize=1024%2C732&amp;ssl=1 1024w, https:\/\/i0.wp.com\/www.stefaneguilbaud.com\/blog\/wp-content\/uploads\/2015\/04\/FTS.jpg?resize=300%2C215&amp;ssl=1 300w, https:\/\/i0.wp.com\/www.stefaneguilbaud.com\/blog\/wp-content\/uploads\/2015\/04\/FTS.jpg?resize=900%2C644&amp;ssl=1 900w, https:\/\/i0.wp.com\/www.stefaneguilbaud.com\/blog\/wp-content\/uploads\/2015\/04\/FTS.jpg?w=2400&amp;ssl=1 2400w\" sizes=\"auto, (max-width: 800px) 100vw, 800px\" \/><\/a><\/p>\n<p><strong>II. FIN DE JOURN\u00c9E : LE VOTE DU JURY.<\/strong><br \/>\nApr\u00e8s cette journ\u00e9e ensoleill\u00e9, sur fond de jazz avec Pr\u00e9zzaj, nous arrivons aux r\u00e9sultats de la d\u00e9lib\u00e9ration d&rsquo;un jury de professionnels compos\u00e9 de :<br \/>\n<strong>Marc Ficher,<\/strong> Directeur G\u00e9n\u00e9ral Tourisme du Ch\u00e2teau de Berne.<br \/>\n<strong>J\u00e9r\u00e9my Czaplicki,<\/strong> Chef ex\u00e9cutif des restaurants du Ch\u00e2teau de Berne.<br \/>\n<strong>Isabelle Bono<\/strong>, journaliste Var Matin.<br \/>\n<strong>Bernard Van de Kerkoff,<\/strong> journaliste.<br \/>\n<strong>Marie Tabacchi<\/strong>, Journaliste sp\u00e9cialis\u00e9 dans la restauration et la gastronomie.<br \/>\n<strong>J\u00e9r\u00e9my Capitano,<\/strong> Journaliste.<br \/>\n<strong>L\u00e9on Ficher,<\/strong> Responsable Tourisme de la CAD.<\/p>\n<p><strong>Et le r\u00e9sultat vers 18 heures :<\/strong><br \/>\n<strong>Premier Prix :<\/strong> Son of a Bun &#8211; Hamburgers<br \/>\n<strong>Deuxi\u00e8me Prix :<\/strong> Coralie&rsquo;s Kitchen &#8211; Hamburgers<br \/>\n<strong>Troisi\u00e8me Prix :<\/strong> BCook &#8211; Cuisine Bio<br \/>\n<strong>Prix sp\u00e9cial du public :<\/strong> Le Moana &#8211; Cuisine Tahitienne.<\/p>\n<p>Personnellement, je reste \u00e9tonn\u00e9 que les deux premiers prix soient des camions \u00e0 hamburgers. Sans remettre en cause la qualit\u00e9, que j\u2019ai personnellement reconnue, j\u2019en tire aussi des conclusions \u00e0 approfondir. La cuisine de camion est particuli\u00e8re\u00a0: les camions pizzas, chinois et\/ou cr\u00eapes, existant depuis longtemps, restent adapt\u00e9s \u00e0 ce genre d\u2019espaces r\u00e9duits, pour une ex\u00e9cution rapide et savoureuse. Les hamburgers ont quant \u00e0 eux aussi trouv\u00e9 leur rythme de croisi\u00e8re et s\u00e9duit un march\u00e9.\u2028Pour les autres cuisines, il faut inventer et r\u00e9inventer sans cesse un nouveau mod\u00e8le. La transposition en barquette de plats ne suffit donc pas, il faut int\u00e9grer d\u2019autres crit\u00e8res. Le prix, le mode de cuisson, l\u2019assemblage et sa rapidit\u00e9, mais surtout la maniabilit\u00e9 du produit en main ! Pas de couteaux, pas d\u2019assiettes ? Une gamme simple, un camion attrayant et une offre stimulante avec une app\u00e9tence attrayante qui ne n\u00e9cessite pas h\u00e9sitation. Attention \u00e0 ces boites jaunes \u00ab\u00a0bons march\u00e9s\u00a0\u00bb qui d\u00e9naturent un produit de qualit\u00e9. Attention aussi \u00e0 l&rsquo;ouverture du camion, elle doit \u00eatre immense et basse, et non se r\u00e9sumer \u00e0 une fen\u00eatre passe-plats. Tout compte. L&rsquo;acte de s\u00e9duction est immense, car il int\u00e8gre le fait d&rsquo;\u00eatre rassur\u00e9 par un concept innovant, donc m\u00e9connu, donc inqui\u00e9tant pour certains. Le \u00ab\u00a0food truck\u00a0\u00bb est en France un peu comme un jeune enfant en pleine \u00e9ducation. Voyager et observer le savoir-faire des pays coutumiers du fait donne des ailes \u00e0 un projet. Au Vietnam, une soupe est servie en 15 secondes\u00a0: nouilles, viandes, accompagnements puis bouillon vers\u00e9 par dessus en un clin d\u2019\u0153il. Idem au Japon pour les sp\u00e9cialit\u00e9s Bento\u2026<br \/>\nLongue vie \u00e0 cette culture ambulante et pour les Aixois \u2026 D\u00e9couvrez ou red\u00e9couvrez ce lieu <a href=\"http:\/\/www.food-truck-station.com\/\" target=\"_blank\">The Food Truck Station<\/a>.<\/p>\n","protected":false},"excerpt":{"rendered":"<p>I. REPORTAGE : CH\u00c2TEAU DE BERNE, Lorgues, Var, le 26 avril 2015 . Journ\u00e9e du Food Truck, organis\u00e9e par le Ch\u00e2teau de Berne (Lorgues) et &hellip; <\/p>\n","protected":false},"author":1,"featured_media":1318,"comment_status":"open","ping_status":"open","sticky":false,"template":"","format":"standard","meta":{"_exactmetrics_skip_tracking":false,"_exactmetrics_sitenote_active":false,"_exactmetrics_sitenote_note":"","_exactmetrics_sitenote_category":0,"jetpack_post_was_ever_published":false,"_jetpack_newsletter_access":"","_jetpack_dont_email_post_to_subs":false,"_jetpack_newsletter_tier_id":0,"_jetpack_memberships_contains_paywalled_content":false,"_jetpack_memberships_contains_paid_content":false,"footnotes":"","jetpack_publicize_message":"","jetpack_publicize_feature_enabled":true,"jetpack_social_post_already_shared":false,"jetpack_social_options":{"image_generator_settings":{"template":"highway","default_image_id":0,"font":"","enabled":false},"version":2}},"categories":[1,12],"tags":[],"class_list":["post-1314","post","type-post","status-publish","format-standard","has-post-thumbnail","hentry","category-alimentation","category-reportage"],"jetpack_publicize_connections":[],"jetpack_featured_media_url":"https:\/\/i0.wp.com\/www.stefaneguilbaud.com\/blog\/wp-content\/uploads\/2015\/04\/FestivalFT_Fotor.jpg?fit=800%2C435&ssl=1","jetpack_sharing_enabled":true,"jetpack_shortlink":"https:\/\/wp.me\/p8a0UX-lc","jetpack-related-posts":[{"id":1949,"url":"https:\/\/www.stefaneguilbaud.com\/blog\/?p=1949","url_meta":{"origin":1314,"position":0},"title":"Jury au 3e festival de Foodtruck, Ch\u00e2teau de Berne","author":"SG","date":"2 mai 2016","format":false,"excerpt":"REPORTAGE CH\u00c2TEAU DE BERNE, Lorgues, Var, le 1er mai 2016\u00a0. Il n\u2019est jamais \u00e9vident d\u2019\u00eatre jury. Les s\u00e9ances sont ponctu\u00e9es par le plaisir de l\u2019\u00e9change, de la d\u00e9couverte, du partage et le triste moment de la d\u00e9cision, des doutes et des d\u00e9\u00e7us que cela g\u00e9n\u00e8re. En tant que formateur en\u2026","rel":"","context":"Dans &quot;Alimentation&quot;","block_context":{"text":"Alimentation","link":"https:\/\/www.stefaneguilbaud.com\/blog\/?cat=1"},"img":{"alt_text":"","src":"https:\/\/i0.wp.com\/www.stefaneguilbaud.com\/blog\/wp-content\/uploads\/2016\/05\/bernefestival3.jpg?fit=800%2C435&ssl=1&resize=350%2C200","width":350,"height":200,"srcset":"https:\/\/i0.wp.com\/www.stefaneguilbaud.com\/blog\/wp-content\/uploads\/2016\/05\/bernefestival3.jpg?fit=800%2C435&ssl=1&resize=350%2C200 1x, https:\/\/i0.wp.com\/www.stefaneguilbaud.com\/blog\/wp-content\/uploads\/2016\/05\/bernefestival3.jpg?fit=800%2C435&ssl=1&resize=525%2C300 1.5x, https:\/\/i0.wp.com\/www.stefaneguilbaud.com\/blog\/wp-content\/uploads\/2016\/05\/bernefestival3.jpg?fit=800%2C435&ssl=1&resize=700%2C400 2x"},"classes":[]},{"id":1481,"url":"https:\/\/www.stefaneguilbaud.com\/blog\/?p=1481","url_meta":{"origin":1314,"position":1},"title":"TAFTA, on explique tout.","author":"SG","date":"25 juin 2015","format":false,"excerpt":"Ceux qui m'ont d\u00e9j\u00e0 entendu parler du TAFTA (Trait\u00e9 Transatlantique) qui est en train d'\u00eatre n\u00e9goci\u00e9 secr\u00e8tement entre les \u00c9tats-Unis et l'Europe, savent que je n'y suis pas favorable. Nous, peuple de l'Europe n'avons pas notre mot \u00e0 dire - Quelle belle le\u00e7on de ratage de d\u00e9mocratie et d'Europe !\u2026","rel":"","context":"Dans &quot;Actualit\u00e9s&quot;","block_context":{"text":"Actualit\u00e9s","link":"https:\/\/www.stefaneguilbaud.com\/blog\/?cat=8"},"img":{"alt_text":"","src":"https:\/\/i0.wp.com\/www.stefaneguilbaud.com\/blog\/wp-content\/uploads\/2015\/06\/tafta.png?fit=800%2C435&ssl=1&resize=350%2C200","width":350,"height":200,"srcset":"https:\/\/i0.wp.com\/www.stefaneguilbaud.com\/blog\/wp-content\/uploads\/2015\/06\/tafta.png?fit=800%2C435&ssl=1&resize=350%2C200 1x, https:\/\/i0.wp.com\/www.stefaneguilbaud.com\/blog\/wp-content\/uploads\/2015\/06\/tafta.png?fit=800%2C435&ssl=1&resize=525%2C300 1.5x, https:\/\/i0.wp.com\/www.stefaneguilbaud.com\/blog\/wp-content\/uploads\/2015\/06\/tafta.png?fit=800%2C435&ssl=1&resize=700%2C400 2x"},"classes":[]},{"id":518,"url":"https:\/\/www.stefaneguilbaud.com\/blog\/?p=518","url_meta":{"origin":1314,"position":2},"title":"Abattoir. Viandes et conditions","author":"SG","date":"27 novembre 2013","format":false,"excerpt":"Un reportage qui se passe de commentaires. Et celui-ci qui d\u00e9passe tout entendement.","rel":"","context":"Dans &quot;Coups de gueule&quot;","block_context":{"text":"Coups de gueule","link":"https:\/\/www.stefaneguilbaud.com\/blog\/?cat=7"},"img":{"alt_text":"","src":"https:\/\/i0.wp.com\/www.stefaneguilbaud.com\/blog\/wp-content\/uploads\/2013\/11\/coupdegueule.jpg?fit=800%2C435&ssl=1&resize=350%2C200","width":350,"height":200,"srcset":"https:\/\/i0.wp.com\/www.stefaneguilbaud.com\/blog\/wp-content\/uploads\/2013\/11\/coupdegueule.jpg?fit=800%2C435&ssl=1&resize=350%2C200 1x, https:\/\/i0.wp.com\/www.stefaneguilbaud.com\/blog\/wp-content\/uploads\/2013\/11\/coupdegueule.jpg?fit=800%2C435&ssl=1&resize=525%2C300 1.5x, https:\/\/i0.wp.com\/www.stefaneguilbaud.com\/blog\/wp-content\/uploads\/2013\/11\/coupdegueule.jpg?fit=800%2C435&ssl=1&resize=700%2C400 2x"},"classes":[]},{"id":1877,"url":"https:\/\/www.stefaneguilbaud.com\/blog\/?p=1877","url_meta":{"origin":1314,"position":3},"title":"MaxiCuisine pour un maxi refus des produits industriels","author":"SG","date":"13 f\u00e9vrier 2016","format":false,"excerpt":"Dans le Maxi-Cuisine n\u00b0105, du mois de mars 2016, une interview \u00e0 propos des produits industriels. - \u00c0 quoi les reconna\u00eet-on ? - Que leur reprochez-vous ? - Que pr\u00e9conisez-vous ? Bonne lecture. \u00a0","rel":"","context":"Dans &quot;Actualit\u00e9s&quot;","block_context":{"text":"Actualit\u00e9s","link":"https:\/\/www.stefaneguilbaud.com\/blog\/?cat=8"},"img":{"alt_text":"","src":"https:\/\/i0.wp.com\/www.stefaneguilbaud.com\/blog\/wp-content\/uploads\/2016\/02\/maxicuisineentete1.jpg?fit=800%2C435&ssl=1&resize=350%2C200","width":350,"height":200,"srcset":"https:\/\/i0.wp.com\/www.stefaneguilbaud.com\/blog\/wp-content\/uploads\/2016\/02\/maxicuisineentete1.jpg?fit=800%2C435&ssl=1&resize=350%2C200 1x, https:\/\/i0.wp.com\/www.stefaneguilbaud.com\/blog\/wp-content\/uploads\/2016\/02\/maxicuisineentete1.jpg?fit=800%2C435&ssl=1&resize=525%2C300 1.5x, https:\/\/i0.wp.com\/www.stefaneguilbaud.com\/blog\/wp-content\/uploads\/2016\/02\/maxicuisineentete1.jpg?fit=800%2C435&ssl=1&resize=700%2C400 2x"},"classes":[]},{"id":1995,"url":"https:\/\/www.stefaneguilbaud.com\/blog\/?p=1995","url_meta":{"origin":1314,"position":4},"title":"Reportage : Vrai p\u00e2tissier, \u00e7a fait plaisir.","author":"SG","date":"8 mai 2016","format":false,"excerpt":"Il m\u2019est\u00a0insupportable de voir les files d\u2019attente devant tant d\u2019enseignes qui se font appeler Boulangerie P\u00e2tisserie. J\u2019ai souvent \u00e9crit dans la presse, dans ce blog ou dans mes livres, la magnifique escroquerie de certaines cha\u00eenes. Les boulangers ne sont que plus que des techniciens (quand il ne s\u2019agit pas d\u2019un\u2026","rel":"","context":"Dans &quot;Alimentation&quot;","block_context":{"text":"Alimentation","link":"https:\/\/www.stefaneguilbaud.com\/blog\/?cat=1"},"img":{"alt_text":"","src":"https:\/\/i0.wp.com\/www.stefaneguilbaud.com\/blog\/wp-content\/uploads\/2016\/05\/gateau.jpg?fit=800%2C435&ssl=1&resize=350%2C200","width":350,"height":200,"srcset":"https:\/\/i0.wp.com\/www.stefaneguilbaud.com\/blog\/wp-content\/uploads\/2016\/05\/gateau.jpg?fit=800%2C435&ssl=1&resize=350%2C200 1x, https:\/\/i0.wp.com\/www.stefaneguilbaud.com\/blog\/wp-content\/uploads\/2016\/05\/gateau.jpg?fit=800%2C435&ssl=1&resize=525%2C300 1.5x, https:\/\/i0.wp.com\/www.stefaneguilbaud.com\/blog\/wp-content\/uploads\/2016\/05\/gateau.jpg?fit=800%2C435&ssl=1&resize=700%2C400 2x"},"classes":[]},{"id":1666,"url":"https:\/\/www.stefaneguilbaud.com\/blog\/?p=1666","url_meta":{"origin":1314,"position":5},"title":"Laissons la nature\u2026 nous montrer l&rsquo;exemple.","author":"SG","date":"8 septembre 2015","format":false,"excerpt":"Dans la lign\u00e9e de mon prochain livre \u00ab\u00a0Je ne mange pas de produits industriels\u00a0\u00bb \u00e0 paraitre en novembre 2015, aux \u00e9ditions Eyrolles, je vous propose la vision de Pascal Poot qui ne fait que confirmer mon optimisme quant \u00e0 la nouvelle g\u00e9n\u00e9ration, d\u2019agriculteurs, ancr\u00e9e au c\u0153ur d\u2019une d\u00e9sob\u00e9issance alimentaire. Non,\u2026","rel":"","context":"Dans &quot;Actualit\u00e9s&quot;","block_context":{"text":"Actualit\u00e9s","link":"https:\/\/www.stefaneguilbaud.com\/blog\/?cat=8"},"img":{"alt_text":"","src":"https:\/\/i0.wp.com\/www.stefaneguilbaud.com\/blog\/wp-content\/uploads\/2015\/09\/portrait1.jpg?fit=800%2C435&ssl=1&resize=350%2C200","width":350,"height":200,"srcset":"https:\/\/i0.wp.com\/www.stefaneguilbaud.com\/blog\/wp-content\/uploads\/2015\/09\/portrait1.jpg?fit=800%2C435&ssl=1&resize=350%2C200 1x, https:\/\/i0.wp.com\/www.stefaneguilbaud.com\/blog\/wp-content\/uploads\/2015\/09\/portrait1.jpg?fit=800%2C435&ssl=1&resize=525%2C300 1.5x, https:\/\/i0.wp.com\/www.stefaneguilbaud.com\/blog\/wp-content\/uploads\/2015\/09\/portrait1.jpg?fit=800%2C435&ssl=1&resize=700%2C400 2x"},"classes":[]}],"jetpack_likes_enabled":true,"_links":{"self":[{"href":"https:\/\/www.stefaneguilbaud.com\/blog\/index.php?rest_route=\/wp\/v2\/posts\/1314","targetHints":{"allow":["GET"]}}],"collection":[{"href":"https:\/\/www.stefaneguilbaud.com\/blog\/index.php?rest_route=\/wp\/v2\/posts"}],"about":[{"href":"https:\/\/www.stefaneguilbaud.com\/blog\/index.php?rest_route=\/wp\/v2\/types\/post"}],"author":[{"embeddable":true,"href":"https:\/\/www.stefaneguilbaud.com\/blog\/index.php?rest_route=\/wp\/v2\/users\/1"}],"replies":[{"embeddable":true,"href":"https:\/\/www.stefaneguilbaud.com\/blog\/index.php?rest_route=%2Fwp%2Fv2%2Fcomments&post=1314"}],"version-history":[{"count":35,"href":"https:\/\/www.stefaneguilbaud.com\/blog\/index.php?rest_route=\/wp\/v2\/posts\/1314\/revisions"}],"predecessor-version":[{"id":1351,"href":"https:\/\/www.stefaneguilbaud.com\/blog\/index.php?rest_route=\/wp\/v2\/posts\/1314\/revisions\/1351"}],"wp:featuredmedia":[{"embeddable":true,"href":"https:\/\/www.stefaneguilbaud.com\/blog\/index.php?rest_route=\/wp\/v2\/media\/1318"}],"wp:attachment":[{"href":"https:\/\/www.stefaneguilbaud.com\/blog\/index.php?rest_route=%2Fwp%2Fv2%2Fmedia&parent=1314"}],"wp:term":[{"taxonomy":"category","embeddable":true,"href":"https:\/\/www.stefaneguilbaud.com\/blog\/index.php?rest_route=%2Fwp%2Fv2%2Fcategories&post=1314"},{"taxonomy":"post_tag","embeddable":true,"href":"https:\/\/www.stefaneguilbaud.com\/blog\/index.php?rest_route=%2Fwp%2Fv2%2Ftags&post=1314"}],"curies":[{"name":"wp","href":"https:\/\/api.w.org\/{rel}","templated":true}]}}