{"id":1269,"date":"2015-04-13T07:01:38","date_gmt":"2015-04-13T06:01:38","guid":{"rendered":"http:\/\/www.stefaneguilbaud.com\/blog\/?p=1269"},"modified":"2015-04-13T10:22:04","modified_gmt":"2015-04-13T09:22:04","slug":"pourquoi-les-neerlandais-sont-si-grands","status":"publish","type":"post","link":"https:\/\/www.stefaneguilbaud.com\/blog\/?p=1269","title":{"rendered":"Pourquoi les N\u00e9erlandais sont-ils si grands ?"},"content":{"rendered":"<p>Une \u00e9tude publi\u00e9e le 8 avril 2015 par la revue scientifique britannique <a href=\"https:\/\/royalsociety.org\/\" target=\"_blank\">Royal Society <\/a>, nous informe, entres autres que les N\u00e9erlandais ont sur les 150 derni\u00e8res ann\u00e9es, connu une croissance de 20 cm (contre seulement 6 cm pour les Am\u00e9ricains*), soit aux Pays-Bas, nous constatons aujourd&rsquo;hui 1,71 m pour les femmes et 1,84 m pour les hommes, alors qu&rsquo;ils \u00e9taient les plus petits d\u2019Europe au XVIIIe si\u00e8cle, avec une moyenne de 1,65 m.<br \/>\nToutes ces informations sont retranscrites en int\u00e9gralit\u00e9 par <a href=\"http:\/\/live.lesechos.fr\/95\/0204290745295.php#xtor=EPR-5\" target=\"_blank\">LesEchos<\/a> ou <a href=\"http:\/\/france3-regions.francetvinfo.fr\/nord-pas-de-calais\/2015\/04\/08\/pourquoi-les-neerlandais-sont-ils-les-plus-grands-du-monde-700439.html\" target=\"_blank\">France3 r\u00e9gion.<\/a><\/p>\n<p>Tout cela laisse r\u00eaveur, et l&rsquo;on est tent\u00e9 de comprendre cette performance pour la reproduire chez nous, mais une phrase m&rsquo;a interpell\u00e9 :<\/p>\n<blockquote><p>\u00ab\u2009La sup\u00e9riorit\u00e9 en taille des N\u00e9erlandais est attribu\u00e9e \u00e0 des facteurs environnementaux\u2009\u00bb, constate l\u2019\u00e9tude citant une bonne alimentation <em><strong>(notamment une forte consommation de produits laitiers)<\/strong><\/em> \u2026\u00a0\u00bb<\/p><\/blockquote>\n<p>Vous voyez d\u2019o\u00f9 \u00e7a vient ? D&rsquo;une forte consommation de produits laitiers ! Quelle aubaine pour les buveurs de lait !<\/p>\n<p>Alors pour ceux qui seraient tent\u00e9s de boire du lait, de fa\u00e7on excessive, un petit rappel.<\/p>\n<p><strong>#1 Osth\u00e9oporose :<\/strong><br \/>\n<strong>Thierry Souccar :<\/strong>\u00a0 \u00ab\u00a0Si vous interrogez une femme d\u2019\u00e2ge m\u00fbr, un m\u00e9decin ou un journaliste, il y a des chances qu\u2019ils vous disent que l\u2019ost\u00e9oporose est une maladie, qu\u2019elle est responsable de la majorit\u00e9 des fractures de l\u2019\u00e2ge avanc\u00e9, qu\u2019un d\u00e9pistage par ost\u00e9odensitom\u00e9trie permet d\u2019identifier les personnes \u00e0 risque, et qu\u2019on peut \u00e9viter les fractures avec des laitages et un r\u00e9gime riche en calcium, voire en prenant des m\u00e9dicaments.\u00a0\u00bb <a href=\"http:\/\/www.lanutrition.fr\/bien-dans-sa-sante\/les-maladies\/osteoporose\/le-mythe-de-losteoporose-introduction-du-nouveau-livre-de-thierry-souccar.html\" target=\"_blank\">Lire la suite \u2026<\/a><\/p>\n<p id=\"obs-article-intro\" class=\"obs-article-intro\"><strong>#2 Consommation de lait :<\/strong><br \/>\n<strong>Science et Avenir :<\/strong> \u00ab\u00a0Une \u00e9tude jette le trouble sur les bienfaits du lait chez les adultes. Autrefois id\u00e9alis\u00e9, il serait \u00e0 l&rsquo;origine d&rsquo;une fragilisation osseuse. Mais pas seulement.\u00a0\u00bb <a href=\"http:\/\/www.sciencesetavenir.fr\/sante\/20141031.OBS3766\/le-lait-est-il-nefaste-pour-la-sante-des-adultes.html\" target=\"_blank\">Lire la suite\u2026<\/a><\/p>\n<p class=\"obs-article-intro\"><strong>#3 Pays consommateurs et maladies :<\/strong><br \/>\n<strong>Robert Masson<\/strong> (\u00ab\u00a0Di\u00e9t\u00e9tique de l\u2019exp\u00e9rience\u00a0\u00bb \u2013 \u00e9d. Tr\u00e9daniel) : \u00ab\u00a0On remarque une concordance entre la consommation importante de produits laitiers et le d\u00e9veloppement des maladies osseuses, dont l\u2019ost\u00e9oporose\u00a0\u00bb. <a href=\"http:\/\/www.stefaneguilbaud.com\/blog\/?p=521\" target=\"_blank\">Lire la suite\u2026<\/a><\/p>\n<h6>* \u00e9tude : Gert Stulp, sp\u00e9cialiste en sant\u00e9 des populations \u00e0 la London School of Hygiene and Tropical Medicine.<\/h6>\n","protected":false},"excerpt":{"rendered":"<p>Une \u00e9tude publi\u00e9e le 8 avril 2015 par la revue scientifique britannique Royal Society , nous informe, entres autres que les N\u00e9erlandais ont sur les &hellip; <\/p>\n","protected":false},"author":1,"featured_media":462,"comment_status":"open","ping_status":"open","sticky":false,"template":"","format":"standard","meta":{"_exactmetrics_skip_tracking":false,"_exactmetrics_sitenote_active":false,"_exactmetrics_sitenote_note":"","_exactmetrics_sitenote_category":0,"jetpack_post_was_ever_published":false,"_jetpack_newsletter_access":"","_jetpack_dont_email_post_to_subs":false,"_jetpack_newsletter_tier_id":0,"_jetpack_memberships_contains_paywalled_content":false,"_jetpack_memberships_contains_paid_content":false,"footnotes":"","jetpack_publicize_message":"","jetpack_publicize_feature_enabled":true,"jetpack_social_post_already_shared":false,"jetpack_social_options":{"image_generator_settings":{"template":"highway","default_image_id":0,"font":"","enabled":false},"version":2}},"categories":[8,7,4],"tags":[],"class_list":["post-1269","post","type-post","status-publish","format-standard","has-post-thumbnail","hentry","category-actualites","category-coups-de-gueule","category-sondages"],"jetpack_publicize_connections":[],"jetpack_featured_media_url":"https:\/\/i0.wp.com\/www.stefaneguilbaud.com\/blog\/wp-content\/uploads\/2010\/01\/laitages.jpg?fit=800%2C435&ssl=1","jetpack_sharing_enabled":true,"jetpack_shortlink":"https:\/\/wp.me\/p8a0UX-kt","jetpack-related-posts":[{"id":891,"url":"https:\/\/www.stefaneguilbaud.com\/blog\/?p=891","url_meta":{"origin":1269,"position":0},"title":"Une induction pour une d\u00e9duction.","author":"SG","date":"14 janvier 2014","format":false,"excerpt":"La \"cr\u00e9ativit\u00e9\", mise au service des inductions alimentaires, afin de nous influencer dans nos choix. Bons ou mauvais ? La culture graphique Avant toute chose, il est important de rappeler que lorsque l'on est directeur de cr\u00e9ation, au sein d'une agence de communication, on connait le besoin n\u00e9cessaire d'\u00e9ducation graphique\u2026","rel":"","context":"Dans &quot;Alimentation&quot;","block_context":{"text":"Alimentation","link":"https:\/\/www.stefaneguilbaud.com\/blog\/?cat=1"},"img":{"alt_text":"","src":"https:\/\/i0.wp.com\/www.stefaneguilbaud.com\/blog\/wp-content\/uploads\/2013\/12\/couple-etiquette.jpg?fit=800%2C435&ssl=1&resize=350%2C200","width":350,"height":200,"srcset":"https:\/\/i0.wp.com\/www.stefaneguilbaud.com\/blog\/wp-content\/uploads\/2013\/12\/couple-etiquette.jpg?fit=800%2C435&ssl=1&resize=350%2C200 1x, https:\/\/i0.wp.com\/www.stefaneguilbaud.com\/blog\/wp-content\/uploads\/2013\/12\/couple-etiquette.jpg?fit=800%2C435&ssl=1&resize=525%2C300 1.5x, https:\/\/i0.wp.com\/www.stefaneguilbaud.com\/blog\/wp-content\/uploads\/2013\/12\/couple-etiquette.jpg?fit=800%2C435&ssl=1&resize=700%2C400 2x"},"classes":[]},{"id":314,"url":"https:\/\/www.stefaneguilbaud.com\/blog\/?p=314","url_meta":{"origin":1269,"position":1},"title":"La s\u00e9curit\u00e9 sociale doit-elle rester sociale ?","author":"SG","date":"13 avril 2016","format":false,"excerpt":"Le \"trou de la s\u00e9cu\" fait d\u00e9bat. Il y a des avis partag\u00e9s sur les m\u00e9thodes \u00e0 appliquer pour faire des \u00e9conomies. Avec tout un lot de mesures et de r\u00e9visions, nous entendons parler de restrictions, de contr\u00f4les, de d\u00e9bordements et de gaspillages. Les principaux acteurs d'un syst\u00e8me m\u00e9dical, que\u2026","rel":"","context":"Dans &quot;Reportage&quot;","block_context":{"text":"Reportage","link":"https:\/\/www.stefaneguilbaud.com\/blog\/?cat=12"},"img":{"alt_text":"","src":"https:\/\/i0.wp.com\/www.stefaneguilbaud.com\/blog\/wp-content\/uploads\/2013\/11\/stethoscope.jpg?fit=800%2C435&ssl=1&resize=350%2C200","width":350,"height":200,"srcset":"https:\/\/i0.wp.com\/www.stefaneguilbaud.com\/blog\/wp-content\/uploads\/2013\/11\/stethoscope.jpg?fit=800%2C435&ssl=1&resize=350%2C200 1x, https:\/\/i0.wp.com\/www.stefaneguilbaud.com\/blog\/wp-content\/uploads\/2013\/11\/stethoscope.jpg?fit=800%2C435&ssl=1&resize=525%2C300 1.5x, https:\/\/i0.wp.com\/www.stefaneguilbaud.com\/blog\/wp-content\/uploads\/2013\/11\/stethoscope.jpg?fit=800%2C435&ssl=1&resize=700%2C400 2x"},"classes":[]},{"id":3887,"url":"https:\/\/www.stefaneguilbaud.com\/blog\/?p=3887","url_meta":{"origin":1269,"position":2},"title":"Ob\u00e9sit\u00e9 paradox !","author":"SG","date":"8 mars 2023","format":false,"excerpt":"Alors que l'OMS nous annonce qu'en 2035, nous atteindrons les 50 % d'ob\u00e9sit\u00e9, nous constatons au quotidien un discours totalement d\u00e9correl\u00e9 de cette triste r\u00e9alit\u00e9. Explications ! Actuellement, en 2023, 47 % des fran\u00e7ais sont en surpoids et 17 % sont ob\u00e8ses. L'ob\u00e9sit\u00e9 est une maladie qui coute cher. \"Cher\"\u2026","rel":"","context":"Dans &quot;Alimentation&quot;","block_context":{"text":"Alimentation","link":"https:\/\/www.stefaneguilbaud.com\/blog\/?cat=1"},"img":{"alt_text":"","src":"https:\/\/i0.wp.com\/www.stefaneguilbaud.com\/blog\/wp-content\/uploads\/2023\/03\/Obese-studio-1.webp?fit=800%2C435&ssl=1&resize=350%2C200","width":350,"height":200,"srcset":"https:\/\/i0.wp.com\/www.stefaneguilbaud.com\/blog\/wp-content\/uploads\/2023\/03\/Obese-studio-1.webp?fit=800%2C435&ssl=1&resize=350%2C200 1x, https:\/\/i0.wp.com\/www.stefaneguilbaud.com\/blog\/wp-content\/uploads\/2023\/03\/Obese-studio-1.webp?fit=800%2C435&ssl=1&resize=525%2C300 1.5x, https:\/\/i0.wp.com\/www.stefaneguilbaud.com\/blog\/wp-content\/uploads\/2023\/03\/Obese-studio-1.webp?fit=800%2C435&ssl=1&resize=700%2C400 2x"},"classes":[]},{"id":1259,"url":"https:\/\/www.stefaneguilbaud.com\/blog\/?p=1259","url_meta":{"origin":1269,"position":3},"title":"Protection Mondiale des Animaux de la Ferme ?","author":"SG","date":"10 avril 2015","format":false,"excerpt":"D\u00e9couvrez\u00a0 une interview exclusive de Ghislain Zuccolo*, directeur de la PMAF : la Protection Mondiale des Animaux de la Ferme ! PMAF : Protection Mondiale des Animaux de la Ferme J'ai une affection toute particuli\u00e8re pour le combat que m\u00e8ne cette association, la PMAF. Son directeur, Ghislain Zuccolo, et ses\u2026","rel":"","context":"Dans &quot;Actualit\u00e9s&quot;","block_context":{"text":"Actualit\u00e9s","link":"https:\/\/www.stefaneguilbaud.com\/blog\/?cat=8"},"img":{"alt_text":"","src":"https:\/\/i0.wp.com\/www.stefaneguilbaud.com\/blog\/wp-content\/uploads\/2015\/04\/ferme2_Fotor.jpg?fit=800%2C435&ssl=1&resize=350%2C200","width":350,"height":200,"srcset":"https:\/\/i0.wp.com\/www.stefaneguilbaud.com\/blog\/wp-content\/uploads\/2015\/04\/ferme2_Fotor.jpg?fit=800%2C435&ssl=1&resize=350%2C200 1x, https:\/\/i0.wp.com\/www.stefaneguilbaud.com\/blog\/wp-content\/uploads\/2015\/04\/ferme2_Fotor.jpg?fit=800%2C435&ssl=1&resize=525%2C300 1.5x, https:\/\/i0.wp.com\/www.stefaneguilbaud.com\/blog\/wp-content\/uploads\/2015\/04\/ferme2_Fotor.jpg?fit=800%2C435&ssl=1&resize=700%2C400 2x"},"classes":[]},{"id":2470,"url":"https:\/\/www.stefaneguilbaud.com\/blog\/?p=2470","url_meta":{"origin":1269,"position":4},"title":"Aliment-action","author":"SG","date":"7 mars 2017","format":false,"excerpt":"L\u2019alimentation est\u00a0un sujet vaste, profond et l\u00e9ger \u00e0 la fois. Il divise, passionne ou indiff\u00e8re. Depuis vingt ans, je n\u2019ai pas arr\u00eat\u00e9 d\u2019apprendre, d\u2019\u00e9couter et regarder ce qui se passe autour de moi. L\u2019alimentation devient un sujet d\u2019action pour ceux qui souhaitent changer de\u00a0silhouette, de\u00a0monde, d\u2019avenir ou de fin de\u2026","rel":"","context":"Dans &quot;Alimentation&quot;","block_context":{"text":"Alimentation","link":"https:\/\/www.stefaneguilbaud.com\/blog\/?cat=1"},"img":{"alt_text":"","src":"https:\/\/i0.wp.com\/www.stefaneguilbaud.com\/blog\/wp-content\/uploads\/2017\/02\/tunnelblog.jpg?fit=800%2C435&ssl=1&resize=350%2C200","width":350,"height":200,"srcset":"https:\/\/i0.wp.com\/www.stefaneguilbaud.com\/blog\/wp-content\/uploads\/2017\/02\/tunnelblog.jpg?fit=800%2C435&ssl=1&resize=350%2C200 1x, https:\/\/i0.wp.com\/www.stefaneguilbaud.com\/blog\/wp-content\/uploads\/2017\/02\/tunnelblog.jpg?fit=800%2C435&ssl=1&resize=525%2C300 1.5x, https:\/\/i0.wp.com\/www.stefaneguilbaud.com\/blog\/wp-content\/uploads\/2017\/02\/tunnelblog.jpg?fit=800%2C435&ssl=1&resize=700%2C400 2x"},"classes":[]},{"id":119,"url":"https:\/\/www.stefaneguilbaud.com\/blog\/?p=119","url_meta":{"origin":1269,"position":5},"title":"Le coup de gueule pour LycoCard\u00ae","author":"SG","date":"14 f\u00e9vrier 2011","format":false,"excerpt":"En fait mon coup de gueule ne se porte pas sur le projet LYCOCARD\u00ae, mais sur les effets de bord que cela enclenche d\u00e9j\u00e0. Explications \u2026 Pour comprendre ce \u00ab\u00a0coup de gueule\u00a0\u00bb, voici la teneur du projet LYCOCARD\u00ae\u00a0: LYCOCARD\u00a0: Le r\u00f4le du lycop\u00e8ne dans la pr\u00e9vention des maladies cardiovasculairesLes maladies\u2026","rel":"","context":"Dans &quot;Coups de gueule&quot;","block_context":{"text":"Coups de gueule","link":"https:\/\/www.stefaneguilbaud.com\/blog\/?cat=7"},"img":{"alt_text":"","src":"https:\/\/i0.wp.com\/www.stefaneguilbaud.com\/blog\/wp-content\/uploads\/2013\/11\/coupdegueule.jpg?fit=800%2C435&ssl=1&resize=350%2C200","width":350,"height":200,"srcset":"https:\/\/i0.wp.com\/www.stefaneguilbaud.com\/blog\/wp-content\/uploads\/2013\/11\/coupdegueule.jpg?fit=800%2C435&ssl=1&resize=350%2C200 1x, https:\/\/i0.wp.com\/www.stefaneguilbaud.com\/blog\/wp-content\/uploads\/2013\/11\/coupdegueule.jpg?fit=800%2C435&ssl=1&resize=525%2C300 1.5x, https:\/\/i0.wp.com\/www.stefaneguilbaud.com\/blog\/wp-content\/uploads\/2013\/11\/coupdegueule.jpg?fit=800%2C435&ssl=1&resize=700%2C400 2x"},"classes":[]}],"jetpack_likes_enabled":true,"_links":{"self":[{"href":"https:\/\/www.stefaneguilbaud.com\/blog\/index.php?rest_route=\/wp\/v2\/posts\/1269","targetHints":{"allow":["GET"]}}],"collection":[{"href":"https:\/\/www.stefaneguilbaud.com\/blog\/index.php?rest_route=\/wp\/v2\/posts"}],"about":[{"href":"https:\/\/www.stefaneguilbaud.com\/blog\/index.php?rest_route=\/wp\/v2\/types\/post"}],"author":[{"embeddable":true,"href":"https:\/\/www.stefaneguilbaud.com\/blog\/index.php?rest_route=\/wp\/v2\/users\/1"}],"replies":[{"embeddable":true,"href":"https:\/\/www.stefaneguilbaud.com\/blog\/index.php?rest_route=%2Fwp%2Fv2%2Fcomments&post=1269"}],"version-history":[{"count":3,"href":"https:\/\/www.stefaneguilbaud.com\/blog\/index.php?rest_route=\/wp\/v2\/posts\/1269\/revisions"}],"predecessor-version":[{"id":1272,"href":"https:\/\/www.stefaneguilbaud.com\/blog\/index.php?rest_route=\/wp\/v2\/posts\/1269\/revisions\/1272"}],"wp:featuredmedia":[{"embeddable":true,"href":"https:\/\/www.stefaneguilbaud.com\/blog\/index.php?rest_route=\/wp\/v2\/media\/462"}],"wp:attachment":[{"href":"https:\/\/www.stefaneguilbaud.com\/blog\/index.php?rest_route=%2Fwp%2Fv2%2Fmedia&parent=1269"}],"wp:term":[{"taxonomy":"category","embeddable":true,"href":"https:\/\/www.stefaneguilbaud.com\/blog\/index.php?rest_route=%2Fwp%2Fv2%2Fcategories&post=1269"},{"taxonomy":"post_tag","embeddable":true,"href":"https:\/\/www.stefaneguilbaud.com\/blog\/index.php?rest_route=%2Fwp%2Fv2%2Ftags&post=1269"}],"curies":[{"name":"wp","href":"https:\/\/api.w.org\/{rel}","templated":true}]}}