{"id":1233,"date":"2015-02-24T07:00:32","date_gmt":"2015-02-24T06:00:32","guid":{"rendered":"http:\/\/www.stefaneguilbaud.com\/blog\/?p=1233"},"modified":"2015-02-24T11:12:12","modified_gmt":"2015-02-24T10:12:12","slug":"pour-ou-contre-le-lait-infini-debat","status":"publish","type":"post","link":"https:\/\/www.stefaneguilbaud.com\/blog\/?p=1233","title":{"rendered":"Pour ou contre le lait. Infini d\u00e9bat."},"content":{"rendered":"<p>4 professionnels aux avis radicalement oppos\u00e9s reviennent sur la pol\u00e9mique de la consommation de lait sur le site de <a href=\"http:\/\/www.passeportsante.net\/fr\/Actualites\/Dossiers\/DossierComplexe.aspx?doc=grande-enquete-le-lait&amp;utm_source=intern&amp;utm_campaign=quotidienne&amp;utm_medium=newsletter\" target=\"_blank\">PASSEPORT SANTE.NET<\/a><br \/>\nSi toutes les r\u00e9centes \u00e9tudes sur le lait ne suffisent pas \u00e0 vous faire une opinion, les m\u00e9dias en remettent une couche.<br \/>\nAvec le genre de t\u00e9moignages que nous pouvons lire, nous avons \u00e0 faire au clan des CONTRE et le clan des POUR.<\/p>\n<p>Le clan des <strong>CONTRE<\/strong> ne soul\u00e8ve g\u00e9n\u00e9ralement pas de pol\u00e9miques et ne sont pas sujets \u00e0 des doutes quant \u00e0 leurs int\u00e9r\u00eats, pour la simple et bonne raison qu&rsquo;ils ne sont pas sur une ligne de d\u00e9fense. Ils n&rsquo;ont rien \u00e0 vendre et nous sommes en droit d&rsquo;attendre que leur bonne fois ne servent que l&rsquo;int\u00e9r\u00eat du consommateur. C&rsquo;est ici le cas de <strong>Marion Kaplan<\/strong> et <strong>Herv\u00e9 Berbille.<\/strong><\/p>\n<p>Le clan des <strong>POUR<\/strong> est dans une tout autre position. Leurs t\u00e9moignages doit \u00eatre d\u00e9nu\u00e9s de tout int\u00e9r\u00eat et le moindre doute d&rsquo;un lien avec l&rsquo;agroalimentaire, peut susciter l&rsquo;annulation pure et simple de tout argument. La premi\u00e8re r\u00e8gle est donc de contr\u00f4ler l&rsquo;activit\u00e9 du t\u00e9moin. Je me pr\u00eate \u00e0 l&rsquo;exercice.<\/p>\n<p>Dans ce t\u00e9moignage en faveur du lait nous avons deux sp\u00e9cialistes :<br \/>\n&#8211; <strong>Marie-Claude Berti\u00e8re<\/strong><br \/>\n<em>Directeur du d\u00e9partement du CNIEL et M\u00e9decin nutritionniste<\/em>.<\/p>\n<blockquote><p>Cela commence mal. Comment un directeur du Centre National Interprofessionnel de l&rsquo;\u00c9conomie Laiti\u00e8re pourrait-il faire autrement que de faire des louanges du lait ?<br \/>\nSa position est difficile et rend ses arguments corr\u00e9l\u00e9s \u00e0 son activit\u00e9.<\/p>\n<p>&gt;&gt; Le site r\u00e9pondant \u00e0 CNIEL : [<a href=\"http:\/\/www.maison-du-lait.com\/fr\/les-organisations\/cniel\" target=\"_blank\">CNIEL &#8211; LA MAISON DU LAIT<\/a>]<\/p><\/blockquote>\n<p>&#8211; <strong>Jean-Michel Lecerf<\/strong><br \/>\n<em>Chef du service de nutrition de l&rsquo;Institut Pasteur de Lille<\/em>.<\/p>\n<blockquote><p>Pas mieux du c\u00f4t\u00e9 du chef de service. En cherchant un lien avec ses activit\u00e9s,\u00a0 je trouve ceci sur le site de Thierry Souccar, par Julien Venesson :<\/p>\n<p>\u00ab\u00a0Liste des m\u00e9decins qui cachent leurs conflits d\u2019int\u00e9r\u00eat sur le gluten : Le Dr Lecerf fait aussi la promotion des <a href=\"http:\/\/www.e-marketing.fr\/Marketing-Magazine\/Article\/Primevere-fait-rimer-huile-et-dietetique-7063-1.htm\" target=\"_blank\">margarines industrielles<\/a>,\u00a0 il collabore <a href=\"http:\/\/www.cerin.org\/colloque\/lait-nutrition-et-sante.html\" target=\"_blank\">avec le CERIN<\/a> pour promouvoir les laitages, un organisme appartenant \u00e0 l\u2019industrie du lait et il fait la promotion des charcuteries industrielles, notamment en \u00e9tant <a href=\"http:\/\/www.altermonde-sans-frontiere.com\/spip.php?article13252\" target=\"_blank\">directeur scientifique<\/a> du Centre d\u2019Information des Charcuteries-produits Traiteur, une association d\u2019industriels. Il a \u00e9galement des <a href=\"http:\/\/www.altermonde-sans-frontiere.com\/spip.php?article13252\" target=\"_blank\">partenariats ponctuels et r\u00e9mun\u00e9r\u00e9s<\/a> par des entreprises comme LU (les biscuits).\u00a0\u00bb<br \/>\n&gt;&gt; Lire : [<a href=\"http:\/\/www.thierrysouccar.com\/blog\/gluten-liste-des-medecins-qui-cachent-leurs-interets\" target=\"_blank\">CES M\u00c9DECINS QUI CACHENT LEURS INT\u00c9R\u00caTS<\/a>]<\/p><\/blockquote>\n<p>&#8212;&#8212;<\/p>\n<p>D\u00e9couvrir ou red\u00e9couvrir quelques articles de ce blog sur le lait :<br \/>\n<a href=\"http:\/\/www.stefaneguilbaud.com\/blog\/?p=521\" target=\"_blank\"><br \/>\nJe ne bois pas de lait et alors ?<\/a><\/p>\n<p><a href=\"http:\/\/www.stefaneguilbaud.com\/blog\/?p=882\" target=\"_blank\">Des amis pour la vie<\/a><\/p>\n<p><a href=\"http:\/\/www.stefaneguilbaud.com\/blog\/?p=55\" target=\"_blank\">Prospectus<\/a><\/p>\n<p class=\"post-header-title\"><a href=\"http:\/\/www.stefaneguilbaud.com\/blog\/?p=459\" target=\"_blank\">Du nouveau pour votre calcium<\/a><\/p>\n","protected":false},"excerpt":{"rendered":"<p>4 professionnels aux avis radicalement oppos\u00e9s reviennent sur la pol\u00e9mique de la consommation de lait sur le site de PASSEPORT SANTE.NET Si toutes les r\u00e9centes &hellip; <\/p>\n","protected":false},"author":1,"featured_media":462,"comment_status":"open","ping_status":"open","sticky":false,"template":"","format":"standard","meta":{"_exactmetrics_skip_tracking":false,"_exactmetrics_sitenote_active":false,"_exactmetrics_sitenote_note":"","_exactmetrics_sitenote_category":0,"jetpack_post_was_ever_published":false,"_jetpack_newsletter_access":"","_jetpack_dont_email_post_to_subs":false,"_jetpack_newsletter_tier_id":0,"_jetpack_memberships_contains_paywalled_content":false,"_jetpack_memberships_contains_paid_content":false,"footnotes":"","jetpack_publicize_message":"","jetpack_publicize_feature_enabled":true,"jetpack_social_post_already_shared":false,"jetpack_social_options":{"image_generator_settings":{"template":"highway","default_image_id":0,"font":"","enabled":false},"version":2}},"categories":[8,7],"tags":[],"class_list":["post-1233","post","type-post","status-publish","format-standard","has-post-thumbnail","hentry","category-actualites","category-coups-de-gueule"],"jetpack_publicize_connections":[],"jetpack_featured_media_url":"https:\/\/i0.wp.com\/www.stefaneguilbaud.com\/blog\/wp-content\/uploads\/2010\/01\/laitages.jpg?fit=800%2C435&ssl=1","jetpack_sharing_enabled":true,"jetpack_shortlink":"https:\/\/wp.me\/p8a0UX-jT","jetpack-related-posts":[{"id":882,"url":"https:\/\/www.stefaneguilbaud.com\/blog\/?p=882","url_meta":{"origin":1233,"position":0},"title":"Des amis pour la vie ?","author":"SG","date":"9 janvier 2014","format":false,"excerpt":"Les produits laitiers font partie de notre quotidien. Les m\u00e9dias, au cas o\u00f9 nous aurions oubli\u00e9, nous le rappellent sans cesse. Mais qu'en est-il vraiment ? Les petits squelettes (?) des spots publicitaires nous sont-ils b\u00e9n\u00e9fiques ? Dressons un \u00e9tat des lieux, le plus objectif possible, appuy\u00e9 par des travaux\u2026","rel":"","context":"Dans &quot;Alimentation&quot;","block_context":{"text":"Alimentation","link":"https:\/\/www.stefaneguilbaud.com\/blog\/?cat=1"},"img":{"alt_text":"","src":"https:\/\/i0.wp.com\/www.stefaneguilbaud.com\/blog\/wp-content\/uploads\/2010\/01\/laitages.jpg?fit=800%2C435&ssl=1&resize=350%2C200","width":350,"height":200,"srcset":"https:\/\/i0.wp.com\/www.stefaneguilbaud.com\/blog\/wp-content\/uploads\/2010\/01\/laitages.jpg?fit=800%2C435&ssl=1&resize=350%2C200 1x, https:\/\/i0.wp.com\/www.stefaneguilbaud.com\/blog\/wp-content\/uploads\/2010\/01\/laitages.jpg?fit=800%2C435&ssl=1&resize=525%2C300 1.5x, https:\/\/i0.wp.com\/www.stefaneguilbaud.com\/blog\/wp-content\/uploads\/2010\/01\/laitages.jpg?fit=800%2C435&ssl=1&resize=700%2C400 2x"},"classes":[]},{"id":1010,"url":"https:\/\/www.stefaneguilbaud.com\/blog\/?p=1010","url_meta":{"origin":1233,"position":1},"title":"Sciences et Vie, un magazine scientifique ?","author":"SG","date":"25 mars 2014","format":false,"excerpt":"Depuis que j\u2019enseigne le changement de comportements alimentaires, je rencontre tout type d\u2019anxi\u00e9t\u00e9 chez le consommateur. La plus probante reste la somme abrutissante d\u2019information alimentaire. Pauvre mangeur que nous sommes ne s\u2019y retrouve plus et ne sachant plus a quel saint se vouer, nous dansons au fil de l\u2019eau pour\u2026","rel":"","context":"Dans &quot;Alimentation&quot;","block_context":{"text":"Alimentation","link":"https:\/\/www.stefaneguilbaud.com\/blog\/?cat=1"},"img":{"alt_text":"","src":"https:\/\/i0.wp.com\/www.stefaneguilbaud.com\/blog\/wp-content\/uploads\/2014\/03\/SeV.png?fit=800%2C435&ssl=1&resize=350%2C200","width":350,"height":200,"srcset":"https:\/\/i0.wp.com\/www.stefaneguilbaud.com\/blog\/wp-content\/uploads\/2014\/03\/SeV.png?fit=800%2C435&ssl=1&resize=350%2C200 1x, https:\/\/i0.wp.com\/www.stefaneguilbaud.com\/blog\/wp-content\/uploads\/2014\/03\/SeV.png?fit=800%2C435&ssl=1&resize=525%2C300 1.5x, https:\/\/i0.wp.com\/www.stefaneguilbaud.com\/blog\/wp-content\/uploads\/2014\/03\/SeV.png?fit=800%2C435&ssl=1&resize=700%2C400 2x"},"classes":[]},{"id":521,"url":"https:\/\/www.stefaneguilbaud.com\/blog\/?p=521","url_meta":{"origin":1233,"position":2},"title":"Je ne bois pas de lait ! et alors ?","author":"SG","date":"21 septembre 2009","format":false,"excerpt":"D'aucun me demandent pourquoi je ne bois pas de lait ? \"C'est un choix personnel\", r\u00e9pond-je !! Mais on me demande d'argumenter sans cesse, comme si en tant qu'ancien formateur en changements de comportements alimentaires, je devais assumer ce choix de fa\u00e7on rationnelle et scientifique \u2026 Je ne pr\u00e9tends pas\u2026","rel":"","context":"Dans &quot;Alimentation&quot;","block_context":{"text":"Alimentation","link":"https:\/\/www.stefaneguilbaud.com\/blog\/?cat=1"},"img":{"alt_text":"","src":"https:\/\/i0.wp.com\/www.stefaneguilbaud.com\/blog\/wp-content\/uploads\/2010\/01\/laitages.jpg?fit=800%2C435&ssl=1&resize=350%2C200","width":350,"height":200,"srcset":"https:\/\/i0.wp.com\/www.stefaneguilbaud.com\/blog\/wp-content\/uploads\/2010\/01\/laitages.jpg?fit=800%2C435&ssl=1&resize=350%2C200 1x, https:\/\/i0.wp.com\/www.stefaneguilbaud.com\/blog\/wp-content\/uploads\/2010\/01\/laitages.jpg?fit=800%2C435&ssl=1&resize=525%2C300 1.5x, https:\/\/i0.wp.com\/www.stefaneguilbaud.com\/blog\/wp-content\/uploads\/2010\/01\/laitages.jpg?fit=800%2C435&ssl=1&resize=700%2C400 2x"},"classes":[]},{"id":3523,"url":"https:\/\/www.stefaneguilbaud.com\/blog\/?p=3523","url_meta":{"origin":1233,"position":3},"title":"Arr\u00eater le lait donne t-il des carences ?","author":"SG","date":"17 mars 2021","format":false,"excerpt":"Dans le \"Journal Des Bonnes Nouvelles\", chaque mois, je r\u00e9pond \u00e0 une question pos\u00e9e par les lecteurs, voici celle de Mars 2021. [Sommaire des articles parus]. Question : J\u2019ai une petite fille de 3 ans, elle est sans arr\u00eat malade (rhume, nez qui coule etc\u2026), on me sugg\u00e8re d\u2019arr\u00eater le\u2026","rel":"","context":"Dans &quot;Alimentation&quot;","block_context":{"text":"Alimentation","link":"https:\/\/www.stefaneguilbaud.com\/blog\/?cat=1"},"img":{"alt_text":"","src":"https:\/\/i0.wp.com\/www.stefaneguilbaud.com\/blog\/wp-content\/uploads\/2021\/08\/jdbnlait.jpg?fit=800%2C435&ssl=1&resize=350%2C200","width":350,"height":200,"srcset":"https:\/\/i0.wp.com\/www.stefaneguilbaud.com\/blog\/wp-content\/uploads\/2021\/08\/jdbnlait.jpg?fit=800%2C435&ssl=1&resize=350%2C200 1x, https:\/\/i0.wp.com\/www.stefaneguilbaud.com\/blog\/wp-content\/uploads\/2021\/08\/jdbnlait.jpg?fit=800%2C435&ssl=1&resize=525%2C300 1.5x, https:\/\/i0.wp.com\/www.stefaneguilbaud.com\/blog\/wp-content\/uploads\/2021\/08\/jdbnlait.jpg?fit=800%2C435&ssl=1&resize=700%2C400 2x"},"classes":[]},{"id":1269,"url":"https:\/\/www.stefaneguilbaud.com\/blog\/?p=1269","url_meta":{"origin":1233,"position":4},"title":"Pourquoi les N\u00e9erlandais sont-ils si grands ?","author":"SG","date":"13 avril 2015","format":false,"excerpt":"Une \u00e9tude publi\u00e9e le 8 avril 2015 par la revue scientifique britannique Royal Society , nous informe, entres autres que les N\u00e9erlandais ont sur les 150 derni\u00e8res ann\u00e9es, connu une croissance de 20 cm (contre seulement 6 cm pour les Am\u00e9ricains*), soit aux Pays-Bas, nous constatons aujourd'hui 1,71 m pour\u2026","rel":"","context":"Dans &quot;Actualit\u00e9s&quot;","block_context":{"text":"Actualit\u00e9s","link":"https:\/\/www.stefaneguilbaud.com\/blog\/?cat=8"},"img":{"alt_text":"","src":"https:\/\/i0.wp.com\/www.stefaneguilbaud.com\/blog\/wp-content\/uploads\/2010\/01\/laitages.jpg?fit=800%2C435&ssl=1&resize=350%2C200","width":350,"height":200,"srcset":"https:\/\/i0.wp.com\/www.stefaneguilbaud.com\/blog\/wp-content\/uploads\/2010\/01\/laitages.jpg?fit=800%2C435&ssl=1&resize=350%2C200 1x, https:\/\/i0.wp.com\/www.stefaneguilbaud.com\/blog\/wp-content\/uploads\/2010\/01\/laitages.jpg?fit=800%2C435&ssl=1&resize=525%2C300 1.5x, https:\/\/i0.wp.com\/www.stefaneguilbaud.com\/blog\/wp-content\/uploads\/2010\/01\/laitages.jpg?fit=800%2C435&ssl=1&resize=700%2C400 2x"},"classes":[]},{"id":181,"url":"https:\/\/www.stefaneguilbaud.com\/blog\/?p=181","url_meta":{"origin":1233,"position":5},"title":"La marque s&rsquo;en m\u00eale","author":"SG","date":"7 d\u00e9cembre 2010","format":false,"excerpt":"Les m\u00e9dias s'emparent d'informations sur le site \u00ab manger-bouger.fr \u00bb. Le dernier que j'ai pu lire et o\u00f9 j'ai pu le constater est Brand's de Monoprix. J'y d\u00e9couvre une somme, de points de vues, diff\u00e9rente du mien \u2026 On peut lire dans le nouveau magazine de Monoprix, Brand's \u2014 la\u2026","rel":"","context":"Dans &quot;Alimentation&quot;","block_context":{"text":"Alimentation","link":"https:\/\/www.stefaneguilbaud.com\/blog\/?cat=1"},"img":{"alt_text":"","src":"https:\/\/i0.wp.com\/www.stefaneguilbaud.com\/blog\/wp-content\/uploads\/2013\/11\/brands.jpg?fit=800%2C435&ssl=1&resize=350%2C200","width":350,"height":200,"srcset":"https:\/\/i0.wp.com\/www.stefaneguilbaud.com\/blog\/wp-content\/uploads\/2013\/11\/brands.jpg?fit=800%2C435&ssl=1&resize=350%2C200 1x, https:\/\/i0.wp.com\/www.stefaneguilbaud.com\/blog\/wp-content\/uploads\/2013\/11\/brands.jpg?fit=800%2C435&ssl=1&resize=525%2C300 1.5x, https:\/\/i0.wp.com\/www.stefaneguilbaud.com\/blog\/wp-content\/uploads\/2013\/11\/brands.jpg?fit=800%2C435&ssl=1&resize=700%2C400 2x"},"classes":[]}],"jetpack_likes_enabled":true,"_links":{"self":[{"href":"https:\/\/www.stefaneguilbaud.com\/blog\/index.php?rest_route=\/wp\/v2\/posts\/1233","targetHints":{"allow":["GET"]}}],"collection":[{"href":"https:\/\/www.stefaneguilbaud.com\/blog\/index.php?rest_route=\/wp\/v2\/posts"}],"about":[{"href":"https:\/\/www.stefaneguilbaud.com\/blog\/index.php?rest_route=\/wp\/v2\/types\/post"}],"author":[{"embeddable":true,"href":"https:\/\/www.stefaneguilbaud.com\/blog\/index.php?rest_route=\/wp\/v2\/users\/1"}],"replies":[{"embeddable":true,"href":"https:\/\/www.stefaneguilbaud.com\/blog\/index.php?rest_route=%2Fwp%2Fv2%2Fcomments&post=1233"}],"version-history":[{"count":10,"href":"https:\/\/www.stefaneguilbaud.com\/blog\/index.php?rest_route=\/wp\/v2\/posts\/1233\/revisions"}],"predecessor-version":[{"id":1243,"href":"https:\/\/www.stefaneguilbaud.com\/blog\/index.php?rest_route=\/wp\/v2\/posts\/1233\/revisions\/1243"}],"wp:featuredmedia":[{"embeddable":true,"href":"https:\/\/www.stefaneguilbaud.com\/blog\/index.php?rest_route=\/wp\/v2\/media\/462"}],"wp:attachment":[{"href":"https:\/\/www.stefaneguilbaud.com\/blog\/index.php?rest_route=%2Fwp%2Fv2%2Fmedia&parent=1233"}],"wp:term":[{"taxonomy":"category","embeddable":true,"href":"https:\/\/www.stefaneguilbaud.com\/blog\/index.php?rest_route=%2Fwp%2Fv2%2Fcategories&post=1233"},{"taxonomy":"post_tag","embeddable":true,"href":"https:\/\/www.stefaneguilbaud.com\/blog\/index.php?rest_route=%2Fwp%2Fv2%2Ftags&post=1233"}],"curies":[{"name":"wp","href":"https:\/\/api.w.org\/{rel}","templated":true}]}}