{"id":1226,"date":"2015-01-27T07:00:54","date_gmt":"2015-01-27T06:00:54","guid":{"rendered":"http:\/\/www.stefaneguilbaud.com\/blog\/?p=1226"},"modified":"2015-01-27T09:44:58","modified_gmt":"2015-01-27T08:44:58","slug":"un-petit-sushi","status":"publish","type":"post","link":"https:\/\/www.stefaneguilbaud.com\/blog\/?p=1226","title":{"rendered":"Un petit sushi ?"},"content":{"rendered":"<p>Sur le m\u00eame principe que le <a title=\"Un p\u2019tit caf\u00e9 ?\" href=\"http:\/\/www.stefaneguilbaud.com\/blog\/?p=1198\">petit caf\u00e9<\/a>, voici la version traduite d&rsquo;une campagne am\u00e9ricaine, pour sensibiliser le public francophone.<br \/>\nIl s&rsquo;agit ici d&rsquo;une campagne contre les d\u00e9chets plastiques.<br \/>\n\u00c0 m\u00e9diter, sur <a title=\"SurfRider\" href=\"www.surfrider.org\/rap\" target=\"_blank\">www.surfrider.org\/rap<\/a><\/p>\n<p><a href=\"https:\/\/i0.wp.com\/www.stefaneguilbaud.com\/blog\/wp-content\/uploads\/2015\/01\/surfrider.jpg\"><img data-recalc-dims=\"1\" loading=\"lazy\" decoding=\"async\" class=\"alignnone  wp-image-1227\" src=\"https:\/\/i0.wp.com\/www.stefaneguilbaud.com\/blog\/wp-content\/uploads\/2015\/01\/surfrider.jpg?resize=530%2C674\" alt=\"surfrider\" width=\"530\" height=\"674\" srcset=\"https:\/\/i0.wp.com\/www.stefaneguilbaud.com\/blog\/wp-content\/uploads\/2015\/01\/surfrider.jpg?w=756&amp;ssl=1 756w, https:\/\/i0.wp.com\/www.stefaneguilbaud.com\/blog\/wp-content\/uploads\/2015\/01\/surfrider.jpg?resize=235%2C300&amp;ssl=1 235w\" sizes=\"auto, (max-width: 530px) 100vw, 530px\" \/><\/a><\/p>\n<p>&nbsp;<\/p>\n","protected":false},"excerpt":{"rendered":"<p>Sur le m\u00eame principe que le petit caf\u00e9, voici la version traduite d&rsquo;une campagne am\u00e9ricaine, pour sensibiliser le public francophone. Il s&rsquo;agit ici d&rsquo;une campagne &hellip; <\/p>\n","protected":false},"author":1,"featured_media":215,"comment_status":"open","ping_status":"open","sticky":false,"template":"","format":"standard","meta":{"_exactmetrics_skip_tracking":false,"_exactmetrics_sitenote_active":false,"_exactmetrics_sitenote_note":"","_exactmetrics_sitenote_category":0,"jetpack_post_was_ever_published":false,"_jetpack_newsletter_access":"","_jetpack_dont_email_post_to_subs":false,"_jetpack_newsletter_tier_id":0,"_jetpack_memberships_contains_paywalled_content":false,"_jetpack_memberships_contains_paid_content":false,"footnotes":"","jetpack_publicize_message":"","jetpack_publicize_feature_enabled":true,"jetpack_social_post_already_shared":false,"jetpack_social_options":{"image_generator_settings":{"template":"highway","default_image_id":0,"font":"","enabled":false},"version":2}},"categories":[8,7],"tags":[],"class_list":["post-1226","post","type-post","status-publish","format-standard","has-post-thumbnail","hentry","category-actualites","category-coups-de-gueule"],"jetpack_publicize_connections":[],"jetpack_featured_media_url":"https:\/\/i0.wp.com\/www.stefaneguilbaud.com\/blog\/wp-content\/uploads\/2013\/11\/coupdegueule.jpg?fit=800%2C435&ssl=1","jetpack_sharing_enabled":true,"jetpack_shortlink":"https:\/\/wp.me\/p8a0UX-jM","jetpack-related-posts":[{"id":189,"url":"https:\/\/www.stefaneguilbaud.com\/blog\/?p=189","url_meta":{"origin":1226,"position":0},"title":"Changez de comportement !","author":"SG","date":"2 d\u00e9cembre 2010","format":false,"excerpt":"Plus que jamais, nous devons changer de comportements alimentaires. Arr\u00eater les r\u00e9gimes, arr\u00eater de nourrir les id\u00e9aux marketing, arr\u00eater de d\u00e9truire notre capital sant\u00e9. Faisons-le point, gr\u00e2ce \u00e0 un rapport diffus\u00e9 ce jour.G\u00e9n\u00e9ration future nous informe : \u00ab\u00a0Aujourd\u2019hui, un homme sur 2 et une femme sur 3 est ou sera\u2026","rel":"","context":"Dans &quot;Alimentation&quot;","block_context":{"text":"Alimentation","link":"https:\/\/www.stefaneguilbaud.com\/blog\/?cat=1"},"img":{"alt_text":"","src":"https:\/\/i0.wp.com\/www.stefaneguilbaud.com\/blog\/wp-content\/uploads\/2010\/12\/miam.jpg?fit=800%2C435&ssl=1&resize=350%2C200","width":350,"height":200,"srcset":"https:\/\/i0.wp.com\/www.stefaneguilbaud.com\/blog\/wp-content\/uploads\/2010\/12\/miam.jpg?fit=800%2C435&ssl=1&resize=350%2C200 1x, https:\/\/i0.wp.com\/www.stefaneguilbaud.com\/blog\/wp-content\/uploads\/2010\/12\/miam.jpg?fit=800%2C435&ssl=1&resize=525%2C300 1.5x, https:\/\/i0.wp.com\/www.stefaneguilbaud.com\/blog\/wp-content\/uploads\/2010\/12\/miam.jpg?fit=800%2C435&ssl=1&resize=700%2C400 2x"},"classes":[]},{"id":2112,"url":"https:\/\/www.stefaneguilbaud.com\/blog\/?p=2112","url_meta":{"origin":1226,"position":1},"title":"Les animaux moins prot\u00e9g\u00e9s que les lobbies ?","author":"SG","date":"29 ao\u00fbt 2016","format":false,"excerpt":"Des groupes de pression du monde politique et agricole font annuler la campagne d\u2019affichage de WELFARM contre la castration \u00e0 vif des porcelets au bout de 3 jours Message urgent de l'association Welfarm, ce lundi 29 aout 2016, je cite : Dans le cadre de sa campagne #COUIC2018 visant \u00e0\u2026","rel":"","context":"Dans &quot;Actualit\u00e9s&quot;","block_context":{"text":"Actualit\u00e9s","link":"https:\/\/www.stefaneguilbaud.com\/blog\/?cat=8"},"img":{"alt_text":"","src":"https:\/\/i0.wp.com\/www.stefaneguilbaud.com\/blog\/wp-content\/uploads\/2016\/08\/couic.jpg?fit=800%2C435&ssl=1&resize=350%2C200","width":350,"height":200,"srcset":"https:\/\/i0.wp.com\/www.stefaneguilbaud.com\/blog\/wp-content\/uploads\/2016\/08\/couic.jpg?fit=800%2C435&ssl=1&resize=350%2C200 1x, https:\/\/i0.wp.com\/www.stefaneguilbaud.com\/blog\/wp-content\/uploads\/2016\/08\/couic.jpg?fit=800%2C435&ssl=1&resize=525%2C300 1.5x, https:\/\/i0.wp.com\/www.stefaneguilbaud.com\/blog\/wp-content\/uploads\/2016\/08\/couic.jpg?fit=800%2C435&ssl=1&resize=700%2C400 2x"},"classes":[]},{"id":122,"url":"https:\/\/www.stefaneguilbaud.com\/blog\/?p=122","url_meta":{"origin":1226,"position":2},"title":"Campagne urbaine","author":"SG","date":"17 f\u00e9vrier 2011","format":false,"excerpt":"-- \u00ab\u00a0Nos enfants sont devenus rois\u2026Ils ne d\u00e9barrassent m\u00eame plus la table\u00a0! \u00bb -- Un sujet pr\u00e9occupant \u00e0 plusieurs titres.1) La g\u00e9n\u00e9ration \u00e9cologique a du mal \u00e0 int\u00e9grer la pollution quotidienne.2) Le nombre de d\u00e9tritus, crachats et restes de repas sont en progression constante.3) La famille est \u00e9clat\u00e9e et les\u2026","rel":"","context":"Dans &quot;Coups de gueule&quot;","block_context":{"text":"Coups de gueule","link":"https:\/\/www.stefaneguilbaud.com\/blog\/?cat=7"},"img":{"alt_text":"","src":"https:\/\/i0.wp.com\/www.stefaneguilbaud.com\/blog\/wp-content\/uploads\/2013\/11\/coupdegueule.jpg?fit=800%2C435&ssl=1&resize=350%2C200","width":350,"height":200,"srcset":"https:\/\/i0.wp.com\/www.stefaneguilbaud.com\/blog\/wp-content\/uploads\/2013\/11\/coupdegueule.jpg?fit=800%2C435&ssl=1&resize=350%2C200 1x, https:\/\/i0.wp.com\/www.stefaneguilbaud.com\/blog\/wp-content\/uploads\/2013\/11\/coupdegueule.jpg?fit=800%2C435&ssl=1&resize=525%2C300 1.5x, https:\/\/i0.wp.com\/www.stefaneguilbaud.com\/blog\/wp-content\/uploads\/2013\/11\/coupdegueule.jpg?fit=800%2C435&ssl=1&resize=700%2C400 2x"},"classes":[]},{"id":1072,"url":"https:\/\/www.stefaneguilbaud.com\/blog\/?p=1072","url_meta":{"origin":1226,"position":3},"title":"Huile de palme durable ?","author":"SG","date":"30 mai 2014","format":false,"excerpt":"Actualit\u00e9 pour FemininBio. Paru le 12 mai 2014 [ Article sur FemininBio disponible ici ] R\u00e9tablir la v\u00e9rit\u00e9 sur l'huile de palme durable, parler du fruit du palmier et des qualit\u00e9s \"\u00e9tonnantes\" pour expliquer pourquoi cette huile et ses d\u00e9riv\u00e9s est utilis\u00e9e en masse dans \"les produits que vous aimez\".\u2026","rel":"","context":"Dans &quot;Actualit\u00e9s&quot;","block_context":{"text":"Actualit\u00e9s","link":"https:\/\/www.stefaneguilbaud.com\/blog\/?cat=8"},"img":{"alt_text":"","src":"https:\/\/i0.wp.com\/www.stefaneguilbaud.com\/blog\/wp-content\/uploads\/2013\/11\/palmier.jpg?fit=800%2C435&ssl=1&resize=350%2C200","width":350,"height":200,"srcset":"https:\/\/i0.wp.com\/www.stefaneguilbaud.com\/blog\/wp-content\/uploads\/2013\/11\/palmier.jpg?fit=800%2C435&ssl=1&resize=350%2C200 1x, https:\/\/i0.wp.com\/www.stefaneguilbaud.com\/blog\/wp-content\/uploads\/2013\/11\/palmier.jpg?fit=800%2C435&ssl=1&resize=525%2C300 1.5x, https:\/\/i0.wp.com\/www.stefaneguilbaud.com\/blog\/wp-content\/uploads\/2013\/11\/palmier.jpg?fit=800%2C435&ssl=1&resize=700%2C400 2x"},"classes":[]},{"id":2618,"url":"https:\/\/www.stefaneguilbaud.com\/blog\/?p=2618","url_meta":{"origin":1226,"position":4},"title":"Madeleines de Prout ?","author":"SG","date":"30 octobre 2017","format":false,"excerpt":"Non ce n'est pas une faute de frappe, il semblerait bien que certains biscuits, et de surcroit certaines madeleines, soient bien loin des \u201cmadeleines de Proust\u201d. Dans le m\u00eame esprit que l'\u00e9mission de Charlotte Savreux, auquel j'ai particip\u00e9 avec P\u00e9rico Legasse sur le sujet du marketing. Voici une belle litt\u00e9rature\u2026\u2026","rel":"","context":"Dans &quot;Alimentation&quot;","block_context":{"text":"Alimentation","link":"https:\/\/www.stefaneguilbaud.com\/blog\/?cat=1"},"img":{"alt_text":"","src":"https:\/\/i0.wp.com\/www.stefaneguilbaud.com\/blog\/wp-content\/uploads\/2019\/04\/madeleines-studio.jpg?fit=800%2C435&ssl=1&resize=350%2C200","width":350,"height":200,"srcset":"https:\/\/i0.wp.com\/www.stefaneguilbaud.com\/blog\/wp-content\/uploads\/2019\/04\/madeleines-studio.jpg?fit=800%2C435&ssl=1&resize=350%2C200 1x, https:\/\/i0.wp.com\/www.stefaneguilbaud.com\/blog\/wp-content\/uploads\/2019\/04\/madeleines-studio.jpg?fit=800%2C435&ssl=1&resize=525%2C300 1.5x, https:\/\/i0.wp.com\/www.stefaneguilbaud.com\/blog\/wp-content\/uploads\/2019\/04\/madeleines-studio.jpg?fit=800%2C435&ssl=1&resize=700%2C400 2x"},"classes":[]},{"id":1353,"url":"https:\/\/www.stefaneguilbaud.com\/blog\/?p=1353","url_meta":{"origin":1226,"position":5},"title":"L\u2019esp\u00e9rance de vie ou la rupture d\u2019un contrat avec le progr\u00e8s\u2009?","author":"SG","date":"7 mai 2015","format":false,"excerpt":"Nous vivons de plus en plus vieux. Mythe ou r\u00e9alit\u00e9\u2009? Je n\u2019ai pu \u00e9chapper \u00e0 cette phrase lors de mes formations ou conf\u00e9rences. Se rassurer sur le fait que nous vivons plus longtemps qu\u2019il y a 200 ans peut procurer une sorte de sensation de pl\u00e9nitude. Une forme de pouvoir\u2026","rel":"","context":"Dans &quot;Alimentation&quot;","block_context":{"text":"Alimentation","link":"https:\/\/www.stefaneguilbaud.com\/blog\/?cat=1"},"img":{"alt_text":"","src":"https:\/\/i0.wp.com\/www.stefaneguilbaud.com\/blog\/wp-content\/uploads\/2015\/05\/babyboomer.jpg?fit=800%2C435&ssl=1&resize=350%2C200","width":350,"height":200,"srcset":"https:\/\/i0.wp.com\/www.stefaneguilbaud.com\/blog\/wp-content\/uploads\/2015\/05\/babyboomer.jpg?fit=800%2C435&ssl=1&resize=350%2C200 1x, https:\/\/i0.wp.com\/www.stefaneguilbaud.com\/blog\/wp-content\/uploads\/2015\/05\/babyboomer.jpg?fit=800%2C435&ssl=1&resize=525%2C300 1.5x, https:\/\/i0.wp.com\/www.stefaneguilbaud.com\/blog\/wp-content\/uploads\/2015\/05\/babyboomer.jpg?fit=800%2C435&ssl=1&resize=700%2C400 2x"},"classes":[]}],"jetpack_likes_enabled":true,"_links":{"self":[{"href":"https:\/\/www.stefaneguilbaud.com\/blog\/index.php?rest_route=\/wp\/v2\/posts\/1226","targetHints":{"allow":["GET"]}}],"collection":[{"href":"https:\/\/www.stefaneguilbaud.com\/blog\/index.php?rest_route=\/wp\/v2\/posts"}],"about":[{"href":"https:\/\/www.stefaneguilbaud.com\/blog\/index.php?rest_route=\/wp\/v2\/types\/post"}],"author":[{"embeddable":true,"href":"https:\/\/www.stefaneguilbaud.com\/blog\/index.php?rest_route=\/wp\/v2\/users\/1"}],"replies":[{"embeddable":true,"href":"https:\/\/www.stefaneguilbaud.com\/blog\/index.php?rest_route=%2Fwp%2Fv2%2Fcomments&post=1226"}],"version-history":[{"count":2,"href":"https:\/\/www.stefaneguilbaud.com\/blog\/index.php?rest_route=\/wp\/v2\/posts\/1226\/revisions"}],"predecessor-version":[{"id":1229,"href":"https:\/\/www.stefaneguilbaud.com\/blog\/index.php?rest_route=\/wp\/v2\/posts\/1226\/revisions\/1229"}],"wp:featuredmedia":[{"embeddable":true,"href":"https:\/\/www.stefaneguilbaud.com\/blog\/index.php?rest_route=\/wp\/v2\/media\/215"}],"wp:attachment":[{"href":"https:\/\/www.stefaneguilbaud.com\/blog\/index.php?rest_route=%2Fwp%2Fv2%2Fmedia&parent=1226"}],"wp:term":[{"taxonomy":"category","embeddable":true,"href":"https:\/\/www.stefaneguilbaud.com\/blog\/index.php?rest_route=%2Fwp%2Fv2%2Fcategories&post=1226"},{"taxonomy":"post_tag","embeddable":true,"href":"https:\/\/www.stefaneguilbaud.com\/blog\/index.php?rest_route=%2Fwp%2Fv2%2Ftags&post=1226"}],"curies":[{"name":"wp","href":"https:\/\/api.w.org\/{rel}","templated":true}]}}